{"id":7109,"date":"2025-09-25T08:53:00","date_gmt":"2025-09-25T11:53:00","guid":{"rendered":"https:\/\/diariodegarca.com\/?p=7109"},"modified":"2025-09-24T16:05:47","modified_gmt":"2025-09-24T19:05:47","slug":"garca-recebe-sessao-gratuita-de-cinema-com-a-turma-do-folclore","status":"publish","type":"post","link":"https:\/\/diariodegarca.com\/?p=7109","title":{"rendered":"Gar\u00e7a recebe sess\u00e3o gratuita de cinema com a &#8220;Turma do Folclore&#8221;"},"content":{"rendered":"\n<p class=\"wp-block-paragraph\"><em>Produ\u00e7\u00e3o audiovisual infantil usa o folclore brasileiro para explicar de forma l\u00fadica os Objetivos de Desenvolvimento Sustent\u00e1vel da ONU.<\/em><\/p>\n\n\n\n<p class=\"wp-block-paragraph\">A Secretaria de Cultura de Gar\u00e7a (Secult), em parceria com o programa Pontos MIS e a Tocha Play, promove uma sess\u00e3o gratuita de cinema no pr\u00f3ximo dia 30 de setembro, ter\u00e7a-feira. O evento, que acontece \u00e0s 14h na Brinquedoteca da Biblioteca P\u00fablica Municipal, exibir\u00e1 o compilado \u201cTurma do Folclore\u201d, produ\u00e7\u00e3o nacional que ensina sobre os Objetivos de Desenvolvimento Sustent\u00e1vel da ONU de forma l\u00fadica e divertida.<\/p>\n\n\n\n<p class=\"wp-block-paragraph\">A atividade \u00e9 direcionada ao p\u00fablico infantil e familiar, refor\u00e7ando o acesso democr\u00e1tico \u00e0 cultura audiovisual por meio de iniciativas apoiadas pelo poder p\u00fablico.<\/p>\n\n\n\n<p class=\"wp-block-paragraph\"><strong>Aventuras educativas com o folclore brasileiro<\/strong><\/p>\n\n\n\n<p class=\"wp-block-paragraph\">A atra\u00e7\u00e3o principal da sess\u00e3o \u00e9 uma produ\u00e7\u00e3o que re\u00fane dois epis\u00f3dios, totalizando 45 minutos de anima\u00e7\u00e3o. Personagens queridos do folclore nacional, como Saci, Curupira e Iara, embarcam em miss\u00f5es especiais para explicar conceitos importantes sobre sustentabilidade, meio ambiente e sociedade, alinhados aos Objetivos de Desenvolvimento Sustent\u00e1vel (ODS) da Organiza\u00e7\u00e3o das Na\u00e7\u00f5es Unidas.<\/p>\n\n\n\n<p class=\"wp-block-paragraph\">Criada e dirigida por Guilherme Lage e Rafael Matinata B\u00e9ber, com produ\u00e7\u00e3o de Sylvio Rocha, a obra busca entreter e educar, utilizando a riqueza da cultura popular como ferramenta de aprendizado para as crian\u00e7as.<\/p>\n","protected":false},"excerpt":{"rendered":"<p>Produ\u00e7\u00e3o audiovisual infantil usa o folclore brasileiro para explicar de forma l\u00fadica os Objetivos de Desenvolvimento Sustent\u00e1vel da ONU. A Secretaria de Cultura de Gar\u00e7a (Secult), em parceria com o programa Pontos MIS e a Tocha Play, promove uma sess\u00e3o gratuita de cinema no pr\u00f3ximo dia 30 de setembro, ter\u00e7a-feira. O evento, que acontece \u00e0s [&hellip;]<\/p>\n","protected":false},"author":260896546,"featured_media":5886,"comment_status":"open","ping_status":"","sticky":false,"template":"","format":"standard","meta":{"_monsterinsights_skip_tracking":false,"advanced_seo_description":"Descubra como a produ\u00e7\u00e3o audiovisual infantil usa o folclore brasileiro para ensinar os ODS da ONU de forma l\u00fadica no cinema gratuito em Gar\u00e7a.","jetpack_seo_html_title":"Cinema Infantil: Folclore Brasileiro e Sustentabilidade ODS","jetpack_seo_noindex":false,"jetpack_seo_schema_type":"","_jetpack_newsletter_access":"","_jetpack_dont_email_post_to_subs":false,"_jetpack_newsletter_tier_id":0,"_jetpack_memberships_contains_paywalled_content":false,"_wpcom_ai_launchpad_first_post":false,"_jetpack_feature_clip_id":0,"_jetpack_memberships_contains_paid_content":false,"footnotes":"","jetpack_publicize_message":"\ud83d\udce2 No pr\u00f3ximo s\u00e1bado (30\/09), a \u201cTurma do Folclore\u201d invade a tela do cinema gratuito em Gar\u00e7a! \ud83c\udf7f\ud83d\udc3e\n\nA sess\u00e3o especial traz personagens como Saci e Curupira em aventuras animadas que ensinam sobre sustentabilidade e cuidado com o planeta. \n\n\ud83d\udcc5 Quando: 30\/09\n\u23f0 Hor\u00e1rio: 14h\n\ud83d\udccd Local: Brinquedoteca da Biblioteca Municipal (Av. Dr. Rafael Paes de Barros, 522 \u2013 Williams)\n\ud83c\udf9f\ufe0f Entrada gratuita\n\nQuer saber mais detalhes sobre a produ\u00e7\u00e3o? Leia a mat\u00e9ria completa no Di\u00e1rio de Gar\u00e7a: diariodegarca.com (link na bio)\n\n#CinemaGarca #TurmaDoFolclore #CulturaInfantil #PontosMIS #SecultGarca #EventoGratuito #FolcloreBrasileiro #Garca","jetpack_publicize_feature_enabled":true,"jetpack_social_post_already_shared":true,"jetpack_social_options":{"image_generator_settings":{"template":"highway","default_image_id":0,"font":"","enabled":false},"version":2},"_wpas_customize_per_network":false,"jetpack_post_was_ever_published":false},"categories":[597,2367,781171664],"tags":[],"class_list":["post-7109","post","type-post","status-publish","format-standard","has-post-thumbnail","hentry","category-cinema","category-cultura","category-garca-cidade"],"jetpack_publicize_connections":[],"jetpack_likes_enabled":true,"jetpack_sharing_enabled":true,"jetpack_shortlink":"https:\/\/wp.me\/pgitne-1QF","jetpack-related-posts":[{"id":5884,"url":"https:\/\/diariodegarca.com\/?p=5884","url_meta":{"origin":7109,"position":0},"title":"Gar\u00e7a exibe anima\u00e7\u00e3o &#8220;Turma do Folclore&#8221; na Biblioteca","author":"Di\u00e1rio de Gar\u00e7a","date":"21 de agosto de 2025","format":false,"excerpt":"Pontos MIS trar\u00e1 cinema de qualidade \u00e0 cidade com exibi\u00e7\u00f5es na quinta-feira (21), \u00e0s 9h e 13h30, na Audiovideoteca. Pontos MIS em parceria com a plataforma Tocha Play, promove na pr\u00f3xima quinta-feira, 21 de agosto, duas sess\u00f5es gratuitas de cinema em Gar\u00e7a. A atra\u00e7\u00e3o do dia ser\u00e1 o filme\u00a0Turma do\u2026","rel":"","context":"Em &quot;Cinema&quot;","block_context":{"text":"Cinema","link":"https:\/\/diariodegarca.com\/?cat=597"},"img":{"alt_text":"","src":"https:\/\/i0.wp.com\/diariodegarca.com\/wp-content\/uploads\/2025\/08\/main_turma_folclore_desenho_animado_cinema_bh-e1767735844103.jpg?fit=742%2C448&ssl=1&resize=350%2C200","width":350,"height":200,"srcset":"https:\/\/i0.wp.com\/diariodegarca.com\/wp-content\/uploads\/2025\/08\/main_turma_folclore_desenho_animado_cinema_bh-e1767735844103.jpg?fit=742%2C448&ssl=1&resize=350%2C200 1x, https:\/\/i0.wp.com\/diariodegarca.com\/wp-content\/uploads\/2025\/08\/main_turma_folclore_desenho_animado_cinema_bh-e1767735844103.jpg?fit=742%2C448&ssl=1&resize=525%2C300 1.5x, https:\/\/i0.wp.com\/diariodegarca.com\/wp-content\/uploads\/2025\/08\/main_turma_folclore_desenho_animado_cinema_bh-e1767735844103.jpg?fit=742%2C448&ssl=1&resize=700%2C400 2x"},"classes":[]},{"id":6626,"url":"https:\/\/diariodegarca.com\/?p=6626","url_meta":{"origin":7109,"position":1},"title":"Teatro ter\u00e1 espet\u00e1culo &#8220;Por Todos os Cantos e Contos&#8221; em Gar\u00e7a","author":"Di\u00e1rio de Gar\u00e7a","date":"11 de setembro de 2025","format":false,"excerpt":"Pe\u00e7a infanto-juvenil gratuita, com dire\u00e7\u00e3o de Bruno Ferian, convida o p\u00fablico a uma viagem l\u00fadica pelas lendas, cantigas e dan\u00e7as do Brasil. O Teatro Municipal de Gar\u00e7a Miguel M\u00f4nico recebe no pr\u00f3ximo s\u00e1bado, 13 de setembro, \u00e0s 16h, o espet\u00e1culo teatral \u201cPor Todos os Cantos e Contos\u201d. A apresenta\u00e7\u00e3o, com\u2026","rel":"","context":"Em &quot;Cultura&quot;","block_context":{"text":"Cultura","link":"https:\/\/diariodegarca.com\/?cat=2367"},"img":{"alt_text":"","src":"https:\/\/i0.wp.com\/diariodegarca.com\/wp-content\/uploads\/2025\/09\/festival-de-inverno-traz-teatro-infantojuvenil-por-todos-os-cantos-e-contos-neste-sabado-em-braganca-paulista.webp?fit=1200%2C750&ssl=1&resize=350%2C200","width":350,"height":200,"srcset":"https:\/\/i0.wp.com\/diariodegarca.com\/wp-content\/uploads\/2025\/09\/festival-de-inverno-traz-teatro-infantojuvenil-por-todos-os-cantos-e-contos-neste-sabado-em-braganca-paulista.webp?fit=1200%2C750&ssl=1&resize=350%2C200 1x, https:\/\/i0.wp.com\/diariodegarca.com\/wp-content\/uploads\/2025\/09\/festival-de-inverno-traz-teatro-infantojuvenil-por-todos-os-cantos-e-contos-neste-sabado-em-braganca-paulista.webp?fit=1200%2C750&ssl=1&resize=525%2C300 1.5x, https:\/\/i0.wp.com\/diariodegarca.com\/wp-content\/uploads\/2025\/09\/festival-de-inverno-traz-teatro-infantojuvenil-por-todos-os-cantos-e-contos-neste-sabado-em-braganca-paulista.webp?fit=1200%2C750&ssl=1&resize=700%2C400 2x, https:\/\/i0.wp.com\/diariodegarca.com\/wp-content\/uploads\/2025\/09\/festival-de-inverno-traz-teatro-infantojuvenil-por-todos-os-cantos-e-contos-neste-sabado-em-braganca-paulista.webp?fit=1200%2C750&ssl=1&resize=1050%2C600 3x"},"classes":[]},{"id":8572,"url":"https:\/\/diariodegarca.com\/?p=8572","url_meta":{"origin":7109,"position":2},"title":"Biblioteca de Gar\u00e7a exibe sess\u00e3o gratuita de &#8220;Teca e Tuti: Uma Noite na Biblioteca&#8221;","author":"Andreza Sega","date":"8 de novembro de 2025","format":false,"excerpt":"Projeto Pontos MIS, que leva exibi\u00e7\u00f5es para todo o estado, promove sess\u00e3o infantil no dia 11 de novembro, com patroc\u00ednio da Petrobras, promovendo acesso \u00e0 cultura para a fam\u00edlia. Uma aventura animada espera pela crian\u00e7ada em Gar\u00e7a. No dia 11 de novembro, ter\u00e7a-feira, a Biblioteca P\u00fablica Municipal recebe uma sess\u00e3o\u2026","rel":"","context":"Em &quot;Cinema&quot;","block_context":{"text":"Cinema","link":"https:\/\/diariodegarca.com\/?cat=597"},"img":{"alt_text":"","src":"https:\/\/i0.wp.com\/diariodegarca.com\/wp-content\/uploads\/2025\/11\/teca-e-tuti-uma-noite-na-biblioteca.jpg?fit=1200%2C675&ssl=1&resize=350%2C200","width":350,"height":200,"srcset":"https:\/\/i0.wp.com\/diariodegarca.com\/wp-content\/uploads\/2025\/11\/teca-e-tuti-uma-noite-na-biblioteca.jpg?fit=1200%2C675&ssl=1&resize=350%2C200 1x, https:\/\/i0.wp.com\/diariodegarca.com\/wp-content\/uploads\/2025\/11\/teca-e-tuti-uma-noite-na-biblioteca.jpg?fit=1200%2C675&ssl=1&resize=525%2C300 1.5x, https:\/\/i0.wp.com\/diariodegarca.com\/wp-content\/uploads\/2025\/11\/teca-e-tuti-uma-noite-na-biblioteca.jpg?fit=1200%2C675&ssl=1&resize=700%2C400 2x, https:\/\/i0.wp.com\/diariodegarca.com\/wp-content\/uploads\/2025\/11\/teca-e-tuti-uma-noite-na-biblioteca.jpg?fit=1200%2C675&ssl=1&resize=1050%2C600 3x"},"classes":[]},{"id":6641,"url":"https:\/\/diariodegarca.com\/?p=6641","url_meta":{"origin":7109,"position":3},"title":"Gar\u00e7a ter\u00e1 exibi\u00e7\u00e3o de \u201cKasa Branca\u201d, pr\u00e9-selecionado para representar o Brasil no Oscar","author":"Di\u00e1rio de Gar\u00e7a","date":"14 de setembro de 2025","format":false,"excerpt":"Sess\u00e3o gratuita ocorre na ter\u00e7a-feira, na Biblioteca P\u00fablica Municipal, e \u00e9 aberta a toda a comunidade. A Prefeitura de Gar\u00e7a, por meio da Secretaria de Cultura (Secult), em parceria com o Museu da Imagem e do Som (MIS-SP), recebe na pr\u00f3xima ter\u00e7a-feira, 16 de setembro, uma sess\u00e3o especial do projeto\u00a0Pontos\u2026","rel":"","context":"Em &quot;Cinema&quot;","block_context":{"text":"Cinema","link":"https:\/\/diariodegarca.com\/?cat=597"},"img":{"alt_text":"","src":"https:\/\/i0.wp.com\/diariodegarca.com\/wp-content\/uploads\/2025\/08\/7ca067771067c2a8b0720e3030e33194.jpg?fit=640%2C360&ssl=1&resize=350%2C200","width":350,"height":200,"srcset":"https:\/\/i0.wp.com\/diariodegarca.com\/wp-content\/uploads\/2025\/08\/7ca067771067c2a8b0720e3030e33194.jpg?fit=640%2C360&ssl=1&resize=350%2C200 1x, https:\/\/i0.wp.com\/diariodegarca.com\/wp-content\/uploads\/2025\/08\/7ca067771067c2a8b0720e3030e33194.jpg?fit=640%2C360&ssl=1&resize=525%2C300 1.5x"},"classes":[]},{"id":8651,"url":"https:\/\/diariodegarca.com\/?p=8651","url_meta":{"origin":7109,"position":4},"title":"Gar\u00e7a recebe sess\u00e3o gratuita da d\u00e9rie &#8220;De Crian\u00e7a Para Crian\u00e7a&#8221;","author":"Andreza Sega","date":"11 de novembro de 2025","format":false,"excerpt":"Evento na Biblioteca Infantil exibir\u00e1 compila\u00e7\u00e3o de epis\u00f3dios que abordam conscientiza\u00e7\u00e3o ambiental de forma l\u00fadica e educativa. A Prefeitura de Gar\u00e7a, por meio da Secretaria de Cultura (Secult), em parceria com a produtora Tocha Play, promove na pr\u00f3xima quinta-feira, 13 de novembro, uma sess\u00e3o gratuita da s\u00e9rie infantil\u00a0\"De Crian\u00e7a Para\u2026","rel":"","context":"Em &quot;Cinema&quot;","block_context":{"text":"Cinema","link":"https:\/\/diariodegarca.com\/?cat=597"},"img":{"alt_text":"","src":"https:\/\/i0.wp.com\/diariodegarca.com\/wp-content\/uploads\/2025\/11\/1d158c24b6855f9dd4923430651a99491a6570e436198fb833bffb6e040d0718.jpg?fit=1200%2C900&ssl=1&resize=350%2C200","width":350,"height":200,"srcset":"https:\/\/i0.wp.com\/diariodegarca.com\/wp-content\/uploads\/2025\/11\/1d158c24b6855f9dd4923430651a99491a6570e436198fb833bffb6e040d0718.jpg?fit=1200%2C900&ssl=1&resize=350%2C200 1x, https:\/\/i0.wp.com\/diariodegarca.com\/wp-content\/uploads\/2025\/11\/1d158c24b6855f9dd4923430651a99491a6570e436198fb833bffb6e040d0718.jpg?fit=1200%2C900&ssl=1&resize=525%2C300 1.5x, https:\/\/i0.wp.com\/diariodegarca.com\/wp-content\/uploads\/2025\/11\/1d158c24b6855f9dd4923430651a99491a6570e436198fb833bffb6e040d0718.jpg?fit=1200%2C900&ssl=1&resize=700%2C400 2x, https:\/\/i0.wp.com\/diariodegarca.com\/wp-content\/uploads\/2025\/11\/1d158c24b6855f9dd4923430651a99491a6570e436198fb833bffb6e040d0718.jpg?fit=1200%2C900&ssl=1&resize=1050%2C600 3x"},"classes":[]},{"id":9826,"url":"https:\/\/diariodegarca.com\/?p=9826","url_meta":{"origin":7109,"position":5},"title":"F\u00e9rias no Cinema: Pontos MIS leva sess\u00f5es gratuitas a Gar\u00e7a e Jafa em Janeiro","author":"Di\u00e1rio de Gar\u00e7a","date":"6 de janeiro de 2026","format":false,"excerpt":"Programa\u00e7\u00e3o especial exibe anima\u00e7\u00f5es nacionais e filmes sens\u00edveis para todas as idades, com sess\u00f5es na Biblioteca P\u00fablica Municipal de Gar\u00e7a e no Centro Cultural de Jafa. As f\u00e9rias de janeiro est\u00e3o mais culturais e cinematogr\u00e1ficas em Gar\u00e7a! Em parceria com o Pontos MIS (Museu da Imagem e do Som), a\u2026","rel":"","context":"Em &quot;Cinema&quot;","block_context":{"text":"Cinema","link":"https:\/\/diariodegarca.com\/?cat=597"},"img":{"alt_text":"","src":"https:\/\/i0.wp.com\/diariodegarca.com\/wp-content\/uploads\/2025\/08\/main_turma_folclore_desenho_animado_cinema_bh-e1767735844103.jpg?fit=742%2C448&ssl=1&resize=350%2C200","width":350,"height":200,"srcset":"https:\/\/i0.wp.com\/diariodegarca.com\/wp-content\/uploads\/2025\/08\/main_turma_folclore_desenho_animado_cinema_bh-e1767735844103.jpg?fit=742%2C448&ssl=1&resize=350%2C200 1x, https:\/\/i0.wp.com\/diariodegarca.com\/wp-content\/uploads\/2025\/08\/main_turma_folclore_desenho_animado_cinema_bh-e1767735844103.jpg?fit=742%2C448&ssl=1&resize=525%2C300 1.5x, https:\/\/i0.wp.com\/diariodegarca.com\/wp-content\/uploads\/2025\/08\/main_turma_folclore_desenho_animado_cinema_bh-e1767735844103.jpg?fit=742%2C448&ssl=1&resize=700%2C400 2x"},"classes":[]}],"jetpack_featured_media_url":"https:\/\/i0.wp.com\/diariodegarca.com\/wp-content\/uploads\/2025\/08\/main_turma_folclore_desenho_animado_cinema_bh-e1767735844103.jpg?fit=742%2C448&ssl=1","_links":{"self":[{"href":"https:\/\/diariodegarca.com\/index.php?rest_route=\/wp\/v2\/posts\/7109","targetHints":{"allow":["GET"]}}],"collection":[{"href":"https:\/\/diariodegarca.com\/index.php?rest_route=\/wp\/v2\/posts"}],"about":[{"href":"https:\/\/diariodegarca.com\/index.php?rest_route=\/wp\/v2\/types\/post"}],"author":[{"embeddable":true,"href":"https:\/\/diariodegarca.com\/index.php?rest_route=\/wp\/v2\/users\/260896546"}],"replies":[{"embeddable":true,"href":"https:\/\/diariodegarca.com\/index.php?rest_route=%2Fwp%2Fv2%2Fcomments&post=7109"}],"version-history":[{"count":6,"href":"https:\/\/diariodegarca.com\/index.php?rest_route=\/wp\/v2\/posts\/7109\/revisions"}],"predecessor-version":[{"id":7115,"href":"https:\/\/diariodegarca.com\/index.php?rest_route=\/wp\/v2\/posts\/7109\/revisions\/7115"}],"wp:featuredmedia":[{"embeddable":true,"href":"https:\/\/diariodegarca.com\/index.php?rest_route=\/wp\/v2\/media\/5886"}],"wp:attachment":[{"href":"https:\/\/diariodegarca.com\/index.php?rest_route=%2Fwp%2Fv2%2Fmedia&parent=7109"}],"wp:term":[{"taxonomy":"category","embeddable":true,"href":"https:\/\/diariodegarca.com\/index.php?rest_route=%2Fwp%2Fv2%2Fcategories&post=7109"},{"taxonomy":"post_tag","embeddable":true,"href":"https:\/\/diariodegarca.com\/index.php?rest_route=%2Fwp%2Fv2%2Ftags&post=7109"}],"curies":[{"name":"wp","href":"https:\/\/api.w.org\/{rel}","templated":true}]}}