{"id":7138,"date":"2025-09-25T10:21:41","date_gmt":"2025-09-25T13:21:41","guid":{"rendered":"https:\/\/diariodegarca.com\/?p=7138"},"modified":"2025-09-25T10:21:41","modified_gmt":"2025-09-25T13:21:41","slug":"cvv-abre-selecao-para-voluntarios-em-marilia-e-regiao-com-formacao-gratuita-e-online","status":"publish","type":"post","link":"https:\/\/diariodegarca.com\/?p=7138","title":{"rendered":"CVV abre sele\u00e7\u00e3o para volunt\u00e1rios em Mar\u00edlia e regi\u00e3o com forma\u00e7\u00e3o gratuita e online"},"content":{"rendered":"\n<p class=\"wp-block-paragraph\"><em>Interessados em oferecer apoio emocional pelo telefone 188 devem ter mais de 18 anos e disponibilidade de quatro horas semanais; inscri\u00e7\u00f5es est\u00e3o abertas para duas turmas com in\u00edcio em setembro.<\/em><\/p>\n\n\n\n<p class=\"wp-block-paragraph\">O Centro de Valoriza\u00e7\u00e3o da Vida (CVV) est\u00e1 com inscri\u00e7\u00f5es abertas para o seu Programa de Sele\u00e7\u00e3o de Volunt\u00e1rios em <strong>11 cidades do interior de S\u00e3o Paulo<\/strong>, incluindo Mar\u00edlia. A institui\u00e7\u00e3o, que h\u00e1 mais de 60 anos atua na preven\u00e7\u00e3o do suic\u00eddio e no apoio emocional, busca novos integrantes para ampliar sua rede de escuta gratuita.<\/p>\n\n\n\n<p class=\"wp-block-paragraph\">A iniciativa \u00e9 voltada para <strong>maiores de 18 anos<\/strong> que tenham disponibilidade de, pelo menos, quatro horas por semana. O programa oferece forma\u00e7\u00e3o integralmente gratuita e online para capacitar os candidatos a atuarem no servi\u00e7o de apoio do CVV, acess\u00edvel 24 horas por dia pelo telefone 188, al\u00e9m de chat e e-mail.<\/p>\n\n\n\n<p class=\"wp-block-paragraph\">Segundo a institui\u00e7\u00e3o, ser\u00e3o formadas duas turmas. A primeira ter\u00e1 in\u00edcio no dia 25 de setembro, com encontros virtuais \u00e0s quintas-feiras, no hor\u00e1rio das 19h \u00e0s 22h. A segunda turma come\u00e7a em 27 de setembro, com encontros aos s\u00e1bados, das 14h \u00e0s 17h. O servi\u00e7o \u00e9 realizado de forma an\u00f4nima, sigilosa e sem julgamentos.<\/p>\n\n\n\n<p class=\"wp-block-paragraph\">O curso representa o primeiro passo para integrar uma das maiores redes de voluntariado na \u00e1rea de sa\u00fade mental do pa\u00eds. O objetivo \u00e9 preparar os participantes para o acolhimento, uma ferramenta fundamental na valoriza\u00e7\u00e3o da vida.<\/p>\n\n\n\n<p class=\"wp-block-paragraph\">Os interessados devem se inscrever atrav\u00e9s do link espec\u00edfico de sua cidade. O servi\u00e7o do CVV est\u00e1 dispon\u00edvel permanentemente pelo telefone 188, site&nbsp;<code>www.cvv.org.br<\/code>&nbsp;(via chat) ou e-mail&nbsp;<code>apoioemocional@cvv.org.br<\/code>.<\/p>\n\n\n\n<p class=\"wp-block-paragraph\"><strong>Links para inscri\u00e7\u00e3o por cidade:<\/strong><\/p>\n\n\n\n<ul class=\"wp-block-list\">\n<li>Adamantina:\u00a0<a href=\"https:\/\/cvv.org.br\/voluntarios\/adamantina\/\" target=\"_blank\" rel=\"noreferrer noopener\">https:\/\/cvv.org.br\/voluntarios\/adamantina\/<\/a><\/li>\n\n\n\n<li>Andradina:\u00a0<a href=\"https:\/\/cvv.org.br\/voluntarios\/andradina\/\" target=\"_blank\" rel=\"noreferrer noopener\">https:\/\/cvv.org.br\/voluntarios\/andradina\/<\/a><\/li>\n\n\n\n<li>Araraquara:\u00a0<a href=\"https:\/\/cvv.org.br\/voluntarios\/araraquara\/\" target=\"_blank\" rel=\"noreferrer noopener\">https:\/\/cvv.org.br\/voluntarios\/araraquara\/<\/a><\/li>\n\n\n\n<li>Assis:\u00a0<a href=\"https:\/\/cvv.org.br\/voluntarios\/assis\/\" target=\"_blank\" rel=\"noreferrer noopener\">https:\/\/cvv.org.br\/voluntarios\/assis\/<\/a><\/li>\n\n\n\n<li>Bauru:\u00a0<a href=\"https:\/\/cvv.org.br\/voluntarios\/bauru\/\" target=\"_blank\" rel=\"noreferrer noopener\">https:\/\/cvv.org.br\/voluntarios\/bauru\/<\/a><\/li>\n\n\n\n<li>Botucatu:\u00a0<a href=\"https:\/\/cvv.org.br\/voluntarios\/botucatu\" target=\"_blank\" rel=\"noreferrer noopener\">https:\/\/cvv.org.br\/voluntarios\/botucatu<\/a><\/li>\n\n\n\n<li>Catanduva:\u00a0<a href=\"https:\/\/cvv.org.br\/voluntarios\/catanduva\/\" target=\"_blank\" rel=\"noreferrer noopener\">https:\/\/cvv.org.br\/voluntarios\/catanduva\/<\/a><\/li>\n\n\n\n<li>Mar\u00edlia:\u00a0<a href=\"https:\/\/cvv.org.br\/voluntarios\/marilia\/\" target=\"_blank\" rel=\"noreferrer noopener\">https:\/\/cvv.org.br\/voluntarios\/marilia\/<\/a><\/li>\n\n\n\n<li>Piracicaba:\u00a0<a href=\"https:\/\/cvv.org.br\/voluntarios\/piracicaba\/\" target=\"_blank\" rel=\"noreferrer noopener\">https:\/\/cvv.org.br\/voluntarios\/piracicaba\/<\/a><\/li>\n\n\n\n<li>Ribeir\u00e3o Preto:\u00a0<a href=\"https:\/\/cvv.org.br\/voluntarios\/ribeirao-preto\/\" target=\"_blank\" rel=\"noreferrer noopener\">https:\/\/cvv.org.br\/voluntarios\/ribeirao-preto\/<\/a><\/li>\n\n\n\n<li>S\u00e3o Jos\u00e9 do Rio Preto:\u00a0<a href=\"https:\/\/cvv.org.br\/voluntarios\/sao-jose-do-rio-preto\/\" target=\"_blank\" rel=\"noreferrer noopener\">https:\/\/cvv.org.br\/voluntarios\/sao-jose-do-rio-preto\/<\/a><\/li>\n<\/ul>\n","protected":false},"excerpt":{"rendered":"<p>Interessados em oferecer apoio emocional pelo telefone 188 devem ter mais de 18 anos e disponibilidade de quatro horas semanais; inscri\u00e7\u00f5es est\u00e3o abertas para duas turmas com in\u00edcio em setembro. O Centro de Valoriza\u00e7\u00e3o da Vida (CVV) est\u00e1 com inscri\u00e7\u00f5es abertas para o seu Programa de Sele\u00e7\u00e3o de Volunt\u00e1rios em 11 cidades do interior de [&hellip;]<\/p>\n","protected":false},"author":260896546,"featured_media":7142,"comment_status":"open","ping_status":"","sticky":false,"template":"","format":"standard","meta":{"_crdt_document":"","_monsterinsights_skip_tracking":false,"_monsterinsights_sitenote_active":false,"_monsterinsights_sitenote_note":"","_monsterinsights_sitenote_category":0,"advanced_seo_description":"Inscreva-se no programa de voluntariado do CVV e ajude a prevenir o suic\u00eddio pelo telefone 188. Forma\u00e7\u00f5es gratuitas em setembro!","jetpack_seo_html_title":"Inscri\u00e7\u00f5es Abertas para Voluntariado em Sa\u00fade Mental no CVV","jetpack_seo_noindex":false,"_jetpack_newsletter_access":"","_jetpack_dont_email_post_to_subs":false,"_jetpack_newsletter_tier_id":0,"_jetpack_memberships_contains_paywalled_content":false,"_jetpack_memberships_contains_paid_content":false,"footnotes":"","jetpack_publicize_message":"\ud83d\udcde CVV abre inscri\u00e7\u00f5es para volunt\u00e1rios no interior paulista\n\nO Centro de Valoriza\u00e7\u00e3o da Vida (CVV) est\u00e1 recrutando novos volunt\u00e1rios em Mar\u00edlia e outras 10 cidades da regi\u00e3o. A oportunidade \u00e9 para quem deseja ser um agente de apoio emocional.\n\nComo funciona?\nForma\u00e7\u00e3o 100% gratuita e online.\nRequisitos: ser maior de 18 anos e ter 4 horas semanais dispon\u00edveis.\nAtua\u00e7\u00e3o no servi\u00e7o de escuta pelo telefone 188.\n\nDatas das turmas:\n\ud83d\uddd3\ufe0f Turma 1: In\u00edcio em 25\/09 (quintas, 19h-22h)\n\ud83d\uddd3\ufe0f Turma 2: In\u00edcio em 27\/09 (s\u00e1bados, 14h-17h)\n\nSer volunt\u00e1rio do CVV \u00e9 dedicar tempo para ouvir com empatia e solidariedade, ajudando a salvar vidas. Uma chance de fazer a diferen\u00e7a na sa\u00fade mental da comunidade.\n\n\ud83d\udc49 Para se inscrever e ver a lista completa de cidades, acesse o link na nossa bio ou confira a mat\u00e9ria completa no site Di\u00e1rio de Garca: diariodegarca.com\n\n#CVV #Voluntariado #Sa\u00fadeMental #ApoioEmocional #Mar\u00edlia #InteriorSP #188 #FazerABoa","jetpack_publicize_feature_enabled":true,"jetpack_social_post_already_shared":false,"jetpack_social_options":{"image_generator_settings":{"template":"highway","default_image_id":0,"font":"","enabled":false},"version":2},"_wpas_customize_per_network":false,"jetpack_post_was_ever_published":false},"categories":[3893976,781171842,1281502,1357691,5128329,285818,683453294,781171843,781171844,781171845],"tags":[],"class_list":["post-7138","post","type-post","status-publish","format-standard","has-post-thumbnail","hentry","category-adamantina","category-andradina","category-assis","category-bauru","category-botucatu","category-catanduva","category-marilia-cidade","category-piracicaba","category-ribeirao-preta","category-sao-jose-do-rio-preto"],"jetpack_publicize_connections":[],"jetpack_featured_media_url":"https:\/\/i0.wp.com\/diariodegarca.com\/wp-content\/uploads\/2025\/09\/homem-estiloso-com-cabelo-encaracolado-posando-contra-o-interior-aconchegante-da-cozinha-conversando-ao-telefone-com-o-celular.jpg?fit=6720%2C4480&ssl=1","jetpack_likes_enabled":true,"jetpack_sharing_enabled":true,"jetpack_shortlink":"https:\/\/wp.me\/pgitne-1R8","jetpack-related-posts":[{"id":4866,"url":"https:\/\/diariodegarca.com\/?p=4866","url_meta":{"origin":7138,"position":0},"title":"Mar\u00edlia abre inscri\u00e7\u00f5es para cursos gratuitos de Cuidador de Idosos e Eletricista Instalador","author":"Di\u00e1rio de Gar\u00e7a","date":"21 de julho de 2025","format":false,"excerpt":"Oportunidades presenciais t\u00eam in\u00edcio em agosto e exigem ensino fundamental completo. O Centro Profissionalizante Municipal de Mar\u00edlia (CEPROM) est\u00e1 com inscri\u00e7\u00f5es abertas para dois cursos gratuitos e presenciais:\u00a0Cuidador de Idosos\u00a0e\u00a0Eletricista Instalador. As vagas s\u00e3o limitadas e as aulas come\u00e7am no dia 11 de agosto. As inscri\u00e7\u00f5es podem ser feitas entre\u2026","rel":"","context":"Em &quot;Curso&quot;","block_context":{"text":"Curso","link":"https:\/\/diariodegarca.com\/?cat=36947"},"img":{"alt_text":"","src":"https:\/\/i0.wp.com\/diariodegarca.com\/wp-content\/uploads\/2025\/07\/conceito-de-aposentadoria-em-casa-com-enfermeira.jpg?fit=1200%2C800&ssl=1&resize=350%2C200","width":350,"height":200,"srcset":"https:\/\/i0.wp.com\/diariodegarca.com\/wp-content\/uploads\/2025\/07\/conceito-de-aposentadoria-em-casa-com-enfermeira.jpg?fit=1200%2C800&ssl=1&resize=350%2C200 1x, https:\/\/i0.wp.com\/diariodegarca.com\/wp-content\/uploads\/2025\/07\/conceito-de-aposentadoria-em-casa-com-enfermeira.jpg?fit=1200%2C800&ssl=1&resize=525%2C300 1.5x, https:\/\/i0.wp.com\/diariodegarca.com\/wp-content\/uploads\/2025\/07\/conceito-de-aposentadoria-em-casa-com-enfermeira.jpg?fit=1200%2C800&ssl=1&resize=700%2C400 2x, https:\/\/i0.wp.com\/diariodegarca.com\/wp-content\/uploads\/2025\/07\/conceito-de-aposentadoria-em-casa-com-enfermeira.jpg?fit=1200%2C800&ssl=1&resize=1050%2C600 3x"},"classes":[]},{"id":9366,"url":"https:\/\/diariodegarca.com\/?p=9366","url_meta":{"origin":7138,"position":1},"title":"Mar\u00edlia abre processo seletivo para professores com sal\u00e1rios de at\u00e9 R$ 3,6 mil","author":"Andreza Sega","date":"5 de dezembro de 2025","format":false,"excerpt":"Inscri\u00e7\u00f5es gratuitas at\u00e9 18 de dezembro para fun\u00e7\u00f5es em EMEF, EMEI, Educa\u00e7\u00e3o Especial e Educa\u00e7\u00e3o F\u00edsica. Processo seletivo simplificado com prova em janeiro e vale-alimenta\u00e7\u00e3o de R$ 740; contrata\u00e7\u00f5es ser\u00e3o pela CLT.. A Prefeitura de Mar\u00edlia, por meio da Secretaria Municipal da Administra\u00e7\u00e3o, publicou nesta sexta-feira, 5 de dezembro, o\u2026","rel":"","context":"Em &quot;Mar\u00edlia&quot;","block_context":{"text":"Mar\u00edlia","link":"https:\/\/diariodegarca.com\/?cat=683453294"},"img":{"alt_text":"","src":"https:\/\/i0.wp.com\/diariodegarca.com\/wp-content\/uploads\/2025\/10\/parabens-voce-fez-um-teste-muito-bem.jpg?fit=1200%2C800&ssl=1&resize=350%2C200","width":350,"height":200,"srcset":"https:\/\/i0.wp.com\/diariodegarca.com\/wp-content\/uploads\/2025\/10\/parabens-voce-fez-um-teste-muito-bem.jpg?fit=1200%2C800&ssl=1&resize=350%2C200 1x, https:\/\/i0.wp.com\/diariodegarca.com\/wp-content\/uploads\/2025\/10\/parabens-voce-fez-um-teste-muito-bem.jpg?fit=1200%2C800&ssl=1&resize=525%2C300 1.5x, https:\/\/i0.wp.com\/diariodegarca.com\/wp-content\/uploads\/2025\/10\/parabens-voce-fez-um-teste-muito-bem.jpg?fit=1200%2C800&ssl=1&resize=700%2C400 2x, https:\/\/i0.wp.com\/diariodegarca.com\/wp-content\/uploads\/2025\/10\/parabens-voce-fez-um-teste-muito-bem.jpg?fit=1200%2C800&ssl=1&resize=1050%2C600 3x"},"classes":[]},{"id":7971,"url":"https:\/\/diariodegarca.com\/?p=7971","url_meta":{"origin":7138,"position":2},"title":"Escola de Eletricistas da CPFL oferta 20 vagas em curso gratuito para as regi\u00f5es de Mar\u00edlia e Bauru","author":"Di\u00e1rio de Gar\u00e7a","date":"23 de outubro de 2025","format":false,"excerpt":"Inscri\u00e7\u00f5es para a capacita\u00e7\u00e3o profissional, que tamb\u00e9m atende moradores de Gar\u00e7a, G\u00e1lia, Mar\u00edlia e outras cidades, seguem abertas at\u00e9 6 de novembro. Forma\u00e7\u00e3o \u00e9 presencial e exige Ensino M\u00e9dio completo. A CPFL Paulista, em parceria com a ELO Energia, est\u00e1 com inscri\u00e7\u00f5es abertas para uma nova turma da \u201cEscola de\u2026","rel":"","context":"Em &quot;Arealva&quot;","block_context":{"text":"Arealva","link":"https:\/\/diariodegarca.com\/?cat=781171854"},"img":{"alt_text":"","src":"https:\/\/i0.wp.com\/diariodegarca.com\/wp-content\/uploads\/2025\/10\/CPFL.jpg?fit=617%2C429&ssl=1&resize=350%2C200","width":350,"height":200,"srcset":"https:\/\/i0.wp.com\/diariodegarca.com\/wp-content\/uploads\/2025\/10\/CPFL.jpg?fit=617%2C429&ssl=1&resize=350%2C200 1x, https:\/\/i0.wp.com\/diariodegarca.com\/wp-content\/uploads\/2025\/10\/CPFL.jpg?fit=617%2C429&ssl=1&resize=525%2C300 1.5x"},"classes":[]},{"id":5186,"url":"https:\/\/diariodegarca.com\/?p=5186","url_meta":{"origin":7138,"position":3},"title":"Mar\u00edlia abre inscri\u00e7\u00f5es EaD para Almoxarife e Estoquista","author":"Di\u00e1rio de Gar\u00e7a","date":"1 de agosto de 2025","format":false,"excerpt":"Capacita\u00e7\u00e3o prepara profissionais para atuar no controle de estoques e almoxarifados, com inscri\u00e7\u00f5es abertas at\u00e9 19 de setembro. O\u00a0Centro de Promo\u00e7\u00e3o Social Municipal (CEPROM), vinculado \u00e0 Prefeitura de Mar\u00edlia, est\u00e1 com inscri\u00e7\u00f5es abertas para o\u00a0curso gratuito de Almoxarife e Estoquista\u00a0na modalidade\u00a0Ensino a Dist\u00e2ncia (EaD). As vagas est\u00e3o dispon\u00edveis a partir\u2026","rel":"","context":"Em &quot;Curso&quot;","block_context":{"text":"Curso","link":"https:\/\/diariodegarca.com\/?cat=36947"},"img":{"alt_text":"","src":"https:\/\/i0.wp.com\/diariodegarca.com\/wp-content\/uploads\/2025\/07\/jovem-estudando-em-uma-biblioteca-usando-um-laptop-e1753989221767.jpg?fit=1191%2C1200&ssl=1&resize=350%2C200","width":350,"height":200,"srcset":"https:\/\/i0.wp.com\/diariodegarca.com\/wp-content\/uploads\/2025\/07\/jovem-estudando-em-uma-biblioteca-usando-um-laptop-e1753989221767.jpg?fit=1191%2C1200&ssl=1&resize=350%2C200 1x, https:\/\/i0.wp.com\/diariodegarca.com\/wp-content\/uploads\/2025\/07\/jovem-estudando-em-uma-biblioteca-usando-um-laptop-e1753989221767.jpg?fit=1191%2C1200&ssl=1&resize=525%2C300 1.5x, https:\/\/i0.wp.com\/diariodegarca.com\/wp-content\/uploads\/2025\/07\/jovem-estudando-em-uma-biblioteca-usando-um-laptop-e1753989221767.jpg?fit=1191%2C1200&ssl=1&resize=700%2C400 2x, https:\/\/i0.wp.com\/diariodegarca.com\/wp-content\/uploads\/2025\/07\/jovem-estudando-em-uma-biblioteca-usando-um-laptop-e1753989221767.jpg?fit=1191%2C1200&ssl=1&resize=1050%2C600 3x"},"classes":[]},{"id":6902,"url":"https:\/\/diariodegarca.com\/?p=6902","url_meta":{"origin":7138,"position":4},"title":"Mar\u00edlia oferta cursos presenciais de Inform\u00e1tica B\u00e1sica e Auxiliar de RH","author":"Di\u00e1rio de Gar\u00e7a","date":"19 de setembro de 2025","format":false,"excerpt":"Inscri\u00e7\u00f5es para as capacita\u00e7\u00f5es come\u00e7am na pr\u00f3xima segunda-feira, 22, e seguem at\u00e9 3 de outubro; vagas s\u00e3o limitadas. O Centro Profissionalizante Municipal de Mar\u00edlia (Ceprom) est\u00e1 com inscri\u00e7\u00f5es abertas para dois cursos profissionalizantes gratuitos e presenciais: Inform\u00e1tica B\u00e1sica e Auxiliar de Recursos Humanos. As oportunidades s\u00e3o voltadas para quem busca\u2026","rel":"","context":"Em &quot;Curso&quot;","block_context":{"text":"Curso","link":"https:\/\/diariodegarca.com\/?cat=36947"},"img":{"alt_text":"","src":"https:\/\/i0.wp.com\/diariodegarca.com\/wp-content\/uploads\/2025\/09\/estudantes-universitarios-de-diferentes-etnias-lotando.jpg?fit=1200%2C800&ssl=1&resize=350%2C200","width":350,"height":200,"srcset":"https:\/\/i0.wp.com\/diariodegarca.com\/wp-content\/uploads\/2025\/09\/estudantes-universitarios-de-diferentes-etnias-lotando.jpg?fit=1200%2C800&ssl=1&resize=350%2C200 1x, https:\/\/i0.wp.com\/diariodegarca.com\/wp-content\/uploads\/2025\/09\/estudantes-universitarios-de-diferentes-etnias-lotando.jpg?fit=1200%2C800&ssl=1&resize=525%2C300 1.5x, https:\/\/i0.wp.com\/diariodegarca.com\/wp-content\/uploads\/2025\/09\/estudantes-universitarios-de-diferentes-etnias-lotando.jpg?fit=1200%2C800&ssl=1&resize=700%2C400 2x, https:\/\/i0.wp.com\/diariodegarca.com\/wp-content\/uploads\/2025\/09\/estudantes-universitarios-de-diferentes-etnias-lotando.jpg?fit=1200%2C800&ssl=1&resize=1050%2C600 3x"},"classes":[]},{"id":3591,"url":"https:\/\/diariodegarca.com\/?p=3591","url_meta":{"origin":7138,"position":5},"title":"Mar\u00edlia abre processo seletivo para estagi\u00e1rios em diversas \u00e1reas","author":"Di\u00e1rio de Gar\u00e7a","date":"30 de maio de 2025","format":false,"excerpt":"Inscri\u00e7\u00f5es devem ser realizadas entre 3 e 23 de junho de 2025; bolsas variam de R$ 600 a R$ 1.000 A Prefeitura Municipal de Mar\u00edlia, em parceria com o Centro de Integra\u00e7\u00e3o Empresa-Escola (CIEE), divulgou o\u00a0Edital n\u00ba 01\/2025\u00a0para forma\u00e7\u00e3o de cadastro reserva de estagi\u00e1rios em diversas \u00e1reas. O processo seletivo\u2026","rel":"","context":"Em &quot;Est\u00e1gio&quot;","block_context":{"text":"Est\u00e1gio","link":"https:\/\/diariodegarca.com\/?cat=64915"},"img":{"alt_text":"","src":"","width":0,"height":0},"classes":[]}],"_links":{"self":[{"href":"https:\/\/diariodegarca.com\/index.php?rest_route=\/wp\/v2\/posts\/7138","targetHints":{"allow":["GET"]}}],"collection":[{"href":"https:\/\/diariodegarca.com\/index.php?rest_route=\/wp\/v2\/posts"}],"about":[{"href":"https:\/\/diariodegarca.com\/index.php?rest_route=\/wp\/v2\/types\/post"}],"author":[{"embeddable":true,"href":"https:\/\/diariodegarca.com\/index.php?rest_route=\/wp\/v2\/users\/260896546"}],"replies":[{"embeddable":true,"href":"https:\/\/diariodegarca.com\/index.php?rest_route=%2Fwp%2Fv2%2Fcomments&post=7138"}],"version-history":[{"count":4,"href":"https:\/\/diariodegarca.com\/index.php?rest_route=\/wp\/v2\/posts\/7138\/revisions"}],"predecessor-version":[{"id":7143,"href":"https:\/\/diariodegarca.com\/index.php?rest_route=\/wp\/v2\/posts\/7138\/revisions\/7143"}],"wp:featuredmedia":[{"embeddable":true,"href":"https:\/\/diariodegarca.com\/index.php?rest_route=\/wp\/v2\/media\/7142"}],"wp:attachment":[{"href":"https:\/\/diariodegarca.com\/index.php?rest_route=%2Fwp%2Fv2%2Fmedia&parent=7138"}],"wp:term":[{"taxonomy":"category","embeddable":true,"href":"https:\/\/diariodegarca.com\/index.php?rest_route=%2Fwp%2Fv2%2Fcategories&post=7138"},{"taxonomy":"post_tag","embeddable":true,"href":"https:\/\/diariodegarca.com\/index.php?rest_route=%2Fwp%2Fv2%2Ftags&post=7138"}],"curies":[{"name":"wp","href":"https:\/\/api.w.org\/{rel}","templated":true}]}}