{"id":7169,"date":"2025-09-25T16:27:56","date_gmt":"2025-09-25T19:27:56","guid":{"rendered":"https:\/\/diariodegarca.com\/?p=7169"},"modified":"2025-09-25T16:27:56","modified_gmt":"2025-09-25T19:27:56","slug":"emca-promove-2o-show-de-premios-com-sorteio-de-eletronicos-e-itens-eletrodomesticos","status":"publish","type":"post","link":"https:\/\/diariodegarca.com\/?p=7169","title":{"rendered":"EMCA promove 2\u00ba Show de Pr\u00eamios com sorteio de eletr\u00f4nicos e itens eletrodom\u00e9sticos"},"content":{"rendered":"\n<p class=\"wp-block-paragraph\"><em>Evento gratuito acontece neste domingo no p\u00e1tio da escola, com tr\u00eas cartelas a R$ 15; concorra a amplificador, smartwatch, c\u00e2mera e outros itens.<\/em><\/p>\n\n\n\n<p class=\"wp-block-paragraph\">A Escola Municipal de Cultura Art\u00edstica &#8220;Am\u00e9lio &#8216;Nan\u00e1&#8217; Zancomp\u00e9&#8221; (EMCA) realiza, no pr\u00f3ximo <strong>domingo, 28 de setembro<\/strong>, a segunda edi\u00e7\u00e3o do seu &#8220;Show de Pr\u00eamios&#8221;. O evento, que tem entrada gratuita, come\u00e7a \u00e0s 15h no p\u00e1tio da institui\u00e7\u00e3o, localizada na rua 27 de Dezembro, n\u00ba 10, ao lado da Secretaria Municipal de Cultura.<\/p>\n\n\n\n<p class=\"wp-block-paragraph\">O &#8220;Show de Pr\u00eamios&#8221; \u00e9 uma iniciativa para engajar a comunidade e oferecer uma programa\u00e7\u00e3o de entretenimento para todas as idades. A atra\u00e7\u00e3o principal s\u00e3o os sorteios de diversos artigos entre os participantes que adquiriram cartelas. Cada tr\u00eas cartelas saem por R$ 15,00. Elas est\u00e3o \u00e0 venda antecipadamente na secretaria da escola, que aceita pagamentos por cart\u00e3o de cr\u00e9dito, d\u00e9bito, PIX ou dinheiro f\u00edsico.<\/p>\n\n\n\n<p class=\"wp-block-paragraph\">A lista de pr\u00eamios inclui itens tecnol\u00f3gicos e eletrodom\u00e9sticos, como um amplificador de guitarra da marca Datrel Guitar 30, um rel\u00f3gio smartwatch x-watch inteligente, uma c\u00e2mera wi-fi speed dome mini e um headset gamer fortrek H2 P2. Para a cozinha, os sorteios incluem uma sanduicheira grill Brit\u00e2nia, prenssa antiaderente e uma sanduicheira master grill da Mondial. A organiza\u00e7\u00e3o do evento promete ainda &#8220;muito mais&#8221; pr\u00eamios a serem sorteados.<\/p>\n\n\n\n<p class=\"wp-block-paragraph\">A expectativa \u00e9 de que o evento repita o sucesso da edi\u00e7\u00e3o anterior, reunindo alunos, familiares e o p\u00fablico em geral em uma tarde descontra\u00edda no espa\u00e7o cultural.<\/p>\n","protected":false},"excerpt":{"rendered":"<p>Evento gratuito acontece neste domingo no p\u00e1tio da escola, com tr\u00eas cartelas a R$ 15; concorra a amplificador, smartwatch, c\u00e2mera e outros itens. A Escola Municipal de Cultura Art\u00edstica &#8220;Am\u00e9lio &#8216;Nan\u00e1&#8217; Zancomp\u00e9&#8221; (EMCA) realiza, no pr\u00f3ximo domingo, 28 de setembro, a segunda edi\u00e7\u00e3o do seu &#8220;Show de Pr\u00eamios&#8221;. O evento, que tem entrada gratuita, come\u00e7a [&hellip;]<\/p>\n","protected":false},"author":260896546,"featured_media":7172,"comment_status":"open","ping_status":"","sticky":false,"template":"","format":"standard","meta":{"_monsterinsights_skip_tracking":false,"advanced_seo_description":"Participe do Show de Pr\u00eamios da EMCA neste domingo! Concorra a pr\u00eamios incr\u00edveis por apenas R$ 15. Entrada gratuita e divers\u00e3o para todos!","jetpack_seo_html_title":"Show de Pr\u00eamios Gratuito na EMCA: Concorra a Pr\u00eamios Incr\u00edveis!","jetpack_seo_noindex":false,"jetpack_seo_schema_type":"","_jetpack_newsletter_access":"","_jetpack_dont_email_post_to_subs":false,"_jetpack_newsletter_tier_id":0,"_jetpack_memberships_contains_paywalled_content":false,"_wpcom_ai_launchpad_first_post":false,"_jetpack_feature_clip_id":0,"_jetpack_memberships_contains_paid_content":false,"footnotes":"","jetpack_publicize_message":"A EMCA Gar\u00e7a prepara para este domingo (28\/9) o seu 2\u00ba Show de Pr\u00eamios. O evento, com entrada gratuita, come\u00e7a \u00e0s 15h no p\u00e1tio da escola.\n\nEntre os itens que ser\u00e3o sorteados para quem adquirir as cartelas est\u00e3o um amplificador de guitarra, um smartwatch, uma c\u00e2mera wi-fi, entre outros.\n\nPara participar dos sorteios, adquira tr\u00eas cartelas por R$ 15,00, que podem ser adquiridas antecipadamente na secretaria da EMCA, com pagamento em cart\u00e3o, PIX ou dinheiro.\n\nLeia a mat\u00e9ria completa e confira a lista de pr\u00eamios no site: diariodegarca.com\n\n#EMCA #Garca #ShowdePremios #Cultura #EventoGarca #Sorteio #Smartwatch #HeadsetGamer","jetpack_publicize_feature_enabled":true,"jetpack_social_post_already_shared":false,"jetpack_social_options":{"image_generator_settings":{"template":"highway","default_image_id":0,"font":"","enabled":false},"version":2},"_wpas_customize_per_network":false,"jetpack_post_was_ever_published":false},"categories":[2367,781171664],"tags":[],"class_list":["post-7169","post","type-post","status-publish","format-standard","has-post-thumbnail","hentry","category-cultura","category-garca-cidade"],"jetpack_publicize_connections":[],"jetpack_likes_enabled":true,"jetpack_sharing_enabled":true,"jetpack_shortlink":"https:\/\/wp.me\/pgitne-1RD","jetpack-related-posts":[{"id":4254,"url":"https:\/\/diariodegarca.com\/?p=4254","url_meta":{"origin":7169,"position":0},"title":"EMCA promove Show de Pr\u00eamios com cartelas a R$15","author":"Di\u00e1rio de Gar\u00e7a","date":"25 de junho de 2025","format":false,"excerpt":"Evento cultural acontece no domingo, 06 de julho, no p\u00e1tio da escola, com venda de cartelas antecipadas na secretaria. O\u00a0Show de Pr\u00eamios da EMCA\u00a0ser\u00e1 realizado no dia\u00a06 de julho, domingo, a partir das\u00a015h, no\u00a0p\u00e1tio da escola, que est\u00e1 localizada na\u00a0rua 27 de dezembro, 10, ao lado da Secretaria de Cultura.\u2026","rel":"","context":"Em &quot;Cultura&quot;","block_context":{"text":"Cultura","link":"https:\/\/diariodegarca.com\/?cat=2367"},"img":{"alt_text":"","src":"","width":0,"height":0},"classes":[]},{"id":7904,"url":"https:\/\/diariodegarca.com\/?p=7904","url_meta":{"origin":7169,"position":1},"title":"&#8220;Arteiros ARTISTAS&#8221;: EMCA apresenta espet\u00e1culo infanto-juvenil de circo e m\u00fasica","author":"Andreza Sega","date":"21 de outubro de 2025","format":false,"excerpt":"Alunos da Escola Municipal de Cultura Art\u00edstica se apresentam gratuitamente no dia 22 de outubro, domingo, \u00e0s 19h30, no p\u00e1tio da escola. A EMCA (Escola Municipal de Cultura Art\u00edstica) prepara uma noite especial para celebrar o talento de seus jovens aprendizes. No pr\u00f3ximo dia 22 de outubro, quarta-feira, \u00e0s 19h30,\u2026","rel":"","context":"Em &quot;Cultura&quot;","block_context":{"text":"Cultura","link":"https:\/\/diariodegarca.com\/?cat=2367"},"img":{"alt_text":"","src":"https:\/\/i0.wp.com\/diariodegarca.com\/wp-content\/uploads\/2025\/10\/aluna-tocando-violino.jpg?fit=1200%2C800&ssl=1&resize=350%2C200","width":350,"height":200,"srcset":"https:\/\/i0.wp.com\/diariodegarca.com\/wp-content\/uploads\/2025\/10\/aluna-tocando-violino.jpg?fit=1200%2C800&ssl=1&resize=350%2C200 1x, https:\/\/i0.wp.com\/diariodegarca.com\/wp-content\/uploads\/2025\/10\/aluna-tocando-violino.jpg?fit=1200%2C800&ssl=1&resize=525%2C300 1.5x, https:\/\/i0.wp.com\/diariodegarca.com\/wp-content\/uploads\/2025\/10\/aluna-tocando-violino.jpg?fit=1200%2C800&ssl=1&resize=700%2C400 2x, https:\/\/i0.wp.com\/diariodegarca.com\/wp-content\/uploads\/2025\/10\/aluna-tocando-violino.jpg?fit=1200%2C800&ssl=1&resize=1050%2C600 3x"},"classes":[]},{"id":5410,"url":"https:\/\/diariodegarca.com\/?p=5410","url_meta":{"origin":7169,"position":2},"title":"&#8220;Entardecer com Arte&#8221; celebra 22 anos da EMCA com programa\u00e7\u00e3o cultural diversa","author":"Di\u00e1rio de Gar\u00e7a","date":"8 de agosto de 2025","format":false,"excerpt":"Evento gratuito de 11 a 15 de agosto no P\u00e1tio da EMCA re\u00fane teatro, m\u00fasica, dan\u00e7a e oficinas art\u00edsticas, al\u00e9m de op\u00e7\u00f5es gastron\u00f4micas. A Escola Municipal de Cultura e Arte (EMCA) comemora 22 anos com o\u00a0\"Entardecer com Arte\", um evento que promete encantar o p\u00fablico de Gar\u00e7a e regi\u00e3o. De\u2026","rel":"","context":"Em &quot;Cultura&quot;","block_context":{"text":"Cultura","link":"https:\/\/diariodegarca.com\/?cat=2367"},"img":{"alt_text":"","src":"https:\/\/i0.wp.com\/diariodegarca.com\/wp-content\/uploads\/2025\/08\/vista-frontal-da-bailarina-posando-ao-fazer-uma-divisao.jpg?fit=1200%2C798&ssl=1&resize=350%2C200","width":350,"height":200,"srcset":"https:\/\/i0.wp.com\/diariodegarca.com\/wp-content\/uploads\/2025\/08\/vista-frontal-da-bailarina-posando-ao-fazer-uma-divisao.jpg?fit=1200%2C798&ssl=1&resize=350%2C200 1x, https:\/\/i0.wp.com\/diariodegarca.com\/wp-content\/uploads\/2025\/08\/vista-frontal-da-bailarina-posando-ao-fazer-uma-divisao.jpg?fit=1200%2C798&ssl=1&resize=525%2C300 1.5x, https:\/\/i0.wp.com\/diariodegarca.com\/wp-content\/uploads\/2025\/08\/vista-frontal-da-bailarina-posando-ao-fazer-uma-divisao.jpg?fit=1200%2C798&ssl=1&resize=700%2C400 2x, https:\/\/i0.wp.com\/diariodegarca.com\/wp-content\/uploads\/2025\/08\/vista-frontal-da-bailarina-posando-ao-fazer-uma-divisao.jpg?fit=1200%2C798&ssl=1&resize=1050%2C600 3x"},"classes":[]},{"id":6805,"url":"https:\/\/diariodegarca.com\/?p=6805","url_meta":{"origin":7169,"position":3},"title":"EMCA apresenta &#8220;Sons da Primavera&#8221; no Teatro Municipal de Gar\u00e7a","author":"Di\u00e1rio de Gar\u00e7a","date":"16 de setembro de 2025","format":false,"excerpt":"Evento, que une m\u00fasica e dan\u00e7a, acontece no dia 20 de setembro. Ingressos antecipados na secretaria da escola por R$ 5,00. A Escola Municipal de Cultura Art\u00edstica (EMCA) Am\u00e1lio Nan\u00e1 Zancop\u00e9 prepara sua pr\u00f3xima montagem para celebrar a nova esta\u00e7\u00e3o. Intitulado \u201cSons da Primavera\u201d, o espet\u00e1culo promete uma noite que\u2026","rel":"","context":"Em &quot;Cultura&quot;","block_context":{"text":"Cultura","link":"https:\/\/diariodegarca.com\/?cat=2367"},"img":{"alt_text":"","src":"https:\/\/i0.wp.com\/diariodegarca.com\/wp-content\/uploads\/2025\/09\/dancarina-de-bale-elegante-em-vestido-de-seda-realizando-graciosamente-gerado-por-ia.jpg?fit=1200%2C686&ssl=1&resize=350%2C200","width":350,"height":200,"srcset":"https:\/\/i0.wp.com\/diariodegarca.com\/wp-content\/uploads\/2025\/09\/dancarina-de-bale-elegante-em-vestido-de-seda-realizando-graciosamente-gerado-por-ia.jpg?fit=1200%2C686&ssl=1&resize=350%2C200 1x, https:\/\/i0.wp.com\/diariodegarca.com\/wp-content\/uploads\/2025\/09\/dancarina-de-bale-elegante-em-vestido-de-seda-realizando-graciosamente-gerado-por-ia.jpg?fit=1200%2C686&ssl=1&resize=525%2C300 1.5x, https:\/\/i0.wp.com\/diariodegarca.com\/wp-content\/uploads\/2025\/09\/dancarina-de-bale-elegante-em-vestido-de-seda-realizando-graciosamente-gerado-por-ia.jpg?fit=1200%2C686&ssl=1&resize=700%2C400 2x, https:\/\/i0.wp.com\/diariodegarca.com\/wp-content\/uploads\/2025\/09\/dancarina-de-bale-elegante-em-vestido-de-seda-realizando-graciosamente-gerado-por-ia.jpg?fit=1200%2C686&ssl=1&resize=1050%2C600 3x"},"classes":[]},{"id":8171,"url":"https:\/\/diariodegarca.com\/?p=8171","url_meta":{"origin":7169,"position":4},"title":"EMCA apresenta espet\u00e1culo de ballet baseado em &#8220;Alice no Pa\u00eds das Maravilhas&#8221;","author":"Andreza Sega","date":"28 de outubro de 2025","format":false,"excerpt":"Cl\u00e1ssico atemporal de Lewis Carroll ganha vida nos palcos de Gar\u00e7a com coreografias da Escola Municipal de Cultura Art\u00edstica; ingressos j\u00e1 est\u00e3o \u00e0 venda. A Escola Municipal de Cultura Art\u00edstica \u201cAm\u00e9lio \u2018Nan\u00e1\u2019 Zancop\u00e9\u201d (EMCA) anuncia uma viagem ao mundo da fantasia com seu espet\u00e1culo de ballet baseado no cl\u00e1ssico \"Alice\u2026","rel":"","context":"Em &quot;Cultura&quot;","block_context":{"text":"Cultura","link":"https:\/\/diariodegarca.com\/?cat=2367"},"img":{"alt_text":"","src":"https:\/\/i0.wp.com\/diariodegarca.com\/wp-content\/uploads\/2025\/10\/353527-alice-no-pais-das-maravilhas-conheca-950x0-2-e1761684025216.jpg?fit=652%2C402&ssl=1&resize=350%2C200","width":350,"height":200,"srcset":"https:\/\/i0.wp.com\/diariodegarca.com\/wp-content\/uploads\/2025\/10\/353527-alice-no-pais-das-maravilhas-conheca-950x0-2-e1761684025216.jpg?fit=652%2C402&ssl=1&resize=350%2C200 1x, https:\/\/i0.wp.com\/diariodegarca.com\/wp-content\/uploads\/2025\/10\/353527-alice-no-pais-das-maravilhas-conheca-950x0-2-e1761684025216.jpg?fit=652%2C402&ssl=1&resize=525%2C300 1.5x"},"classes":[]},{"id":3973,"url":"https:\/\/diariodegarca.com\/?p=3973","url_meta":{"origin":7169,"position":5},"title":"&#8220;As Velhas Fiadeiras&#8221;: Cia Caixa Preta apresenta pe\u00e7a infantil gratuita em Gar\u00e7a","author":"Di\u00e1rio de Gar\u00e7a","date":"15 de junho de 2025","format":false,"excerpt":"Espet\u00e1culo de bonecos, contemplado pelo Plano Nacional Aldir Blanc, encena hist\u00f3ria sobre tradi\u00e7\u00e3o e transforma\u00e7\u00e3o em diferentes locais e datas A Cia Caixa Preta, formada por alunos da Escola Municipal de Cultura Art\u00edstica (EMCA) Am\u00e9lio 'Nan\u00e1' Zancop\u00e9, apresentar\u00e1 a pe\u00e7a infantil\u00a0\"As Velhas Fiadeiras\", com sess\u00f5es gratuitas em Gar\u00e7a. O projeto\u2026","rel":"","context":"Em &quot;Cultura&quot;","block_context":{"text":"Cultura","link":"https:\/\/diariodegarca.com\/?cat=2367"},"img":{"alt_text":"","src":"","width":0,"height":0},"classes":[]}],"jetpack_featured_media_url":"https:\/\/i0.wp.com\/diariodegarca.com\/wp-content\/uploads\/2025\/09\/SnapInsta.to_553214734_18001021553814549_8729854560190221767_n.jpg?fit=1080%2C1080&ssl=1","_links":{"self":[{"href":"https:\/\/diariodegarca.com\/index.php?rest_route=\/wp\/v2\/posts\/7169","targetHints":{"allow":["GET"]}}],"collection":[{"href":"https:\/\/diariodegarca.com\/index.php?rest_route=\/wp\/v2\/posts"}],"about":[{"href":"https:\/\/diariodegarca.com\/index.php?rest_route=\/wp\/v2\/types\/post"}],"author":[{"embeddable":true,"href":"https:\/\/diariodegarca.com\/index.php?rest_route=\/wp\/v2\/users\/260896546"}],"replies":[{"embeddable":true,"href":"https:\/\/diariodegarca.com\/index.php?rest_route=%2Fwp%2Fv2%2Fcomments&post=7169"}],"version-history":[{"count":3,"href":"https:\/\/diariodegarca.com\/index.php?rest_route=\/wp\/v2\/posts\/7169\/revisions"}],"predecessor-version":[{"id":7173,"href":"https:\/\/diariodegarca.com\/index.php?rest_route=\/wp\/v2\/posts\/7169\/revisions\/7173"}],"wp:featuredmedia":[{"embeddable":true,"href":"https:\/\/diariodegarca.com\/index.php?rest_route=\/wp\/v2\/media\/7172"}],"wp:attachment":[{"href":"https:\/\/diariodegarca.com\/index.php?rest_route=%2Fwp%2Fv2%2Fmedia&parent=7169"}],"wp:term":[{"taxonomy":"category","embeddable":true,"href":"https:\/\/diariodegarca.com\/index.php?rest_route=%2Fwp%2Fv2%2Fcategories&post=7169"},{"taxonomy":"post_tag","embeddable":true,"href":"https:\/\/diariodegarca.com\/index.php?rest_route=%2Fwp%2Fv2%2Ftags&post=7169"}],"curies":[{"name":"wp","href":"https:\/\/api.w.org\/{rel}","templated":true}]}}