{"id":7271,"date":"2025-09-29T20:29:04","date_gmt":"2025-09-29T23:29:04","guid":{"rendered":"https:\/\/diariodegarca.com\/?p=7271"},"modified":"2025-09-29T20:29:04","modified_gmt":"2025-09-29T23:29:04","slug":"falta-de-agua-mantem-alunos-de-escolas-municipais-em-casa","status":"publish","type":"post","link":"https:\/\/diariodegarca.com\/?p=7271","title":{"rendered":"Falta de \u00e1gua mant\u00e9m alunos de escolas municipais em casa"},"content":{"rendered":"\n<p class=\"wp-block-paragraph\"><em>Problema no abastecimento, que impede a higieniza\u00e7\u00e3o adequada, leva rede de ensino a recomendar que estudantes fiquem em suas resid\u00eancias.<\/em><\/p>\n\n\n\n<p class=\"wp-block-paragraph\">Em fun\u00e7\u00e3o da interrup\u00e7\u00e3o no abastecimento de \u00e1gua, que ainda n\u00e3o foi regularizado, escolas da rede municipal de ensino comunicaram uma medida cautelar aos pais e respons\u00e1veis nesta segunda-feira, referente \u00e0s aulas de ter\u00e7a. Segundo o comunicado, a situa\u00e7\u00e3o compromete diretamente a higieniza\u00e7\u00e3o dos ambientes e o funcionamento dos banheiros, o que levou a dire\u00e7\u00e3o das unidades a solicitar que as fam\u00edlias, que tiverem condi\u00e7\u00f5es, mantenham seus filhos em casa.<\/p>\n\n\n\n<p class=\"wp-block-paragraph\">A recomenda\u00e7\u00e3o visa preservar a seguran\u00e7a e o bem-estar dos estudantes, uma vez que a falta de \u00e1gua impossibilita a limpeza necess\u00e1ria e o uso adequado de sanit\u00e1rios, fundamentais para o funcionamento escolar.<\/p>\n\n\n\n<p class=\"wp-block-paragraph\">Contudo, a mensagem ressalta que a escola compreende as diferentes realidades das fam\u00edlias. Para os casos em que os pais ou respons\u00e1veis n\u00e3o t\u00eam com quem deixar as crian\u00e7as, as unidades funcionar\u00e3o normalmente para acolh\u00ea-las. O comunicado garante que ser\u00e1 disponibilizada \u00e1gua para a hidrata\u00e7\u00e3o e para o preparo da alimenta\u00e7\u00e3o desses estudantes.<\/p>\n\n\n\n<p class=\"wp-block-paragraph\">A equipe da Supervis\u00e3o da Secretaria Municipal de Educa\u00e7\u00e3o, que emitiu o comunicado, agradeceu a colabora\u00e7\u00e3o e a compreens\u00e3o de todos diante da adversidade, mantendo as atividades para as crian\u00e7as que dependem do acolhimento escolar.<\/p>\n\n\n\n<figure class=\"wp-block-image size-full\"><img data-recalc-dims=\"1\" loading=\"lazy\" decoding=\"async\" width=\"738\" height=\"861\" data-attachment-id=\"7273\" data-permalink=\"https:\/\/diariodegarca.com\/?attachment_id=7273\" data-orig-file=\"https:\/\/i0.wp.com\/diariodegarca.com\/wp-content\/uploads\/2025\/09\/f782f3a9-d52f-4326-ae46-9cdd3e569bbb.jpg?fit=738%2C861&amp;ssl=1\" data-orig-size=\"738,861\" data-comments-opened=\"1\" data-image-meta=\"{&quot;aperture&quot;:&quot;0&quot;,&quot;credit&quot;:&quot;&quot;,&quot;camera&quot;:&quot;&quot;,&quot;caption&quot;:&quot;&quot;,&quot;created_timestamp&quot;:&quot;0&quot;,&quot;copyright&quot;:&quot;&quot;,&quot;focal_length&quot;:&quot;0&quot;,&quot;iso&quot;:&quot;0&quot;,&quot;shutter_speed&quot;:&quot;0&quot;,&quot;title&quot;:&quot;&quot;,&quot;orientation&quot;:&quot;0&quot;}\" data-image-title=\"\" data-image-description=\"\" data-image-caption=\"\" data-large-file=\"https:\/\/i0.wp.com\/diariodegarca.com\/wp-content\/uploads\/2025\/09\/f782f3a9-d52f-4326-ae46-9cdd3e569bbb.jpg?fit=738%2C861&amp;ssl=1\" src=\"https:\/\/i0.wp.com\/diariodegarca.com\/wp-content\/uploads\/2025\/09\/f782f3a9-d52f-4326-ae46-9cdd3e569bbb.jpg?resize=738%2C861&#038;ssl=1\" alt=\"Imagem de um comunicado importante da Secretaria Municipal de Educa\u00e7\u00e3o, orientando os pais sobre a falta de abastecimento de \u00e1gua nas escolas, recomendando que mantenham os filhos em casa devido \u00e0 impossibilidade de higieniza\u00e7\u00e3o adequada.\" class=\"wp-image-7273\" srcset=\"https:\/\/i0.wp.com\/diariodegarca.com\/wp-content\/uploads\/2025\/09\/f782f3a9-d52f-4326-ae46-9cdd3e569bbb.jpg?w=738&amp;ssl=1 738w, https:\/\/i0.wp.com\/diariodegarca.com\/wp-content\/uploads\/2025\/09\/f782f3a9-d52f-4326-ae46-9cdd3e569bbb.jpg?resize=257%2C300&amp;ssl=1 257w\" sizes=\"auto, (max-width: 738px) 100vw, 738px\" \/><\/figure>\n","protected":false},"excerpt":{"rendered":"<p>Problema no abastecimento, que impede a higieniza\u00e7\u00e3o adequada, leva rede de ensino a recomendar que estudantes fiquem em suas resid\u00eancias. Em fun\u00e7\u00e3o da interrup\u00e7\u00e3o no abastecimento de \u00e1gua, que ainda n\u00e3o foi regularizado, escolas da rede municipal de ensino comunicaram uma medida cautelar aos pais e respons\u00e1veis nesta segunda-feira, referente \u00e0s aulas de ter\u00e7a. Segundo [&hellip;]<\/p>\n","protected":false},"author":260896546,"featured_media":7275,"comment_status":"open","ping_status":"","sticky":false,"template":"","format":"standard","meta":{"_crdt_document":"","_monsterinsights_skip_tracking":false,"_monsterinsights_sitenote_active":false,"_monsterinsights_sitenote_note":"","_monsterinsights_sitenote_category":0,"advanced_seo_description":"Devido \u00e0 falta de \u00e1gua, escolas municipais recomendam que estudantes fiquem em casa para garantir a seguran\u00e7a e higiene nas aulas.","jetpack_seo_html_title":"Escolas Recomendam que Estudantes Fiquem em Casa por falta de \u00c1gua","jetpack_seo_noindex":false,"_jetpack_newsletter_access":"","_jetpack_dont_email_post_to_subs":false,"_jetpack_newsletter_tier_id":0,"_jetpack_memberships_contains_paywalled_content":false,"_jetpack_memberships_contains_paid_content":false,"footnotes":"","jetpack_publicize_message":"Gar\u00e7a cancela aulas na rede municipal por falta de \u00e1gua\n\nFalta de \u00e1gua afeta escolas municipais. Sem condi\u00e7\u00f5es completas de higieniza\u00e7\u00e3o, a rede de ensino recomenda que alunos cujos pais possam ficar com eles permane\u00e7am em casa.\n\nPara as fam\u00edlias que n\u00e3o t\u00eam alternativa, as escolas seguir\u00e3o abertas, fornecendo \u00e1gua e alimenta\u00e7\u00e3o.\n\n\ud83d\udcf2 Leia a mat\u00e9ria completa em: diariodegarca.com\n\n#Educa\u00e7\u00e3o #Sa\u00fadeEscolar #FaltaDe\u00c1gua #Gar\u00e7a","jetpack_publicize_feature_enabled":true,"jetpack_social_post_already_shared":false,"jetpack_social_options":{"image_generator_settings":{"template":"highway","default_image_id":0,"font":"","enabled":false},"version":2},"_wpas_customize_per_network":false,"jetpack_post_was_ever_published":false},"categories":[17964,781171664],"tags":[],"class_list":["post-7271","post","type-post","status-publish","format-standard","has-post-thumbnail","hentry","category-educacao","category-garca-cidade"],"jetpack_publicize_connections":[],"jetpack_featured_media_url":"https:\/\/i0.wp.com\/diariodegarca.com\/wp-content\/uploads\/2025\/09\/thumb_2_prefeitura-de-garca_1567613950.jpg?fit=365%2C185&ssl=1","jetpack_likes_enabled":true,"jetpack_sharing_enabled":true,"jetpack_shortlink":"https:\/\/wp.me\/pgitne-1Th","jetpack-related-posts":[{"id":8552,"url":"https:\/\/diariodegarca.com\/?p=8552","url_meta":{"origin":7271,"position":0},"title":"Gar\u00e7a abre inscri\u00e7\u00f5es para Bolsas de Estudo Integrais de Ingl\u00eas em 2026","author":"Andreza Sega","date":"7 de novembro de 2025","format":false,"excerpt":"Projeto municipal oferece oportunidade para estudantes de baixa renda aprenderem o idioma e se qualificarem para o mercado de trabalho. Inscri\u00e7\u00f5es v\u00e3o de 10 a 30 de novembro. A Prefeitura de Gar\u00e7a, por meio da Secretaria Municipal de Educa\u00e7\u00e3o, anunciou a abertura do per\u00edodo de inscri\u00e7\u00f5es para o Projeto Bolsa\u2026","rel":"","context":"Em &quot;Curso&quot;","block_context":{"text":"Curso","link":"https:\/\/diariodegarca.com\/?cat=36947"},"img":{"alt_text":"","src":"https:\/\/i0.wp.com\/diariodegarca.com\/wp-content\/uploads\/2025\/11\/aluna-segurando-bandeira-dos-eua-sentado-no-chao.jpg?fit=1200%2C800&ssl=1&resize=350%2C200","width":350,"height":200,"srcset":"https:\/\/i0.wp.com\/diariodegarca.com\/wp-content\/uploads\/2025\/11\/aluna-segurando-bandeira-dos-eua-sentado-no-chao.jpg?fit=1200%2C800&ssl=1&resize=350%2C200 1x, https:\/\/i0.wp.com\/diariodegarca.com\/wp-content\/uploads\/2025\/11\/aluna-segurando-bandeira-dos-eua-sentado-no-chao.jpg?fit=1200%2C800&ssl=1&resize=525%2C300 1.5x, https:\/\/i0.wp.com\/diariodegarca.com\/wp-content\/uploads\/2025\/11\/aluna-segurando-bandeira-dos-eua-sentado-no-chao.jpg?fit=1200%2C800&ssl=1&resize=700%2C400 2x, https:\/\/i0.wp.com\/diariodegarca.com\/wp-content\/uploads\/2025\/11\/aluna-segurando-bandeira-dos-eua-sentado-no-chao.jpg?fit=1200%2C800&ssl=1&resize=1050%2C600 3x"},"classes":[]},{"id":9735,"url":"https:\/\/diariodegarca.com\/?p=9735","url_meta":{"origin":7271,"position":1},"title":"\u00c1gua amarelada, morte de peixes e o descontentamento com o abastecimento em Gar\u00e7a","author":"Di\u00e1rio de Gar\u00e7a","date":"27 de dezembro de 2025","format":false,"excerpt":"Relato de morador sobre morte s\u00fabita de mais de 90 peixes e adoecimento de c\u00e3es ap\u00f3s uso de \u00e1gua da torneira gera como\u00e7\u00e3o e exp\u00f5e crise no servi\u00e7o, com popula\u00e7\u00e3o relatando problemas h\u00e1 meses e SAAE atribuindo fato a \"pontos isolados\" ap\u00f3s enchentes. Um caso envolvendo a morte de animais\u2026","rel":"","context":"Em &quot;Gar\u00e7a&quot;","block_context":{"text":"Gar\u00e7a","link":"https:\/\/diariodegarca.com\/?cat=781171664"},"img":{"alt_text":"","src":"https:\/\/i0.wp.com\/diariodegarca.com\/wp-content\/uploads\/2025\/12\/IMG-20251227-WA0004.jpg?fit=1200%2C909&ssl=1&resize=350%2C200","width":350,"height":200,"srcset":"https:\/\/i0.wp.com\/diariodegarca.com\/wp-content\/uploads\/2025\/12\/IMG-20251227-WA0004.jpg?fit=1200%2C909&ssl=1&resize=350%2C200 1x, https:\/\/i0.wp.com\/diariodegarca.com\/wp-content\/uploads\/2025\/12\/IMG-20251227-WA0004.jpg?fit=1200%2C909&ssl=1&resize=525%2C300 1.5x, https:\/\/i0.wp.com\/diariodegarca.com\/wp-content\/uploads\/2025\/12\/IMG-20251227-WA0004.jpg?fit=1200%2C909&ssl=1&resize=700%2C400 2x, https:\/\/i0.wp.com\/diariodegarca.com\/wp-content\/uploads\/2025\/12\/IMG-20251227-WA0004.jpg?fit=1200%2C909&ssl=1&resize=1050%2C600 3x"},"classes":[]},{"id":2984,"url":"https:\/\/diariodegarca.com\/?p=2984","url_meta":{"origin":7271,"position":2},"title":"Gar\u00e7a melhora no VAAR e deve receber mais R$ 2,2 milh\u00f5es","author":"Di\u00e1rio de Gar\u00e7a","date":"21 de janeiro de 2025","format":false,"excerpt":"Ap\u00f3s an\u00e1lise de dados do Censo Escolar dos anos de 2022 e 2023, o Governo Federal divulgou que Gar\u00e7a \u00e9 uma das cidades que alcan\u00e7ou classifica\u00e7\u00e3o para receber recursos do VAAR (Valor Aluno\/Ano Resultado), do Fundeb. Para os munic\u00edpios s\u00e3o contabilizadas as informa\u00e7\u00f5es dos estudantes da rede municipal de ensino\u2026","rel":"","context":"Em &quot;Brasil&quot;","block_context":{"text":"Brasil","link":"https:\/\/diariodegarca.com\/?cat=38185"},"img":{"alt_text":"","src":"https:\/\/i0.wp.com\/blogger.googleusercontent.com\/img\/b\/R29vZ2xl\/AVvXsEgAr-DNvnzTr7RUwuzEiS66WdjnAPZ7XDA-a9vyv7O2bwZWg3Kd8loBkXhi6215N1nl8WA5zAdpEXMtD9MOLgYDCGU0qdKN2MEdRZnOVz8U5ED1aRryNBrjLtI99K0YA8wbp1v48VAklfSt0CGP2v3gZrzsVzxijUOiq6c53WWB4QO2MWdLJckGpcEWBR4\/w408-h408\/474459529_9057242791018220_2405816018942513342_n.jpg?resize=350%2C200&ssl=1","width":350,"height":200},"classes":[]},{"id":8063,"url":"https:\/\/diariodegarca.com\/?p=8063","url_meta":{"origin":7271,"position":3},"title":"V\u00eddeo de \u00e1gua limpa sendo desperdi\u00e7ada revolta popula\u00e7\u00e3o, SAAE alega &#8220;descarte t\u00e9cnico&#8221;","author":"Andreza Sega","date":"26 de outubro de 2025","format":false,"excerpt":"Em meio a relatos de falta d'\u00e1gua, contas altas e multas para quem lavar a cal\u00e7ada; a cena de descarte cont\u00ednuo no Le Sorelle vira s\u00edmbolo de crise na gest\u00e3o. Autarquia alega procedimento t\u00e9cnico, mas justificativa n\u00e3o convence a popula\u00e7\u00e3o e gera bate-boca. Uma torrente de \u00e1gua limpa e tratada\u2026","rel":"","context":"Em &quot;Fiscaliza\u00e7\u00e3o&quot;","block_context":{"text":"Fiscaliza\u00e7\u00e3o","link":"https:\/\/diariodegarca.com\/?cat=1192752"},"img":{"alt_text":"","src":"https:\/\/i0.wp.com\/diariodegarca.com\/wp-content\/uploads\/2025\/10\/Captura-de-tela-2025-10-26-195329.jpg?fit=406%2C388&ssl=1&resize=350%2C200","width":350,"height":200},"classes":[]},{"id":6429,"url":"https:\/\/diariodegarca.com\/?p=6429","url_meta":{"origin":7271,"position":4},"title":"Setembro Azul: m\u00eas de visibilidade, inclus\u00e3o e direitos da comunidade surda","author":"Di\u00e1rio de Gar\u00e7a","date":"6 de setembro de 2025","format":false,"excerpt":"Campanha nacional destaca conquistas legais, como a Lei de Libras, e os desafios persistentes na acessibilidade e no combate \u00e0 discrimina\u00e7\u00e3o. O m\u00eas de setembro se pinta de azul no Brasil, cor escolhida pela comunidade surda mundial para representar sua luta e orgulho. O\u00a0Setembro Azul\u00a0\u00e9 um per\u00edodo de visibilidade, celebra\u00e7\u00e3o\u2026","rel":"","context":"Em &quot;Campanha mensal&quot;","block_context":{"text":"Campanha mensal","link":"https:\/\/diariodegarca.com\/?cat=582590134"},"img":{"alt_text":"","src":"https:\/\/i0.wp.com\/diariodegarca.com\/wp-content\/uploads\/2025\/09\/retrato-de-estudio-de-jovem-moreno.jpg?fit=1200%2C800&ssl=1&resize=350%2C200","width":350,"height":200,"srcset":"https:\/\/i0.wp.com\/diariodegarca.com\/wp-content\/uploads\/2025\/09\/retrato-de-estudio-de-jovem-moreno.jpg?fit=1200%2C800&ssl=1&resize=350%2C200 1x, https:\/\/i0.wp.com\/diariodegarca.com\/wp-content\/uploads\/2025\/09\/retrato-de-estudio-de-jovem-moreno.jpg?fit=1200%2C800&ssl=1&resize=525%2C300 1.5x, https:\/\/i0.wp.com\/diariodegarca.com\/wp-content\/uploads\/2025\/09\/retrato-de-estudio-de-jovem-moreno.jpg?fit=1200%2C800&ssl=1&resize=700%2C400 2x, https:\/\/i0.wp.com\/diariodegarca.com\/wp-content\/uploads\/2025\/09\/retrato-de-estudio-de-jovem-moreno.jpg?fit=1200%2C800&ssl=1&resize=1050%2C600 3x"},"classes":[]},{"id":6956,"url":"https:\/\/diariodegarca.com\/?p=6956","url_meta":{"origin":7271,"position":5},"title":"Inscri\u00e7\u00f5es para Fiscal de Prova do SARESP 2025 abrem na pr\u00f3xima segunda-feira","author":"Di\u00e1rio de Gar\u00e7a","date":"20 de setembro de 2025","format":false,"excerpt":"Funda\u00e7\u00e3o Vunesp seleciona aplicadores para o Sistema de Avalia\u00e7\u00e3o de Rendimento Escolar do Estado de S\u00e3o Paulo. Candidatos n\u00e3o podem ter v\u00ednculo com redes de ensino paulistas. A Funda\u00e7\u00e3o Vunesp, organizadora do\u00a0SARESP (Sistema de Avalia\u00e7\u00e3o de Rendimento Escolar do Estado de S\u00e3o Paulo), abrir\u00e1 as inscri\u00e7\u00f5es para o processo seletivo\u2026","rel":"","context":"Em &quot;Educa\u00e7\u00e3o&quot;","block_context":{"text":"Educa\u00e7\u00e3o","link":"https:\/\/diariodegarca.com\/?cat=17964"},"img":{"alt_text":"","src":"https:\/\/i0.wp.com\/diariodegarca.com\/wp-content\/uploads\/2025\/09\/mao-com-uma-escrita-da-pena-em-um-papel.jpg?fit=1200%2C800&ssl=1&resize=350%2C200","width":350,"height":200,"srcset":"https:\/\/i0.wp.com\/diariodegarca.com\/wp-content\/uploads\/2025\/09\/mao-com-uma-escrita-da-pena-em-um-papel.jpg?fit=1200%2C800&ssl=1&resize=350%2C200 1x, https:\/\/i0.wp.com\/diariodegarca.com\/wp-content\/uploads\/2025\/09\/mao-com-uma-escrita-da-pena-em-um-papel.jpg?fit=1200%2C800&ssl=1&resize=525%2C300 1.5x, https:\/\/i0.wp.com\/diariodegarca.com\/wp-content\/uploads\/2025\/09\/mao-com-uma-escrita-da-pena-em-um-papel.jpg?fit=1200%2C800&ssl=1&resize=700%2C400 2x, https:\/\/i0.wp.com\/diariodegarca.com\/wp-content\/uploads\/2025\/09\/mao-com-uma-escrita-da-pena-em-um-papel.jpg?fit=1200%2C800&ssl=1&resize=1050%2C600 3x"},"classes":[]}],"_links":{"self":[{"href":"https:\/\/diariodegarca.com\/index.php?rest_route=\/wp\/v2\/posts\/7271","targetHints":{"allow":["GET"]}}],"collection":[{"href":"https:\/\/diariodegarca.com\/index.php?rest_route=\/wp\/v2\/posts"}],"about":[{"href":"https:\/\/diariodegarca.com\/index.php?rest_route=\/wp\/v2\/types\/post"}],"author":[{"embeddable":true,"href":"https:\/\/diariodegarca.com\/index.php?rest_route=\/wp\/v2\/users\/260896546"}],"replies":[{"embeddable":true,"href":"https:\/\/diariodegarca.com\/index.php?rest_route=%2Fwp%2Fv2%2Fcomments&post=7271"}],"version-history":[{"count":3,"href":"https:\/\/diariodegarca.com\/index.php?rest_route=\/wp\/v2\/posts\/7271\/revisions"}],"predecessor-version":[{"id":7276,"href":"https:\/\/diariodegarca.com\/index.php?rest_route=\/wp\/v2\/posts\/7271\/revisions\/7276"}],"wp:featuredmedia":[{"embeddable":true,"href":"https:\/\/diariodegarca.com\/index.php?rest_route=\/wp\/v2\/media\/7275"}],"wp:attachment":[{"href":"https:\/\/diariodegarca.com\/index.php?rest_route=%2Fwp%2Fv2%2Fmedia&parent=7271"}],"wp:term":[{"taxonomy":"category","embeddable":true,"href":"https:\/\/diariodegarca.com\/index.php?rest_route=%2Fwp%2Fv2%2Fcategories&post=7271"},{"taxonomy":"post_tag","embeddable":true,"href":"https:\/\/diariodegarca.com\/index.php?rest_route=%2Fwp%2Fv2%2Ftags&post=7271"}],"curies":[{"name":"wp","href":"https:\/\/api.w.org\/{rel}","templated":true}]}}