{"id":7298,"date":"2025-09-30T09:37:00","date_gmt":"2025-09-30T12:37:00","guid":{"rendered":"https:\/\/diariodegarca.com\/?p=7298"},"modified":"2025-09-30T09:05:30","modified_gmt":"2025-09-30T12:05:30","slug":"curso-gratuito-de-operacao-e-manutencao-de-tratores-em-fernao","status":"publish","type":"post","link":"https:\/\/diariodegarca.com\/?p=7298","title":{"rendered":"Curso gratuito de opera\u00e7\u00e3o e manuten\u00e7\u00e3o de tratores em Fern\u00e3o"},"content":{"rendered":"\n<p class=\"wp-block-paragraph\"><em>Capacita\u00e7\u00e3o ocorre de 6 a 10 de outubro e visa a qualifica\u00e7\u00e3o profissional de trabalhadores rurais e interessados no setor agr\u00edcola.<\/em><\/p>\n\n\n\n<p class=\"wp-block-paragraph\">Fern\u00e3o abre inscri\u00e7\u00f5es para uma capacita\u00e7\u00e3o de grande import\u00e2ncia para o setor agropecu\u00e1rio. Entre os dias 6 e 10 de outubro, o Servi\u00e7o Nacional de Aprendizagem Rural (SENAR), em parceria com o Sindicato Rural de G\u00e1lia, a Federa\u00e7\u00e3o da Agricultura e Pecu\u00e1ria do Estado de S\u00e3o Paulo (FAESP) e a Prefeitura de Fern\u00e3o, promovem o curso gratuito de &#8220;Opera\u00e7\u00e3o e Manuten\u00e7\u00e3o de Tratores Agr\u00edcolas&#8221;.<\/p>\n\n\n\n<p class=\"wp-block-paragraph\">A iniciativa, que integra o portf\u00f3lio de cursos do SENAR voltados para a profissionaliza\u00e7\u00e3o e o fortalecimento da m\u00e3o de obra no campo, tem como objetivo principal capacitar os participantes nas t\u00e9cnicas corretas de manejo e conserva\u00e7\u00e3o de um dos equipamentos mais essenciais na agricultura moderna.<\/p>\n\n\n\n<p class=\"wp-block-paragraph\">O curso, que ser\u00e1 realizado das 8h \u00e0s 17h, oferece uma abordagem que vai al\u00e9m da simples condu\u00e7\u00e3o do ve\u00edculo. Os alunos ter\u00e3o acesso a conhecimentos te\u00f3ricos e pr\u00e1ticos que abrangem desde os princ\u00edpios de funcionamento do motor e do sistema hidr\u00e1ulico at\u00e9 as rotinas de manuten\u00e7\u00e3o preventiva, ajustes e regulagens. A metodologia do SENAR busca aliar a fundamenta\u00e7\u00e3o t\u00e9cnica \u00e0 pr\u00e1tica segura, visando aumentar a efici\u00eancia operacional, reduzir custos com combust\u00edvel e reparos, e, principalmente, promover a seguran\u00e7a do operador.<\/p>\n\n\n\n<p class=\"wp-block-paragraph\">Por ser uma capacita\u00e7\u00e3o com vagas limitadas, os organizadores refor\u00e7am a import\u00e2ncia de realizar a inscri\u00e7\u00e3o com anteced\u00eancia. J\u00e1 que o curso \u00e9 uma oportunidade para produtores rurais, funcion\u00e1rios de fazendas e demais interessados em ingressar na \u00e1rea e se qualificarem, agregando valor ao seu trabalho e contribuindo para o desenvolvimento sustent\u00e1vel da agricultura local.<\/p>\n\n\n\n<p class=\"wp-block-paragraph\">As inscri\u00e7\u00f5es devem ser feitas exclusivamente pelo telefone (14) 99703-6500, com Rosana.<\/p>\n","protected":false},"excerpt":{"rendered":"<p>Capacita\u00e7\u00e3o ocorre de 6 a 10 de outubro e visa a qualifica\u00e7\u00e3o profissional de trabalhadores rurais e interessados no setor agr\u00edcola. Fern\u00e3o abre inscri\u00e7\u00f5es para uma capacita\u00e7\u00e3o de grande import\u00e2ncia para o setor agropecu\u00e1rio. Entre os dias 6 e 10 de outubro, o Servi\u00e7o Nacional de Aprendizagem Rural (SENAR), em parceria com o Sindicato Rural [&hellip;]<\/p>\n","protected":false},"author":260896548,"featured_media":7310,"comment_status":"open","ping_status":"","sticky":false,"template":"","format":"standard","meta":{"_crdt_document":"","_monsterinsights_skip_tracking":false,"_monsterinsights_sitenote_active":false,"_monsterinsights_sitenote_note":"","_monsterinsights_sitenote_category":0,"advanced_seo_description":"Participe do curso gratuito de Opera\u00e7\u00e3o e Manuten\u00e7\u00e3o de Tratores em Fern\u00e3o, de 6 a 10 de outubro. Aprenda t\u00e9cnicas essenciais para o campo!","jetpack_seo_html_title":"Capacita\u00e7\u00e3o Gratuita em Manuten\u00e7\u00e3o de Tratores Agr\u00edcolas","jetpack_seo_noindex":false,"_jetpack_newsletter_access":"","_jetpack_dont_email_post_to_subs":false,"_jetpack_newsletter_tier_id":0,"_jetpack_memberships_contains_paywalled_content":false,"_jetpack_memberships_contains_paid_content":false,"footnotes":"","jetpack_publicize_message":"\ud83d\ude9c Capacita\u00e7\u00e3o no campo: curso gratuito de opera\u00e7\u00e3o e manuten\u00e7\u00e3o de trator em Fern\u00e3o\n\nO SENAR, em parceria com o Sindicato Rural de G\u00e1lia e a Prefeitura, est\u00e1 com inscri\u00e7\u00f5es abertas para uma forma\u00e7\u00e3o essencial no agroneg\u00f3cio.\n\n\ud83d\udccc Curso de Opera\u00e7\u00e3o e Manuten\u00e7\u00e3o de Tratores Agr\u00edcolas\n\ud83d\uddd3\ufe0f Quando: 6 a 10 de outubro\n\u23f0 Hor\u00e1rio: 8h \u00e0s 17h\n\ud83c\udf9f\ufe0f Gratuito, inscri\u00e7\u00f5es antecipadas e vagas limitadas\n\n\ud83d\udc49 Leia a mat\u00e9ria completa e saiba como se inscrever em diariodegarca.com (link na bio)!\n\n#CursoGratuito #Senar #TratorAgr\u00edcola #Capacita\u00e7\u00e3oRural #Fern\u00e3o #Agroneg\u00f3cio","jetpack_publicize_feature_enabled":true,"jetpack_social_post_already_shared":true,"jetpack_social_options":{"image_generator_settings":{"template":"highway","default_image_id":0,"font":"","enabled":false},"version":2},"_wpas_customize_per_network":false,"jetpack_post_was_ever_published":false},"categories":[36947,7386895,115166],"tags":[],"class_list":["post-7298","post","type-post","status-publish","format-standard","has-post-thumbnail","hentry","category-curso","category-fernao","category-presencial"],"jetpack_publicize_connections":[],"jetpack_featured_media_url":"https:\/\/i0.wp.com\/diariodegarca.com\/wp-content\/uploads\/2025\/09\/campo-de-cultivo-de-maquina-agricola-trator.jpg?fit=7360%2C4912&ssl=1","jetpack_likes_enabled":true,"jetpack_sharing_enabled":true,"jetpack_shortlink":"https:\/\/wp.me\/pgitne-1TI","jetpack-related-posts":[{"id":10063,"url":"https:\/\/diariodegarca.com\/?p=10063","url_meta":{"origin":7298,"position":0},"title":"Curso gratuito de tratores com inscri\u00e7\u00f5es abertas em Gar\u00e7a","author":"Di\u00e1rio de Gar\u00e7a","date":"16 de janeiro de 2026","format":false,"excerpt":"Capacita\u00e7\u00e3o do SENAR e Sindicato Rural acontece entre 9 e 13 de fevereiro, com aulas te\u00f3ricas e pr\u00e1ticas, e visa reduzir acidentes no campo. Um dos equipamentos mais essenciais e potentes da agricultura moderna ser\u00e1 o foco de uma qualifica\u00e7\u00e3o profissional gratuita em Gar\u00e7a. O Sindicato Rural, em parceria com\u2026","rel":"","context":"Em &quot;Agricultura&quot;","block_context":{"text":"Agricultura","link":"https:\/\/diariodegarca.com\/?cat=34615"},"img":{"alt_text":"","src":"https:\/\/i0.wp.com\/diariodegarca.com\/wp-content\/uploads\/2026\/01\/combine-machine-service-mechanic-repairing-motor-outdoors.jpg?fit=1200%2C801&ssl=1&resize=350%2C200","width":350,"height":200,"srcset":"https:\/\/i0.wp.com\/diariodegarca.com\/wp-content\/uploads\/2026\/01\/combine-machine-service-mechanic-repairing-motor-outdoors.jpg?fit=1200%2C801&ssl=1&resize=350%2C200 1x, https:\/\/i0.wp.com\/diariodegarca.com\/wp-content\/uploads\/2026\/01\/combine-machine-service-mechanic-repairing-motor-outdoors.jpg?fit=1200%2C801&ssl=1&resize=525%2C300 1.5x, https:\/\/i0.wp.com\/diariodegarca.com\/wp-content\/uploads\/2026\/01\/combine-machine-service-mechanic-repairing-motor-outdoors.jpg?fit=1200%2C801&ssl=1&resize=700%2C400 2x, https:\/\/i0.wp.com\/diariodegarca.com\/wp-content\/uploads\/2026\/01\/combine-machine-service-mechanic-repairing-motor-outdoors.jpg?fit=1200%2C801&ssl=1&resize=1050%2C600 3x"},"classes":[]},{"id":8036,"url":"https:\/\/diariodegarca.com\/?p=8036","url_meta":{"origin":7298,"position":1},"title":"Curso de forma\u00e7\u00e3o completa para operadores de tratores agr\u00edcolas em Gar\u00e7a","author":"Andreza Sega","date":"25 de outubro de 2025","format":false,"excerpt":"Iniciativa do SENAR e Sindicato Rural capacita profissionais para atuar com efici\u00eancia e seguran\u00e7a no manejo de m\u00e1quinas essenciais ao agroneg\u00f3cio. O campo exige cada vez mais profissionaliza\u00e7\u00e3o, e a opera\u00e7\u00e3o de maquin\u00e1rio \u00e9 um dos pilares dessa moderniza\u00e7\u00e3o. Pensando nisso, o Sindicato Rural de Gar\u00e7a, em parceria com o\u2026","rel":"","context":"Em &quot;Agricultura&quot;","block_context":{"text":"Agricultura","link":"https:\/\/diariodegarca.com\/?cat=34615"},"img":{"alt_text":"","src":"https:\/\/i0.wp.com\/diariodegarca.com\/wp-content\/uploads\/2025\/09\/campo-de-cultivo-de-maquina-agricola-trator.jpg?fit=1200%2C801&ssl=1&resize=350%2C200","width":350,"height":200,"srcset":"https:\/\/i0.wp.com\/diariodegarca.com\/wp-content\/uploads\/2025\/09\/campo-de-cultivo-de-maquina-agricola-trator.jpg?fit=1200%2C801&ssl=1&resize=350%2C200 1x, https:\/\/i0.wp.com\/diariodegarca.com\/wp-content\/uploads\/2025\/09\/campo-de-cultivo-de-maquina-agricola-trator.jpg?fit=1200%2C801&ssl=1&resize=525%2C300 1.5x, https:\/\/i0.wp.com\/diariodegarca.com\/wp-content\/uploads\/2025\/09\/campo-de-cultivo-de-maquina-agricola-trator.jpg?fit=1200%2C801&ssl=1&resize=700%2C400 2x, https:\/\/i0.wp.com\/diariodegarca.com\/wp-content\/uploads\/2025\/09\/campo-de-cultivo-de-maquina-agricola-trator.jpg?fit=1200%2C801&ssl=1&resize=1050%2C600 3x"},"classes":[]},{"id":6027,"url":"https:\/\/diariodegarca.com\/?p=6027","url_meta":{"origin":7298,"position":2},"title":"Curso gratuito e presencial de opera\u00e7\u00e3o de tratores em Gar\u00e7a","author":"Di\u00e1rio de Gar\u00e7a","date":"24 de agosto de 2025","format":false,"excerpt":"Capacita\u00e7\u00e3o voltada para produtores e trabalhadores rurais, com alimenta\u00e7\u00e3o inclusa, e que combina aulas te\u00f3ricas e pr\u00e1ticas. O Sindicato Rural de Gar\u00e7a, em parceria com o Servi\u00e7o Nacional de Aprendizagem Rural (Senar), est\u00e1 com inscri\u00e7\u00f5es abertas para um curso essencial para o agroneg\u00f3cio local: Opera\u00e7\u00e3o e Manuten\u00e7\u00e3o de Tratores Agr\u00edcolas.\u2026","rel":"","context":"Em &quot;Agricultura&quot;","block_context":{"text":"Agricultura","link":"https:\/\/diariodegarca.com\/?cat=34615"},"img":{"alt_text":"","src":"https:\/\/i0.wp.com\/diariodegarca.com\/wp-content\/uploads\/2025\/08\/jovem-agricultor-cuidando-de-seu-negocio.jpg?fit=1200%2C806&ssl=1&resize=350%2C200","width":350,"height":200,"srcset":"https:\/\/i0.wp.com\/diariodegarca.com\/wp-content\/uploads\/2025\/08\/jovem-agricultor-cuidando-de-seu-negocio.jpg?fit=1200%2C806&ssl=1&resize=350%2C200 1x, https:\/\/i0.wp.com\/diariodegarca.com\/wp-content\/uploads\/2025\/08\/jovem-agricultor-cuidando-de-seu-negocio.jpg?fit=1200%2C806&ssl=1&resize=525%2C300 1.5x, https:\/\/i0.wp.com\/diariodegarca.com\/wp-content\/uploads\/2025\/08\/jovem-agricultor-cuidando-de-seu-negocio.jpg?fit=1200%2C806&ssl=1&resize=700%2C400 2x, https:\/\/i0.wp.com\/diariodegarca.com\/wp-content\/uploads\/2025\/08\/jovem-agricultor-cuidando-de-seu-negocio.jpg?fit=1200%2C806&ssl=1&resize=1050%2C600 3x"},"classes":[]},{"id":6906,"url":"https:\/\/diariodegarca.com\/?p=6906","url_meta":{"origin":7298,"position":3},"title":"Curso presencial de Opera\u00e7\u00e3o de Motoniveladora em Lup\u00e9rcio","author":"Di\u00e1rio de Gar\u00e7a","date":"19 de setembro de 2025","format":false,"excerpt":"Capacita\u00e7\u00e3o do SENAR, com apenas 4 vagas, exige curso pr\u00e9vio de trator e atende demanda por profissionais especializados em infraestrutura rural. O SENAR (Servi\u00e7o Nacional de Aprendizagem Rural) promover\u00e1 um curso essencial para o setor de infraestrutura no campo entre os dias 22 e 26 de setembro, no munic\u00edpio de\u2026","rel":"","context":"Em &quot;Agricultura&quot;","block_context":{"text":"Agricultura","link":"https:\/\/diariodegarca.com\/?cat=34615"},"img":{"alt_text":"","src":"https:\/\/i0.wp.com\/diariodegarca.com\/wp-content\/uploads\/2025\/09\/visao-de-maquinas-pesadas-utilizadas-na-industria-da-construcao.jpg?fit=1200%2C715&ssl=1&resize=350%2C200","width":350,"height":200,"srcset":"https:\/\/i0.wp.com\/diariodegarca.com\/wp-content\/uploads\/2025\/09\/visao-de-maquinas-pesadas-utilizadas-na-industria-da-construcao.jpg?fit=1200%2C715&ssl=1&resize=350%2C200 1x, https:\/\/i0.wp.com\/diariodegarca.com\/wp-content\/uploads\/2025\/09\/visao-de-maquinas-pesadas-utilizadas-na-industria-da-construcao.jpg?fit=1200%2C715&ssl=1&resize=525%2C300 1.5x, https:\/\/i0.wp.com\/diariodegarca.com\/wp-content\/uploads\/2025\/09\/visao-de-maquinas-pesadas-utilizadas-na-industria-da-construcao.jpg?fit=1200%2C715&ssl=1&resize=700%2C400 2x, https:\/\/i0.wp.com\/diariodegarca.com\/wp-content\/uploads\/2025\/09\/visao-de-maquinas-pesadas-utilizadas-na-industria-da-construcao.jpg?fit=1200%2C715&ssl=1&resize=1050%2C600 3x"},"classes":[]},{"id":5000,"url":"https:\/\/diariodegarca.com\/?p=5000","url_meta":{"origin":7298,"position":4},"title":"Curso B\u00e1sico de Computa\u00e7\u00e3o gratuito em Fern\u00e3o","author":"Di\u00e1rio de Gar\u00e7a","date":"26 de julho de 2025","format":false,"excerpt":"Parceria busca capacitar moradores com aulas pr\u00e1ticas e certifica\u00e7\u00e3o. A popula\u00e7\u00e3o de Fern\u00e3o ter\u00e1 a oportunidade de se qualificar gratuitamente em inform\u00e1tica b\u00e1sica por meio de um curso oferecido em parceria entre o Fundo Social de Solidariedade, o Sindicato Rural de G\u00e1lia, a Federa\u00e7\u00e3o da Agricultura e Pecu\u00e1ria do Estado\u2026","rel":"","context":"Em &quot;Curso&quot;","block_context":{"text":"Curso","link":"https:\/\/diariodegarca.com\/?cat=36947"},"img":{"alt_text":"","src":"https:\/\/i0.wp.com\/diariodegarca.com\/wp-content\/uploads\/2025\/07\/tudo-vai-ser-incrivel-grupo-de-jovens-com-roupas-casuais-trabalhando-em-um-escritorio-moderno.jpg?fit=1200%2C801&ssl=1&resize=350%2C200","width":350,"height":200,"srcset":"https:\/\/i0.wp.com\/diariodegarca.com\/wp-content\/uploads\/2025\/07\/tudo-vai-ser-incrivel-grupo-de-jovens-com-roupas-casuais-trabalhando-em-um-escritorio-moderno.jpg?fit=1200%2C801&ssl=1&resize=350%2C200 1x, https:\/\/i0.wp.com\/diariodegarca.com\/wp-content\/uploads\/2025\/07\/tudo-vai-ser-incrivel-grupo-de-jovens-com-roupas-casuais-trabalhando-em-um-escritorio-moderno.jpg?fit=1200%2C801&ssl=1&resize=525%2C300 1.5x, https:\/\/i0.wp.com\/diariodegarca.com\/wp-content\/uploads\/2025\/07\/tudo-vai-ser-incrivel-grupo-de-jovens-com-roupas-casuais-trabalhando-em-um-escritorio-moderno.jpg?fit=1200%2C801&ssl=1&resize=700%2C400 2x, https:\/\/i0.wp.com\/diariodegarca.com\/wp-content\/uploads\/2025\/07\/tudo-vai-ser-incrivel-grupo-de-jovens-com-roupas-casuais-trabalhando-em-um-escritorio-moderno.jpg?fit=1200%2C801&ssl=1&resize=1050%2C600 3x"},"classes":[]},{"id":2817,"url":"https:\/\/diariodegarca.com\/?p=2817","url_meta":{"origin":7298,"position":5},"title":"Fern\u00e3o oferece curso gratuito de bordado e tecelagem no meio rural","author":"Di\u00e1rio de Gar\u00e7a","date":"15 de fevereiro de 2025","format":false,"excerpt":"A Prefeitura Municipal de Fern\u00e3o, por meio do Fundo Social de Solidariedade, em parceria com o Sindicato Rural de G\u00e1lia, a Federa\u00e7\u00e3o da Agricultura e Pecu\u00e1ria do Estado de S\u00e3o Paulo (FAESP) e o Servi\u00e7o Nacional de Aprendizagem Rural (SENAR), est\u00e1 com inscri\u00e7\u00f5es abertas para o curso \u201cBordando e Tecendo\u2026","rel":"","context":"Em &quot;Brasil&quot;","block_context":{"text":"Brasil","link":"https:\/\/diariodegarca.com\/?cat=38185"},"img":{"alt_text":"","src":"","width":0,"height":0},"classes":[]}],"_links":{"self":[{"href":"https:\/\/diariodegarca.com\/index.php?rest_route=\/wp\/v2\/posts\/7298","targetHints":{"allow":["GET"]}}],"collection":[{"href":"https:\/\/diariodegarca.com\/index.php?rest_route=\/wp\/v2\/posts"}],"about":[{"href":"https:\/\/diariodegarca.com\/index.php?rest_route=\/wp\/v2\/types\/post"}],"author":[{"embeddable":true,"href":"https:\/\/diariodegarca.com\/index.php?rest_route=\/wp\/v2\/users\/260896548"}],"replies":[{"embeddable":true,"href":"https:\/\/diariodegarca.com\/index.php?rest_route=%2Fwp%2Fv2%2Fcomments&post=7298"}],"version-history":[{"count":6,"href":"https:\/\/diariodegarca.com\/index.php?rest_route=\/wp\/v2\/posts\/7298\/revisions"}],"predecessor-version":[{"id":7311,"href":"https:\/\/diariodegarca.com\/index.php?rest_route=\/wp\/v2\/posts\/7298\/revisions\/7311"}],"wp:featuredmedia":[{"embeddable":true,"href":"https:\/\/diariodegarca.com\/index.php?rest_route=\/wp\/v2\/media\/7310"}],"wp:attachment":[{"href":"https:\/\/diariodegarca.com\/index.php?rest_route=%2Fwp%2Fv2%2Fmedia&parent=7298"}],"wp:term":[{"taxonomy":"category","embeddable":true,"href":"https:\/\/diariodegarca.com\/index.php?rest_route=%2Fwp%2Fv2%2Fcategories&post=7298"},{"taxonomy":"post_tag","embeddable":true,"href":"https:\/\/diariodegarca.com\/index.php?rest_route=%2Fwp%2Fv2%2Ftags&post=7298"}],"curies":[{"name":"wp","href":"https:\/\/api.w.org\/{rel}","templated":true}]}}