{"id":7329,"date":"2025-09-30T18:57:05","date_gmt":"2025-09-30T21:57:05","guid":{"rendered":"https:\/\/diariodegarca.com\/?p=7329"},"modified":"2025-09-30T18:57:05","modified_gmt":"2025-09-30T21:57:05","slug":"forca-tatica-prende-homem-em-flagrante-por-trafico-em-marilia","status":"publish","type":"post","link":"https:\/\/diariodegarca.com\/?p=7329","title":{"rendered":"For\u00e7a T\u00e1tica prende homem em flagrante por tr\u00e1fico em Mar\u00edlia"},"content":{"rendered":"\n<p class=\"wp-block-paragraph\"><em>Homem foi abordado durante patrulhamento no Parque das Azaleias e confessou a pr\u00e1tica do crime; grande quantidade de drogas foi retirada de circula\u00e7\u00e3o.<\/em><\/p>\n\n\n\n<p class=\"wp-block-paragraph\">Uma a\u00e7\u00e3o de rotina das equipes de For\u00e7a T\u00e1tica da Pol\u00edcia Militar resultou na pris\u00e3o em flagrante de um homem por tr\u00e1fico de drogas na noite desta segunda-feira, 29 de setembro, no bairro Parque das Azaleias, em Mar\u00edlia.<\/p>\n\n\n\n<p class=\"wp-block-paragraph\">Por volta das 19h45, durante o patrulhamento, os policiais avistaram um indiv\u00edduo que despertou suspeitas por portar um objeto na cintura, o que motivou a abordagem imediata. Na busca pessoal realizada, os militares encontraram com o suspeito uma quantidade significativa de entorpecentes, destinados ao com\u00e9rcio ilegal. <\/p>\n\n\n\n<p class=\"wp-block-paragraph\">O material apreendido incluiu 111 pinos de crack, 12 pedras da mesma droga embaladas individualmente em papel alum\u00ednio, 13 papelotes de maconha e 2 pinos de coca\u00edna. Al\u00e9m das drogas, ele portava R$ 34,40 em notas de pequeno valor, considerado pela pol\u00edcia como prov\u00e1vel fruto da venda dos entorpecentes.<\/p>\n\n\n\n<p class=\"wp-block-paragraph\">Diante das evid\u00eancias, o homem n\u00e3o tentou negar a atividade criminosa. Ele confessou aos policiais que estava no local para a pr\u00e1tica de venda de drogas. Com a confiss\u00e3o e o material apreendido, a pris\u00e3o em flagrante foi consolidada.<\/p>\n\n\n\n<p class=\"wp-block-paragraph\">O preso foi conduzido \u00e0 Central de Pol\u00edcia Judici\u00e1ria, onde a autoria e o material do crime foram formalmente apresentados. Ele permaneceu no local \u00e0 disposi\u00e7\u00e3o da Justi\u00e7a, aguardando a realiza\u00e7\u00e3o da audi\u00eancia de cust\u00f3dia. <\/p>\n","protected":false},"excerpt":{"rendered":"<p>Homem foi abordado durante patrulhamento no Parque das Azaleias e confessou a pr\u00e1tica do crime; grande quantidade de drogas foi retirada de circula\u00e7\u00e3o. Uma a\u00e7\u00e3o de rotina das equipes de For\u00e7a T\u00e1tica da Pol\u00edcia Militar resultou na pris\u00e3o em flagrante de um homem por tr\u00e1fico de drogas na noite desta segunda-feira, 29 de setembro, no [&hellip;]<\/p>\n","protected":false},"author":260896548,"featured_media":7331,"comment_status":"open","ping_status":"","sticky":false,"template":"","format":"standard","meta":{"_crdt_document":"","_monsterinsights_skip_tracking":false,"_monsterinsights_sitenote_active":false,"_monsterinsights_sitenote_note":"","_monsterinsights_sitenote_category":0,"advanced_seo_description":"Homem \u00e9 preso por tr\u00e1fico de drogas no Parque das Azaleias. Grande quantidade de entorpecentes foi apreendida durante patrulhamento policial.","jetpack_seo_html_title":"Homem preso por tr\u00e1fico de drogas no Parque das Azaleias","jetpack_seo_noindex":false,"_jetpack_newsletter_access":"","_jetpack_dont_email_post_to_subs":false,"_jetpack_newsletter_tier_id":0,"_jetpack_memberships_contains_paywalled_content":false,"_jetpack_memberships_contains_paid_content":false,"footnotes":"","jetpack_publicize_message":"\ud83d\udcf0 Flagrante por tr\u00e1fico em Mar\u00edlia\n\nNa noite de segunda-feira (29\/9), a For\u00e7a T\u00e1tica da PM prendeu um homem em flagrante por tr\u00e1fico de drogas no bairro Parque das Azaleias.\n\n\ud83d\udd0d Durante patrulhamento, os policiais abordaram o suspeito e encontraram pinos e pedras de crack, maconha, coca\u00edna e dinheiro trocado.\n\n\ud83d\udcac Acesse a reportagem completa no Di\u00e1rio de Gar\u00e7a (link na bio).\n\n#Drogas Flagrante #Pol\u00edcia #Mar\u00edlia","jetpack_publicize_feature_enabled":true,"jetpack_social_post_already_shared":false,"jetpack_social_options":{"image_generator_settings":{"template":"highway","default_image_id":0,"font":"","enabled":false},"version":2},"_wpas_customize_per_network":false,"jetpack_post_was_ever_published":false},"categories":[683453294,21243],"tags":[],"class_list":["post-7329","post","type-post","status-publish","format-standard","has-post-thumbnail","hentry","category-marilia-cidade","category-seguranca"],"jetpack_publicize_connections":[],"jetpack_featured_media_url":"https:\/\/i0.wp.com\/diariodegarca.com\/wp-content\/uploads\/2025\/09\/SnapInsta.to_558192859_18317964181246526_5105385478154052438_n.jpg?fit=1440%2C1440&ssl=1","jetpack_likes_enabled":true,"jetpack_sharing_enabled":true,"jetpack_shortlink":"https:\/\/wp.me\/pgitne-1Ud","jetpack-related-posts":[{"id":8563,"url":"https:\/\/diariodegarca.com\/?p=8563","url_meta":{"origin":7329,"position":0},"title":"Apreens\u00e3o de 335 por\u00e7\u00f5es de crack e pris\u00e3o por tr\u00e1fico no Parque das Azaleias","author":"Andreza Sega","date":"8 de novembro de 2025","format":false,"excerpt":"Homem foi detido pela For\u00e7a T\u00e1tica da Pol\u00edcia Militar ap\u00f3s tentativa de fuga durante patrulhamento em Mar\u00edlia. Um homem foi preso em flagrante na noite da \u00faltima sexta-feira, 7 de novembro, por suspeita de tr\u00e1fico de drogas na Zona Sul de Mar\u00edlia. A a\u00e7\u00e3o foi realizada por equipes da For\u00e7a\u2026","rel":"","context":"Em &quot;Mar\u00edlia&quot;","block_context":{"text":"Mar\u00edlia","link":"https:\/\/diariodegarca.com\/?cat=683453294"},"img":{"alt_text":"","src":"https:\/\/i0.wp.com\/diariodegarca.com\/wp-content\/uploads\/2025\/11\/WhatsApp-Image-2025-11-08-at-13.37.25-e1762635913510.jpeg?fit=1200%2C786&ssl=1&resize=350%2C200","width":350,"height":200,"srcset":"https:\/\/i0.wp.com\/diariodegarca.com\/wp-content\/uploads\/2025\/11\/WhatsApp-Image-2025-11-08-at-13.37.25-e1762635913510.jpeg?fit=1200%2C786&ssl=1&resize=350%2C200 1x, https:\/\/i0.wp.com\/diariodegarca.com\/wp-content\/uploads\/2025\/11\/WhatsApp-Image-2025-11-08-at-13.37.25-e1762635913510.jpeg?fit=1200%2C786&ssl=1&resize=525%2C300 1.5x, https:\/\/i0.wp.com\/diariodegarca.com\/wp-content\/uploads\/2025\/11\/WhatsApp-Image-2025-11-08-at-13.37.25-e1762635913510.jpeg?fit=1200%2C786&ssl=1&resize=700%2C400 2x, https:\/\/i0.wp.com\/diariodegarca.com\/wp-content\/uploads\/2025\/11\/WhatsApp-Image-2025-11-08-at-13.37.25-e1762635913510.jpeg?fit=1200%2C786&ssl=1&resize=1050%2C600 3x"},"classes":[]},{"id":8867,"url":"https:\/\/diariodegarca.com\/?p=8867","url_meta":{"origin":7329,"position":1},"title":"Opera\u00e7\u00e3o Renoe apreende adolescente com drogas em Mar\u00edlia","author":"Andreza Sega","date":"21 de novembro de 2025","format":false,"excerpt":"A\u00e7\u00e3o policial com apoio a\u00e9reo intercepta jovem com mais de 150 por\u00e7\u00f5es de entorpecentes no Parque das Azaleias. A Opera\u00e7\u00e3o Renoe, desencadeada na manh\u00e3 de quarta-feira, 19 de novembro, resultou na apreens\u00e3o de um adolescente e de uma significativa quantidade de drogas na regi\u00e3o do Parque das Azaleias, em Mar\u00edlia.\u2026","rel":"","context":"Em &quot;Mar\u00edlia&quot;","block_context":{"text":"Mar\u00edlia","link":"https:\/\/diariodegarca.com\/?cat=683453294"},"img":{"alt_text":"","src":"https:\/\/i0.wp.com\/diariodegarca.com\/wp-content\/uploads\/2025\/11\/WhatsApp-Image-2025-11-21-at-15.53.41.jpeg?fit=1200%2C735&ssl=1&resize=350%2C200","width":350,"height":200,"srcset":"https:\/\/i0.wp.com\/diariodegarca.com\/wp-content\/uploads\/2025\/11\/WhatsApp-Image-2025-11-21-at-15.53.41.jpeg?fit=1200%2C735&ssl=1&resize=350%2C200 1x, https:\/\/i0.wp.com\/diariodegarca.com\/wp-content\/uploads\/2025\/11\/WhatsApp-Image-2025-11-21-at-15.53.41.jpeg?fit=1200%2C735&ssl=1&resize=525%2C300 1.5x, https:\/\/i0.wp.com\/diariodegarca.com\/wp-content\/uploads\/2025\/11\/WhatsApp-Image-2025-11-21-at-15.53.41.jpeg?fit=1200%2C735&ssl=1&resize=700%2C400 2x, https:\/\/i0.wp.com\/diariodegarca.com\/wp-content\/uploads\/2025\/11\/WhatsApp-Image-2025-11-21-at-15.53.41.jpeg?fit=1200%2C735&ssl=1&resize=1050%2C600 3x"},"classes":[]},{"id":7693,"url":"https:\/\/diariodegarca.com\/?p=7693","url_meta":{"origin":7329,"position":2},"title":"Opera\u00e7\u00e3o antidrogas em Mar\u00edlia prende homem e apreende adolescente com entorpecentes","author":"Andreza Sega","date":"15 de outubro de 2025","format":false,"excerpt":"A\u00e7\u00e3o conjunta da For\u00e7a T\u00e1tica e do ROCAM no Jardim Azaleias resultou na apreens\u00e3o de crack, maconha, dry e dinheiro em esp\u00e9cie. Uma opera\u00e7\u00e3o policial direcionada ao combate do tr\u00e1fico de drogas resultou na pris\u00e3o de um homem e na apreens\u00e3o de um adolescente na tarde de ter\u00e7a-feira, dia 14\u2026","rel":"","context":"Em &quot;Mar\u00edlia&quot;","block_context":{"text":"Mar\u00edlia","link":"https:\/\/diariodegarca.com\/?cat=683453294"},"img":{"alt_text":"","src":"https:\/\/i0.wp.com\/diariodegarca.com\/wp-content\/uploads\/2025\/10\/WhatsApp-Image-2025-10-15-at-15.46.18-e1760650988641.jpeg?fit=900%2C552&ssl=1&resize=350%2C200","width":350,"height":200,"srcset":"https:\/\/i0.wp.com\/diariodegarca.com\/wp-content\/uploads\/2025\/10\/WhatsApp-Image-2025-10-15-at-15.46.18-e1760650988641.jpeg?fit=900%2C552&ssl=1&resize=350%2C200 1x, https:\/\/i0.wp.com\/diariodegarca.com\/wp-content\/uploads\/2025\/10\/WhatsApp-Image-2025-10-15-at-15.46.18-e1760650988641.jpeg?fit=900%2C552&ssl=1&resize=525%2C300 1.5x, https:\/\/i0.wp.com\/diariodegarca.com\/wp-content\/uploads\/2025\/10\/WhatsApp-Image-2025-10-15-at-15.46.18-e1760650988641.jpeg?fit=900%2C552&ssl=1&resize=700%2C400 2x"},"classes":[]},{"id":2262,"url":"https:\/\/diariodegarca.com\/?p=2262","url_meta":{"origin":7329,"position":3},"title":"For\u00e7a T\u00e1tica prende traficante com mais de 1,5 mil por\u00e7\u00f5es de drogas em Mar\u00edlia","author":"Di\u00e1rio de Gar\u00e7a","date":"27 de abril de 2025","format":false,"excerpt":"Na tarde de segunda-feira , dia 21 de abril, equipes do 9\u00ba Batalh\u00e3o de Pol\u00edcia Militar do Interior prenderam em flagrante um homem por tr\u00e1fico de drogas durante patrulhamento no bairro Azal\u00e9ia, zona sul de Mar\u00edlia. A a\u00e7\u00e3o ocorreu por volta das 18h26, ap\u00f3s policiais da For\u00e7a T\u00e1tica identificarem o\u2026","rel":"","context":"Em &quot;Brasil&quot;","block_context":{"text":"Brasil","link":"https:\/\/diariodegarca.com\/?cat=38185"},"img":{"alt_text":"","src":"","width":0,"height":0},"classes":[]},{"id":4833,"url":"https:\/\/diariodegarca.com\/?p=4833","url_meta":{"origin":7329,"position":4},"title":"Pol\u00edcia Militar realiza opera\u00e7\u00f5es em Mar\u00edlia e Pompeia","author":"Di\u00e1rio de Gar\u00e7a","date":"20 de julho de 2025","format":false,"excerpt":"A\u00e7\u00f5es resultaram em pris\u00f5es, apreens\u00e3o de drogas e infra\u00e7\u00f5es de tr\u00e2nsito. Com opera\u00e7\u00f5es integradas e patrulhamento ostensivo, as equipes da Pol\u00edcia Militar trabalharam para coibir crimes, fiscalizando o tr\u00e2nsito e na preven\u00e7\u00e3o de situa\u00e7\u00f5es de risco em cidades da regi\u00e3o. Nos \u00faltimos dias, a\u00e7\u00f5es em Pomp\u00e9ia e Mar\u00edlia resultaram em\u2026","rel":"","context":"Em &quot;Fiscaliza\u00e7\u00e3o&quot;","block_context":{"text":"Fiscaliza\u00e7\u00e3o","link":"https:\/\/diariodegarca.com\/?cat=1192752"},"img":{"alt_text":"","src":"","width":0,"height":0},"classes":[]},{"id":3022,"url":"https:\/\/diariodegarca.com\/?p=3022","url_meta":{"origin":7329,"position":5},"title":"Pol\u00edcia prende suspeitos de homic\u00eddio e dupla com mandados em Mar\u00edlia","author":"Di\u00e1rio de Gar\u00e7a","date":"21 de maio de 2025","format":false,"excerpt":"O 9\u00ba Batalh\u00e3o de Pol\u00edcia Militar do Interior (9\u00ba BPM\/I) divulgou informa\u00e7\u00f5es de duas a\u00e7\u00f5es que aconteceram nos \u00faltimos dias na cidade de Mar\u00edlia. Captura de homem procurado por homic\u00eddio na zona norte da cidade Na noite de segunda-feira, dia 19 de maio, por volta das 23h, equipes de Radiopatrulhamento\u2026","rel":"","context":"Em &quot;Mar\u00edlia&quot;","block_context":{"text":"Mar\u00edlia","link":"https:\/\/diariodegarca.com\/?cat=683453294"},"img":{"alt_text":"","src":"https:\/\/i0.wp.com\/diariodegarca.com\/wp-content\/uploads\/2025\/05\/500084858_18302219050246526_4028368060180630968_n-e1760650460275.webp?fit=1080%2C704&ssl=1&resize=350%2C200","width":350,"height":200,"srcset":"https:\/\/i0.wp.com\/diariodegarca.com\/wp-content\/uploads\/2025\/05\/500084858_18302219050246526_4028368060180630968_n-e1760650460275.webp?fit=1080%2C704&ssl=1&resize=350%2C200 1x, https:\/\/i0.wp.com\/diariodegarca.com\/wp-content\/uploads\/2025\/05\/500084858_18302219050246526_4028368060180630968_n-e1760650460275.webp?fit=1080%2C704&ssl=1&resize=525%2C300 1.5x, https:\/\/i0.wp.com\/diariodegarca.com\/wp-content\/uploads\/2025\/05\/500084858_18302219050246526_4028368060180630968_n-e1760650460275.webp?fit=1080%2C704&ssl=1&resize=700%2C400 2x, https:\/\/i0.wp.com\/diariodegarca.com\/wp-content\/uploads\/2025\/05\/500084858_18302219050246526_4028368060180630968_n-e1760650460275.webp?fit=1080%2C704&ssl=1&resize=1050%2C600 3x"},"classes":[]}],"_links":{"self":[{"href":"https:\/\/diariodegarca.com\/index.php?rest_route=\/wp\/v2\/posts\/7329","targetHints":{"allow":["GET"]}}],"collection":[{"href":"https:\/\/diariodegarca.com\/index.php?rest_route=\/wp\/v2\/posts"}],"about":[{"href":"https:\/\/diariodegarca.com\/index.php?rest_route=\/wp\/v2\/types\/post"}],"author":[{"embeddable":true,"href":"https:\/\/diariodegarca.com\/index.php?rest_route=\/wp\/v2\/users\/260896548"}],"replies":[{"embeddable":true,"href":"https:\/\/diariodegarca.com\/index.php?rest_route=%2Fwp%2Fv2%2Fcomments&post=7329"}],"version-history":[{"count":2,"href":"https:\/\/diariodegarca.com\/index.php?rest_route=\/wp\/v2\/posts\/7329\/revisions"}],"predecessor-version":[{"id":7332,"href":"https:\/\/diariodegarca.com\/index.php?rest_route=\/wp\/v2\/posts\/7329\/revisions\/7332"}],"wp:featuredmedia":[{"embeddable":true,"href":"https:\/\/diariodegarca.com\/index.php?rest_route=\/wp\/v2\/media\/7331"}],"wp:attachment":[{"href":"https:\/\/diariodegarca.com\/index.php?rest_route=%2Fwp%2Fv2%2Fmedia&parent=7329"}],"wp:term":[{"taxonomy":"category","embeddable":true,"href":"https:\/\/diariodegarca.com\/index.php?rest_route=%2Fwp%2Fv2%2Fcategories&post=7329"},{"taxonomy":"post_tag","embeddable":true,"href":"https:\/\/diariodegarca.com\/index.php?rest_route=%2Fwp%2Fv2%2Ftags&post=7329"}],"curies":[{"name":"wp","href":"https:\/\/api.w.org\/{rel}","templated":true}]}}