{"id":7333,"date":"2025-09-30T19:10:24","date_gmt":"2025-09-30T22:10:24","guid":{"rendered":"https:\/\/diariodegarca.com\/?p=7333"},"modified":"2025-09-30T19:10:24","modified_gmt":"2025-09-30T22:10:24","slug":"trio-e-preso-em-flagrante-apos-roubo-de-celular-no-centro-de-marilia","status":"publish","type":"post","link":"https:\/\/diariodegarca.com\/?p=7333","title":{"rendered":"Trio \u00e9 preso em flagrante ap\u00f3s roubo de celular no centro de Mar\u00edlia"},"content":{"rendered":"\n<p class=\"wp-block-paragraph\"><em>A\u00e7\u00e3o da Pol\u00edcia Militar resultou na recupera\u00e7\u00e3o do aparelho, de documentos da v\u00edtima e na apreens\u00e3o de uma faca. Casal \u00e9 detido por recepta\u00e7\u00e3o.<\/em><\/p>\n\n\n\n<p class=\"wp-block-paragraph\">Um roubo a um pedestre na manh\u00e3 desta ter\u00e7a-feira, 30 de setembro, terminou com a pris\u00e3o em flagrante de tr\u00eas pessoas no centro de Mar\u00edlia. A atua\u00e7\u00e3o integrada das equipes da Pol\u00edcia Militar permitiu que o crime fosse solucionado em pouco tempo, com a recupera\u00e7\u00e3o do celular furtado e a apreens\u00e3o da arma utilizada.<\/p>\n\n\n\n<p class=\"wp-block-paragraph\">O fato come\u00e7ou por volta das 7h, quando o policiamento recebeu uma ocorr\u00eancia via 190. As informa\u00e7\u00f5es foram imediatamente repassadas pelo r\u00e1dio para as viaturas em servi\u00e7o na regi\u00e3o. Ao chegarem ao local, os militares conseguiram abordar um dos suspeitos envolvidos no assalto.<\/p>\n\n\n\n<p class=\"wp-block-paragraph\">Durante a abordagem, o homem n\u00e3o apenas confessou a autoria do roubo, como tamb\u00e9m forneceu pistas para o desfecho do caso. Ele informou aos policiais que havia repassado o aparelho celular roubado e a faca utilizada no crime para um casal em situa\u00e7\u00e3o de rua.<\/p>\n\n\n\n<p class=\"wp-block-paragraph\">Com base nessas informa\u00e7\u00f5es, outras equipes foram acionadas e intensificaram o patrulhamento nas proximidades. A estrat\u00e9gia deu certo: o casal foi localizado e detido minutos depois. Com eles, os policiais encontraram o celular que havia sido subtra\u00eddo, os documentos pessoais da v\u00edtima e a arma do crime.<\/p>\n\n\n\n<p class=\"wp-block-paragraph\">Diante das evid\u00eancias, os tr\u00eas indiv\u00edduos receberam voz de pris\u00e3o em flagrante. Eles foram encaminhados \u00e0 Central de Pol\u00edcia Judici\u00e1ria, onde tiveram a pris\u00e3o ratificada pelas acusa\u00e7\u00f5es de roubo e recepta\u00e7\u00e3o. Os pertences da v\u00edtima foram integralmente restitu\u00eddos.<\/p>\n","protected":false},"excerpt":{"rendered":"<p>A\u00e7\u00e3o da Pol\u00edcia Militar resultou na recupera\u00e7\u00e3o do aparelho, de documentos da v\u00edtima e na apreens\u00e3o de uma faca. Casal \u00e9 detido por recepta\u00e7\u00e3o. Um roubo a um pedestre na manh\u00e3 desta ter\u00e7a-feira, 30 de setembro, terminou com a pris\u00e3o em flagrante de tr\u00eas pessoas no centro de Mar\u00edlia. A atua\u00e7\u00e3o integrada das equipes da [&hellip;]<\/p>\n","protected":false},"author":260896548,"featured_media":7334,"comment_status":"open","ping_status":"","sticky":false,"template":"","format":"standard","meta":{"_crdt_document":"","_monsterinsights_skip_tracking":false,"_monsterinsights_sitenote_active":false,"_monsterinsights_sitenote_note":"","_monsterinsights_sitenote_category":0,"advanced_seo_description":"Pol\u00edcia Militar det\u00e9m trio ap\u00f3s roubo em Mar\u00edlia, recuperando celular e documentos da v\u00edtima. Confira como a a\u00e7\u00e3o ocorreu.","jetpack_seo_html_title":"Pol\u00edcia Militar Recupera Celular e Prende Casal em Mar\u00edlia","jetpack_seo_noindex":false,"_jetpack_newsletter_access":"","_jetpack_dont_email_post_to_subs":false,"_jetpack_newsletter_tier_id":0,"_jetpack_memberships_contains_paywalled_content":false,"_jetpack_memberships_contains_paid_content":false,"footnotes":"","jetpack_publicize_message":"\ud83d\udea8 Flagrante em Mar\u00edlia: Pol\u00edcia prende trio por roubo de celular\n\nNa manh\u00e3 desta ter\u00e7a (30\/9), a PM prendeu tr\u00eas pessoas por roubo a um pedestre no centro de Mar\u00edlia. A a\u00e7\u00e3o come\u00e7ou com um chamado ao 190.\n\n\ud83d\udcf2 Leia a reportagem completa em diariodegarca.com.br ou clique no link na nossa bio.\n\n#Mar\u00edlia #Seguran\u00e7a #Not\u00edcia #Pol\u00edcia #Roubo #Flagrante","jetpack_publicize_feature_enabled":true,"jetpack_social_post_already_shared":false,"jetpack_social_options":{"image_generator_settings":{"template":"highway","default_image_id":0,"font":"","enabled":false},"version":2},"_wpas_customize_per_network":false,"jetpack_post_was_ever_published":false},"categories":[683453294,21243],"tags":[],"class_list":["post-7333","post","type-post","status-publish","format-standard","has-post-thumbnail","hentry","category-marilia-cidade","category-seguranca"],"jetpack_publicize_connections":[],"jetpack_featured_media_url":"https:\/\/i0.wp.com\/diariodegarca.com\/wp-content\/uploads\/2025\/09\/SnapInsta.to_557448409_18317965444246526_6076963394935432517_n.jpg?fit=900%2C1125&ssl=1","jetpack_likes_enabled":true,"jetpack_sharing_enabled":true,"jetpack_shortlink":"https:\/\/wp.me\/pgitne-1Uh","jetpack-related-posts":[{"id":5115,"url":"https:\/\/diariodegarca.com\/?p=5115","url_meta":{"origin":7333,"position":0},"title":"PM prende tr\u00eas homens por roubo a motorista de \u00f4nibus em Mar\u00edlia","author":"Di\u00e1rio de Gar\u00e7a","date":"28 de julho de 2025","format":false,"excerpt":"Criminosos foram flagrados ap\u00f3s amea\u00e7arem v\u00edtima com faca e levarem dinheiro e celular; objetos foram recuperados durante abordagem. Na noite deste domingo, 27 de julho, agentes do 9\u00b0 Batalh\u00e3o de Pol\u00edcia Militar do Interior (9\u00b0 BPMI) prenderam em flagrante tr\u00eas homens acusados de roubo em Mar\u00edlia. O crime ocorreu por\u2026","rel":"","context":"Em &quot;Mar\u00edlia&quot;","block_context":{"text":"Mar\u00edlia","link":"https:\/\/diariodegarca.com\/?cat=683453294"},"img":{"alt_text":"","src":"https:\/\/i0.wp.com\/diariodegarca.com\/wp-content\/uploads\/2025\/07\/domingo-27-policias-militares-do-9c2b0-batalhao-de-policia-militar-do-interior-prenderam-tres-h-1.heic?fit=1080%2C1082&ssl=1&resize=350%2C200","width":350,"height":200,"srcset":"https:\/\/i0.wp.com\/diariodegarca.com\/wp-content\/uploads\/2025\/07\/domingo-27-policias-militares-do-9c2b0-batalhao-de-policia-militar-do-interior-prenderam-tres-h-1.heic?fit=1080%2C1082&ssl=1&resize=350%2C200 1x, https:\/\/i0.wp.com\/diariodegarca.com\/wp-content\/uploads\/2025\/07\/domingo-27-policias-militares-do-9c2b0-batalhao-de-policia-militar-do-interior-prenderam-tres-h-1.heic?fit=1080%2C1082&ssl=1&resize=525%2C300 1.5x, https:\/\/i0.wp.com\/diariodegarca.com\/wp-content\/uploads\/2025\/07\/domingo-27-policias-militares-do-9c2b0-batalhao-de-policia-militar-do-interior-prenderam-tres-h-1.heic?fit=1080%2C1082&ssl=1&resize=700%2C400 2x, https:\/\/i0.wp.com\/diariodegarca.com\/wp-content\/uploads\/2025\/07\/domingo-27-policias-militares-do-9c2b0-batalhao-de-policia-militar-do-interior-prenderam-tres-h-1.heic?fit=1080%2C1082&ssl=1&resize=1050%2C600 3x"},"classes":[]},{"id":6992,"url":"https:\/\/diariodegarca.com\/?p=6992","url_meta":{"origin":7333,"position":1},"title":"Opera\u00e7\u00e3o da PM em Mar\u00edlia apreende coca\u00edna e prende traficante em flagrante","author":"Di\u00e1rio de Gar\u00e7a","date":"22 de setembro de 2025","format":false,"excerpt":"A\u00e7\u00e3o da For\u00e7a T\u00e1tica e do ROCAM no bairro Nova Almeida resultou na apreens\u00e3o de 135 por\u00e7\u00f5es da droga e na pris\u00e3o de um homem que confessou o crime. Uma opera\u00e7\u00e3o policial na noite de sexta-feira, 19 de setembro, no bairro Nova Almeida, em Mar\u00edlia, resultou na apreens\u00e3o de uma\u2026","rel":"","context":"Em &quot;Mar\u00edlia&quot;","block_context":{"text":"Mar\u00edlia","link":"https:\/\/diariodegarca.com\/?cat=683453294"},"img":{"alt_text":"","src":"https:\/\/i0.wp.com\/diariodegarca.com\/wp-content\/uploads\/2025\/09\/SnapInsta.to_551076599_18316318258246526_8319774076528004295_n-e1766149172378.webp?fit=1200%2C888&ssl=1&resize=350%2C200","width":350,"height":200,"srcset":"https:\/\/i0.wp.com\/diariodegarca.com\/wp-content\/uploads\/2025\/09\/SnapInsta.to_551076599_18316318258246526_8319774076528004295_n-e1766149172378.webp?fit=1200%2C888&ssl=1&resize=350%2C200 1x, https:\/\/i0.wp.com\/diariodegarca.com\/wp-content\/uploads\/2025\/09\/SnapInsta.to_551076599_18316318258246526_8319774076528004295_n-e1766149172378.webp?fit=1200%2C888&ssl=1&resize=525%2C300 1.5x, https:\/\/i0.wp.com\/diariodegarca.com\/wp-content\/uploads\/2025\/09\/SnapInsta.to_551076599_18316318258246526_8319774076528004295_n-e1766149172378.webp?fit=1200%2C888&ssl=1&resize=700%2C400 2x, https:\/\/i0.wp.com\/diariodegarca.com\/wp-content\/uploads\/2025\/09\/SnapInsta.to_551076599_18316318258246526_8319774076528004295_n-e1766149172378.webp?fit=1200%2C888&ssl=1&resize=1050%2C600 3x"},"classes":[]},{"id":8326,"url":"https:\/\/diariodegarca.com\/?p=8326","url_meta":{"origin":7333,"position":2},"title":"Apreens\u00e3o de drogas e dinheiro em a\u00e7\u00e3o da For\u00e7a T\u00e1tica em Mar\u00edlia","author":"Andreza Sega","date":"2 de novembro de 2025","format":false,"excerpt":"Flagrante durante fechamento de venda de entorpecentes na Vila Barros resultou na pris\u00e3o de um homem e na apreens\u00e3o de quase tr\u00eas quilos de maconha. Na madrugada de s\u00e1bado, 1\u00ba de novembro, uma a\u00e7\u00e3o da For\u00e7a T\u00e1tica do 9\u00ba Batalh\u00e3o da Pol\u00edcia Militar resultou na pris\u00e3o em flagrante de um\u2026","rel":"","context":"Em &quot;Mar\u00edlia&quot;","block_context":{"text":"Mar\u00edlia","link":"https:\/\/diariodegarca.com\/?cat=683453294"},"img":{"alt_text":"","src":"https:\/\/i0.wp.com\/diariodegarca.com\/wp-content\/uploads\/2025\/11\/WhatsApp-Image-2025-11-03-at-09.46.34.jpeg?fit=1200%2C900&ssl=1&resize=350%2C200","width":350,"height":200,"srcset":"https:\/\/i0.wp.com\/diariodegarca.com\/wp-content\/uploads\/2025\/11\/WhatsApp-Image-2025-11-03-at-09.46.34.jpeg?fit=1200%2C900&ssl=1&resize=350%2C200 1x, https:\/\/i0.wp.com\/diariodegarca.com\/wp-content\/uploads\/2025\/11\/WhatsApp-Image-2025-11-03-at-09.46.34.jpeg?fit=1200%2C900&ssl=1&resize=525%2C300 1.5x, https:\/\/i0.wp.com\/diariodegarca.com\/wp-content\/uploads\/2025\/11\/WhatsApp-Image-2025-11-03-at-09.46.34.jpeg?fit=1200%2C900&ssl=1&resize=700%2C400 2x, https:\/\/i0.wp.com\/diariodegarca.com\/wp-content\/uploads\/2025\/11\/WhatsApp-Image-2025-11-03-at-09.46.34.jpeg?fit=1200%2C900&ssl=1&resize=1050%2C600 3x"},"classes":[]},{"id":5698,"url":"https:\/\/diariodegarca.com\/?p=5698","url_meta":{"origin":7333,"position":3},"title":"For\u00e7a T\u00e1tica apreende dois carros clonados e prende homem em Mar\u00edlia","author":"Di\u00e1rio de Gar\u00e7a","date":"17 de agosto de 2025","format":false,"excerpt":"Durante abordagem, PMs identificaram adultera\u00e7\u00e3o nos sinais do ve\u00edculo e descobriram segundo carro clonado na casa do suspeito. Na noite de sexta-feira, 15 de agosto, uma a\u00e7\u00e3o da For\u00e7a T\u00e1tica da Pol\u00edcia Militar resultou na apreens\u00e3o de dois ve\u00edculos dubl\u00eas e na pris\u00e3o de um homem por recepta\u00e7\u00e3o e adultera\u00e7\u00e3o\u2026","rel":"","context":"Em &quot;Mar\u00edlia&quot;","block_context":{"text":"Mar\u00edlia","link":"https:\/\/diariodegarca.com\/?cat=683453294"},"img":{"alt_text":"","src":"https:\/\/i0.wp.com\/diariodegarca.com\/wp-content\/uploads\/2025\/08\/snapinsta.to_533197168_18312128158246526_4860190596639881501_n.webp?fit=1080%2C810&ssl=1&resize=350%2C200","width":350,"height":200,"srcset":"https:\/\/i0.wp.com\/diariodegarca.com\/wp-content\/uploads\/2025\/08\/snapinsta.to_533197168_18312128158246526_4860190596639881501_n.webp?fit=1080%2C810&ssl=1&resize=350%2C200 1x, https:\/\/i0.wp.com\/diariodegarca.com\/wp-content\/uploads\/2025\/08\/snapinsta.to_533197168_18312128158246526_4860190596639881501_n.webp?fit=1080%2C810&ssl=1&resize=525%2C300 1.5x, https:\/\/i0.wp.com\/diariodegarca.com\/wp-content\/uploads\/2025\/08\/snapinsta.to_533197168_18312128158246526_4860190596639881501_n.webp?fit=1080%2C810&ssl=1&resize=700%2C400 2x, https:\/\/i0.wp.com\/diariodegarca.com\/wp-content\/uploads\/2025\/08\/snapinsta.to_533197168_18312128158246526_4860190596639881501_n.webp?fit=1080%2C810&ssl=1&resize=1050%2C600 3x"},"classes":[]},{"id":7848,"url":"https:\/\/diariodegarca.com\/?p=7848","url_meta":{"origin":7333,"position":4},"title":"Apreens\u00e3o de drogas e pris\u00e3o marcam opera\u00e7\u00e3o policial na Vila Barros, em Mar\u00edlia","author":"Andreza Sega","date":"20 de outubro de 2025","format":false,"excerpt":"Adolescente tamb\u00e9m foi apreendido com a dupla, que foi flagrada comercializando entorpecentes em via p\u00fablica. Em uma a\u00e7\u00e3o de patrulhamento de rotina realizada no \u00faltimo s\u00e1bado (18), na Vila Barros, zona norte de Mar\u00edlia, policiais militares da For\u00e7a T\u00e1tica prenderam em flagrante um homem e apreenderam um adolescente por tr\u00e1fico\u2026","rel":"","context":"Em &quot;Mar\u00edlia&quot;","block_context":{"text":"Mar\u00edlia","link":"https:\/\/diariodegarca.com\/?cat=683453294"},"img":{"alt_text":"","src":"https:\/\/i0.wp.com\/diariodegarca.com\/wp-content\/uploads\/2025\/10\/WhatsApp-Image-2025-10-20-at-15.14.20.jpeg?fit=1200%2C676&ssl=1&resize=350%2C200","width":350,"height":200,"srcset":"https:\/\/i0.wp.com\/diariodegarca.com\/wp-content\/uploads\/2025\/10\/WhatsApp-Image-2025-10-20-at-15.14.20.jpeg?fit=1200%2C676&ssl=1&resize=350%2C200 1x, https:\/\/i0.wp.com\/diariodegarca.com\/wp-content\/uploads\/2025\/10\/WhatsApp-Image-2025-10-20-at-15.14.20.jpeg?fit=1200%2C676&ssl=1&resize=525%2C300 1.5x, https:\/\/i0.wp.com\/diariodegarca.com\/wp-content\/uploads\/2025\/10\/WhatsApp-Image-2025-10-20-at-15.14.20.jpeg?fit=1200%2C676&ssl=1&resize=700%2C400 2x, https:\/\/i0.wp.com\/diariodegarca.com\/wp-content\/uploads\/2025\/10\/WhatsApp-Image-2025-10-20-at-15.14.20.jpeg?fit=1200%2C676&ssl=1&resize=1050%2C600 3x"},"classes":[]},{"id":8937,"url":"https:\/\/diariodegarca.com\/?p=8937","url_meta":{"origin":7333,"position":5},"title":"Opera\u00e7\u00e3o da PM apreende centenas de por\u00e7\u00f5es de drogas em ponto conhecido de Mar\u00edlia","author":"Andreza Sega","date":"23 de novembro de 2025","format":false,"excerpt":"Flagrante ocorreu no bairro Argolo Ferr\u00e3o ap\u00f3s policiais de For\u00e7a T\u00e1tica identificarem movimenta\u00e7\u00e3o suspeita durante patrulhamento. Na noite do \u00faltimo s\u00e1bado, 22 de novembro, uma a\u00e7\u00e3o da For\u00e7a T\u00e1tica do 9\u00ba Batalh\u00e3o da Pol\u00edcia Militar resultou na apreens\u00e3o de uma grande quantidade de drogas e na pris\u00e3o em flagrante de\u2026","rel":"","context":"Em &quot;Mar\u00edlia&quot;","block_context":{"text":"Mar\u00edlia","link":"https:\/\/diariodegarca.com\/?cat=683453294"},"img":{"alt_text":"","src":"https:\/\/i0.wp.com\/diariodegarca.com\/wp-content\/uploads\/2025\/11\/SnapInsta.to_589032859_18326585248246526_7817288581229629992_n-e1763938203106.jpg?fit=1080%2C760&ssl=1&resize=350%2C200","width":350,"height":200,"srcset":"https:\/\/i0.wp.com\/diariodegarca.com\/wp-content\/uploads\/2025\/11\/SnapInsta.to_589032859_18326585248246526_7817288581229629992_n-e1763938203106.jpg?fit=1080%2C760&ssl=1&resize=350%2C200 1x, https:\/\/i0.wp.com\/diariodegarca.com\/wp-content\/uploads\/2025\/11\/SnapInsta.to_589032859_18326585248246526_7817288581229629992_n-e1763938203106.jpg?fit=1080%2C760&ssl=1&resize=525%2C300 1.5x, https:\/\/i0.wp.com\/diariodegarca.com\/wp-content\/uploads\/2025\/11\/SnapInsta.to_589032859_18326585248246526_7817288581229629992_n-e1763938203106.jpg?fit=1080%2C760&ssl=1&resize=700%2C400 2x, https:\/\/i0.wp.com\/diariodegarca.com\/wp-content\/uploads\/2025\/11\/SnapInsta.to_589032859_18326585248246526_7817288581229629992_n-e1763938203106.jpg?fit=1080%2C760&ssl=1&resize=1050%2C600 3x"},"classes":[]}],"_links":{"self":[{"href":"https:\/\/diariodegarca.com\/index.php?rest_route=\/wp\/v2\/posts\/7333","targetHints":{"allow":["GET"]}}],"collection":[{"href":"https:\/\/diariodegarca.com\/index.php?rest_route=\/wp\/v2\/posts"}],"about":[{"href":"https:\/\/diariodegarca.com\/index.php?rest_route=\/wp\/v2\/types\/post"}],"author":[{"embeddable":true,"href":"https:\/\/diariodegarca.com\/index.php?rest_route=\/wp\/v2\/users\/260896548"}],"replies":[{"embeddable":true,"href":"https:\/\/diariodegarca.com\/index.php?rest_route=%2Fwp%2Fv2%2Fcomments&post=7333"}],"version-history":[{"count":2,"href":"https:\/\/diariodegarca.com\/index.php?rest_route=\/wp\/v2\/posts\/7333\/revisions"}],"predecessor-version":[{"id":7336,"href":"https:\/\/diariodegarca.com\/index.php?rest_route=\/wp\/v2\/posts\/7333\/revisions\/7336"}],"wp:featuredmedia":[{"embeddable":true,"href":"https:\/\/diariodegarca.com\/index.php?rest_route=\/wp\/v2\/media\/7334"}],"wp:attachment":[{"href":"https:\/\/diariodegarca.com\/index.php?rest_route=%2Fwp%2Fv2%2Fmedia&parent=7333"}],"wp:term":[{"taxonomy":"category","embeddable":true,"href":"https:\/\/diariodegarca.com\/index.php?rest_route=%2Fwp%2Fv2%2Fcategories&post=7333"},{"taxonomy":"post_tag","embeddable":true,"href":"https:\/\/diariodegarca.com\/index.php?rest_route=%2Fwp%2Fv2%2Ftags&post=7333"}],"curies":[{"name":"wp","href":"https:\/\/api.w.org\/{rel}","templated":true}]}}