{"id":7390,"date":"2025-10-02T14:20:01","date_gmt":"2025-10-02T17:20:01","guid":{"rendered":"https:\/\/diariodegarca.com\/?p=7390"},"modified":"2025-10-02T14:20:01","modified_gmt":"2025-10-02T17:20:01","slug":"homem-e-preso-em-flagrante-por-descumprir-medida-protetiva-em-parapua","status":"publish","type":"post","link":"https:\/\/diariodegarca.com\/?p=7390","title":{"rendered":"Homem \u00e9 preso em flagrante por descumprir medida protetiva em Parapu\u00e3"},"content":{"rendered":"\n<p class=\"wp-block-paragraph\"><em>Indiv\u00edduo foi encontrado embriagado e armado com um peda\u00e7o de madeira na frente da resid\u00eancia da m\u00e3e, contra quem possui uma ordem de afastamento.<\/em><\/p>\n\n\n\n<p class=\"wp-block-paragraph\">Um homem foi preso em flagrante na noite de ter\u00e7a-feira, 30 de setembro no munic\u00edpio de Parapu\u00e3, ap\u00f3s descumprir medida protetiva de urg\u00eancia prevista na Lei Maria da Penha. O caso ocorreu por volta das 19h, quando policiais militares do 9\u00ba Batalh\u00e3o foram acionados para atender a uma ocorr\u00eancia.<\/p>\n\n\n\n<p class=\"wp-block-paragraph\">Ao chegarem ao local, os agentes depararam-se com o indiv\u00edduo em frente \u00e0 casa de sua pr\u00f3pria m\u00e3e. Ele estava visivelmente alterado, sob efeito de \u00e1lcool e portando um peda\u00e7o de madeira. De acordo com as informa\u00e7\u00f5es apuradas, o homem, que se mostrou agressivo, tentou for\u00e7ar a entrada na resid\u00eancia.<\/p>\n\n\n\n<p class=\"wp-block-paragraph\">Em sua defesa, o autor declarou aos policiais que n\u00e3o tinha a inten\u00e7\u00e3o de agredir a m\u00e3e, mas sim o seu padrasto, que se encontrava dentro da casa. No entanto, a m\u00e3e confirmou aos policiais a exist\u00eancia de uma medida protetiva em vigor contra o filho, instrumento legal destinado a proteg\u00ea-la de situa\u00e7\u00f5es de viol\u00eancia dom\u00e9stica.<\/p>\n\n\n\n<p class=\"wp-block-paragraph\">Diante da flagrante viola\u00e7\u00e3o da ordem judicial, os policiais procederam com a pris\u00e3o em flagrante do homem. Ele foi encaminhado \u00e0 Central de Pol\u00edcia Judici\u00e1ria de Tup\u00e3. O delegado de plant\u00e3o, ap\u00f3s tomar ci\u00eancia dos detalhes do caso, ratificou a pris\u00e3o. O indiv\u00edduo permanece \u00e0 disposi\u00e7\u00e3o da Justi\u00e7a.<\/p>\n","protected":false},"excerpt":{"rendered":"<p>Indiv\u00edduo foi encontrado embriagado e armado com um peda\u00e7o de madeira na frente da resid\u00eancia da m\u00e3e, contra quem possui uma ordem de afastamento. Um homem foi preso em flagrante na noite de ter\u00e7a-feira, 30 de setembro no munic\u00edpio de Parapu\u00e3, ap\u00f3s descumprir medida protetiva de urg\u00eancia prevista na Lei Maria da Penha. O caso [&hellip;]<\/p>\n","protected":false},"author":260896548,"featured_media":6205,"comment_status":"open","ping_status":"","sticky":false,"template":"","format":"standard","meta":{"_crdt_document":"","_monsterinsights_skip_tracking":false,"_monsterinsights_sitenote_active":false,"_monsterinsights_sitenote_note":"","_monsterinsights_sitenote_category":0,"advanced_seo_description":"","jetpack_seo_html_title":"","jetpack_seo_noindex":false,"_jetpack_newsletter_access":"","_jetpack_dont_email_post_to_subs":false,"_jetpack_newsletter_tier_id":0,"_jetpack_memberships_contains_paywalled_content":false,"_jetpack_memberships_contains_paid_content":false,"footnotes":"","jetpack_publicize_message":"\ud83d\udd34 Homem \u00e9 preso por descumprir medida protetiva em Parapu\u00e3\n\nNa noite de 30\/9, policiais prenderam um homem em flagrante em Parapu\u00e3. Ele foi encontrado embriagado e armado com um peda\u00e7o de madeira em frente \u00e0 casa da pr\u00f3pria m\u00e3e, contra quem possui uma ordem de afastamento.\n\n\ud83d\udcd6 Leia a reportagem completa em diariodegarca.com (link na bio)\n\n#LeiMariadaPenha #Parapu\u00e3 #Seguran\u00e7a #Justi\u00e7a #PoliciaMilitar","jetpack_publicize_feature_enabled":true,"jetpack_social_post_already_shared":false,"jetpack_social_options":{"image_generator_settings":{"template":"highway","default_image_id":0,"font":"","enabled":false},"version":2},"_wpas_customize_per_network":false,"jetpack_post_was_ever_published":false},"categories":[2380082,21243],"tags":[],"class_list":["post-7390","post","type-post","status-publish","format-standard","has-post-thumbnail","hentry","category-parapua","category-seguranca"],"jetpack_publicize_connections":[],"jetpack_featured_media_url":"https:\/\/i0.wp.com\/diariodegarca.com\/wp-content\/uploads\/2025\/08\/snapinsta.to_540648967_18313882312246526_8378131112146749854_n.jpg?fit=1080%2C1080&ssl=1","jetpack_likes_enabled":true,"jetpack_sharing_enabled":true,"jetpack_shortlink":"https:\/\/wp.me\/pgitne-1Vc","jetpack-related-posts":[{"id":6239,"url":"https:\/\/diariodegarca.com\/?p=6239","url_meta":{"origin":7390,"position":0},"title":"Homem \u00e9 preso por viol\u00eancia dom\u00e9stica e descumprimento de medida protetiva em J\u00falio Mesquita","author":"Di\u00e1rio de Gar\u00e7a","date":"1 de setembro de 2025","format":false,"excerpt":"Ap\u00f3s agredir familiar e fazer amea\u00e7as de morte, indiv\u00edduo foi detido pela Pol\u00edcia Militar na manh\u00e3 de domingo e conduzido \u00e0 delegacia. Um homem foi preso em flagrante na manh\u00e3 deste domingo, 31 de agosto, por volta das 10h, na cidade de J\u00falio Mesquita, acusado de viol\u00eancia dom\u00e9stica e descumprimento\u2026","rel":"","context":"Em &quot;J\u00falio Mesquita&quot;","block_context":{"text":"J\u00falio Mesquita","link":"https:\/\/diariodegarca.com\/?cat=5925410"},"img":{"alt_text":"","src":"https:\/\/i0.wp.com\/diariodegarca.com\/wp-content\/uploads\/2025\/09\/silhueta-de-pessoas-na-cidade.jpg?fit=1200%2C960&ssl=1&resize=350%2C200","width":350,"height":200,"srcset":"https:\/\/i0.wp.com\/diariodegarca.com\/wp-content\/uploads\/2025\/09\/silhueta-de-pessoas-na-cidade.jpg?fit=1200%2C960&ssl=1&resize=350%2C200 1x, https:\/\/i0.wp.com\/diariodegarca.com\/wp-content\/uploads\/2025\/09\/silhueta-de-pessoas-na-cidade.jpg?fit=1200%2C960&ssl=1&resize=525%2C300 1.5x, https:\/\/i0.wp.com\/diariodegarca.com\/wp-content\/uploads\/2025\/09\/silhueta-de-pessoas-na-cidade.jpg?fit=1200%2C960&ssl=1&resize=700%2C400 2x, https:\/\/i0.wp.com\/diariodegarca.com\/wp-content\/uploads\/2025\/09\/silhueta-de-pessoas-na-cidade.jpg?fit=1200%2C960&ssl=1&resize=1050%2C600 3x"},"classes":[]},{"id":6851,"url":"https:\/\/diariodegarca.com\/?p=6851","url_meta":{"origin":7390,"position":1},"title":"Homem \u00e9 preso por descumprir medida protetiva e invadir resid\u00eancia da m\u00e3e em Tup\u00e3","author":"Di\u00e1rio de Gar\u00e7a","date":"17 de setembro de 2025","format":false,"excerpt":"Ap\u00f3s tentativa de resist\u00eancia, individuo foi contido pela Pol\u00edcia Militar e encaminhado \u00e0 cust\u00f3dia. Um homem foi preso na manh\u00e3 de ter\u00e7a-feira, 16 de setembro, em Tup\u00e3, acusado de descumprir medida protetiva de urg\u00eancia, um instrumento legal que visa proteger v\u00edtimas de viol\u00eancia dom\u00e9stica. A a\u00e7\u00e3o foi deflagrada pelo 9\u00ba\u2026","rel":"","context":"Em &quot;Seguran\u00e7a&quot;","block_context":{"text":"Seguran\u00e7a","link":"https:\/\/diariodegarca.com\/?cat=21243"},"img":{"alt_text":"","src":"https:\/\/i0.wp.com\/diariodegarca.com\/wp-content\/uploads\/2025\/08\/snapinsta.to_541167752_18313811869246526_8602846701173977583_n-1-1-e1761514992462.webp?fit=1200%2C754&ssl=1&resize=350%2C200","width":350,"height":200,"srcset":"https:\/\/i0.wp.com\/diariodegarca.com\/wp-content\/uploads\/2025\/08\/snapinsta.to_541167752_18313811869246526_8602846701173977583_n-1-1-e1761514992462.webp?fit=1200%2C754&ssl=1&resize=350%2C200 1x, https:\/\/i0.wp.com\/diariodegarca.com\/wp-content\/uploads\/2025\/08\/snapinsta.to_541167752_18313811869246526_8602846701173977583_n-1-1-e1761514992462.webp?fit=1200%2C754&ssl=1&resize=525%2C300 1.5x, https:\/\/i0.wp.com\/diariodegarca.com\/wp-content\/uploads\/2025\/08\/snapinsta.to_541167752_18313811869246526_8602846701173977583_n-1-1-e1761514992462.webp?fit=1200%2C754&ssl=1&resize=700%2C400 2x, https:\/\/i0.wp.com\/diariodegarca.com\/wp-content\/uploads\/2025\/08\/snapinsta.to_541167752_18313811869246526_8602846701173977583_n-1-1-e1761514992462.webp?fit=1200%2C754&ssl=1&resize=1050%2C600 3x"},"classes":[]},{"id":2885,"url":"https:\/\/diariodegarca.com\/?p=2885","url_meta":{"origin":7390,"position":2},"title":"Homem \u00e9 preso por descumprir medida protetiva e amea\u00e7ar a pr\u00f3pria m\u00e3e em Tup\u00e3","author":"Di\u00e1rio de Gar\u00e7a","date":"6 de fevereiro de 2025","format":false,"excerpt":"Na noite de quarta-feira, dia 5 de fevereiro, a Pol\u00edcia Militar prendeu um homem por descumprimento de medida protetiva de urg\u00eancia em Tup\u00e3, no interior de S\u00e3o Paulo. A a\u00e7\u00e3o ocorreu ap\u00f3s uma den\u00fancia via 190, por volta das 19h.Ao chegarem ao local, os policiais encontraram o port\u00e3o da resid\u00eancia\u2026","rel":"","context":"Em &quot;Brasil&quot;","block_context":{"text":"Brasil","link":"https:\/\/diariodegarca.com\/?cat=38185"},"img":{"alt_text":"","src":"","width":0,"height":0},"classes":[]},{"id":8002,"url":"https:\/\/diariodegarca.com\/?p=8002","url_meta":{"origin":7390,"position":3},"title":"Aplicativo SOS Mulher garante pris\u00e3o imediata de agressor em Tup\u00e3","author":"Di\u00e1rio de Gar\u00e7a","date":"24 de outubro de 2025","format":false,"excerpt":"Ao descumprir medida protetiva, homem foi localizado pela Pol\u00edcia Militar minutos ap\u00f3s a v\u00edtima acionar o bot\u00e3o de p\u00e2nico do aplicativo. Um caso ocorrido em Tup\u00e3 na \u00faltima ter\u00e7a-feira, 20 outubro, ilustrou a efic\u00e1cia de uma ferramenta digital no combate \u00e0 viol\u00eancia dom\u00e9stica. Por volta do meio-dia, policiais militares do\u2026","rel":"","context":"Em &quot;Seguran\u00e7a&quot;","block_context":{"text":"Seguran\u00e7a","link":"https:\/\/diariodegarca.com\/?cat=21243"},"img":{"alt_text":"","src":"https:\/\/i0.wp.com\/diariodegarca.com\/wp-content\/uploads\/2025\/09\/SnapInsta.to_549246522_18315848824246526_8866214513591854039_n.webp?fit=1200%2C1003&ssl=1&resize=350%2C200","width":350,"height":200,"srcset":"https:\/\/i0.wp.com\/diariodegarca.com\/wp-content\/uploads\/2025\/09\/SnapInsta.to_549246522_18315848824246526_8866214513591854039_n.webp?fit=1200%2C1003&ssl=1&resize=350%2C200 1x, https:\/\/i0.wp.com\/diariodegarca.com\/wp-content\/uploads\/2025\/09\/SnapInsta.to_549246522_18315848824246526_8866214513591854039_n.webp?fit=1200%2C1003&ssl=1&resize=525%2C300 1.5x, https:\/\/i0.wp.com\/diariodegarca.com\/wp-content\/uploads\/2025\/09\/SnapInsta.to_549246522_18315848824246526_8866214513591854039_n.webp?fit=1200%2C1003&ssl=1&resize=700%2C400 2x, https:\/\/i0.wp.com\/diariodegarca.com\/wp-content\/uploads\/2025\/09\/SnapInsta.to_549246522_18315848824246526_8866214513591854039_n.webp?fit=1200%2C1003&ssl=1&resize=1050%2C600 3x"},"classes":[]},{"id":2916,"url":"https:\/\/diariodegarca.com\/?p=2916","url_meta":{"origin":7390,"position":4},"title":"Homem \u00e9 preso por amea\u00e7ar ex-esposa e descumprir medida protetiva em Mar\u00edlia","author":"Di\u00e1rio de Gar\u00e7a","date":"31 de janeiro de 2025","format":false,"excerpt":"Na tarde de quinta-feira, dia 30 de janeiro, policiais militares do 9\u00ba Batalh\u00e3o de Pol\u00edcia Militar do Interior prenderam um homem por descumprimento de medida protetiva e amea\u00e7a contra sua ex-mulher no bairro Vila Oper\u00e1ria Alimenta\u00e7\u00e3o II, em Mar\u00edlia.\u00a0O caso foi registrado ap\u00f3s um chamado via 190, por volta das\u2026","rel":"","context":"Em &quot;Brasil&quot;","block_context":{"text":"Brasil","link":"https:\/\/diariodegarca.com\/?cat=38185"},"img":{"alt_text":"","src":"","width":0,"height":0},"classes":[]},{"id":2942,"url":"https:\/\/diariodegarca.com\/?p=2942","url_meta":{"origin":7390,"position":5},"title":"Homem \u00e9 preso em flagrante por agredir m\u00e3e de 64 anos em Piraju\u00ed","author":"Di\u00e1rio de Gar\u00e7a","date":"28 de janeiro de 2025","format":false,"excerpt":"Um caso chocante de viol\u00eancia dom\u00e9stica foi registrado em Piraju\u00ed. Um homem de 39 anos foi preso em flagrante pela Pol\u00edcia Civil ap\u00f3s agredir sua pr\u00f3pria m\u00e3e, de 64 anos, com um soco no nariz e pux\u00f5es de cabelo.De acordo com o registro policial, o fato ocorreu por volta das\u2026","rel":"","context":"Em &quot;Brasil&quot;","block_context":{"text":"Brasil","link":"https:\/\/diariodegarca.com\/?cat=38185"},"img":{"alt_text":"","src":"","width":0,"height":0},"classes":[]}],"_links":{"self":[{"href":"https:\/\/diariodegarca.com\/index.php?rest_route=\/wp\/v2\/posts\/7390","targetHints":{"allow":["GET"]}}],"collection":[{"href":"https:\/\/diariodegarca.com\/index.php?rest_route=\/wp\/v2\/posts"}],"about":[{"href":"https:\/\/diariodegarca.com\/index.php?rest_route=\/wp\/v2\/types\/post"}],"author":[{"embeddable":true,"href":"https:\/\/diariodegarca.com\/index.php?rest_route=\/wp\/v2\/users\/260896548"}],"replies":[{"embeddable":true,"href":"https:\/\/diariodegarca.com\/index.php?rest_route=%2Fwp%2Fv2%2Fcomments&post=7390"}],"version-history":[{"count":3,"href":"https:\/\/diariodegarca.com\/index.php?rest_route=\/wp\/v2\/posts\/7390\/revisions"}],"predecessor-version":[{"id":7393,"href":"https:\/\/diariodegarca.com\/index.php?rest_route=\/wp\/v2\/posts\/7390\/revisions\/7393"}],"wp:featuredmedia":[{"embeddable":true,"href":"https:\/\/diariodegarca.com\/index.php?rest_route=\/wp\/v2\/media\/6205"}],"wp:attachment":[{"href":"https:\/\/diariodegarca.com\/index.php?rest_route=%2Fwp%2Fv2%2Fmedia&parent=7390"}],"wp:term":[{"taxonomy":"category","embeddable":true,"href":"https:\/\/diariodegarca.com\/index.php?rest_route=%2Fwp%2Fv2%2Fcategories&post=7390"},{"taxonomy":"post_tag","embeddable":true,"href":"https:\/\/diariodegarca.com\/index.php?rest_route=%2Fwp%2Fv2%2Ftags&post=7390"}],"curies":[{"name":"wp","href":"https:\/\/api.w.org\/{rel}","templated":true}]}}