{"id":7429,"date":"2025-10-03T12:05:33","date_gmt":"2025-10-03T15:05:33","guid":{"rendered":"https:\/\/diariodegarca.com\/?p=7429"},"modified":"2025-10-03T12:05:33","modified_gmt":"2025-10-03T15:05:33","slug":"procon-sp-oferece-palestra-online-e-gratuita-sobre-consumo-sustentavel-e-crise-climatica","status":"publish","type":"post","link":"https:\/\/diariodegarca.com\/?p=7429","title":{"rendered":"Procon-SP oferece palestra online e gratuita sobre consumo sustent\u00e1vel e crise clim\u00e1tica"},"content":{"rendered":"\n<p class=\"wp-block-paragraph\"><em>Evento &#8220;Consumo e Meio Ambiente&#8221; esta semana, com inscri\u00e7\u00f5es abertas e emiss\u00e3o de certificado para participantes interessados.<\/em><\/p>\n\n\n\n<p class=\"wp-block-paragraph\">Em um mundo cada vez mais atento \u00e0s mudan\u00e7as clim\u00e1ticas, a rela\u00e7\u00e3o entre os h\u00e1bitos de consumo e o impacto ambiental ganha destaque. Para debater essa interface crucial, o Procon-SP promover\u00e1 uma palestra online e gratuita intitulada &#8220;<strong>Consumo e Meio Ambiente<\/strong>&#8220;. A atividade est\u00e1 agendada para o dia\u00a0<strong>06 de outubro de 2025<\/strong>, das\u00a0<strong>14h \u00e0s 15h30<\/strong>.<\/p>\n\n\n\n<p class=\"wp-block-paragraph\">O evento \u00e9 direcionado a todos os consumidores e interessados na problem\u00e1tica ambiental, com o objetivo de fomentar uma reflex\u00e3o sobre a produ\u00e7\u00e3o e o consumo de produtos e servi\u00e7os. A palestra abordar\u00e1 como as escolhas dos consumidores podem influenciar na busca por solu\u00e7\u00f5es socioambientais mais saud\u00e1veis, promovendo a ideia de um consumo mais sustent\u00e1vel como um dos pilares para enfrentar a crise clim\u00e1tica global.<\/p>\n\n\n\n<p class=\"wp-block-paragraph\">Com dura\u00e7\u00e3o de 1h30, a palestra ser\u00e1 realizada via internet, utilizando a plataforma Microsoft Teams. Os participantes poder\u00e3o assistir pelo computador, tablet ou celular, sem a necessidade de baixar o aplicativo, bastando ter acesso \u00e0 internet. Inscri\u00e7\u00f5es devem ser feitas pelo link <a href=\"https:\/\/sistemas.procon.sp.gov.br\/procon\/curso_inside.asp?id=1365\">https:\/\/sistemas.procon.sp.gov.br\/procon\/curso_inside.asp?id=1365<\/a>.<\/p>\n\n\n\n<p class=\"wp-block-paragraph\">Uma das vantagens para os inscritos previamente \u00e9 a possibilidade de receber um certificado de participa\u00e7\u00e3o. Para isso, os interessados dever\u00e3o manifestar seu pedido durante a transmiss\u00e3o da palestra. A emiss\u00e3o do documento ser\u00e1 feita em at\u00e9 cinco dias \u00fateis ap\u00f3s o evento.<\/p>\n\n\n\n<p class=\"wp-block-paragraph\">Al\u00e9m do certificado, os participantes ter\u00e3o acesso a uma publica\u00e7\u00e3o especial sobre o tema, que estar\u00e1 dispon\u00edvel para download no site do Procon-SP.<\/p>\n\n\n\n<p class=\"wp-block-paragraph\">\u00c9 importante destacar que a palestra tamb\u00e9m ser\u00e1 transmitida pelas redes sociais do Procon-SP. No entanto, a visualiza\u00e7\u00e3o por esses canais n\u00e3o dar\u00e1 direito \u00e0 solicita\u00e7\u00e3o do certificado, benef\u00edcio restrito \u00e0queles que realizarem a inscri\u00e7\u00e3o individual e gratuita no link oficial.<\/p>\n\n\n\n<p class=\"wp-block-paragraph\">Para garantir a vaga e a possibilidade do certificado, os interessados devem se inscrever preenchendo o formul\u00e1rio online. A organiza\u00e7\u00e3o recomenda que os inscritos verifiquem o correto preenchimento do e-mail, j\u00e1 que esse ser\u00e1 o canal para contato e envio do link de acesso \u00e0 palestra.<\/p>\n","protected":false},"excerpt":{"rendered":"<p>Evento &#8220;Consumo e Meio Ambiente&#8221; esta semana, com inscri\u00e7\u00f5es abertas e emiss\u00e3o de certificado para participantes interessados. Em um mundo cada vez mais atento \u00e0s mudan\u00e7as clim\u00e1ticas, a rela\u00e7\u00e3o entre os h\u00e1bitos de consumo e o impacto ambiental ganha destaque. Para debater essa interface crucial, o Procon-SP promover\u00e1 uma palestra online e gratuita intitulada &#8220;Consumo [&hellip;]<\/p>\n","protected":false},"author":260896548,"featured_media":7430,"comment_status":"open","ping_status":"","sticky":false,"template":"","format":"standard","meta":{"_crdt_document":"","_monsterinsights_skip_tracking":false,"_monsterinsights_sitenote_active":false,"_monsterinsights_sitenote_note":"","_monsterinsights_sitenote_category":0,"advanced_seo_description":"Participe da palestra gratuita 'Consumo e Meio Ambiente' e descubra como suas escolhas impactam o planeta. Inscreva-se e ganhe certificado!","jetpack_seo_html_title":"Participe do Evento 'Consumo e Meio Ambiente' e Ganhe Certificado","jetpack_seo_noindex":false,"_jetpack_newsletter_access":"","_jetpack_dont_email_post_to_subs":false,"_jetpack_newsletter_tier_id":0,"_jetpack_memberships_contains_paywalled_content":false,"_jetpack_memberships_contains_paid_content":false,"footnotes":"","jetpack_publicize_message":"\ud83d\udce2 Direito do consumidor e meio ambiente: Procon-SP promove palestra online gratuita\n\nPreocupado com o impacto das suas compras no planeta? O Procon-SP realizar\u00e1 uma palestra online e gratuita sobre \"Consumo e Meio Ambiente\".\n\nPrincipais pontos:\n\ud83d\uddd3\ufe0f Quando: 06 de outubro de 2025, \u00e0s 14h.\n\ud83d\udcbb Onde: Plataforma Microsoft Teams (sem necessidade de baixar app).\n\ud83d\udcdc Certificado: Emiss\u00e3o em at\u00e9 5 dias \u00fateis para quem solicitar durante a transmiss\u00e3o.\n\ud83c\udf0d Tema: Como nossas escolhas de consumo afetam o meio ambiente e a crise clim\u00e1tica.\n\nInscri\u00e7\u00f5es devem ser feitas previamente.\n\nSaiba mais sobre a palestra e como se inscrever em diariodegarca.com (link na bio)\n\n#ConsumoConsciente #MeioAmbiente #ProconSP #PalestraOnline #CriseClim\u00e1tica #Sustentabilidade","jetpack_publicize_feature_enabled":true,"jetpack_social_post_already_shared":false,"jetpack_social_options":{"image_generator_settings":{"template":"highway","default_image_id":0,"font":"","enabled":false},"version":2},"_wpas_customize_per_network":false,"jetpack_post_was_ever_published":false},"categories":[36947,15243,91066845],"tags":[],"class_list":["post-7429","post","type-post","status-publish","format-standard","has-post-thumbnail","hentry","category-curso","category-meio-ambiente","category-online-curso"],"jetpack_publicize_connections":[],"jetpack_featured_media_url":"https:\/\/i0.wp.com\/diariodegarca.com\/wp-content\/uploads\/2025\/10\/mulher-reciclando-sobras-de-vegetais.jpg?fit=5324%2C3928&ssl=1","jetpack_likes_enabled":true,"jetpack_sharing_enabled":true,"jetpack_shortlink":"https:\/\/wp.me\/pgitne-1VP","jetpack-related-posts":[{"id":2495,"url":"https:\/\/diariodegarca.com\/?p=2495","url_meta":{"origin":7429,"position":0},"title":"Procon-SP promove palestra online sobre consumo e meio ambiente","author":"Di\u00e1rio de Gar\u00e7a","date":"2 de abril de 2025","format":false,"excerpt":"O Procon-SP realizar\u00e1 no dia 3 de abril, \u00e0s 14h, uma palestra online gratuita sobre o impacto do consumo no meio ambiente. O evento ser\u00e1 transmitido ao vivo pelo Instagram e Facebook do Procon-SP e abordar\u00e1 a rela\u00e7\u00e3o entre h\u00e1bitos de consumo e a crise clim\u00e1tica global.A palestra tem dura\u00e7\u00e3o\u2026","rel":"","context":"Em &quot;Brasil&quot;","block_context":{"text":"Brasil","link":"https:\/\/diariodegarca.com\/?cat=38185"},"img":{"alt_text":"","src":"","width":0,"height":0},"classes":[]},{"id":3542,"url":"https:\/\/diariodegarca.com\/?p=3542","url_meta":{"origin":7429,"position":1},"title":"Procon-SP oferece palestra gratuita sobre direitos na era virtual","author":"Di\u00e1rio de Gar\u00e7a","date":"29 de maio de 2025","format":false,"excerpt":"Evento online discute os desafios e prote\u00e7\u00f5es do consumidor em transa\u00e7\u00f5es digitais, com inscri\u00e7\u00f5es abertas at\u00e9 30 de junho. A Funda\u00e7\u00e3o Procon-SP, por meio da Escola de Prote\u00e7\u00e3o e Defesa do Consumidor, promove no dia\u00a030 de junho, \u00e0s\u00a014h, a palestra online e gratuita\u00a0\"Rela\u00e7\u00f5es de Consumo na Era Digital\". O evento,\u2026","rel":"","context":"Em &quot;Curso&quot;","block_context":{"text":"Curso","link":"https:\/\/diariodegarca.com\/?cat=36947"},"img":{"alt_text":"","src":"","width":0,"height":0},"classes":[]},{"id":9020,"url":"https:\/\/diariodegarca.com\/?p=9020","url_meta":{"origin":7429,"position":2},"title":"Procon-SP oferece palestra online e gratuita sobre Direitos do Consumidor na Era Digital","author":"Andreza Sega","date":"25 de novembro de 2025","format":false,"excerpt":"Evento abordar\u00e1 como a internet e a coleta de dados influenciam as escolhas de consumo e quais s\u00e3o os direitos nas transa\u00e7\u00f5es online. O Procon-SP promover\u00e1, na pr\u00f3xima quinta-feira, 27 de novembro, uma palestra online e gratuita com o tema \"Rela\u00e7\u00f5es e Consumo na Era Digital\". O evento, que ocorrer\u00e1\u2026","rel":"","context":"Em &quot;Curso&quot;","block_context":{"text":"Curso","link":"https:\/\/diariodegarca.com\/?cat=36947"},"img":{"alt_text":"","src":"https:\/\/i0.wp.com\/diariodegarca.com\/wp-content\/uploads\/2025\/11\/menina-loira-sentada-no-carrinho-sorrindo.jpg?fit=1200%2C801&ssl=1&resize=350%2C200","width":350,"height":200,"srcset":"https:\/\/i0.wp.com\/diariodegarca.com\/wp-content\/uploads\/2025\/11\/menina-loira-sentada-no-carrinho-sorrindo.jpg?fit=1200%2C801&ssl=1&resize=350%2C200 1x, https:\/\/i0.wp.com\/diariodegarca.com\/wp-content\/uploads\/2025\/11\/menina-loira-sentada-no-carrinho-sorrindo.jpg?fit=1200%2C801&ssl=1&resize=525%2C300 1.5x, https:\/\/i0.wp.com\/diariodegarca.com\/wp-content\/uploads\/2025\/11\/menina-loira-sentada-no-carrinho-sorrindo.jpg?fit=1200%2C801&ssl=1&resize=700%2C400 2x, https:\/\/i0.wp.com\/diariodegarca.com\/wp-content\/uploads\/2025\/11\/menina-loira-sentada-no-carrinho-sorrindo.jpg?fit=1200%2C801&ssl=1&resize=1050%2C600 3x"},"classes":[]},{"id":2474,"url":"https:\/\/diariodegarca.com\/?p=2474","url_meta":{"origin":7429,"position":3},"title":"Procon-SP promove palestra online sobre &#034;Armadilhas do Consumo&#034;","author":"Di\u00e1rio de Gar\u00e7a","date":"4 de abril de 2025","format":false,"excerpt":"O Procon-SP realizar\u00e1, no dia\u00a07 de abril, uma palestra online e gratuita sobre\u00a0\"Armadilhas do Consumo\", com transmiss\u00e3o ao vivo pelo\u00a0Instagram e Facebook\u00a0da institui\u00e7\u00e3o. O evento, que ocorrer\u00e1 das\u00a014h \u00e0s 15h30, abordar\u00e1 estrat\u00e9gias de marketing que influenciam as decis\u00f5es de compra, ajudando os consumidores a evitar gastos por impulso.Como participar e\u2026","rel":"","context":"Em &quot;Brasil&quot;","block_context":{"text":"Brasil","link":"https:\/\/diariodegarca.com\/?cat=38185"},"img":{"alt_text":"","src":"https:\/\/i0.wp.com\/blogger.googleusercontent.com\/img\/b\/R29vZ2xl\/AVvXsEikYTe4oDwnnqrK2RUbIl4d1LyjkLzt4DY3HHkMT-f2Ii_rdlZBzhs4IfKwcr3dEwvEmMd06j2CdDAKkDOqO425D87LhW3d8h4mjlfNflL7rCY5KxU9-2mDdjaCO1zugqRU0jY6U5V-pn4pNCTPxNUNGLoZLY1guOZFz0-tXRIlq99_5dD1thtOxW8kD0U\/s320\/woman-customer-walking-with-bags.jpg?resize=350%2C200&ssl=1","width":350,"height":200},"classes":[]},{"id":4922,"url":"https:\/\/diariodegarca.com\/?p=4922","url_meta":{"origin":7429,"position":4},"title":"Procon-SP discute desafios do consumo na era digital em palestra online gratuita","author":"Di\u00e1rio de Gar\u00e7a","date":"23 de julho de 2025","format":false,"excerpt":"Evento aborda como empresas usam dados e tecnologia para influenciar compras online e ensina como se proteger; inscri\u00e7\u00f5es abertas at\u00e9 31 de julho. A Funda\u00e7\u00e3o Procon-SP promove no pr\u00f3ximo\u00a031 de julho de 2025\u00a0a palestra\u00a0\"Rela\u00e7\u00f5es e Consumo na Era Digital\", que visa esclarecer como a tecnologia tem transformado os h\u00e1bitos de\u2026","rel":"","context":"Em &quot;Curso&quot;","block_context":{"text":"Curso","link":"https:\/\/diariodegarca.com\/?cat=36947"},"img":{"alt_text":"","src":"https:\/\/i0.wp.com\/diariodegarca.com\/wp-content\/uploads\/2025\/07\/mulher-feliz-que-esta-com-sacos-de-compras-smartphone-e-cartao-de-credito-fora.jpg?fit=1200%2C801&ssl=1&resize=350%2C200","width":350,"height":200,"srcset":"https:\/\/i0.wp.com\/diariodegarca.com\/wp-content\/uploads\/2025\/07\/mulher-feliz-que-esta-com-sacos-de-compras-smartphone-e-cartao-de-credito-fora.jpg?fit=1200%2C801&ssl=1&resize=350%2C200 1x, https:\/\/i0.wp.com\/diariodegarca.com\/wp-content\/uploads\/2025\/07\/mulher-feliz-que-esta-com-sacos-de-compras-smartphone-e-cartao-de-credito-fora.jpg?fit=1200%2C801&ssl=1&resize=525%2C300 1.5x, https:\/\/i0.wp.com\/diariodegarca.com\/wp-content\/uploads\/2025\/07\/mulher-feliz-que-esta-com-sacos-de-compras-smartphone-e-cartao-de-credito-fora.jpg?fit=1200%2C801&ssl=1&resize=700%2C400 2x, https:\/\/i0.wp.com\/diariodegarca.com\/wp-content\/uploads\/2025\/07\/mulher-feliz-que-esta-com-sacos-de-compras-smartphone-e-cartao-de-credito-fora.jpg?fit=1200%2C801&ssl=1&resize=1050%2C600 3x"},"classes":[]},{"id":4916,"url":"https:\/\/diariodegarca.com\/?p=4916","url_meta":{"origin":7429,"position":5},"title":"Procon-SP realiza palestra on-line &#8220;Armadilhas do Consumo&#8221;","author":"Di\u00e1rio de Gar\u00e7a","date":"22 de julho de 2025","format":false,"excerpt":"Evento aborda estrat\u00e9gias de marketing que influenciam decis\u00f5es de compra e ensina como evitar gastos desnecess\u00e1rios; inscri\u00e7\u00f5es est\u00e3o abertas. O Procon-SP promove, no pr\u00f3ximo\u00a024 de julho de 2025, a palestra online\u00a0\"Armadilhas do Consumo\", que tem como objetivo conscientizar os consumidores sobre as t\u00e1ticas de marketing que os levam a comprar\u2026","rel":"","context":"Em &quot;Brasil&quot;","block_context":{"text":"Brasil","link":"https:\/\/diariodegarca.com\/?cat=38185"},"img":{"alt_text":"","src":"https:\/\/i0.wp.com\/diariodegarca.com\/wp-content\/uploads\/2025\/07\/close-no-reporter-dando-uma-entrevista.jpg?fit=1200%2C800&ssl=1&resize=350%2C200","width":350,"height":200,"srcset":"https:\/\/i0.wp.com\/diariodegarca.com\/wp-content\/uploads\/2025\/07\/close-no-reporter-dando-uma-entrevista.jpg?fit=1200%2C800&ssl=1&resize=350%2C200 1x, https:\/\/i0.wp.com\/diariodegarca.com\/wp-content\/uploads\/2025\/07\/close-no-reporter-dando-uma-entrevista.jpg?fit=1200%2C800&ssl=1&resize=525%2C300 1.5x, https:\/\/i0.wp.com\/diariodegarca.com\/wp-content\/uploads\/2025\/07\/close-no-reporter-dando-uma-entrevista.jpg?fit=1200%2C800&ssl=1&resize=700%2C400 2x, https:\/\/i0.wp.com\/diariodegarca.com\/wp-content\/uploads\/2025\/07\/close-no-reporter-dando-uma-entrevista.jpg?fit=1200%2C800&ssl=1&resize=1050%2C600 3x"},"classes":[]}],"_links":{"self":[{"href":"https:\/\/diariodegarca.com\/index.php?rest_route=\/wp\/v2\/posts\/7429","targetHints":{"allow":["GET"]}}],"collection":[{"href":"https:\/\/diariodegarca.com\/index.php?rest_route=\/wp\/v2\/posts"}],"about":[{"href":"https:\/\/diariodegarca.com\/index.php?rest_route=\/wp\/v2\/types\/post"}],"author":[{"embeddable":true,"href":"https:\/\/diariodegarca.com\/index.php?rest_route=\/wp\/v2\/users\/260896548"}],"replies":[{"embeddable":true,"href":"https:\/\/diariodegarca.com\/index.php?rest_route=%2Fwp%2Fv2%2Fcomments&post=7429"}],"version-history":[{"count":3,"href":"https:\/\/diariodegarca.com\/index.php?rest_route=\/wp\/v2\/posts\/7429\/revisions"}],"predecessor-version":[{"id":7433,"href":"https:\/\/diariodegarca.com\/index.php?rest_route=\/wp\/v2\/posts\/7429\/revisions\/7433"}],"wp:featuredmedia":[{"embeddable":true,"href":"https:\/\/diariodegarca.com\/index.php?rest_route=\/wp\/v2\/media\/7430"}],"wp:attachment":[{"href":"https:\/\/diariodegarca.com\/index.php?rest_route=%2Fwp%2Fv2%2Fmedia&parent=7429"}],"wp:term":[{"taxonomy":"category","embeddable":true,"href":"https:\/\/diariodegarca.com\/index.php?rest_route=%2Fwp%2Fv2%2Fcategories&post=7429"},{"taxonomy":"post_tag","embeddable":true,"href":"https:\/\/diariodegarca.com\/index.php?rest_route=%2Fwp%2Fv2%2Ftags&post=7429"}],"curies":[{"name":"wp","href":"https:\/\/api.w.org\/{rel}","templated":true}]}}