{"id":7469,"date":"2025-10-06T11:28:45","date_gmt":"2025-10-06T14:28:45","guid":{"rendered":"https:\/\/diariodegarca.com\/?p=7469"},"modified":"2025-10-06T11:29:30","modified_gmt":"2025-10-06T14:29:30","slug":"parceria-de-ouro-colegio-antares-e-colegio-agua-viva-levam-garca-a-fase-estadual-do-handebol-feminino","status":"publish","type":"post","link":"https:\/\/diariodegarca.com\/?p=7469","title":{"rendered":"Parceria de Ouro: Col\u00e9gio Antares e Col\u00e9gio \u00c1gua Viva levam Gar\u00e7a \u00e0 fase estadual do Handebol Feminino!"},"content":{"rendered":"\n<p class=\"wp-block-paragraph\">Gar\u00e7a segue em destaque no cen\u00e1rio esportivo. A equipe feminina de handebol, formada por alunas do Col\u00e9gio Antares (Gar\u00e7a) e do Col\u00e9gio \u00c1gua Viva (Mar\u00edlia), conquistou com autoridade os t\u00edtulos das fases sub-regional e regional dos Jogos Escolares do Estado de S\u00e3o Paulo. Agora, com vaga garantida, o grupo se prepara para encarar a fase estadual em novembro, na cidade de Jales \u2014 advers\u00e1rio ainda a ser definido.<\/p>\n\n\n\n<p class=\"wp-block-paragraph\">A campanha foi marcada por atua\u00e7\u00f5es de alto n\u00edvel. Na fase sub-regional, Gar\u00e7a venceu Mar\u00edlia por 33 a 14. Na etapa regional, repetiu o placar contra Assis na semifinal (33 a 14) e superou Santa Cruz do Rio Pardo na final por 35 a 25, mostrando for\u00e7a, t\u00e9cnica e esp\u00edrito coletivo.<\/p>\n\n\n\n<p class=\"wp-block-paragraph\">O time \u00e9 comandado pelos professores Daniele Fernanda, Guilherme, Izaias e Fernando, que t\u00eam sido pe\u00e7as-chave na prepara\u00e7\u00e3o e na condu\u00e7\u00e3o t\u00e1tica da equipe. A uni\u00e3o entre os col\u00e9gios resultou em uma forma\u00e7\u00e3o competitiva e disciplinada. <\/p>\n\n\n\n<p class=\"wp-block-paragraph\">\ud83d\udce3 \u201cEstamos muito orgulhosas das meninas. Elas se dedicaram, treinaram com seriedade e mostraram que o time tem talento e garra para brilhar no esporte. Agora \u00e9 foco total na fase estadual\u201d, destacou a professora Daniele Fernanda.<\/p>\n\n\n\n<p class=\"wp-block-paragraph\">A Sejel (Secretaria de Esportes, Juventude e Lazer de Gar\u00e7a), foi a respons\u00e1vel pelo transporte da equipe, essencial para viabilizar a participa\u00e7\u00e3o nas fases anteriores.<\/p>\n\n\n\n<p class=\"wp-block-paragraph\">O time seguir\u00e1 com ritmo intenso de treinamentos e ajustes estrat\u00e9gicos, Gar\u00e7a se prepara para representar a cidade na fase estadual em Jales!<\/p>\n","protected":false},"excerpt":{"rendered":"<p>Gar\u00e7a segue em destaque no cen\u00e1rio esportivo. A equipe feminina de handebol, formada por alunas do Col\u00e9gio Antares (Gar\u00e7a) e do Col\u00e9gio \u00c1gua Viva (Mar\u00edlia), conquistou com autoridade os t\u00edtulos das fases sub-regional e regional dos Jogos Escolares do Estado de S\u00e3o Paulo. Agora, com vaga garantida, o grupo se prepara para encarar a fase [&hellip;]<\/p>\n","protected":false},"author":260896547,"featured_media":7471,"comment_status":"open","ping_status":"","sticky":false,"template":"","format":"standard","meta":{"_crdt_document":"","_monsterinsights_skip_tracking":false,"_monsterinsights_sitenote_active":false,"_monsterinsights_sitenote_note":"","_monsterinsights_sitenote_category":0,"advanced_seo_description":"A equipe feminina de handebol de Gar\u00e7a brilha nos Jogos Escolares de SP, conquistando t\u00edtulos e se preparando para a fase estadual em Jales.","jetpack_seo_html_title":"Gar\u00e7a Brilha no Handebol: Rumo \u00e0 Fase Estadual em Jales","jetpack_seo_noindex":false,"_jetpack_newsletter_access":"","_jetpack_dont_email_post_to_subs":false,"_jetpack_newsletter_tier_id":0,"_jetpack_memberships_contains_paywalled_content":false,"_jetpack_memberships_contains_paid_content":false,"footnotes":"","jetpack_publicize_message":"","jetpack_publicize_feature_enabled":true,"jetpack_social_post_already_shared":false,"jetpack_social_options":{"image_generator_settings":{"template":"highway","default_image_id":0,"font":"","enabled":false},"version":2},"_wpas_customize_per_network":false,"jetpack_post_was_ever_published":false},"categories":[38185,10889,781171664,683453294],"tags":[],"class_list":["post-7469","post","type-post","status-publish","format-standard","has-post-thumbnail","hentry","category-brasil","category-esporte","category-garca-cidade","category-marilia-cidade"],"jetpack_publicize_connections":[],"jetpack_featured_media_url":"https:\/\/i0.wp.com\/diariodegarca.com\/wp-content\/uploads\/2025\/10\/WhatsApp-Image-2025-10-06-at-09.06.33.jpeg?fit=4000%2C3000&ssl=1","jetpack_likes_enabled":true,"jetpack_sharing_enabled":true,"jetpack_shortlink":"https:\/\/wp.me\/pgitne-1Wt","jetpack-related-posts":[{"id":3239,"url":"https:\/\/diariodegarca.com\/?p=3239","url_meta":{"origin":7469,"position":0},"title":"Situa\u00e7\u00e3o da dengue em Gar\u00e7a e na regi\u00e3o de Mar\u00edlia","author":"Di\u00e1rio de Gar\u00e7a","date":"22 de maio de 2025","format":false,"excerpt":"Dados da Secretaria de Sa\u00fade do Estado de S\u00e3o Paulo indicam que a regi\u00e3o j\u00e1 confirmou 38 \u00f3bitos e 22 seguem em an\u00e1lise cl\u00ednica para confirma\u00e7\u00e3o. A regi\u00e3o atendida pela Diretoria Regional de Sa\u00fade de Mar\u00edlia, ao qual Gar\u00e7a pertence, enfrenta um surto de dengue em 2025, com\u00a031.765 casos prov\u00e1veis\u00a0e\u00a038\u2026","rel":"","context":"Em &quot;Gar\u00e7a&quot;","block_context":{"text":"Gar\u00e7a","link":"https:\/\/diariodegarca.com\/?cat=781171664"},"img":{"alt_text":"","src":"https:\/\/i0.wp.com\/diariodegarca.com\/wp-content\/uploads\/2025\/05\/mosquito.jpg?fit=1200%2C800&ssl=1&resize=350%2C200","width":350,"height":200,"srcset":"https:\/\/i0.wp.com\/diariodegarca.com\/wp-content\/uploads\/2025\/05\/mosquito.jpg?fit=1200%2C800&ssl=1&resize=350%2C200 1x, https:\/\/i0.wp.com\/diariodegarca.com\/wp-content\/uploads\/2025\/05\/mosquito.jpg?fit=1200%2C800&ssl=1&resize=525%2C300 1.5x, https:\/\/i0.wp.com\/diariodegarca.com\/wp-content\/uploads\/2025\/05\/mosquito.jpg?fit=1200%2C800&ssl=1&resize=700%2C400 2x, https:\/\/i0.wp.com\/diariodegarca.com\/wp-content\/uploads\/2025\/05\/mosquito.jpg?fit=1200%2C800&ssl=1&resize=1050%2C600 3x"},"classes":[]},{"id":2598,"url":"https:\/\/diariodegarca.com\/?p=2598","url_meta":{"origin":7469,"position":1},"title":"Anu\u00e1rio Cinematogr\u00e1fico mapeia o cinema independente no Centro-Oeste Paulista","author":"Di\u00e1rio de Gar\u00e7a","date":"19 de mar\u00e7o de 2025","format":false,"excerpt":"A produ\u00e7\u00e3o audiovisual do Centro-Oeste Paulista ganha um importante registro com o lan\u00e7amento do Anu\u00e1rio Cinematogr\u00e1fico, projeto da produtora Est\u00f3ika, realizado com apoio da Secretaria da Cultura de Mar\u00edlia por meio de edital vinculado a\u00a0Lei Paulo Gustavo.\u00a0A iniciativa tem como objetivo catalogar e dar visibilidade aos curtas-metragens produzidos na regi\u00e3o,\u2026","rel":"","context":"Em &quot;Brasil&quot;","block_context":{"text":"Brasil","link":"https:\/\/diariodegarca.com\/?cat=38185"},"img":{"alt_text":"","src":"","width":0,"height":0},"classes":[]},{"id":2403,"url":"https:\/\/diariodegarca.com\/?p=2403","url_meta":{"origin":7469,"position":2},"title":"Primeira Mostra Cine Fogueira celebra o cinema regional no Vale da Gra\u00e7a","author":"Di\u00e1rio de Gar\u00e7a","date":"11 de abril de 2025","format":false,"excerpt":"\u00a0No feriado prolongado de P\u00e1scoa e Tiradentes, de 18 a 21 de abril, o Vale da Gra\u00e7a, em Vera Cruz, recebe a\u00a0Primeira Mostra Cine Fogueira, um evento exclusivo para h\u00f3spedes e acampantes do local. Com 24 filmes de cinco cidades do interior paulista \u2014\u00a0Assis, Bauru, Gar\u00e7a, Mar\u00edlia e Rio Claro\u00a0\u2014\u2026","rel":"","context":"Em &quot;Brasil&quot;","block_context":{"text":"Brasil","link":"https:\/\/diariodegarca.com\/?cat=38185"},"img":{"alt_text":"","src":"https:\/\/i0.wp.com\/blogger.googleusercontent.com\/img\/b\/R29vZ2xl\/AVvXsEhhs22H5laML8gHt5CquaaOtLa3dvW-JcurU8jOk8uCdcXpVMD6i2HvRz_raLITbfTlG-MB4MICEc5obvpdLNdGZ7C4wFb_YBc-g7g1gSPlnbqWxxmm1c7iEat-5sl-5DxSFH4guk-LMBr7_kEtxfkZdDvvD8HPADNrv5gqCNoRBnDKCdZ3jGnuBFpNd-k\/s320\/WhatsApp%20Image%202025-04-11%20at%2010.03.00.jpeg?resize=350%2C200&ssl=1","width":350,"height":200},"classes":[]},{"id":5703,"url":"https:\/\/diariodegarca.com\/?p=5703","url_meta":{"origin":7469,"position":3},"title":"Cassiano Pelegrini brilha e conquista t\u00edtulo na Kanguru&#8217;s Cup em Bauru","author":"Di\u00e1rio de Gar\u00e7a","date":"17 de agosto de 2025","format":false,"excerpt":"Botonistas de Gar\u00e7a se destacam em torneio regional de futebol de mesa, com vit\u00f3ria expressiva e desempenho coletivo. Os botonistas de Gar\u00e7a demonstraram for\u00e7a e habilidade no \u00faltimo s\u00e1bado, 16 de agosto, durante a\u00a0Kanguru's Cup, torneio regional de futebol de mesa realizado em\u00a0Bauru, no clube Arapongas. O evento reuniu\u00a016 competidores\u2026","rel":"","context":"Em &quot;Ariranha&quot;","block_context":{"text":"Ariranha","link":"https:\/\/diariodegarca.com\/?cat=14995114"},"img":{"alt_text":"","src":"https:\/\/i0.wp.com\/diariodegarca.com\/wp-content\/uploads\/2025\/08\/snapinsta.to_533579008_18073265045513466_6593761345884731041_n.webp?fit=1080%2C1080&ssl=1&resize=350%2C200","width":350,"height":200,"srcset":"https:\/\/i0.wp.com\/diariodegarca.com\/wp-content\/uploads\/2025\/08\/snapinsta.to_533579008_18073265045513466_6593761345884731041_n.webp?fit=1080%2C1080&ssl=1&resize=350%2C200 1x, https:\/\/i0.wp.com\/diariodegarca.com\/wp-content\/uploads\/2025\/08\/snapinsta.to_533579008_18073265045513466_6593761345884731041_n.webp?fit=1080%2C1080&ssl=1&resize=525%2C300 1.5x, https:\/\/i0.wp.com\/diariodegarca.com\/wp-content\/uploads\/2025\/08\/snapinsta.to_533579008_18073265045513466_6593761345884731041_n.webp?fit=1080%2C1080&ssl=1&resize=700%2C400 2x, https:\/\/i0.wp.com\/diariodegarca.com\/wp-content\/uploads\/2025\/08\/snapinsta.to_533579008_18073265045513466_6593761345884731041_n.webp?fit=1080%2C1080&ssl=1&resize=1050%2C600 3x"},"classes":[]},{"id":5640,"url":"https:\/\/diariodegarca.com\/?p=5640","url_meta":{"origin":7469,"position":4},"title":"Garcenses disputar\u00e3o regional de Futebol de Mesa em Bauru","author":"Di\u00e1rio de Gar\u00e7a","date":"15 de agosto de 2025","format":false,"excerpt":"Delega\u00e7\u00e3o garcense participar\u00e1 do torneio, incluindo o jovem Cael Pelegrini, de 6 anos, na estreante categoria infantil. Neste s\u00e1bado, 16 de agosto, a partir das 9h, cinco botonistas garcenses da categoria adulto e um da infantil estar\u00e3o em a\u00e7\u00e3o na\u00a0Kanguru's Regional Cup, torneio de futebol de mesa que ser\u00e1 realizado\u2026","rel":"","context":"Em &quot;Bauru&quot;","block_context":{"text":"Bauru","link":"https:\/\/diariodegarca.com\/?cat=1357691"},"img":{"alt_text":"","src":"https:\/\/i0.wp.com\/diariodegarca.com\/wp-content\/uploads\/2025\/08\/tico-cael.jpg?fit=1200%2C1129&ssl=1&resize=350%2C200","width":350,"height":200,"srcset":"https:\/\/i0.wp.com\/diariodegarca.com\/wp-content\/uploads\/2025\/08\/tico-cael.jpg?fit=1200%2C1129&ssl=1&resize=350%2C200 1x, https:\/\/i0.wp.com\/diariodegarca.com\/wp-content\/uploads\/2025\/08\/tico-cael.jpg?fit=1200%2C1129&ssl=1&resize=525%2C300 1.5x, https:\/\/i0.wp.com\/diariodegarca.com\/wp-content\/uploads\/2025\/08\/tico-cael.jpg?fit=1200%2C1129&ssl=1&resize=700%2C400 2x, https:\/\/i0.wp.com\/diariodegarca.com\/wp-content\/uploads\/2025\/08\/tico-cael.jpg?fit=1200%2C1129&ssl=1&resize=1050%2C600 3x"},"classes":[]},{"id":5312,"url":"https:\/\/diariodegarca.com\/?p=5312","url_meta":{"origin":7469,"position":5},"title":"Professora Renata Paschoal assume dire\u00e7\u00e3o da Fatec Gar\u00e7a","author":"Di\u00e1rio de Gar\u00e7a","date":"5 de agosto de 2025","format":false,"excerpt":"Cerim\u00f4nia de posse reuniu comunidade acad\u00eamica e destacou os desafios da nova gest\u00e3o. Na sexta-feira, dia 1\u00ba de agosto, a Faculdade de Tecnologia de Gar\u00e7a (Fatec) deu in\u00edcio a uma nova fase em sua administra\u00e7\u00e3o com a posse da professora\u00a0Renata Aparecida de Carvalho Paschoal\u00a0como diretora. A solenidade, realizada no campus\u2026","rel":"","context":"Em &quot;Educa\u00e7\u00e3o&quot;","block_context":{"text":"Educa\u00e7\u00e3o","link":"https:\/\/diariodegarca.com\/?cat=17964"},"img":{"alt_text":"","src":"https:\/\/i0.wp.com\/diariodegarca.com\/wp-content\/uploads\/2025\/08\/515501139_1181073497393795_4394711697929830972_n.jpg?fit=1200%2C1200&ssl=1&resize=350%2C200","width":350,"height":200,"srcset":"https:\/\/i0.wp.com\/diariodegarca.com\/wp-content\/uploads\/2025\/08\/515501139_1181073497393795_4394711697929830972_n.jpg?fit=1200%2C1200&ssl=1&resize=350%2C200 1x, https:\/\/i0.wp.com\/diariodegarca.com\/wp-content\/uploads\/2025\/08\/515501139_1181073497393795_4394711697929830972_n.jpg?fit=1200%2C1200&ssl=1&resize=525%2C300 1.5x, https:\/\/i0.wp.com\/diariodegarca.com\/wp-content\/uploads\/2025\/08\/515501139_1181073497393795_4394711697929830972_n.jpg?fit=1200%2C1200&ssl=1&resize=700%2C400 2x, https:\/\/i0.wp.com\/diariodegarca.com\/wp-content\/uploads\/2025\/08\/515501139_1181073497393795_4394711697929830972_n.jpg?fit=1200%2C1200&ssl=1&resize=1050%2C600 3x"},"classes":[]}],"_links":{"self":[{"href":"https:\/\/diariodegarca.com\/index.php?rest_route=\/wp\/v2\/posts\/7469","targetHints":{"allow":["GET"]}}],"collection":[{"href":"https:\/\/diariodegarca.com\/index.php?rest_route=\/wp\/v2\/posts"}],"about":[{"href":"https:\/\/diariodegarca.com\/index.php?rest_route=\/wp\/v2\/types\/post"}],"author":[{"embeddable":true,"href":"https:\/\/diariodegarca.com\/index.php?rest_route=\/wp\/v2\/users\/260896547"}],"replies":[{"embeddable":true,"href":"https:\/\/diariodegarca.com\/index.php?rest_route=%2Fwp%2Fv2%2Fcomments&post=7469"}],"version-history":[{"count":4,"href":"https:\/\/diariodegarca.com\/index.php?rest_route=\/wp\/v2\/posts\/7469\/revisions"}],"predecessor-version":[{"id":7474,"href":"https:\/\/diariodegarca.com\/index.php?rest_route=\/wp\/v2\/posts\/7469\/revisions\/7474"}],"wp:featuredmedia":[{"embeddable":true,"href":"https:\/\/diariodegarca.com\/index.php?rest_route=\/wp\/v2\/media\/7471"}],"wp:attachment":[{"href":"https:\/\/diariodegarca.com\/index.php?rest_route=%2Fwp%2Fv2%2Fmedia&parent=7469"}],"wp:term":[{"taxonomy":"category","embeddable":true,"href":"https:\/\/diariodegarca.com\/index.php?rest_route=%2Fwp%2Fv2%2Fcategories&post=7469"},{"taxonomy":"post_tag","embeddable":true,"href":"https:\/\/diariodegarca.com\/index.php?rest_route=%2Fwp%2Fv2%2Ftags&post=7469"}],"curies":[{"name":"wp","href":"https:\/\/api.w.org\/{rel}","templated":true}]}}