{"id":7515,"date":"2025-10-07T14:47:01","date_gmt":"2025-10-07T17:47:01","guid":{"rendered":"https:\/\/diariodegarca.com\/?p=7515"},"modified":"2025-10-07T14:47:01","modified_gmt":"2025-10-07T17:47:01","slug":"justica-captura-acusado-de-extorsao-durante-operacao-policial-em-arco-iris","status":"publish","type":"post","link":"https:\/\/diariodegarca.com\/?p=7515","title":{"rendered":"Justi\u00e7a captura acusado de extors\u00e3o durante opera\u00e7\u00e3o policial em Arco-\u00cdris"},"content":{"rendered":"\n<p class=\"wp-block-paragraph\"><em>Homem condenado a mais de seis anos de pris\u00e3o foi localizado e capturado por equipes de Radiopatrulhamento na noite da \u00faltima sexta-feira.<\/em><\/p>\n\n\n\n<p class=\"wp-block-paragraph\">Uma a\u00e7\u00e3o rotineira resultou na pris\u00e3o de um procurado pela justi\u00e7a, equipes de Radiopatrulhamento cumpriram um mandado na noite da \u00faltima sexta-feira, 3 de outubro, na cidade de Arco-\u00cdris. O alvo da opera\u00e7\u00e3o foi localizado pelos policiais em frente \u00e0 sua pr\u00f3pria resid\u00eancia.<\/p>\n\n\n\n<p class=\"wp-block-paragraph\">Durante a abordagem, os policiais confirmaram que o indiv\u00edduo n\u00e3o portava nenhum item il\u00edcito. No entanto, a consulta aos sistemas de identifica\u00e7\u00e3o policial foi suficiente para atestar sua situa\u00e7\u00e3o perante a lei. Havia um mandado de pris\u00e3o em aberto contra ele, decorrente de uma condena\u00e7\u00e3o pelo crime de extors\u00e3o.<\/p>\n\n\n\n<p class=\"wp-block-paragraph\">A senten\u00e7a, j\u00e1 definitiva, \u00e9 de 6 anos, 2 meses e 20 dias de reclus\u00e3o, a ser cumprida em regime semiaberto. Ap\u00f3s a captura, o homem foi conduzido imediatamente para a Central de Pol\u00edcia Judici\u00e1ria na cidade de Tup\u00e3. No local, ele permaneceu custodiado \u00e0 disposi\u00e7\u00e3o da Justi\u00e7a, aguardando a realiza\u00e7\u00e3o da audi\u00eancia de cust\u00f3dia.<\/p>\n","protected":false},"excerpt":{"rendered":"<p>Homem condenado a mais de seis anos de pris\u00e3o foi localizado e capturado por equipes de Radiopatrulhamento na noite da \u00faltima sexta-feira. Uma a\u00e7\u00e3o rotineira resultou na pris\u00e3o de um procurado pela justi\u00e7a, equipes de Radiopatrulhamento cumpriram um mandado na noite da \u00faltima sexta-feira, 3 de outubro, na cidade de Arco-\u00cdris. O alvo da opera\u00e7\u00e3o [&hellip;]<\/p>\n","protected":false},"author":260896548,"featured_media":7519,"comment_status":"open","ping_status":"","sticky":false,"template":"","format":"standard","meta":{"_crdt_document":"","_monsterinsights_skip_tracking":false,"_monsterinsights_sitenote_active":false,"_monsterinsights_sitenote_note":"","_monsterinsights_sitenote_category":0,"advanced_seo_description":"Homem condenado a mais de seis anos de pris\u00e3o \u00e9 capturado pela Radiopatrulhamento em Arco-\u00cdris. Entenda os detalhes da opera\u00e7\u00e3o.","jetpack_seo_html_title":"Homem capturado em Arco-\u00cdris com pena por extors\u00e3o","jetpack_seo_noindex":false,"_jetpack_newsletter_access":"","_jetpack_dont_email_post_to_subs":false,"_jetpack_newsletter_tier_id":0,"_jetpack_memberships_contains_paywalled_content":false,"_jetpack_memberships_contains_paid_content":false,"footnotes":"","jetpack_publicize_message":"\ud83d\udd0d Homem \u00e9 preso por extors\u00e3o em Arco-\u00cdris\n\nNa noite de sexta-feira (3\/10), uma opera\u00e7\u00e3o de rotina do Radiopatrulhamento resultou na captura de um homem procurado pela justi\u00e7a. Encontrado em frente \u00e0 sua casa, ele estava com um mandado de pris\u00e3o em aberto.\n\nCondenado a 6 anos, 2 meses e 20 dias de reclus\u00e3o (regime semiaberto) pelo crime de extors\u00e3o, ele foi levado para a Central de Pol\u00edcia de Tup\u00e3, onde aguardou audi\u00eancia de cust\u00f3dia.\n\nAcesse a reportagem completa no diariodegarca.com (link na bio!)\n\n#Seguran\u00e7aP\u00fablica #Opera\u00e7\u00e3oPolicial #Extors\u00e3o #Arco\u00cdris #Tup\u00e3","jetpack_publicize_feature_enabled":true,"jetpack_social_post_already_shared":false,"jetpack_social_options":{"image_generator_settings":{"template":"highway","default_image_id":0,"font":"","enabled":false},"version":2},"_wpas_customize_per_network":false,"jetpack_post_was_ever_published":false},"categories":[873132,21243,781171665],"tags":[],"class_list":["post-7515","post","type-post","status-publish","format-standard","has-post-thumbnail","hentry","category-arco-iris","category-seguranca","category-tupa-cidade"],"jetpack_publicize_connections":[],"jetpack_featured_media_url":"https:\/\/i0.wp.com\/diariodegarca.com\/wp-content\/uploads\/2025\/10\/SnapInsta.to_559198693_18318883537246526_2966559636977172711_n-e1760794983548.jpg?fit=1080%2C730&ssl=1","jetpack_likes_enabled":true,"jetpack_sharing_enabled":true,"jetpack_shortlink":"https:\/\/wp.me\/pgitne-1Xd","jetpack-related-posts":[{"id":5279,"url":"https:\/\/diariodegarca.com\/?p=5279","url_meta":{"origin":7515,"position":0},"title":"Opera\u00e7\u00f5es policiais em Arco-\u00cdris, Tup\u00e3 e Mar\u00edlia resultam em pris\u00f5es por tr\u00e1fico, amea\u00e7a e outros crimes","author":"Di\u00e1rio de Gar\u00e7a","date":"5 de agosto de 2025","format":false,"excerpt":"A\u00e7\u00f5es do 9\u00ba Batalh\u00e3o da PM prenderam suspeitos por tr\u00e1fico de drogas, capturaram foragidos e desarticularam atividades criminosas nas tr\u00eas cidades. Tr\u00e1fico de drogas em Arco-\u00cdris Na \u00faltima sexta-feira, 1\u00ba de agosto, policiais militares do 9\u00ba Batalh\u00e3o prenderam um homem por tr\u00e1fico de drogas em Arco-\u00cdris. O suspeito foi flagrado\u2026","rel":"","context":"Em &quot;Arco-\u00cdris&quot;","block_context":{"text":"Arco-\u00cdris","link":"https:\/\/diariodegarca.com\/?cat=873132"},"img":{"alt_text":"","src":"https:\/\/i0.wp.com\/diariodegarca.com\/wp-content\/uploads\/2025\/08\/trafico-de-drogas-em-arco-irisnesta-sexta-feira-1-por-volta-das-19h29min-policiais-militare.webp?fit=1080%2C607&ssl=1&resize=350%2C200","width":350,"height":200,"srcset":"https:\/\/i0.wp.com\/diariodegarca.com\/wp-content\/uploads\/2025\/08\/trafico-de-drogas-em-arco-irisnesta-sexta-feira-1-por-volta-das-19h29min-policiais-militare.webp?fit=1080%2C607&ssl=1&resize=350%2C200 1x, https:\/\/i0.wp.com\/diariodegarca.com\/wp-content\/uploads\/2025\/08\/trafico-de-drogas-em-arco-irisnesta-sexta-feira-1-por-volta-das-19h29min-policiais-militare.webp?fit=1080%2C607&ssl=1&resize=525%2C300 1.5x, https:\/\/i0.wp.com\/diariodegarca.com\/wp-content\/uploads\/2025\/08\/trafico-de-drogas-em-arco-irisnesta-sexta-feira-1-por-volta-das-19h29min-policiais-militare.webp?fit=1080%2C607&ssl=1&resize=700%2C400 2x, https:\/\/i0.wp.com\/diariodegarca.com\/wp-content\/uploads\/2025\/08\/trafico-de-drogas-em-arco-irisnesta-sexta-feira-1-por-volta-das-19h29min-policiais-militare.webp?fit=1080%2C607&ssl=1&resize=1050%2C600 3x"},"classes":[]},{"id":6987,"url":"https:\/\/diariodegarca.com\/?p=6987","url_meta":{"origin":7515,"position":1},"title":"A\u00e7\u00f5es da PM resultam em quatro pris\u00f5es em cidades da regi\u00e3o em tr\u00eas dias","author":"Di\u00e1rio de Gar\u00e7a","date":"21 de setembro de 2025","format":false,"excerpt":"Opera\u00e7\u00f5es de rotina e atendimento a den\u00fancias levaram \u00e0 captura de procurados por crimes como furto, estelionato e tr\u00e1fico de drogas; todos foram encaminhados \u00e0 pol\u00edcia judici\u00e1ria. Em uma s\u00e9rie de opera\u00e7\u00f5es realizadas entre quinta-feira, 18, e s\u00e1bado, 20 de setembro, policiais militares do 9\u00ba Batalh\u00e3o cumpriram mandados de pris\u00e3o\u2026","rel":"","context":"Em &quot;Iacri&quot;","block_context":{"text":"Iacri","link":"https:\/\/diariodegarca.com\/?cat=71537226"},"img":{"alt_text":"","src":"https:\/\/i0.wp.com\/diariodegarca.com\/wp-content\/uploads\/2025\/09\/SnapInsta.to_551970903_18316317214246526_1097097420418584703_n.webp?fit=1200%2C1200&ssl=1&resize=350%2C200","width":350,"height":200,"srcset":"https:\/\/i0.wp.com\/diariodegarca.com\/wp-content\/uploads\/2025\/09\/SnapInsta.to_551970903_18316317214246526_1097097420418584703_n.webp?fit=1200%2C1200&ssl=1&resize=350%2C200 1x, https:\/\/i0.wp.com\/diariodegarca.com\/wp-content\/uploads\/2025\/09\/SnapInsta.to_551970903_18316317214246526_1097097420418584703_n.webp?fit=1200%2C1200&ssl=1&resize=525%2C300 1.5x, https:\/\/i0.wp.com\/diariodegarca.com\/wp-content\/uploads\/2025\/09\/SnapInsta.to_551970903_18316317214246526_1097097420418584703_n.webp?fit=1200%2C1200&ssl=1&resize=700%2C400 2x, https:\/\/i0.wp.com\/diariodegarca.com\/wp-content\/uploads\/2025\/09\/SnapInsta.to_551970903_18316317214246526_1097097420418584703_n.webp?fit=1200%2C1200&ssl=1&resize=1050%2C600 3x"},"classes":[]},{"id":6881,"url":"https:\/\/diariodegarca.com\/?p=6881","url_meta":{"origin":7515,"position":2},"title":"Opera\u00e7\u00e3o em Tup\u00e3 prende mulher procurada por les\u00e3o corporal durante patrulhamento","author":"Di\u00e1rio de Gar\u00e7a","date":"18 de setembro de 2025","format":false,"excerpt":"Mandado de pris\u00e3o, que previa pena de mais de cinco meses de reclus\u00e3o, foi cumprido no bairro Santa Rita pela PM. Um patrulhamento de rotina da Pol\u00edcia Militar na manh\u00e3 de quinta-feira, 18 de setembro, resultou na captura de uma mulher com mandado de pris\u00e3o em aberto em Tup\u00e3. A\u2026","rel":"","context":"Em &quot;Seguran\u00e7a&quot;","block_context":{"text":"Seguran\u00e7a","link":"https:\/\/diariodegarca.com\/?cat=21243"},"img":{"alt_text":"","src":"https:\/\/i0.wp.com\/diariodegarca.com\/wp-content\/uploads\/2025\/09\/SnapInsta.to_550748683_18316168519246526_3574845147359800139_n-e1763126681243.jpg?fit=1080%2C733&ssl=1&resize=350%2C200","width":350,"height":200,"srcset":"https:\/\/i0.wp.com\/diariodegarca.com\/wp-content\/uploads\/2025\/09\/SnapInsta.to_550748683_18316168519246526_3574845147359800139_n-e1763126681243.jpg?fit=1080%2C733&ssl=1&resize=350%2C200 1x, https:\/\/i0.wp.com\/diariodegarca.com\/wp-content\/uploads\/2025\/09\/SnapInsta.to_550748683_18316168519246526_3574845147359800139_n-e1763126681243.jpg?fit=1080%2C733&ssl=1&resize=525%2C300 1.5x, https:\/\/i0.wp.com\/diariodegarca.com\/wp-content\/uploads\/2025\/09\/SnapInsta.to_550748683_18316168519246526_3574845147359800139_n-e1763126681243.jpg?fit=1080%2C733&ssl=1&resize=700%2C400 2x, https:\/\/i0.wp.com\/diariodegarca.com\/wp-content\/uploads\/2025\/09\/SnapInsta.to_550748683_18316168519246526_3574845147359800139_n-e1763126681243.jpg?fit=1080%2C733&ssl=1&resize=1050%2C600 3x"},"classes":[]},{"id":6537,"url":"https:\/\/diariodegarca.com\/?p=6537","url_meta":{"origin":7515,"position":3},"title":"PM captura procurado por estupro de vulner\u00e1vel em Parapu\u00e3","author":"Di\u00e1rio de Gar\u00e7a","date":"9 de setembro de 2025","format":false,"excerpt":"Durante patrulhamento de rotina, equipe de Radiopatrulhamento localizou e prendeu individuo que era procurado pela Justi\u00e7a desde 2021. Na manh\u00e3 desta segunda-feira, 8 de setembro, policiais militares do Radiopatrulhamento prenderam um homem condenado a 20 anos de pris\u00e3o por estupro de vulner\u00e1vel no centro de Parapu\u00e3. De acordo com as\u2026","rel":"","context":"Em &quot;Osvaldo Cruz&quot;","block_context":{"text":"Osvaldo Cruz","link":"https:\/\/diariodegarca.com\/?cat=5433775"},"img":{"alt_text":"","src":"https:\/\/i0.wp.com\/diariodegarca.com\/wp-content\/uploads\/2025\/09\/snapinsta.to_542819355_18315017350246526_1706839347346634861_n.webp?fit=1080%2C1080&ssl=1&resize=350%2C200","width":350,"height":200,"srcset":"https:\/\/i0.wp.com\/diariodegarca.com\/wp-content\/uploads\/2025\/09\/snapinsta.to_542819355_18315017350246526_1706839347346634861_n.webp?fit=1080%2C1080&ssl=1&resize=350%2C200 1x, https:\/\/i0.wp.com\/diariodegarca.com\/wp-content\/uploads\/2025\/09\/snapinsta.to_542819355_18315017350246526_1706839347346634861_n.webp?fit=1080%2C1080&ssl=1&resize=525%2C300 1.5x, https:\/\/i0.wp.com\/diariodegarca.com\/wp-content\/uploads\/2025\/09\/snapinsta.to_542819355_18315017350246526_1706839347346634861_n.webp?fit=1080%2C1080&ssl=1&resize=700%2C400 2x, https:\/\/i0.wp.com\/diariodegarca.com\/wp-content\/uploads\/2025\/09\/snapinsta.to_542819355_18315017350246526_1706839347346634861_n.webp?fit=1080%2C1080&ssl=1&resize=1050%2C600 3x"},"classes":[]},{"id":6282,"url":"https:\/\/diariodegarca.com\/?p=6282","url_meta":{"origin":7515,"position":4},"title":"Condutor \u00e9 detido em fiscaliza\u00e7\u00e3o de tr\u00e2nsito em Arco-\u00cdris","author":"Di\u00e1rio de Gar\u00e7a","date":"2 de setembro de 2025","format":false,"excerpt":"Durante abordagem de rotina, policiais localizam entorpecentes e descobrem que motorista era procurado pela Justi\u00e7a do Rio Grande do Sul. Na segunda-feira, dia 1\u00ba de setembro, uma a\u00e7\u00e3o de fiscaliza\u00e7\u00e3o de tr\u00e2nsito rotineira na \u00e1rea central no munic\u00edpio de Arco-\u00cdris, resultou na pris\u00e3o de um indiv\u00edduo por m\u00faltiplas infra\u00e7\u00f5es. A\u2026","rel":"","context":"Em &quot;Arco-\u00cdris&quot;","block_context":{"text":"Arco-\u00cdris","link":"https:\/\/diariodegarca.com\/?cat=873132"},"img":{"alt_text":"","src":"https:\/\/i0.wp.com\/diariodegarca.com\/wp-content\/uploads\/2025\/09\/snapinsta.to_542307886_18314338009246526_1830501084667190770_n.jpg?fit=1080%2C636&ssl=1&resize=350%2C200","width":350,"height":200,"srcset":"https:\/\/i0.wp.com\/diariodegarca.com\/wp-content\/uploads\/2025\/09\/snapinsta.to_542307886_18314338009246526_1830501084667190770_n.jpg?fit=1080%2C636&ssl=1&resize=350%2C200 1x, https:\/\/i0.wp.com\/diariodegarca.com\/wp-content\/uploads\/2025\/09\/snapinsta.to_542307886_18314338009246526_1830501084667190770_n.jpg?fit=1080%2C636&ssl=1&resize=525%2C300 1.5x, https:\/\/i0.wp.com\/diariodegarca.com\/wp-content\/uploads\/2025\/09\/snapinsta.to_542307886_18314338009246526_1830501084667190770_n.jpg?fit=1080%2C636&ssl=1&resize=700%2C400 2x, https:\/\/i0.wp.com\/diariodegarca.com\/wp-content\/uploads\/2025\/09\/snapinsta.to_542307886_18314338009246526_1830501084667190770_n.jpg?fit=1080%2C636&ssl=1&resize=1050%2C600 3x"},"classes":[]},{"id":2766,"url":"https:\/\/diariodegarca.com\/?p=2766","url_meta":{"origin":7515,"position":5},"title":"PM prende homem com mandado por furto em Gar\u00e7a","author":"Di\u00e1rio de Gar\u00e7a","date":"22 de fevereiro de 2025","format":false,"excerpt":"Na noite de sexta-feira, dia 21 de fevereiro, o 9\u00ba Batalh\u00e3o de Pol\u00edcia Militar do Interior (PM-SP) prendeu um homem com mandado de pris\u00e3o em aberto na cidade de Gar\u00e7a. A a\u00e7\u00e3o foi realizada pelo Radiopatrulhamento durante opera\u00e7\u00f5es de rotina no bairro Labien\u00f3polis, refor\u00e7ando a fiscaliza\u00e7\u00e3o contra infra\u00e7\u00f5es na regi\u00e3o.\u00a0\u00a0Por\u2026","rel":"","context":"Em &quot;Brasil&quot;","block_context":{"text":"Brasil","link":"https:\/\/diariodegarca.com\/?cat=38185"},"img":{"alt_text":"","src":"","width":0,"height":0},"classes":[]}],"_links":{"self":[{"href":"https:\/\/diariodegarca.com\/index.php?rest_route=\/wp\/v2\/posts\/7515","targetHints":{"allow":["GET"]}}],"collection":[{"href":"https:\/\/diariodegarca.com\/index.php?rest_route=\/wp\/v2\/posts"}],"about":[{"href":"https:\/\/diariodegarca.com\/index.php?rest_route=\/wp\/v2\/types\/post"}],"author":[{"embeddable":true,"href":"https:\/\/diariodegarca.com\/index.php?rest_route=\/wp\/v2\/users\/260896548"}],"replies":[{"embeddable":true,"href":"https:\/\/diariodegarca.com\/index.php?rest_route=%2Fwp%2Fv2%2Fcomments&post=7515"}],"version-history":[{"count":4,"href":"https:\/\/diariodegarca.com\/index.php?rest_route=\/wp\/v2\/posts\/7515\/revisions"}],"predecessor-version":[{"id":7520,"href":"https:\/\/diariodegarca.com\/index.php?rest_route=\/wp\/v2\/posts\/7515\/revisions\/7520"}],"wp:featuredmedia":[{"embeddable":true,"href":"https:\/\/diariodegarca.com\/index.php?rest_route=\/wp\/v2\/media\/7519"}],"wp:attachment":[{"href":"https:\/\/diariodegarca.com\/index.php?rest_route=%2Fwp%2Fv2%2Fmedia&parent=7515"}],"wp:term":[{"taxonomy":"category","embeddable":true,"href":"https:\/\/diariodegarca.com\/index.php?rest_route=%2Fwp%2Fv2%2Fcategories&post=7515"},{"taxonomy":"post_tag","embeddable":true,"href":"https:\/\/diariodegarca.com\/index.php?rest_route=%2Fwp%2Fv2%2Ftags&post=7515"}],"curies":[{"name":"wp","href":"https:\/\/api.w.org\/{rel}","templated":true}]}}