{"id":7546,"date":"2025-10-08T20:04:59","date_gmt":"2025-10-08T23:04:59","guid":{"rendered":"https:\/\/diariodegarca.com\/?p=7546"},"modified":"2025-10-08T20:09:21","modified_gmt":"2025-10-08T23:09:21","slug":"curso-gratuito-e-presencial-para-profissionais-da-cafeicultura-no-sindicato-rural-de-garca-2","status":"publish","type":"post","link":"https:\/\/diariodegarca.com\/?p=7546","title":{"rendered":"Curso gratuito e presencial para profissionais da cafeicultura no Sindicato Rural de Gar\u00e7a"},"content":{"rendered":"\n<p class=\"wp-block-paragraph\"><em>Capacita\u00e7\u00e3o em &#8220;Opera\u00e7\u00e3o e Manuten\u00e7\u00e3o de Lavador e Secador de Caf\u00e9&#8221; visa aumentar a efici\u00eancia e a qualidade do produto final, com inscri\u00e7\u00f5es abertas para os dias 23 e 24 de outubro.<\/em><\/p>\n\n\n\n<p class=\"wp-block-paragraph\">Produtores rurais e funcion\u00e1rios envolvidos na cadeia do caf\u00e9 t\u00eam uma oportunidade de se qualificar gratuitamente. O Sindicato Rural de Gar\u00e7a, em parceria com o Servi\u00e7o Nacional de Aprendizagem Rural (SENAR), promover\u00e1 nos dias 23 e 24 de outubro o curso &#8220;<strong>Opera\u00e7\u00e3o e Manuten\u00e7\u00e3o de Lavador e Secador de Caf\u00e9<\/strong>&#8220;. O objetivo \u00e9 capacitar os participantes para otimizar as etapas de p\u00f3s-colheita, essenciais para a valoriza\u00e7\u00e3o do gr\u00e3o.<\/p>\n\n\n\n<p class=\"wp-block-paragraph\">A p\u00f3s-colheita \u00e9 uma fase cr\u00edtica na cafeicultura. A lavagem e a secagem adequadas s\u00e3o determinantes para evitar defeitos, preservar aromas e garantir um produto de alto valor no mercado. O curso foi desenhado para oferecer conhecimentos te\u00f3ricos e, principalmente, pr\u00e1ticos sobre o manejo correto dos equipamentos.<\/p>\n\n\n\n<p class=\"wp-block-paragraph\">De acordo com a programa\u00e7\u00e3o do SENAR, os participantes aprender\u00e3o sobre os princ\u00edpios de funcionamento dos lavadores e secadores, os procedimentos seguros de opera\u00e7\u00e3o, a regulagem das m\u00e1quinas para diferentes tipos de caf\u00e9 e a execu\u00e7\u00e3o de manuten\u00e7\u00f5es preventivas b\u00e1sicas. Identificar falhas operacionais e solucionar problemas simples tamb\u00e9m faz parte do curr\u00edculo, reduzindo custos com consertos e paradas na propriedade.<\/p>\n\n\n\n<p class=\"wp-block-paragraph\">A metodologia do SENAR \u00e9 conhecida por aliar teoria e pr\u00e1tica. As aulas ter\u00e3o in\u00edcio \u00e0s 08h30, no Sindicato Rural de Gar\u00e7a, mas incluir\u00e3o atividades pr\u00e1ticas em uma fazenda da regi\u00e3o, que ser\u00e1 divulgada posteriormente aos inscritos. Dessa forma, os alunos poder\u00e3o vivenciar a rotina de opera\u00e7\u00e3o dos equipamentos em um ambiente real de produ\u00e7\u00e3o.<\/p>\n\n\n\n<p class=\"wp-block-paragraph\">Um diferencial da capacita\u00e7\u00e3o \u00e9 que toda a alimenta\u00e7\u00e3o dos participantes durante o curso ser\u00e1 fornecida gratuitamente pelo SENAR. A carga hor\u00e1ria total ser\u00e1 definida no primeiro dia de aula.<\/p>\n\n\n\n<p class=\"wp-block-paragraph\">A iniciativa \u00e9 direcionada a trabalhadores rurais, propriet\u00e1rios de s\u00edtios e fazendas e interessados em ingressar na atividade. A qualifica\u00e7\u00e3o \u00e9 uma ferramenta estrat\u00e9gica para elevar o padr\u00e3o de qualidade do caf\u00e9 produzido na regi\u00e3o de Gar\u00e7a.<\/p>\n\n\n\n<p class=\"wp-block-paragraph\">As inscri\u00e7\u00f5es s\u00e3o gratuitas e devem ser realizadas exclusivamente pelo <a href=\"https:\/\/docs.google.com\/forms\/d\/1HRy77wCh3bnTnP5ER6rba8QpGdAT8QrrQxOzXH5u7Fc\/edit\" data-type=\"link\" data-id=\"https:\/\/docs.google.com\/forms\/d\/1HRy77wCh3bnTnP5ER6rba8QpGdAT8QrrQxOzXH5u7Fc\/edit\">formul\u00e1rio online<\/a>. As vagas s\u00e3o limitadas e o preenchimento acontece por ordem de inscri\u00e7\u00e3o.<\/p>\n\n\n\n<figure class=\"wp-block-gallery has-nested-images columns-default is-cropped wp-block-gallery-1 is-layout-flex wp-block-gallery-is-layout-flex\"><\/figure>\n","protected":false},"excerpt":{"rendered":"<p>Capacita\u00e7\u00e3o em &#8220;Opera\u00e7\u00e3o e Manuten\u00e7\u00e3o de Lavador e Secador de Caf\u00e9&#8221; visa aumentar a efici\u00eancia e a qualidade do produto final, com inscri\u00e7\u00f5es abertas para os dias 23 e 24 de outubro. Produtores rurais e funcion\u00e1rios envolvidos na cadeia do caf\u00e9 t\u00eam uma oportunidade de se qualificar gratuitamente. O Sindicato Rural de Gar\u00e7a, em parceria [&hellip;]<\/p>\n","protected":false},"author":260896546,"featured_media":7549,"comment_status":"open","ping_status":"","sticky":false,"template":"","format":"standard","meta":{"_crdt_document":"","_monsterinsights_skip_tracking":false,"_monsterinsights_sitenote_active":false,"_monsterinsights_sitenote_note":"","_monsterinsights_sitenote_category":0,"advanced_seo_description":"","jetpack_seo_html_title":"","jetpack_seo_noindex":false,"_jetpack_newsletter_access":"","_jetpack_dont_email_post_to_subs":false,"_jetpack_newsletter_tier_id":0,"_jetpack_memberships_contains_paywalled_content":false,"_jetpack_memberships_contains_paid_content":false,"footnotes":"","jetpack_publicize_message":"","jetpack_publicize_feature_enabled":true,"jetpack_social_post_already_shared":true,"jetpack_social_options":{"image_generator_settings":{"template":"fullscreen","default_image_id":0,"font":"","enabled":false},"version":2},"_wpas_customize_per_network":false,"jetpack_post_was_ever_published":true},"categories":[34615,36947,7442,781171664,1704,115166],"tags":[],"class_list":["post-7546","post","type-post","status-publish","format-standard","has-post-thumbnail","hentry","category-agricultura","category-curso","category-empreendedorismo","category-garca-cidade","category-gastronomia","category-presencial"],"jetpack_publicize_connections":[],"jetpack_featured_media_url":"https:\/\/i0.wp.com\/diariodegarca.com\/wp-content\/uploads\/2025\/10\/graos-de-cafe-escuros-em-uma-tigela-sobre-uma-mesa-marrom.jpg?fit=3652%2C5136&ssl=1","jetpack_likes_enabled":true,"jetpack_sharing_enabled":true,"jetpack_shortlink":"https:\/\/wp.me\/pgitne-1XI","jetpack-related-posts":[{"id":7057,"url":"https:\/\/diariodegarca.com\/?p=7057","url_meta":{"origin":7546,"position":0},"title":"Curso gratuito e presencial para profissionais da cafeicultura no Sindicato Rural de Gar\u00e7a","author":"Di\u00e1rio de Gar\u00e7a","date":"23 de setembro de 2025","format":false,"excerpt":"Capacita\u00e7\u00e3o em \"Opera\u00e7\u00e3o e Manuten\u00e7\u00e3o de Lavador e Secador de Caf\u00e9\" visa aumentar a efici\u00eancia e a qualidade do produto final, com inscri\u00e7\u00f5es abertas para os dias 23 e 24 de outubro. Produtores rurais e funcion\u00e1rios envolvidos na cadeia do caf\u00e9 t\u00eam uma oportunidade de se qualificar gratuitamente. O Sindicato\u2026","rel":"","context":"Em &quot;Agricultura&quot;","block_context":{"text":"Agricultura","link":"https:\/\/diariodegarca.com\/?cat=34615"},"img":{"alt_text":"","src":"https:\/\/i0.wp.com\/diariodegarca.com\/wp-content\/uploads\/2025\/09\/vista-superior-de-graos-torrados-de-cafe-e-garconete-preparando-cafe.jpg?fit=1200%2C798&ssl=1&resize=350%2C200","width":350,"height":200,"srcset":"https:\/\/i0.wp.com\/diariodegarca.com\/wp-content\/uploads\/2025\/09\/vista-superior-de-graos-torrados-de-cafe-e-garconete-preparando-cafe.jpg?fit=1200%2C798&ssl=1&resize=350%2C200 1x, https:\/\/i0.wp.com\/diariodegarca.com\/wp-content\/uploads\/2025\/09\/vista-superior-de-graos-torrados-de-cafe-e-garconete-preparando-cafe.jpg?fit=1200%2C798&ssl=1&resize=525%2C300 1.5x, https:\/\/i0.wp.com\/diariodegarca.com\/wp-content\/uploads\/2025\/09\/vista-superior-de-graos-torrados-de-cafe-e-garconete-preparando-cafe.jpg?fit=1200%2C798&ssl=1&resize=700%2C400 2x, https:\/\/i0.wp.com\/diariodegarca.com\/wp-content\/uploads\/2025\/09\/vista-superior-de-graos-torrados-de-cafe-e-garconete-preparando-cafe.jpg?fit=1200%2C798&ssl=1&resize=1050%2C600 3x"},"classes":[]},{"id":9017,"url":"https:\/\/diariodegarca.com\/?p=9017","url_meta":{"origin":7546,"position":1},"title":"Curso em Gar\u00e7a ensina Opera\u00e7\u00e3o de Beneficiadora de Caf\u00e9","author":"Andreza Sega","date":"25 de novembro de 2025","format":false,"excerpt":"Capacita\u00e7\u00e3o gratuita do SENAR e Sindicato Rural prepara trabalhadores para manusear o equipamento que finaliza o preparo do gr\u00e3o, etapa essencial para o valor de mercado do produto. A cadeia produtiva do caf\u00e9 exige conhecimento em cada etapa, da lavoura \u00e0 x\u00edcara. Uma das fases mais decisivas para a qualidade\u2026","rel":"","context":"Em &quot;Curso&quot;","block_context":{"text":"Curso","link":"https:\/\/diariodegarca.com\/?cat=36947"},"img":{"alt_text":"","src":"https:\/\/i0.wp.com\/diariodegarca.com\/wp-content\/uploads\/2025\/07\/maos-que-estao-escolhendo-graos-de-cafe-cafeeiro.jpg?fit=1200%2C800&ssl=1&resize=350%2C200","width":350,"height":200,"srcset":"https:\/\/i0.wp.com\/diariodegarca.com\/wp-content\/uploads\/2025\/07\/maos-que-estao-escolhendo-graos-de-cafe-cafeeiro.jpg?fit=1200%2C800&ssl=1&resize=350%2C200 1x, https:\/\/i0.wp.com\/diariodegarca.com\/wp-content\/uploads\/2025\/07\/maos-que-estao-escolhendo-graos-de-cafe-cafeeiro.jpg?fit=1200%2C800&ssl=1&resize=525%2C300 1.5x, https:\/\/i0.wp.com\/diariodegarca.com\/wp-content\/uploads\/2025\/07\/maos-que-estao-escolhendo-graos-de-cafe-cafeeiro.jpg?fit=1200%2C800&ssl=1&resize=700%2C400 2x, https:\/\/i0.wp.com\/diariodegarca.com\/wp-content\/uploads\/2025\/07\/maos-que-estao-escolhendo-graos-de-cafe-cafeeiro.jpg?fit=1200%2C800&ssl=1&resize=1050%2C600 3x"},"classes":[]},{"id":5127,"url":"https:\/\/diariodegarca.com\/?p=5127","url_meta":{"origin":7546,"position":2},"title":"Produtores de caf\u00e9 de Gar\u00e7a t\u00eam oportunidade de receber assist\u00eancia t\u00e9cnica e gerencial gratuita","author":"Di\u00e1rio de Gar\u00e7a","date":"29 de julho de 2025","format":false,"excerpt":"Projeto do Sindicato Rural e SENAR-SP oferece capacita\u00e7\u00e3o para 30 agricultores, com foco em produtividade e gest\u00e3o eficiente. Produtores rurais da regi\u00e3o de Gar\u00e7a t\u00eam at\u00e9 o dia 14 de agosto para se inscreverem em um projeto gratuito de Assist\u00eancia T\u00e9cnica e Gerencial (ATeG) voltado \u00e0 cafeicultura. A iniciativa \u00e9\u2026","rel":"","context":"Em &quot;Agricultura&quot;","block_context":{"text":"Agricultura","link":"https:\/\/diariodegarca.com\/?cat=34615"},"img":{"alt_text":"","src":"https:\/\/i0.wp.com\/diariodegarca.com\/wp-content\/uploads\/2025\/07\/maos-que-estao-escolhendo-graos-de-cafe-cafeeiro.jpg?fit=1200%2C800&ssl=1&resize=350%2C200","width":350,"height":200,"srcset":"https:\/\/i0.wp.com\/diariodegarca.com\/wp-content\/uploads\/2025\/07\/maos-que-estao-escolhendo-graos-de-cafe-cafeeiro.jpg?fit=1200%2C800&ssl=1&resize=350%2C200 1x, https:\/\/i0.wp.com\/diariodegarca.com\/wp-content\/uploads\/2025\/07\/maos-que-estao-escolhendo-graos-de-cafe-cafeeiro.jpg?fit=1200%2C800&ssl=1&resize=525%2C300 1.5x, https:\/\/i0.wp.com\/diariodegarca.com\/wp-content\/uploads\/2025\/07\/maos-que-estao-escolhendo-graos-de-cafe-cafeeiro.jpg?fit=1200%2C800&ssl=1&resize=700%2C400 2x, https:\/\/i0.wp.com\/diariodegarca.com\/wp-content\/uploads\/2025\/07\/maos-que-estao-escolhendo-graos-de-cafe-cafeeiro.jpg?fit=1200%2C800&ssl=1&resize=1050%2C600 3x"},"classes":[]},{"id":10034,"url":"https:\/\/diariodegarca.com\/?p=10034","url_meta":{"origin":7546,"position":3},"title":"Curso gratuito de soldagem em Gar\u00e7a qualifica para oportunidades no setor metal\u00fargico e de manuten\u00e7\u00e3o","author":"Di\u00e1rio de Gar\u00e7a","date":"11 de janeiro de 2026","format":false,"excerpt":"Capacita\u00e7\u00e3o oferecida pelo Sindicato Rural e SENAR, entre 21 e 23 de janeiro, visa formar m\u00e3o de obra especializada em uma t\u00e9cnica fundamental para diversas ind\u00fastrias da regi\u00e3o. O Sindicato Rural de Gar\u00e7a, em parceria com o Servi\u00e7o Nacional de Aprendizagem Rural (SENAR), abrir\u00e1 as portas, no final de janeiro,\u2026","rel":"","context":"Em &quot;Curso&quot;","block_context":{"text":"Curso","link":"https:\/\/diariodegarca.com\/?cat=36947"},"img":{"alt_text":"","src":"https:\/\/i0.wp.com\/diariodegarca.com\/wp-content\/uploads\/2026\/01\/14_Solda_com_eletrodo_blog.jpg?fit=700%2C420&ssl=1&resize=350%2C200","width":350,"height":200,"srcset":"https:\/\/i0.wp.com\/diariodegarca.com\/wp-content\/uploads\/2026\/01\/14_Solda_com_eletrodo_blog.jpg?fit=700%2C420&ssl=1&resize=350%2C200 1x, https:\/\/i0.wp.com\/diariodegarca.com\/wp-content\/uploads\/2026\/01\/14_Solda_com_eletrodo_blog.jpg?fit=700%2C420&ssl=1&resize=525%2C300 1.5x, https:\/\/i0.wp.com\/diariodegarca.com\/wp-content\/uploads\/2026\/01\/14_Solda_com_eletrodo_blog.jpg?fit=700%2C420&ssl=1&resize=700%2C400 2x"},"classes":[]},{"id":7053,"url":"https:\/\/diariodegarca.com\/?p=7053","url_meta":{"origin":7546,"position":4},"title":"Curso gratuito e presencial de artesanato com caba\u00e7a no Sindicato Rural de Gar\u00e7a","author":"Di\u00e1rio de Gar\u00e7a","date":"23 de setembro de 2025","format":false,"excerpt":"Capacita\u00e7\u00e3o ensina a transformar o fruto em pe\u00e7as utilit\u00e1rias e decorativas, combinando t\u00e9cnica e criatividade. Inscri\u00e7\u00f5es est\u00e3o abertas. De 1\u00ba a 4 de outubro, o Sindicato Rural de Gar\u00e7a, em parceria com o Servi\u00e7o Nacional de Aprendizagem Rural (SENAR), promove o curso gratuito \"Artesanato com Caba\u00e7a \u2013 Utilit\u00e1rios e Decorativos\".\u2026","rel":"","context":"Em &quot;Cultura&quot;","block_context":{"text":"Cultura","link":"https:\/\/diariodegarca.com\/?cat=2367"},"img":{"alt_text":"","src":"https:\/\/i0.wp.com\/diariodegarca.com\/wp-content\/uploads\/2025\/09\/JA2E1605293330279.jpeg?fit=1200%2C824&ssl=1&resize=350%2C200","width":350,"height":200,"srcset":"https:\/\/i0.wp.com\/diariodegarca.com\/wp-content\/uploads\/2025\/09\/JA2E1605293330279.jpeg?fit=1200%2C824&ssl=1&resize=350%2C200 1x, https:\/\/i0.wp.com\/diariodegarca.com\/wp-content\/uploads\/2025\/09\/JA2E1605293330279.jpeg?fit=1200%2C824&ssl=1&resize=525%2C300 1.5x, https:\/\/i0.wp.com\/diariodegarca.com\/wp-content\/uploads\/2025\/09\/JA2E1605293330279.jpeg?fit=1200%2C824&ssl=1&resize=700%2C400 2x, https:\/\/i0.wp.com\/diariodegarca.com\/wp-content\/uploads\/2025\/09\/JA2E1605293330279.jpeg?fit=1200%2C824&ssl=1&resize=1050%2C600 3x"},"classes":[]},{"id":10063,"url":"https:\/\/diariodegarca.com\/?p=10063","url_meta":{"origin":7546,"position":5},"title":"Curso gratuito de tratores com inscri\u00e7\u00f5es abertas em Gar\u00e7a","author":"Di\u00e1rio de Gar\u00e7a","date":"16 de janeiro de 2026","format":false,"excerpt":"Capacita\u00e7\u00e3o do SENAR e Sindicato Rural acontece entre 9 e 13 de fevereiro, com aulas te\u00f3ricas e pr\u00e1ticas, e visa reduzir acidentes no campo. Um dos equipamentos mais essenciais e potentes da agricultura moderna ser\u00e1 o foco de uma qualifica\u00e7\u00e3o profissional gratuita em Gar\u00e7a. O Sindicato Rural, em parceria com\u2026","rel":"","context":"Em &quot;Agricultura&quot;","block_context":{"text":"Agricultura","link":"https:\/\/diariodegarca.com\/?cat=34615"},"img":{"alt_text":"","src":"https:\/\/i0.wp.com\/diariodegarca.com\/wp-content\/uploads\/2026\/01\/combine-machine-service-mechanic-repairing-motor-outdoors.jpg?fit=1200%2C801&ssl=1&resize=350%2C200","width":350,"height":200,"srcset":"https:\/\/i0.wp.com\/diariodegarca.com\/wp-content\/uploads\/2026\/01\/combine-machine-service-mechanic-repairing-motor-outdoors.jpg?fit=1200%2C801&ssl=1&resize=350%2C200 1x, https:\/\/i0.wp.com\/diariodegarca.com\/wp-content\/uploads\/2026\/01\/combine-machine-service-mechanic-repairing-motor-outdoors.jpg?fit=1200%2C801&ssl=1&resize=525%2C300 1.5x, https:\/\/i0.wp.com\/diariodegarca.com\/wp-content\/uploads\/2026\/01\/combine-machine-service-mechanic-repairing-motor-outdoors.jpg?fit=1200%2C801&ssl=1&resize=700%2C400 2x, https:\/\/i0.wp.com\/diariodegarca.com\/wp-content\/uploads\/2026\/01\/combine-machine-service-mechanic-repairing-motor-outdoors.jpg?fit=1200%2C801&ssl=1&resize=1050%2C600 3x"},"classes":[]}],"_links":{"self":[{"href":"https:\/\/diariodegarca.com\/index.php?rest_route=\/wp\/v2\/posts\/7546","targetHints":{"allow":["GET"]}}],"collection":[{"href":"https:\/\/diariodegarca.com\/index.php?rest_route=\/wp\/v2\/posts"}],"about":[{"href":"https:\/\/diariodegarca.com\/index.php?rest_route=\/wp\/v2\/types\/post"}],"author":[{"embeddable":true,"href":"https:\/\/diariodegarca.com\/index.php?rest_route=\/wp\/v2\/users\/260896546"}],"replies":[{"embeddable":true,"href":"https:\/\/diariodegarca.com\/index.php?rest_route=%2Fwp%2Fv2%2Fcomments&post=7546"}],"version-history":[{"count":2,"href":"https:\/\/diariodegarca.com\/index.php?rest_route=\/wp\/v2\/posts\/7546\/revisions"}],"predecessor-version":[{"id":7548,"href":"https:\/\/diariodegarca.com\/index.php?rest_route=\/wp\/v2\/posts\/7546\/revisions\/7548"}],"wp:featuredmedia":[{"embeddable":true,"href":"https:\/\/diariodegarca.com\/index.php?rest_route=\/wp\/v2\/media\/7549"}],"wp:attachment":[{"href":"https:\/\/diariodegarca.com\/index.php?rest_route=%2Fwp%2Fv2%2Fmedia&parent=7546"}],"wp:term":[{"taxonomy":"category","embeddable":true,"href":"https:\/\/diariodegarca.com\/index.php?rest_route=%2Fwp%2Fv2%2Fcategories&post=7546"},{"taxonomy":"post_tag","embeddable":true,"href":"https:\/\/diariodegarca.com\/index.php?rest_route=%2Fwp%2Fv2%2Ftags&post=7546"}],"curies":[{"name":"wp","href":"https:\/\/api.w.org\/{rel}","templated":true}]}}