{"id":7650,"date":"2025-10-13T13:54:13","date_gmt":"2025-10-13T16:54:13","guid":{"rendered":"https:\/\/diariodegarca.com\/?p=7650"},"modified":"2025-10-13T13:54:45","modified_gmt":"2025-10-13T16:54:45","slug":"pat-vera-cruz-oferta-vagas-em-diferentes-areas-saiba-como-se-candidatar","status":"publish","type":"post","link":"https:\/\/diariodegarca.com\/?p=7650","title":{"rendered":"PAT Vera Cruz oferta vagas em diferentes \u00e1reas; saiba como se candidatar"},"content":{"rendered":"\n<p class=\"wp-block-paragraph\"><em>Oportunidades nas empresas Eixo SP e Unipro Selantes e Adesivos contemplam desde servi\u00e7os gerais at\u00e9 cargos de gest\u00e3o e especializa\u00e7\u00e3o t\u00e9cnica.<\/em><\/p>\n\n\n\n<p class=\"wp-block-paragraph\">O programa Emprega Vera Cruz abriu novas vagas de trabalho em parceria com empresas instaladas na regi\u00e3o. As oportunidades s\u00e3o voltadas para moradores do munic\u00edpio e abrangem diferentes n\u00edveis de escolaridade, desde o ensino fundamental at\u00e9 o superior.<\/p>\n\n\n\n<p class=\"wp-block-paragraph\">Confira os detalhes das vagas em aberto:<\/p>\n\n\n\n<p class=\"wp-block-paragraph\"><strong>Eixo SP<\/strong><br>A concession\u00e1ria de rodovias est\u00e1 recrutando profissionais para atuar em&nbsp;<strong>Servi\u00e7os Gerais<\/strong>. As atividades envolvem limpeza, conserva\u00e7\u00e3o e sinaliza\u00e7\u00e3o de vias, al\u00e9m de ro\u00e7agem de grama e manuten\u00e7\u00e3o.<\/p>\n\n\n\n<ul class=\"wp-block-list\">\n<li><strong>Requisitos:<\/strong>\u00a0Ensino fundamental completo. N\u00e3o \u00e9 necess\u00e1rio possuir Carteira Nacional de Habilita\u00e7\u00e3o (CNH).<\/li>\n\n\n\n<li><strong>Jornada de trabalho:<\/strong>\u00a0Segunda a quinta-feira, das 7h \u00e0s 17h, e sexta-feira, das 7h \u00e0s 16h.<\/li>\n\n\n\n<li><strong>Como se candidatar:<\/strong>\u00a0Os curr\u00edculos podem ser encaminhados diretamente \u00e0 empresa ou atrav\u00e9s do contato via WhatsApp:\u00a0<strong>(16) 99623-7585<\/strong>.<\/li>\n<\/ul>\n\n\n\n<p class=\"wp-block-paragraph\"><strong>Unipro Selantes e Adesivos<\/strong><br>A ind\u00fastria qu\u00edmica, que est\u00e1 em processo de expans\u00e3o, est\u00e1 com duas vagas dispon\u00edveis para sua equipe:<\/p>\n\n\n\n<ul class=\"wp-block-list\">\n<li>Vaga 1:<strong> Gerente de produ\u00e7\u00e3o<\/strong>\n<ul class=\"wp-block-list\">\n<li><strong>Requisitos:<\/strong>\u00a0Ensino m\u00e9dio completo. \u00c9 necess\u00e1ria experi\u00eancia em lideran\u00e7a e gest\u00e3o de equipes. Viv\u00eancia na \u00e1rea industrial \u00e9 considerada um diferencial.<\/li>\n\n\n\n<li><strong>Atribui\u00e7\u00f5es:<\/strong>\u00a0O profissional ser\u00e1 respons\u00e1vel por definir metas e cronogramas, garantir o cumprimento de prazos, ajustar a capacidade produtiva e assegurar os padr\u00f5es de qualidade.<\/li>\n<\/ul>\n<\/li>\n\n\n\n<li>Vaga 2:<strong> Qu\u00edmico industrial<\/strong>\n<ul class=\"wp-block-list\">\n<li><strong>Requisitos:<\/strong>\u00a0Ensino superior completo em Qu\u00edmica e experi\u00eancia na \u00e1rea.<\/li>\n\n\n\n<li><strong>Atribui\u00e7\u00f5es:<\/strong>\u00a0A fun\u00e7\u00e3o envolve o acompanhamento de processos produtivos, supervis\u00e3o e controle de qualidade, al\u00e9m da implementa\u00e7\u00e3o de a\u00e7\u00f5es corretivas e melhorias cont\u00ednuas.<\/li>\n<\/ul>\n<\/li>\n\n\n\n<li><strong>Como se candidatar (para ambas vagas):<\/strong>\u00a0Os interessados devem enviar o curr\u00edculo para o e-mail:\u00a0<strong><a href=\"https:\/\/mailto:rh@uniprosf.com.br\/\" target=\"_blank\" rel=\"noreferrer noopener\">rh@uniproSF.com.br<\/a><\/strong>.<\/li>\n<\/ul>\n","protected":false},"excerpt":{"rendered":"<p>Oportunidades nas empresas Eixo SP e Unipro Selantes e Adesivos contemplam desde servi\u00e7os gerais at\u00e9 cargos de gest\u00e3o e especializa\u00e7\u00e3o t\u00e9cnica. O programa Emprega Vera Cruz abriu novas vagas de trabalho em parceria com empresas instaladas na regi\u00e3o. As oportunidades s\u00e3o voltadas para moradores do munic\u00edpio e abrangem diferentes n\u00edveis de escolaridade, desde o ensino [&hellip;]<\/p>\n","protected":false},"author":260896548,"featured_media":6715,"comment_status":"open","ping_status":"","sticky":false,"template":"","format":"standard","meta":{"_crdt_document":"","_monsterinsights_skip_tracking":false,"_monsterinsights_sitenote_active":false,"_monsterinsights_sitenote_note":"","_monsterinsights_sitenote_category":0,"advanced_seo_description":"Descubra novas oportunidades de trabalho com Eixo SP e Unipro Selantes, abrangendo desde servi\u00e7os gerais at\u00e9 cargos especializados.","jetpack_seo_html_title":"Vagas de Emprego Eixo SP e Unipro: Oportunidades em S\u00e3o Paulo","jetpack_seo_noindex":false,"_jetpack_newsletter_access":"","_jetpack_dont_email_post_to_subs":false,"_jetpack_newsletter_tier_id":0,"_jetpack_memberships_contains_paywalled_content":false,"_jetpack_memberships_contains_paid_content":false,"footnotes":"","jetpack_publicize_message":"","jetpack_publicize_feature_enabled":true,"jetpack_social_post_already_shared":false,"jetpack_social_options":{"image_generator_settings":{"template":"highway","default_image_id":0,"font":"","enabled":false},"version":2},"_wpas_customize_per_network":false,"jetpack_post_was_ever_published":false},"categories":[496224,963369],"tags":[],"class_list":["post-7650","post","type-post","status-publish","format-standard","has-post-thumbnail","hentry","category-vagas","category-vera-cruz"],"jetpack_publicize_connections":[],"jetpack_featured_media_url":"https:\/\/i0.wp.com\/diariodegarca.com\/wp-content\/uploads\/2025\/09\/f1d2b2304c85c633316372f9bfdaa883.jpg?fit=800%2C565&ssl=1","jetpack_likes_enabled":true,"jetpack_sharing_enabled":true,"jetpack_shortlink":"https:\/\/wp.me\/pgitne-1Zo","jetpack-related-posts":[{"id":3558,"url":"https:\/\/diariodegarca.com\/?p=3558","url_meta":{"origin":7650,"position":0},"title":"Prefeitura de Vera Cruz abre inscri\u00e7\u00f5es para processo seletivo de estagi\u00e1rios","author":"Di\u00e1rio de Gar\u00e7a","date":"29 de maio de 2025","format":false,"excerpt":"Cadastro reserva oferece oportunidades em 14 cursos de n\u00edvel superior e t\u00e9cnico; bolsas variam de R$ 540 a R$ 650 mensais. A\u00a0Prefeitura do Munic\u00edpio de Vera Cruz-SP, em parceria com o\u00a0CIEE (Centro de Integra\u00e7\u00e3o Empresa-Escola), divulgou o\u00a0Edital n\u00ba 01\/2025\u00a0para forma\u00e7\u00e3o de cadastro reserva de estagi\u00e1rios. As inscri\u00e7\u00f5es est\u00e3o abertas de\u00a027\u2026","rel":"","context":"Em &quot;Est\u00e1gio&quot;","block_context":{"text":"Est\u00e1gio","link":"https:\/\/diariodegarca.com\/?cat=64915"},"img":{"alt_text":"","src":"","width":0,"height":0},"classes":[]},{"id":4445,"url":"https:\/\/diariodegarca.com\/?p=4445","url_meta":{"origin":7650,"position":1},"title":"Vera Cruz com oportunidades de emprego no setor industrial","author":"Di\u00e1rio de Gar\u00e7a","date":"4 de julho de 2025","format":false,"excerpt":"Programa Emprega Vera Cruz facilita conex\u00e3o entre candidatos e empresa multinacional A\u00a0UNIPR\u00d3, multinacional especializada em selantes e adesivos, est\u00e1 com\u00a0novas vagas abertas\u00a0em sua unidade de\u00a0Vera Cruz. As oportunidades s\u00e3o intermediadas pelo\u00a0Emprega Vera Cruz, programa da Prefeitura que agiliza a contrata\u00e7\u00e3o de talentos locais. Os interessados devem enviar curr\u00edculo para\u00a0administrativo@uniprosf.com.br\u00a0e se\u2026","rel":"","context":"Em &quot;Vagas&quot;","block_context":{"text":"Vagas","link":"https:\/\/diariodegarca.com\/?cat=496224"},"img":{"alt_text":"","src":"https:\/\/i0.wp.com\/diariodegarca.com\/wp-content\/uploads\/2025\/07\/homem-trabalhando-com-equipamento-de-seguranca.jpg?fit=1200%2C798&ssl=1&resize=350%2C200","width":350,"height":200,"srcset":"https:\/\/i0.wp.com\/diariodegarca.com\/wp-content\/uploads\/2025\/07\/homem-trabalhando-com-equipamento-de-seguranca.jpg?fit=1200%2C798&ssl=1&resize=350%2C200 1x, https:\/\/i0.wp.com\/diariodegarca.com\/wp-content\/uploads\/2025\/07\/homem-trabalhando-com-equipamento-de-seguranca.jpg?fit=1200%2C798&ssl=1&resize=525%2C300 1.5x, https:\/\/i0.wp.com\/diariodegarca.com\/wp-content\/uploads\/2025\/07\/homem-trabalhando-com-equipamento-de-seguranca.jpg?fit=1200%2C798&ssl=1&resize=700%2C400 2x, https:\/\/i0.wp.com\/diariodegarca.com\/wp-content\/uploads\/2025\/07\/homem-trabalhando-com-equipamento-de-seguranca.jpg?fit=1200%2C798&ssl=1&resize=1050%2C600 3x"},"classes":[]},{"id":8863,"url":"https:\/\/diariodegarca.com\/?p=8863","url_meta":{"origin":7650,"position":2},"title":"PAT de Gar\u00e7a oferece 68 oportunidades de emprego","author":"Andreza Sega","date":"19 de novembro de 2025","format":false,"excerpt":"Sal\u00e1rios chegam a R$ 4.455,00; processo seletivo para 60 vagas de Operador de Telesservi\u00e7os encerra em 21 de novembro. O Posto de Atendimento ao Trabalhador (PAT) de Gar\u00e7a \u00e9 um importante agente no fomento ao emprego local e atualmente centraliza 68 oportunidades de trabalho em diversas \u00e1reas. As vagas abrangem\u2026","rel":"","context":"Em &quot;Gar\u00e7a&quot;","block_context":{"text":"Gar\u00e7a","link":"https:\/\/diariodegarca.com\/?cat=781171664"},"img":{"alt_text":"","src":"https:\/\/i0.wp.com\/diariodegarca.com\/wp-content\/uploads\/2025\/11\/homem-senior-trabalhando-no-campo-com-frutas.jpg?fit=1200%2C800&ssl=1&resize=350%2C200","width":350,"height":200,"srcset":"https:\/\/i0.wp.com\/diariodegarca.com\/wp-content\/uploads\/2025\/11\/homem-senior-trabalhando-no-campo-com-frutas.jpg?fit=1200%2C800&ssl=1&resize=350%2C200 1x, https:\/\/i0.wp.com\/diariodegarca.com\/wp-content\/uploads\/2025\/11\/homem-senior-trabalhando-no-campo-com-frutas.jpg?fit=1200%2C800&ssl=1&resize=525%2C300 1.5x, https:\/\/i0.wp.com\/diariodegarca.com\/wp-content\/uploads\/2025\/11\/homem-senior-trabalhando-no-campo-com-frutas.jpg?fit=1200%2C800&ssl=1&resize=700%2C400 2x, https:\/\/i0.wp.com\/diariodegarca.com\/wp-content\/uploads\/2025\/11\/homem-senior-trabalhando-no-campo-com-frutas.jpg?fit=1200%2C800&ssl=1&resize=1050%2C600 3x"},"classes":[]},{"id":8449,"url":"https:\/\/diariodegarca.com\/?p=8449","url_meta":{"origin":7650,"position":3},"title":"Vera Cruz abre processo seletivo com 3 vagas na educa\u00e7\u00e3o","author":"Andreza Sega","date":"4 de novembro de 2025","format":false,"excerpt":"Inscri\u00e7\u00f5es para cadastro reserva de Agente de Apoio Escolar, Atendente de Creche e Merendeiro v\u00e3o de 3 a 8 de novembro. Contrata\u00e7\u00e3o ser\u00e1 por at\u00e9 12 meses, com possibilidade de prorroga\u00e7\u00e3o. A Prefeitura Municipal de Vera Cruz, por meio da Diretoria Municipal de Educa\u00e7\u00e3o, publicou na sexta-feira, 31 de outubro,\u2026","rel":"","context":"Em &quot;Educa\u00e7\u00e3o&quot;","block_context":{"text":"Educa\u00e7\u00e3o","link":"https:\/\/diariodegarca.com\/?cat=17964"},"img":{"alt_text":"","src":"https:\/\/i0.wp.com\/diariodegarca.com\/wp-content\/uploads\/2025\/11\/olha-que-interessante-e.jpg?fit=1200%2C800&ssl=1&resize=350%2C200","width":350,"height":200,"srcset":"https:\/\/i0.wp.com\/diariodegarca.com\/wp-content\/uploads\/2025\/11\/olha-que-interessante-e.jpg?fit=1200%2C800&ssl=1&resize=350%2C200 1x, https:\/\/i0.wp.com\/diariodegarca.com\/wp-content\/uploads\/2025\/11\/olha-que-interessante-e.jpg?fit=1200%2C800&ssl=1&resize=525%2C300 1.5x, https:\/\/i0.wp.com\/diariodegarca.com\/wp-content\/uploads\/2025\/11\/olha-que-interessante-e.jpg?fit=1200%2C800&ssl=1&resize=700%2C400 2x, https:\/\/i0.wp.com\/diariodegarca.com\/wp-content\/uploads\/2025\/11\/olha-que-interessante-e.jpg?fit=1200%2C800&ssl=1&resize=1050%2C600 3x"},"classes":[]},{"id":7918,"url":"https:\/\/diariodegarca.com\/?p=7918","url_meta":{"origin":7650,"position":4},"title":"Gar\u00e7a tem vagas abertas em supermercados, ind\u00fastrias e com\u00e9rcio","author":"Andreza Sega","date":"22 de outubro de 2025","format":false,"excerpt":"Supermercados, ind\u00fastrias e com\u00e9rcios locais abrem vagas com exig\u00eancias que v\u00e3o desde o ensino fundamental at\u00e9 a forma\u00e7\u00e3o superior; confira as chances e como se candidatar. A economia de Gar\u00e7a mostra sinais de movimento com a abertura de diversas vagas de emprego em setores como varejo, ind\u00fastria e servi\u00e7os. Empresas\u2026","rel":"","context":"Em &quot;Gar\u00e7a&quot;","block_context":{"text":"Gar\u00e7a","link":"https:\/\/diariodegarca.com\/?cat=781171664"},"img":{"alt_text":"","src":"https:\/\/i0.wp.com\/diariodegarca.com\/wp-content\/uploads\/2025\/10\/homem-trabalhando-duro-no-supermercado.jpg?fit=1200%2C806&ssl=1&resize=350%2C200","width":350,"height":200,"srcset":"https:\/\/i0.wp.com\/diariodegarca.com\/wp-content\/uploads\/2025\/10\/homem-trabalhando-duro-no-supermercado.jpg?fit=1200%2C806&ssl=1&resize=350%2C200 1x, https:\/\/i0.wp.com\/diariodegarca.com\/wp-content\/uploads\/2025\/10\/homem-trabalhando-duro-no-supermercado.jpg?fit=1200%2C806&ssl=1&resize=525%2C300 1.5x, https:\/\/i0.wp.com\/diariodegarca.com\/wp-content\/uploads\/2025\/10\/homem-trabalhando-duro-no-supermercado.jpg?fit=1200%2C806&ssl=1&resize=700%2C400 2x, https:\/\/i0.wp.com\/diariodegarca.com\/wp-content\/uploads\/2025\/10\/homem-trabalhando-duro-no-supermercado.jpg?fit=1200%2C806&ssl=1&resize=1050%2C600 3x"},"classes":[]},{"id":10269,"url":"https:\/\/diariodegarca.com\/?p=10269","url_meta":{"origin":7650,"position":5},"title":"PAT de Gar\u00e7a oferece oportunidades em diferentes setores","author":"Di\u00e1rio de Gar\u00e7a","date":"27 de janeiro de 2026","format":false,"excerpt":"O Posto de Atendimento ao Trabalhador de Gar\u00e7a oferece diversas vagas de emprego em \u00e1reas como com\u00e9rcio e servi\u00e7os, com prazos de inscri\u00e7\u00e3o variando at\u00e9 4 de fevereiro.","rel":"","context":"Em &quot;Vagas&quot;","block_context":{"text":"Vagas","link":"https:\/\/diariodegarca.com\/?cat=496224"},"img":{"alt_text":"","src":"https:\/\/i0.wp.com\/diariodegarca.com\/wp-content\/uploads\/2025\/09\/farmaceutico-assistindo-um-cliente-numa-farmacia.jpg?fit=1200%2C655&ssl=1&resize=350%2C200","width":350,"height":200,"srcset":"https:\/\/i0.wp.com\/diariodegarca.com\/wp-content\/uploads\/2025\/09\/farmaceutico-assistindo-um-cliente-numa-farmacia.jpg?fit=1200%2C655&ssl=1&resize=350%2C200 1x, https:\/\/i0.wp.com\/diariodegarca.com\/wp-content\/uploads\/2025\/09\/farmaceutico-assistindo-um-cliente-numa-farmacia.jpg?fit=1200%2C655&ssl=1&resize=525%2C300 1.5x, https:\/\/i0.wp.com\/diariodegarca.com\/wp-content\/uploads\/2025\/09\/farmaceutico-assistindo-um-cliente-numa-farmacia.jpg?fit=1200%2C655&ssl=1&resize=700%2C400 2x, https:\/\/i0.wp.com\/diariodegarca.com\/wp-content\/uploads\/2025\/09\/farmaceutico-assistindo-um-cliente-numa-farmacia.jpg?fit=1200%2C655&ssl=1&resize=1050%2C600 3x"},"classes":[]}],"_links":{"self":[{"href":"https:\/\/diariodegarca.com\/index.php?rest_route=\/wp\/v2\/posts\/7650","targetHints":{"allow":["GET"]}}],"collection":[{"href":"https:\/\/diariodegarca.com\/index.php?rest_route=\/wp\/v2\/posts"}],"about":[{"href":"https:\/\/diariodegarca.com\/index.php?rest_route=\/wp\/v2\/types\/post"}],"author":[{"embeddable":true,"href":"https:\/\/diariodegarca.com\/index.php?rest_route=\/wp\/v2\/users\/260896548"}],"replies":[{"embeddable":true,"href":"https:\/\/diariodegarca.com\/index.php?rest_route=%2Fwp%2Fv2%2Fcomments&post=7650"}],"version-history":[{"count":3,"href":"https:\/\/diariodegarca.com\/index.php?rest_route=\/wp\/v2\/posts\/7650\/revisions"}],"predecessor-version":[{"id":7653,"href":"https:\/\/diariodegarca.com\/index.php?rest_route=\/wp\/v2\/posts\/7650\/revisions\/7653"}],"wp:featuredmedia":[{"embeddable":true,"href":"https:\/\/diariodegarca.com\/index.php?rest_route=\/wp\/v2\/media\/6715"}],"wp:attachment":[{"href":"https:\/\/diariodegarca.com\/index.php?rest_route=%2Fwp%2Fv2%2Fmedia&parent=7650"}],"wp:term":[{"taxonomy":"category","embeddable":true,"href":"https:\/\/diariodegarca.com\/index.php?rest_route=%2Fwp%2Fv2%2Fcategories&post=7650"},{"taxonomy":"post_tag","embeddable":true,"href":"https:\/\/diariodegarca.com\/index.php?rest_route=%2Fwp%2Fv2%2Ftags&post=7650"}],"curies":[{"name":"wp","href":"https:\/\/api.w.org\/{rel}","templated":true}]}}