{"id":7677,"date":"2025-10-14T09:16:00","date_gmt":"2025-10-14T12:16:00","guid":{"rendered":"https:\/\/diariodegarca.com\/?p=7677"},"modified":"2025-10-13T17:21:23","modified_gmt":"2025-10-13T20:21:23","slug":"clinica-andre-luiz-em-garca-abre-vagas-para-enfermeiros-com-foco-em-cuidado-humanizado","status":"publish","type":"post","link":"https:\/\/diariodegarca.com\/?p=7677","title":{"rendered":"Cl\u00ednica Andr\u00e9 Luiz em Gar\u00e7a abre vagas para enfermeiros com foco em cuidado humanizado"},"content":{"rendered":"\n<p class=\"wp-block-paragraph\"><em>Institui\u00e7\u00e3o com 62 anos de atua\u00e7\u00e3o na sa\u00fade mental busca profissionais para compor sua equipe multidisciplinar; saiba mais sobre as fun\u00e7\u00f5es e como se candidatar.<\/em><\/p>\n\n\n\n<p class=\"wp-block-paragraph\">A Cl\u00ednica Andr\u00e9 Luiz \u2013 Repouso e Reabilita\u00e7\u00e3o, institui\u00e7\u00e3o refer\u00eancia em sa\u00fade na regi\u00e3o de Gar\u00e7a, est\u00e1 com processo seletivo aberto para a contrata\u00e7\u00e3o de enfermeiros e enfermeiras. A institui\u00e7\u00e3o busca profissionais alinhados aos princ\u00edpios do cuidado humanizado, que valorizem o acolhimento e o trabalho em equipe multidisciplinar.<\/p>\n\n\n\n<p class=\"wp-block-paragraph\">Os profissionais selecionados atuar\u00e3o na promo\u00e7\u00e3o da sa\u00fade e do bem-estar dos pacientes, integrando um time preparado para atender diversas especialidades. As fun\u00e7\u00f5es do cargo estar\u00e3o diretamente ligadas aos servi\u00e7os prestados pela cl\u00ednica, que incluem atendimento em sa\u00fade mental, reabilita\u00e7\u00e3o em depend\u00eancia qu\u00edmica e cuidados geri\u00e1tricos.<\/p>\n\n\n\n<p class=\"wp-block-paragraph\">Fundada em 22 de mar\u00e7o de 1962, a Cl\u00ednica Andr\u00e9 Luiz \u00e9 especializada no tratamento de enfermidades relacionadas \u00e0 sa\u00fade mental. Localizada na rua Andr\u00e9 Luiz, 120, no munic\u00edpio de Gar\u00e7a, a institui\u00e7\u00e3o conta com seis unidades de atendimento e atende homens e mulheres com transtornos mentais e depend\u00eancia qu\u00edmica, por meio do conv\u00eanio Unimed e de particulares.<\/p>\n\n\n\n<p class=\"wp-block-paragraph\">Os interessados nas vagas podem obter mais informa\u00e7\u00f5es entrando em contato diretamente com<strong> Luciana<\/strong>, Enfermeira Respons\u00e1vel, pelos telefones (14) 3471-0444 ou (14) 3471-2929.<\/p>\n","protected":false},"excerpt":{"rendered":"<p>Institui\u00e7\u00e3o com 62 anos de atua\u00e7\u00e3o na sa\u00fade mental busca profissionais para compor sua equipe multidisciplinar; saiba mais sobre as fun\u00e7\u00f5es e como se candidatar. A Cl\u00ednica Andr\u00e9 Luiz \u2013 Repouso e Reabilita\u00e7\u00e3o, institui\u00e7\u00e3o refer\u00eancia em sa\u00fade na regi\u00e3o de Gar\u00e7a, est\u00e1 com processo seletivo aberto para a contrata\u00e7\u00e3o de enfermeiros e enfermeiras. A institui\u00e7\u00e3o [&hellip;]<\/p>\n","protected":false},"author":260896548,"featured_media":4037,"comment_status":"open","ping_status":"","sticky":false,"template":"","format":"standard","meta":{"_crdt_document":"","_monsterinsights_skip_tracking":false,"_monsterinsights_sitenote_active":false,"_monsterinsights_sitenote_note":"","_monsterinsights_sitenote_category":0,"advanced_seo_description":"A Cl\u00ednica Andr\u00e9 Luiz est\u00e1 recrutando enfermeiros para a sa\u00fade mental em Gar\u00e7a. Candidate-se e fa\u00e7a parte de um time humanizado e acolhedor.","jetpack_seo_html_title":"Cl\u00ednica Andr\u00e9 Luiz Abre Vagas para Profissionais de Sa\u00fade","jetpack_seo_noindex":false,"_jetpack_newsletter_access":"","_jetpack_dont_email_post_to_subs":false,"_jetpack_newsletter_tier_id":0,"_jetpack_memberships_contains_paywalled_content":false,"_jetpack_memberships_contains_paid_content":false,"footnotes":"","jetpack_publicize_message":"A Cl\u00ednica Andr\u00e9 Luiz, tradicional institui\u00e7\u00e3o de sa\u00fade de Gar\u00e7a est\u00e1 com vagas abertas para enfermeiros(as). \ud83c\udfe5\n\nA institui\u00e7\u00e3o busca profissionais comprometidos com o cuidado humanizado para atuar em sua equipe multidisciplinar, focada em sa\u00fade mental, depend\u00eancia qu\u00edmica e geriatria.\n\nA mat\u00e9ria completa est\u00e1 no Di\u00e1rio de Gar\u00e7a!\nAcesse: diariodegarca.com (link na bio)\n\n#VagasEmprego #Enfermagem #Garca #Sa\u00fadeMental #CuidadoHumanizado #ClinicaAndreLuiz","jetpack_publicize_feature_enabled":true,"jetpack_social_post_already_shared":true,"jetpack_social_options":{"image_generator_settings":{"template":"highway","default_image_id":0,"font":"","enabled":false},"version":2},"_wpas_customize_per_network":false,"jetpack_post_was_ever_published":false},"categories":[781171664,1085867,496224],"tags":[],"class_list":["post-7677","post","type-post","status-publish","format-standard","has-post-thumbnail","hentry","category-garca-cidade","category-processo-seletivo","category-vagas"],"jetpack_publicize_connections":[],"jetpack_featured_media_url":"https:\/\/i0.wp.com\/diariodegarca.com\/wp-content\/uploads\/2025\/06\/enfermeira-feminina-trabalhando-na-clinica.jpg?fit=6048%2C4024&ssl=1","jetpack_likes_enabled":true,"jetpack_sharing_enabled":true,"jetpack_shortlink":"https:\/\/wp.me\/pgitne-1ZP","jetpack-related-posts":[{"id":7281,"url":"https:\/\/diariodegarca.com\/?p=7281","url_meta":{"origin":7677,"position":0},"title":"Cl\u00ednica Andr\u00e9 Luiz em Gar\u00e7a abre vaga para Auxiliar de Secretaria","author":"Di\u00e1rio de Gar\u00e7a","date":"29 de setembro de 2025","format":false,"excerpt":"Institui\u00e7\u00e3o com 62 anos de atua\u00e7\u00e3o na sa\u00fade mental busca profissional com no\u00e7\u00f5es de inform\u00e1tica para integrar equipe multidisciplinar. A\u00a0Cl\u00ednica Andr\u00e9 Luiz \u2013 Repouso e Reabilita\u00e7\u00e3o, localizada em Gar\u00e7a, est\u00e1 com uma vaga em aberto para a fun\u00e7\u00e3o de\u00a0Auxiliar de Secretaria. A oportunidade \u00e9 voltada para o sexo masculino, exige\u2026","rel":"","context":"Em &quot;Gar\u00e7a&quot;","block_context":{"text":"Gar\u00e7a","link":"https:\/\/diariodegarca.com\/?cat=781171664"},"img":{"alt_text":"","src":"https:\/\/i0.wp.com\/diariodegarca.com\/wp-content\/uploads\/2025\/09\/andre-luiz-clinica2.jpg?fit=681%2C511&ssl=1&resize=350%2C200","width":350,"height":200,"srcset":"https:\/\/i0.wp.com\/diariodegarca.com\/wp-content\/uploads\/2025\/09\/andre-luiz-clinica2.jpg?fit=681%2C511&ssl=1&resize=350%2C200 1x, https:\/\/i0.wp.com\/diariodegarca.com\/wp-content\/uploads\/2025\/09\/andre-luiz-clinica2.jpg?fit=681%2C511&ssl=1&resize=525%2C300 1.5x"},"classes":[]},{"id":4034,"url":"https:\/\/diariodegarca.com\/?p=4034","url_meta":{"origin":7677,"position":1},"title":"Cl\u00ednica Andr\u00e9 Luiz abre vagas para auxiliares de enfermagem","author":"Di\u00e1rio de Gar\u00e7a","date":"16 de junho de 2025","format":false,"excerpt":"Oportunidade \u00e9 voltada para profissionais que desejam atuar na reabilita\u00e7\u00e3o de dependentes qu\u00edmicos A\u00a0Cl\u00ednica Andr\u00e9 Luiz, localizada em Gar\u00e7a, est\u00e1 com vagas abertas para\u00a0auxiliares de enfermagem. A institui\u00e7\u00e3o, especializada no\u00a0acolhimento, repouso e reabilita\u00e7\u00e3o de usu\u00e1rios de drogas, busca profissionais comprometidos com o cuidado humanizado. Os interessados devem enviar curr\u00edculo para\u2026","rel":"","context":"Em &quot;Gar\u00e7a&quot;","block_context":{"text":"Gar\u00e7a","link":"https:\/\/diariodegarca.com\/?cat=781171664"},"img":{"alt_text":"","src":"https:\/\/i0.wp.com\/diariodegarca.com\/wp-content\/uploads\/2025\/06\/enfermeira-feminina-trabalhando-na-clinica.jpg?fit=1200%2C798&ssl=1&resize=350%2C200","width":350,"height":200,"srcset":"https:\/\/i0.wp.com\/diariodegarca.com\/wp-content\/uploads\/2025\/06\/enfermeira-feminina-trabalhando-na-clinica.jpg?fit=1200%2C798&ssl=1&resize=350%2C200 1x, https:\/\/i0.wp.com\/diariodegarca.com\/wp-content\/uploads\/2025\/06\/enfermeira-feminina-trabalhando-na-clinica.jpg?fit=1200%2C798&ssl=1&resize=525%2C300 1.5x, https:\/\/i0.wp.com\/diariodegarca.com\/wp-content\/uploads\/2025\/06\/enfermeira-feminina-trabalhando-na-clinica.jpg?fit=1200%2C798&ssl=1&resize=700%2C400 2x, https:\/\/i0.wp.com\/diariodegarca.com\/wp-content\/uploads\/2025\/06\/enfermeira-feminina-trabalhando-na-clinica.jpg?fit=1200%2C798&ssl=1&resize=1050%2C600 3x"},"classes":[]},{"id":5527,"url":"https:\/\/diariodegarca.com\/?p=5527","url_meta":{"origin":7677,"position":2},"title":"Cl\u00ednica Andr\u00e9 Luiz em Gar\u00e7a abre vagas para enfermeiros","author":"Di\u00e1rio de Gar\u00e7a","date":"12 de agosto de 2025","format":false,"excerpt":"Unidade de repouso e reabilita\u00e7\u00e3o busca profissionais para refor\u00e7ar equipe de sa\u00fade. A\u00a0Cl\u00ednica Andr\u00e9 Luiz - Repouso e Reabilita\u00e7\u00e3o, localizada em\u00a0Gar\u00e7a, anunciou a abertura de vagas para\u00a0enfermeiros\u00a0em suas redes sociais. A contrata\u00e7\u00e3o visa fortalecer o quadro de profissionais respons\u00e1veis pelo cuidado integral dos pacientes. Segundo o comunicado, os interessados devem\u2026","rel":"","context":"Em &quot;Gar\u00e7a&quot;","block_context":{"text":"Gar\u00e7a","link":"https:\/\/diariodegarca.com\/?cat=781171664"},"img":{"alt_text":"","src":"","width":0,"height":0},"classes":[]},{"id":9115,"url":"https:\/\/diariodegarca.com\/?p=9115","url_meta":{"origin":7677,"position":3},"title":"Cl\u00ednica Andr\u00e9 Luiz abre vagas para fortalecer equipe de sa\u00fade em Gar\u00e7a","author":"Andreza Sega","date":"27 de novembro de 2025","format":false,"excerpt":"Oportunidades s\u00e3o para as fun\u00e7\u00f5es de Auxiliar de Enfermagem e Auxiliar de Farm\u00e1cia; processo seletivo est\u00e1 em andamento. A Cl\u00ednica Andr\u00e9 Luiz, institui\u00e7\u00e3o de sa\u00fade refer\u00eancia na regi\u00e3o, est\u00e1 com processo seletivo aberto para refor\u00e7ar o seu quadro de colaboradores. S\u00e3o duas oportunidades distintas: uma para Auxiliar de Enfermagem, com\u2026","rel":"","context":"Em &quot;Gar\u00e7a&quot;","block_context":{"text":"Gar\u00e7a","link":"https:\/\/diariodegarca.com\/?cat=781171664"},"img":{"alt_text":"","src":"https:\/\/i0.wp.com\/diariodegarca.com\/wp-content\/uploads\/2025\/11\/enfermeira-se-preparando-para-consultar.jpg?fit=1200%2C800&ssl=1&resize=350%2C200","width":350,"height":200,"srcset":"https:\/\/i0.wp.com\/diariodegarca.com\/wp-content\/uploads\/2025\/11\/enfermeira-se-preparando-para-consultar.jpg?fit=1200%2C800&ssl=1&resize=350%2C200 1x, https:\/\/i0.wp.com\/diariodegarca.com\/wp-content\/uploads\/2025\/11\/enfermeira-se-preparando-para-consultar.jpg?fit=1200%2C800&ssl=1&resize=525%2C300 1.5x, https:\/\/i0.wp.com\/diariodegarca.com\/wp-content\/uploads\/2025\/11\/enfermeira-se-preparando-para-consultar.jpg?fit=1200%2C800&ssl=1&resize=700%2C400 2x, https:\/\/i0.wp.com\/diariodegarca.com\/wp-content\/uploads\/2025\/11\/enfermeira-se-preparando-para-consultar.jpg?fit=1200%2C800&ssl=1&resize=1050%2C600 3x"},"classes":[]},{"id":8643,"url":"https:\/\/diariodegarca.com\/?p=8643","url_meta":{"origin":7677,"position":4},"title":"APAE de Gar\u00e7a abre Processo Seletivo com vagas para professor, psic\u00f3logo e monitor","author":"Andreza Sega","date":"11 de novembro de 2025","format":false,"excerpt":"Institui\u00e7\u00e3o busca profissionais qualificados e com perfil humanizado para compor sua equipe; curr\u00edculos devem ser entregues entre 12 e 14 de novembro. A APAE de Gar\u00e7a est\u00e1 com um Processo Seletivo aberto para preenchimento de tr\u00eas vagas em sua equipe. As oportunidades s\u00e3o para os cargos de Professor, Psic\u00f3logo e\u2026","rel":"","context":"Em &quot;Gar\u00e7a&quot;","block_context":{"text":"Gar\u00e7a","link":"https:\/\/diariodegarca.com\/?cat=781171664"},"img":{"alt_text":"","src":"https:\/\/i0.wp.com\/diariodegarca.com\/wp-content\/uploads\/2025\/10\/concurso-jovem-encaracolada-segurando-documentos.jpg?fit=1200%2C800&ssl=1&resize=350%2C200","width":350,"height":200,"srcset":"https:\/\/i0.wp.com\/diariodegarca.com\/wp-content\/uploads\/2025\/10\/concurso-jovem-encaracolada-segurando-documentos.jpg?fit=1200%2C800&ssl=1&resize=350%2C200 1x, https:\/\/i0.wp.com\/diariodegarca.com\/wp-content\/uploads\/2025\/10\/concurso-jovem-encaracolada-segurando-documentos.jpg?fit=1200%2C800&ssl=1&resize=525%2C300 1.5x, https:\/\/i0.wp.com\/diariodegarca.com\/wp-content\/uploads\/2025\/10\/concurso-jovem-encaracolada-segurando-documentos.jpg?fit=1200%2C800&ssl=1&resize=700%2C400 2x, https:\/\/i0.wp.com\/diariodegarca.com\/wp-content\/uploads\/2025\/10\/concurso-jovem-encaracolada-segurando-documentos.jpg?fit=1200%2C800&ssl=1&resize=1050%2C600 3x"},"classes":[]},{"id":2639,"url":"https:\/\/diariodegarca.com\/?p=2639","url_meta":{"origin":7677,"position":5},"title":"Cl\u00ednica Andr\u00e9 Luiz abre vagas para mulheres no setor de higiene e limpeza","author":"Di\u00e1rio de Gar\u00e7a","date":"12 de mar\u00e7o de 2025","format":false,"excerpt":"Imagem meramente ilustrativa (cr\u00e9ditos da imagem Freepik)A Cl\u00ednica Andr\u00e9 Luiz, institui\u00e7\u00e3o reconhecida no tratamento de enfermidades relacionadas \u00e0 sa\u00fade mental, est\u00e1 com oportunidades de emprego para mulheres acima de 35 anos. As vagas dispon\u00edveis s\u00e3o para atua\u00e7\u00e3o no setor de higiene e limpeza, \u00e1rea essencial para o funcionamento e manuten\u00e7\u00e3o\u2026","rel":"","context":"Em &quot;Brasil&quot;","block_context":{"text":"Brasil","link":"https:\/\/diariodegarca.com\/?cat=38185"},"img":{"alt_text":"","src":"https:\/\/i0.wp.com\/blogger.googleusercontent.com\/img\/b\/R29vZ2xl\/AVvXsEiTWPMsV9i_P1uDFhODfen6MzNckjKxVZol9cV0jYhUc9uq9yG19I6bBMxetsjT0o5YvU2JGK0yOqxJyGt-XZETYbDke8N0Dv2WF71dIxPaK4atc4kw3zNDxROh94l3OIfmBY7L4_pRf1gRnkOMwa0yTI4jQGphFjlvh3zMSpJ3s4qOpaynuRpHLLN3EiI\/s320\/smiling-housekeeping-worker-standing-with-bedclothes-linen-cart.jpg?resize=350%2C200&ssl=1","width":350,"height":200},"classes":[]}],"_links":{"self":[{"href":"https:\/\/diariodegarca.com\/index.php?rest_route=\/wp\/v2\/posts\/7677","targetHints":{"allow":["GET"]}}],"collection":[{"href":"https:\/\/diariodegarca.com\/index.php?rest_route=\/wp\/v2\/posts"}],"about":[{"href":"https:\/\/diariodegarca.com\/index.php?rest_route=\/wp\/v2\/types\/post"}],"author":[{"embeddable":true,"href":"https:\/\/diariodegarca.com\/index.php?rest_route=\/wp\/v2\/users\/260896548"}],"replies":[{"embeddable":true,"href":"https:\/\/diariodegarca.com\/index.php?rest_route=%2Fwp%2Fv2%2Fcomments&post=7677"}],"version-history":[{"count":4,"href":"https:\/\/diariodegarca.com\/index.php?rest_route=\/wp\/v2\/posts\/7677\/revisions"}],"predecessor-version":[{"id":7682,"href":"https:\/\/diariodegarca.com\/index.php?rest_route=\/wp\/v2\/posts\/7677\/revisions\/7682"}],"wp:featuredmedia":[{"embeddable":true,"href":"https:\/\/diariodegarca.com\/index.php?rest_route=\/wp\/v2\/media\/4037"}],"wp:attachment":[{"href":"https:\/\/diariodegarca.com\/index.php?rest_route=%2Fwp%2Fv2%2Fmedia&parent=7677"}],"wp:term":[{"taxonomy":"category","embeddable":true,"href":"https:\/\/diariodegarca.com\/index.php?rest_route=%2Fwp%2Fv2%2Fcategories&post=7677"},{"taxonomy":"post_tag","embeddable":true,"href":"https:\/\/diariodegarca.com\/index.php?rest_route=%2Fwp%2Fv2%2Ftags&post=7677"}],"curies":[{"name":"wp","href":"https:\/\/api.w.org\/{rel}","templated":true}]}}