{"id":7762,"date":"2025-10-16T18:54:58","date_gmt":"2025-10-16T21:54:58","guid":{"rendered":"https:\/\/diariodegarca.com\/?p=7762"},"modified":"2025-10-16T18:54:58","modified_gmt":"2025-10-16T21:54:58","slug":"clube-de-cinema-de-marilia-exibe-a-hora-do-mal-novo-terror-aclamado-de-zach-cregger","status":"publish","type":"post","link":"https:\/\/diariodegarca.com\/?p=7762","title":{"rendered":"Clube de Cinema de Mar\u00edlia exibe &#8220;A Hora do Mal&#8221;, novo terror aclamado de Zach Cregger"},"content":{"rendered":"\n<p class=\"wp-block-paragraph\"><em>Sess\u00e3o gratuita no s\u00e1bado (18\/10) explora o filme de terror que tece um quebra-cabe\u00e7a social sobre p\u00e2nico moral e a eros\u00e3o da empatia na era digital.<\/em><\/p>\n\n\n\n<p class=\"wp-block-paragraph\">O Clube de Cinema de Mar\u00edlia prepara uma sess\u00e3o especial para o pr\u00f3ximo <strong>s\u00e1bado, 18 de outubro<\/strong>, com a exibi\u00e7\u00e3o do aguardado filme &#8220;<strong>A Hora do Mal<\/strong>&#8221; (Weapons, 2025). A obra, do diretor Zach Cregger (de &#8220;Barbarian&#8221;), ser\u00e1 apresentada <strong>\u00e0s 20h, com entrada franca<\/strong>.<\/p>\n\n\n\n<p class=\"wp-block-paragraph\">Mais do que um simples filme de terror, &#8220;<strong>A Hora do Mal<\/strong>&#8221; se estabelece como um quebra-cabe\u00e7a narrativo de atmosfera densa. A trama parte de um evento chocante: o desaparecimento simult\u00e2neo de 17 crian\u00e7as \u00e0s 2h17. A partir da\u00ed, o filme costura diferentes pontos de vista, acompanhando a crescente press\u00e3o sobre uma professora enquanto a comunidade se despeda\u00e7a.<\/p>\n\n\n\n<p class=\"wp-block-paragraph\">A pel\u00edcula \u00e9 lida pela cr\u00edtica como uma potente sobre os tempos atuais. Ela encena conceitos como o p\u00e2nico moral, a desconfian\u00e7a generalizada nas institui\u00e7\u00f5es, o papel das bolhas digitais e a perigosa busca por bodes expiat\u00f3rios. Em seu cerne, a narrativa investiga a natureza do medo coletivo e a eros\u00e3o da empatia em uma sociedade sob tens\u00e3o.<\/p>\n\n\n\n<p class=\"wp-block-paragraph\">Com um elenco estelar que inclui Julia Garner (&#8220;Ozark&#8221;), Josh Brolin (&#8220;Duna&#8221;) e Alden Ehrenreich (&#8220;Rua do Medo: 1994&#8221;), o filme promete manter o p\u00fablico em suspense durante seus 128 minutos. A curadoria da sess\u00e3o \u00e9 de Cristiano Anechini.<\/p>\n\n\n\n<p class=\"wp-block-paragraph\">A exibi\u00e7\u00e3o ser\u00e1 realizada na avenida Sampaio Vidal, 245, com entrada pelo Museu de Paleontologia. N\u00e3o \u00e9 necess\u00e1rio retirar ingressos antecipadamente, mas os organizadores recomendam que os espectadores cheguem com pelo menos 15 minutos de anteced\u00eancia para garantir um bom lugar.<\/p>\n","protected":false},"excerpt":{"rendered":"<p>Sess\u00e3o gratuita no s\u00e1bado (18\/10) explora o filme de terror que tece um quebra-cabe\u00e7a social sobre p\u00e2nico moral e a eros\u00e3o da empatia na era digital. O Clube de Cinema de Mar\u00edlia prepara uma sess\u00e3o especial para o pr\u00f3ximo s\u00e1bado, 18 de outubro, com a exibi\u00e7\u00e3o do aguardado filme &#8220;A Hora do Mal&#8221; (Weapons, 2025). [&hellip;]<\/p>\n","protected":false},"author":260896546,"featured_media":7764,"comment_status":"open","ping_status":"open","sticky":false,"template":"","format":"standard","meta":{"_monsterinsights_skip_tracking":false,"advanced_seo_description":"Participe da sess\u00e3o gratuita do filme 'A Hora do Mal' em Mar\u00edlia, que explora p\u00e2nico moral e a eros\u00e3o da empatia na era digital.","jetpack_seo_html_title":"Sess\u00e3o Gr\u00e1tis: 'A Hora do Mal' e o Medo na Era Digital","jetpack_seo_noindex":false,"jetpack_seo_schema_type":"","_jetpack_newsletter_access":"","_jetpack_dont_email_post_to_subs":false,"_jetpack_newsletter_tier_id":0,"_jetpack_memberships_contains_paywalled_content":false,"_wpcom_ai_launchpad_first_post":false,"_jetpack_feature_clip_id":0,"_jetpack_memberships_contains_paid_content":false,"footnotes":"","jetpack_publicize_message":"\u23f0 O Clube de Cinema de Mar\u00edlia apresenta a sess\u00e3o especial de \"A Hora do Mal\", novo filme de Zach Cregger (\"Barbarian\").\n\nO longa, que j\u00e1 est\u00e1 dando o que falar, vai muito al\u00e9m do susto f\u00e1cil. Ele constr\u00f3i um quebra-cabe\u00e7a social a partir do desaparecimento de 17 crian\u00e7as, explorando o p\u00e2nico moral, a busca por culpados, a influ\u00eancia das bolhas digitais e a eros\u00e3o da empatia coletiva.\n\nQuer saber mais detalhes sobre o filme e a sess\u00e3o? A mat\u00e9ria completa est\u00e1 no nosso site! Link na bio.\n\n#ClubeDeCinemaDeMar\u00edlia #AHoraDoMal #Weapons #ZachCregger #JuliaGarner #JoshBrolin #Terror #CineDebate #Gratuito #SessaoEspecial #CinemaEmMar\u00edlia","jetpack_publicize_feature_enabled":true,"jetpack_social_post_already_shared":false,"jetpack_social_options":{"image_generator_settings":{"template":"dois","default_image_id":0,"font":"","enabled":true,"token":"eyJpbWciOiJodHRwczpcL1wvZGlhcmlvZGVnYXJjYS5jb21cL3dwLWNvbnRlbnRcL3VwbG9hZHNcLzIwMjVcLzEwXC9hLWhvcmEtZG8tbWFsLTEwMjR4NTc2LmpwZyIsInR4dCI6IkNsdWJlIGRlIENpbmVtYSBkZSBNYXJcdTAwZWRsaWEgZXhpYmUgJiM4MjIwO0EgSG9yYSBkbyBNYWwmIzgyMjE7LCBub3ZvIHRlcnJvciBhY2xhbWFkbyBkZSBaYWNoIENyZWdnZXIiLCJ0ZW1wbGF0ZSI6ImRvaXMiLCJmb250IjoiIiwiYmxvZ19pZCI6MjQwODI0MTk2fQ.nNohx002I9jY7_OKpdt-JXlkIJtHY_VYDrNUsl9ePYkMQ","image_type":"featured","custom_text":""},"version":2},"_wpas_customize_per_network":false,"jetpack_post_was_ever_published":false},"categories":[597,2367,683453294],"tags":[],"class_list":["post-7762","post","type-post","status-publish","format-standard","has-post-thumbnail","hentry","category-cinema","category-cultura","category-marilia-cidade"],"jetpack_publicize_connections":[],"jetpack_likes_enabled":true,"jetpack_sharing_enabled":true,"jetpack_shortlink":"https:\/\/wp.me\/pgitne-21c","jetpack-related-posts":[{"id":2228,"url":"https:\/\/diariodegarca.com\/?p=2228","url_meta":{"origin":7762,"position":0},"title":"Clube de Cinema de Mar\u00edlia realiza &#034;I Mostra Chema de Guerrilla&#034; com filmes gratuitos","author":"Di\u00e1rio de Gar\u00e7a","date":"1 de maio de 2025","format":false,"excerpt":"De 1\u00ba a 4 de maio, o Clube de Cinema de Mar\u00edlia promove a I Mostra Chema de Guerrilla, uma programa\u00e7\u00e3o gratuita que re\u00fane produ\u00e7\u00f5es nacionais e internacionais com tem\u00e1ticas variadas, incluindo drama, terror, fic\u00e7\u00e3o cient\u00edfica e document\u00e1rios. O evento acontece no espa\u00e7o cultural localizado na avenida Sampaio Vidal, 215\u2026","rel":"","context":"Em &quot;Brasil&quot;","block_context":{"text":"Brasil","link":"https:\/\/diariodegarca.com\/?cat=38185"},"img":{"alt_text":"","src":"","width":0,"height":0},"classes":[]},{"id":8751,"url":"https:\/\/diariodegarca.com\/?p=8751","url_meta":{"origin":7762,"position":1},"title":"Clube de Cinema de Mar\u00edlia inicia M\u00eas da Consci\u00eancia Negra com obra-prima do Senegal","author":"Andreza Sega","date":"14 de novembro de 2025","format":false,"excerpt":"Sess\u00e3o gratuita no s\u00e1bado exibe \"Touki Bouki\", filme de 1973 que se tornou refer\u00eancia do cinema africano moderno. O Clube de Cinema de Mar\u00edlia d\u00e1 in\u00edcio \u00e0 sua curadoria especial do M\u00eas da Consci\u00eancia Negra com uma joia da cinematografia africana: \"Touki Bouki\" (Senegal, 1973), do vision\u00e1rio diretor Djibril Diop\u2026","rel":"","context":"Em &quot;Cinema&quot;","block_context":{"text":"Cinema","link":"https:\/\/diariodegarca.com\/?cat=597"},"img":{"alt_text":"","src":"https:\/\/i0.wp.com\/diariodegarca.com\/wp-content\/uploads\/2025\/11\/SnapInsta.to_581029444_17990264333897023_4228072672515557551_n.jpg?fit=1080%2C720&ssl=1&resize=350%2C200","width":350,"height":200,"srcset":"https:\/\/i0.wp.com\/diariodegarca.com\/wp-content\/uploads\/2025\/11\/SnapInsta.to_581029444_17990264333897023_4228072672515557551_n.jpg?fit=1080%2C720&ssl=1&resize=350%2C200 1x, https:\/\/i0.wp.com\/diariodegarca.com\/wp-content\/uploads\/2025\/11\/SnapInsta.to_581029444_17990264333897023_4228072672515557551_n.jpg?fit=1080%2C720&ssl=1&resize=525%2C300 1.5x, https:\/\/i0.wp.com\/diariodegarca.com\/wp-content\/uploads\/2025\/11\/SnapInsta.to_581029444_17990264333897023_4228072672515557551_n.jpg?fit=1080%2C720&ssl=1&resize=700%2C400 2x, https:\/\/i0.wp.com\/diariodegarca.com\/wp-content\/uploads\/2025\/11\/SnapInsta.to_581029444_17990264333897023_4228072672515557551_n.jpg?fit=1080%2C720&ssl=1&resize=1050%2C600 3x"},"classes":[]},{"id":6018,"url":"https:\/\/diariodegarca.com\/?p=6018","url_meta":{"origin":7762,"position":2},"title":"Mar\u00edlia exibe drama familiar estrelado no Clube de Cinema","author":"Di\u00e1rio de Gar\u00e7a","date":"23 de agosto de 2025","format":false,"excerpt":"Sess\u00e3o gratuita neste domingo (24) apresenta filme de 2005 dirigido por Rebecca Miller. O Clube de Cinema de Mar\u00edlia apresenta em sua sess\u00e3o deste domingo, 24 de agosto, um filme que une cinema de qualidade a uma curiosidade familiar hollywoodiana.\u00a0A Balada de Jack e Rose\u00a0(2005) \u00e9 estrelado por Daniel Day-Lewis,\u2026","rel":"","context":"Em &quot;Cinema&quot;","block_context":{"text":"Cinema","link":"https:\/\/diariodegarca.com\/?cat=597"},"img":{"alt_text":"","src":"https:\/\/i0.wp.com\/diariodegarca.com\/wp-content\/uploads\/2025\/08\/snapinsta.to_537252793_17980893188897023_2940332536538434424_n.webp?fit=1080%2C608&ssl=1&resize=350%2C200","width":350,"height":200,"srcset":"https:\/\/i0.wp.com\/diariodegarca.com\/wp-content\/uploads\/2025\/08\/snapinsta.to_537252793_17980893188897023_2940332536538434424_n.webp?fit=1080%2C608&ssl=1&resize=350%2C200 1x, https:\/\/i0.wp.com\/diariodegarca.com\/wp-content\/uploads\/2025\/08\/snapinsta.to_537252793_17980893188897023_2940332536538434424_n.webp?fit=1080%2C608&ssl=1&resize=525%2C300 1.5x, https:\/\/i0.wp.com\/diariodegarca.com\/wp-content\/uploads\/2025\/08\/snapinsta.to_537252793_17980893188897023_2940332536538434424_n.webp?fit=1080%2C608&ssl=1&resize=700%2C400 2x, https:\/\/i0.wp.com\/diariodegarca.com\/wp-content\/uploads\/2025\/08\/snapinsta.to_537252793_17980893188897023_2940332536538434424_n.webp?fit=1080%2C608&ssl=1&resize=1050%2C600 3x"},"classes":[]},{"id":2651,"url":"https:\/\/diariodegarca.com\/?p=2651","url_meta":{"origin":7762,"position":3},"title":"Mar\u00edlia exibe gratuitamente o filme &#034;A Hora da Estrela&#034;","author":"Di\u00e1rio de Gar\u00e7a","date":"11 de mar\u00e7o de 2025","format":false,"excerpt":"A Prefeitura de Mar\u00edlia, em parceria com o Pontos MIS e o patroc\u00ednio da Petrobras, promove uma sess\u00e3o especial do filme \"A Hora da Estrela\" no pr\u00f3ximo dia 13 de mar\u00e7o, \u00e0s 20h, na Sala de Proje\u00e7\u00e3o do Clube de Cinema de Mar\u00edlia \"Emilio Pedutti Filho\". A entrada \u00e9 gratuita\u2026","rel":"","context":"Em &quot;Brasil&quot;","block_context":{"text":"Brasil","link":"https:\/\/diariodegarca.com\/?cat=38185"},"img":{"alt_text":"","src":"","width":0,"height":0},"classes":[]},{"id":9383,"url":"https:\/\/diariodegarca.com\/?p=9383","url_meta":{"origin":7762,"position":4},"title":"Mostra Mercosul Audiovisual leva um mosaico de hist\u00f3rias latino-americanas a Mar\u00edlia","author":"Andreza Sega","date":"6 de dezembro de 2025","format":false,"excerpt":"Sess\u00e3o gratuita no domingo exibe seis curtas de quatro pa\u00edses, explorando mem\u00f3ria, territ\u00f3rio e identidade no continente. A conex\u00e3o entre as hist\u00f3rias do continente ganha tela em Mar\u00edlia. Neste domingo, 7 de dezembro, \u00e0s 20h, o\u00a0Clube de Cinema de Mar\u00edlia\u00a0recebe uma sess\u00e3o especial da\u00a02\u00aa Mostra Mercosul Audiovisual. Com o tema\u00a0\u201cTerrit\u00f3rios\u2026","rel":"","context":"Em &quot;Cinema&quot;","block_context":{"text":"Cinema","link":"https:\/\/diariodegarca.com\/?cat=597"},"img":{"alt_text":"","src":"https:\/\/i0.wp.com\/diariodegarca.com\/wp-content\/uploads\/2025\/12\/dois-riachoes-cacau-e-liberdade.jpg?fit=1200%2C557&ssl=1&resize=350%2C200","width":350,"height":200,"srcset":"https:\/\/i0.wp.com\/diariodegarca.com\/wp-content\/uploads\/2025\/12\/dois-riachoes-cacau-e-liberdade.jpg?fit=1200%2C557&ssl=1&resize=350%2C200 1x, https:\/\/i0.wp.com\/diariodegarca.com\/wp-content\/uploads\/2025\/12\/dois-riachoes-cacau-e-liberdade.jpg?fit=1200%2C557&ssl=1&resize=525%2C300 1.5x, https:\/\/i0.wp.com\/diariodegarca.com\/wp-content\/uploads\/2025\/12\/dois-riachoes-cacau-e-liberdade.jpg?fit=1200%2C557&ssl=1&resize=700%2C400 2x, https:\/\/i0.wp.com\/diariodegarca.com\/wp-content\/uploads\/2025\/12\/dois-riachoes-cacau-e-liberdade.jpg?fit=1200%2C557&ssl=1&resize=1050%2C600 3x"},"classes":[]},{"id":9137,"url":"https:\/\/diariodegarca.com\/?p=9137","url_meta":{"origin":7762,"position":5},"title":"Mostra de Cinema Nipo-Brasileiro em Mar\u00edlia com duas pr\u00e9-estreias nesta sexta","author":"Andreza Sega","date":"27 de novembro de 2025","format":false,"excerpt":"Clube de Cinema de Mar\u00edlia exibe tr\u00eas curtas da Kannon Filmes, incluindo \"Amarelo Limbo\" e \"Gambatte!\", em sess\u00e3o gratuita e acess\u00edvel que revela hist\u00f3rias n\u00e3o contadas da imigra\u00e7\u00e3o japonesa. O cinema como ferramenta de resgate hist\u00f3rico e celebra\u00e7\u00e3o da identidade toma conta do Clube de Cinema de Mar\u00edlia em uma\u2026","rel":"","context":"Em &quot;Cinema&quot;","block_context":{"text":"Cinema","link":"https:\/\/diariodegarca.com\/?cat=597"},"img":{"alt_text":"","src":"https:\/\/i0.wp.com\/diariodegarca.com\/wp-content\/uploads\/2025\/11\/documentario-bon-odori-2-e1764267728283.jpg?fit=788%2C467&ssl=1&resize=350%2C200","width":350,"height":200,"srcset":"https:\/\/i0.wp.com\/diariodegarca.com\/wp-content\/uploads\/2025\/11\/documentario-bon-odori-2-e1764267728283.jpg?fit=788%2C467&ssl=1&resize=350%2C200 1x, https:\/\/i0.wp.com\/diariodegarca.com\/wp-content\/uploads\/2025\/11\/documentario-bon-odori-2-e1764267728283.jpg?fit=788%2C467&ssl=1&resize=525%2C300 1.5x, https:\/\/i0.wp.com\/diariodegarca.com\/wp-content\/uploads\/2025\/11\/documentario-bon-odori-2-e1764267728283.jpg?fit=788%2C467&ssl=1&resize=700%2C400 2x"},"classes":[]}],"jetpack_featured_media_url":"https:\/\/i0.wp.com\/diariodegarca.com\/wp-content\/uploads\/2025\/10\/a-hora-do-mal.jpg?fit=1080%2C608&ssl=1","_links":{"self":[{"href":"https:\/\/diariodegarca.com\/index.php?rest_route=\/wp\/v2\/posts\/7762","targetHints":{"allow":["GET"]}}],"collection":[{"href":"https:\/\/diariodegarca.com\/index.php?rest_route=\/wp\/v2\/posts"}],"about":[{"href":"https:\/\/diariodegarca.com\/index.php?rest_route=\/wp\/v2\/types\/post"}],"author":[{"embeddable":true,"href":"https:\/\/diariodegarca.com\/index.php?rest_route=\/wp\/v2\/users\/260896546"}],"replies":[{"embeddable":true,"href":"https:\/\/diariodegarca.com\/index.php?rest_route=%2Fwp%2Fv2%2Fcomments&post=7762"}],"version-history":[{"count":3,"href":"https:\/\/diariodegarca.com\/index.php?rest_route=\/wp\/v2\/posts\/7762\/revisions"}],"predecessor-version":[{"id":7766,"href":"https:\/\/diariodegarca.com\/index.php?rest_route=\/wp\/v2\/posts\/7762\/revisions\/7766"}],"wp:featuredmedia":[{"embeddable":true,"href":"https:\/\/diariodegarca.com\/index.php?rest_route=\/wp\/v2\/media\/7764"}],"wp:attachment":[{"href":"https:\/\/diariodegarca.com\/index.php?rest_route=%2Fwp%2Fv2%2Fmedia&parent=7762"}],"wp:term":[{"taxonomy":"category","embeddable":true,"href":"https:\/\/diariodegarca.com\/index.php?rest_route=%2Fwp%2Fv2%2Fcategories&post=7762"},{"taxonomy":"post_tag","embeddable":true,"href":"https:\/\/diariodegarca.com\/index.php?rest_route=%2Fwp%2Fv2%2Ftags&post=7762"}],"curies":[{"name":"wp","href":"https:\/\/api.w.org\/{rel}","templated":true}]}}