{"id":7848,"date":"2025-10-20T16:13:34","date_gmt":"2025-10-20T19:13:34","guid":{"rendered":"https:\/\/diariodegarca.com\/?p=7848"},"modified":"2025-10-24T10:41:59","modified_gmt":"2025-10-24T13:41:59","slug":"apreensao-de-drogas-e-prisao-marcam-operacao-policial-na-vila-barros-em-marilia","status":"publish","type":"post","link":"https:\/\/diariodegarca.com\/?p=7848","title":{"rendered":"Apreens\u00e3o de drogas e pris\u00e3o marcam opera\u00e7\u00e3o policial na Vila Barros, em Mar\u00edlia"},"content":{"rendered":"\n<p class=\"wp-block-paragraph\">Adolescente tamb\u00e9m foi apreendido com a dupla, que foi flagrada comercializando entorpecentes em via p\u00fablica.<\/p>\n\n\n\n<p class=\"wp-block-paragraph\">Em uma a\u00e7\u00e3o de patrulhamento de rotina realizada no \u00faltimo s\u00e1bado (18), na Vila Barros, zona norte de Mar\u00edlia, policiais militares da For\u00e7a T\u00e1tica prenderam em flagrante um homem e apreenderam um adolescente por tr\u00e1fico de drogas. A dupla foi surpreendida pelos agentes enquanto realizava a venda de entorpecentes em uma via p\u00fablica.<\/p>\n\n\n\n<p class=\"wp-block-paragraph\">Com o homem adulto, os policiais encontraram R$ 222,00 em dinheiro, considerado fruto do crime, 80 por\u00e7\u00f5es de maconha, 56 microtubos do mesmo entorpecente, 50 por\u00e7\u00f5es de &#8220;dry&#8221; \u2013 uma vers\u00e3o sint\u00e9tica da maconha \u2013 e um aparelho celular.<\/p>\n\n\n\n<p class=\"wp-block-paragraph\">J\u00e1 o adolescente estava de posse de 169 microtubos de coca\u00edna, um celular e uma mochila que continha mais 100 por\u00e7\u00f5es da mesma droga, acondicionadas de forma semelhante. A quantidade e a embalagem indicam a pr\u00e1tica de tr\u00e1fico em pequena escala.<\/p>\n\n\n\n<p class=\"wp-block-paragraph\">Diante do volume de drogas apreendidas e das circunst\u00e2ncias do flagrante, o homem foi autuado pelos crimes de tr\u00e1fico de drogas, associa\u00e7\u00e3o para o tr\u00e1fico e corrup\u00e7\u00e3o de menor. O adolescente foi encaminhado pelas medidas previstas no Estatuto da Crian\u00e7a e do Adolescente (ECA). A pris\u00e3o em flagrante do adulto foi subsequentemente ratificada na Central de Pol\u00edcia Judici\u00e1ria de Mar\u00edlia.<\/p>\n","protected":false},"excerpt":{"rendered":"<p>Adolescente tamb\u00e9m foi apreendido com a dupla, que foi flagrada comercializando entorpecentes em via p\u00fablica. Em uma a\u00e7\u00e3o de patrulhamento de rotina realizada no \u00faltimo s\u00e1bado (18), na Vila Barros, zona norte de Mar\u00edlia, policiais militares da For\u00e7a T\u00e1tica prenderam em flagrante um homem e apreenderam um adolescente por tr\u00e1fico de drogas. A dupla foi [&hellip;]<\/p>\n","protected":false},"author":260896548,"featured_media":7996,"comment_status":"open","ping_status":"open","sticky":false,"template":"","format":"standard","meta":{"_crdt_document":"","_monsterinsights_skip_tracking":false,"_monsterinsights_sitenote_active":false,"_monsterinsights_sitenote_note":"","_monsterinsights_sitenote_category":0,"advanced_seo_description":"Pol\u00edcia prende homem e apreende adolescente por tr\u00e1fico de drogas em Mar\u00edlia. Descubra detalhes da a\u00e7\u00e3o e apreens\u00f5es feitas no local.","jetpack_seo_html_title":"Pol\u00edcia apreende dupla por tr\u00e1fico de drogas em Mar\u00edlia","jetpack_seo_noindex":false,"_jetpack_newsletter_access":"","_jetpack_dont_email_post_to_subs":false,"_jetpack_newsletter_tier_id":0,"_jetpack_memberships_contains_paywalled_content":false,"_jetpack_memberships_contains_paid_content":false,"footnotes":"","jetpack_publicize_message":"Apreens\u00e3o de drogas e pris\u00e3o marcam opera\u00e7\u00e3o da For\u00e7a T\u00e1tica em Mar\u00edlia. \ud83d\udd0d\n\nEm a\u00e7\u00e3o de patrulhamento no \u00faltimo s\u00e1bado (18), na Vila Barros, policiais flagraram um homem e um adolescente traficando drogas em via p\u00fablica.\n\n\ud83d\udcd6 Leia a mat\u00e9ria completa com todos os detalhes no site diariodegarca.com (link na bio)\n\n#Seguran\u00e7aP\u00fablica #Opera\u00e7\u00e3oPolicial #Mar\u00edlia #CombateAoTr\u00e1fico #Apreens\u00e3oDeDrogas #Not\u00edciaDeMar\u00edlia #9\u00baBPM","jetpack_publicize_feature_enabled":true,"jetpack_social_post_already_shared":false,"jetpack_social_options":{"image_generator_settings":{"template":"highway","default_image_id":0,"font":"","enabled":false},"version":2},"_wpas_customize_per_network":false,"jetpack_post_was_ever_published":false},"categories":[683453294,21243],"tags":[],"class_list":["post-7848","post","type-post","status-publish","format-standard","has-post-thumbnail","hentry","category-marilia-cidade","category-seguranca"],"jetpack_publicize_connections":[],"jetpack_featured_media_url":"https:\/\/i0.wp.com\/diariodegarca.com\/wp-content\/uploads\/2025\/10\/WhatsApp-Image-2025-10-20-at-15.14.20.jpeg?fit=1280%2C721&ssl=1","jetpack_likes_enabled":true,"jetpack_sharing_enabled":true,"jetpack_shortlink":"https:\/\/wp.me\/pgitne-22A","jetpack-related-posts":[{"id":3861,"url":"https:\/\/diariodegarca.com\/?p=3861","url_meta":{"origin":7848,"position":0},"title":"Pol\u00edcia Militar desarticula rede de drogas e prende procurados em Mar\u00edlia e Echapor\u00e3","author":"Di\u00e1rio de Gar\u00e7a","date":"10 de junho de 2025","format":false,"excerpt":"Opera\u00e7\u00f5es da For\u00e7a T\u00e1tica resultam em apreens\u00e3o de entorpecentes, armas e captura de criminosos A Pol\u00edcia Militar do Estado de S\u00e3o Paulo segue atuando no combate ao crime, seja no enfrentamento ao tr\u00e1fico de drogas, na apreens\u00e3o de armas ilegais ou na captura de procurados pela justi\u00e7a. Opera\u00e7\u00f5es recentes do\u2026","rel":"","context":"Em &quot;Echapor\u00e3&quot;","block_context":{"text":"Echapor\u00e3","link":"https:\/\/diariodegarca.com\/?cat=9098997"},"img":{"alt_text":"","src":"","width":0,"height":0},"classes":[]},{"id":4816,"url":"https:\/\/diariodegarca.com\/?p=4816","url_meta":{"origin":7848,"position":1},"title":"Mar\u00edlia, Tup\u00e3 e G\u00e1lia: PM prende suspeitos de tr\u00e1fico e recaptura foragido em opera\u00e7\u00f5es\u00a0","author":"Di\u00e1rio de Gar\u00e7a","date":"18 de julho de 2025","format":false,"excerpt":"A\u00e7\u00f5es do 9\u00ba BPM resultaram em apreens\u00e3o de drogas, dinheiro e materiais usados no com\u00e9rcio ilegal; veja detalhes das ocorr\u00eancias. Na noite de quinta-feira, dia 17 de julho, e madrugada de sexta, dia 18 de julho, policiais militares do 9\u00ba Batalh\u00e3o do Interior intensificaram opera\u00e7\u00f5es contra o tr\u00e1fico de drogas\u2026","rel":"","context":"Em &quot;G\u00e1lia&quot;","block_context":{"text":"G\u00e1lia","link":"https:\/\/diariodegarca.com\/?cat=1600904"},"img":{"alt_text":"","src":"","width":0,"height":0},"classes":[]},{"id":2644,"url":"https:\/\/diariodegarca.com\/?p=2644","url_meta":{"origin":7848,"position":2},"title":"For\u00e7a T\u00e1tica e Canil apreendem mais de tr\u00eas quilos de drogas em Mar\u00edlia","author":"Di\u00e1rio de Gar\u00e7a","date":"12 de mar\u00e7o de 2025","format":false,"excerpt":"Apreens\u00e3o de entorpecentes (cr\u00e9ditos da imagem\u00a09BPMI) \u00a0Na ter\u00e7a-feira, dia 11 de mar\u00e7o, por volta das 12h, policiais militares do 9\u00ba Batalh\u00e3o de Pol\u00edcia Militar do Interior, em conjunto com o Canil do 13\u00ba BAEP (Batalh\u00e3o de A\u00e7\u00f5es Especiais), realizaram uma opera\u00e7\u00e3o de combate ao tr\u00e1fico de drogas na Vila Barros,\u2026","rel":"","context":"Em &quot;Brasil&quot;","block_context":{"text":"Brasil","link":"https:\/\/diariodegarca.com\/?cat=38185"},"img":{"alt_text":"","src":"","width":0,"height":0},"classes":[]},{"id":8867,"url":"https:\/\/diariodegarca.com\/?p=8867","url_meta":{"origin":7848,"position":3},"title":"Opera\u00e7\u00e3o Renoe apreende adolescente com drogas em Mar\u00edlia","author":"Andreza Sega","date":"21 de novembro de 2025","format":false,"excerpt":"A\u00e7\u00e3o policial com apoio a\u00e9reo intercepta jovem com mais de 150 por\u00e7\u00f5es de entorpecentes no Parque das Azaleias. A Opera\u00e7\u00e3o Renoe, desencadeada na manh\u00e3 de quarta-feira, 19 de novembro, resultou na apreens\u00e3o de um adolescente e de uma significativa quantidade de drogas na regi\u00e3o do Parque das Azaleias, em Mar\u00edlia.\u2026","rel":"","context":"Em &quot;Mar\u00edlia&quot;","block_context":{"text":"Mar\u00edlia","link":"https:\/\/diariodegarca.com\/?cat=683453294"},"img":{"alt_text":"","src":"https:\/\/i0.wp.com\/diariodegarca.com\/wp-content\/uploads\/2025\/11\/WhatsApp-Image-2025-11-21-at-15.53.41.jpeg?fit=1200%2C735&ssl=1&resize=350%2C200","width":350,"height":200,"srcset":"https:\/\/i0.wp.com\/diariodegarca.com\/wp-content\/uploads\/2025\/11\/WhatsApp-Image-2025-11-21-at-15.53.41.jpeg?fit=1200%2C735&ssl=1&resize=350%2C200 1x, https:\/\/i0.wp.com\/diariodegarca.com\/wp-content\/uploads\/2025\/11\/WhatsApp-Image-2025-11-21-at-15.53.41.jpeg?fit=1200%2C735&ssl=1&resize=525%2C300 1.5x, https:\/\/i0.wp.com\/diariodegarca.com\/wp-content\/uploads\/2025\/11\/WhatsApp-Image-2025-11-21-at-15.53.41.jpeg?fit=1200%2C735&ssl=1&resize=700%2C400 2x, https:\/\/i0.wp.com\/diariodegarca.com\/wp-content\/uploads\/2025\/11\/WhatsApp-Image-2025-11-21-at-15.53.41.jpeg?fit=1200%2C735&ssl=1&resize=1050%2C600 3x"},"classes":[]},{"id":10121,"url":"https:\/\/diariodegarca.com\/?p=10121","url_meta":{"origin":7848,"position":4},"title":"T\u00e1tico apreende armas e drogas em resid\u00eancia de suspeito em J\u00falio Mesquita","author":"Di\u00e1rio de Gar\u00e7a","date":"18 de janeiro de 2026","format":false,"excerpt":"Um homem foi preso em J\u00falio Mesquita por tr\u00e1fico de drogas e posse ilegal de arma, ap\u00f3s abordagem policial que resultou em apreens\u00f5es significativas de entorpecentes e uma espingarda.","rel":"","context":"Em &quot;J\u00falio Mesquita&quot;","block_context":{"text":"J\u00falio Mesquita","link":"https:\/\/diariodegarca.com\/?cat=5925410"},"img":{"alt_text":"","src":"https:\/\/i0.wp.com\/diariodegarca.com\/wp-content\/uploads\/2026\/01\/julio-mesquita-e1768782136499.jpg?fit=1080%2C648&ssl=1&resize=350%2C200","width":350,"height":200,"srcset":"https:\/\/i0.wp.com\/diariodegarca.com\/wp-content\/uploads\/2026\/01\/julio-mesquita-e1768782136499.jpg?fit=1080%2C648&ssl=1&resize=350%2C200 1x, https:\/\/i0.wp.com\/diariodegarca.com\/wp-content\/uploads\/2026\/01\/julio-mesquita-e1768782136499.jpg?fit=1080%2C648&ssl=1&resize=525%2C300 1.5x, https:\/\/i0.wp.com\/diariodegarca.com\/wp-content\/uploads\/2026\/01\/julio-mesquita-e1768782136499.jpg?fit=1080%2C648&ssl=1&resize=700%2C400 2x, https:\/\/i0.wp.com\/diariodegarca.com\/wp-content\/uploads\/2026\/01\/julio-mesquita-e1768782136499.jpg?fit=1080%2C648&ssl=1&resize=1050%2C600 3x"},"classes":[]},{"id":6208,"url":"https:\/\/diariodegarca.com\/?p=6208","url_meta":{"origin":7848,"position":5},"title":"Apreens\u00e3o de mais de 1,7 mil por\u00e7\u00f5es de drogas resulta em pris\u014des em Mar\u00edlia","author":"Di\u00e1rio de Gar\u00e7a","date":"30 de agosto de 2025","format":false,"excerpt":"Opera\u00e7\u00e3o em \u00e1rea conhecida pela atua\u00e7\u00e3o do tr\u00e1fico interceptou dupla e encontrou coca\u00edna, crack e maconha. Em a\u00e7\u00e3o de patrulhamento preventivo na tarde de sexta-feira, 29 de agosto, agentes do 9\u00b0 Batalh\u00e3o do Interior deflagraram uma opera\u00e7\u00e3o contra o tr\u00e1fico de drogas no Parque das Azal\u00e9ias, em Mar\u00edlia. A regi\u00e3o\u2026","rel":"","context":"Em &quot;Mar\u00edlia&quot;","block_context":{"text":"Mar\u00edlia","link":"https:\/\/diariodegarca.com\/?cat=683453294"},"img":{"alt_text":"","src":"https:\/\/i0.wp.com\/diariodegarca.com\/wp-content\/uploads\/2025\/08\/10002491222922471695995605798.jpg?fit=1200%2C557&ssl=1&resize=350%2C200","width":350,"height":200,"srcset":"https:\/\/i0.wp.com\/diariodegarca.com\/wp-content\/uploads\/2025\/08\/10002491222922471695995605798.jpg?fit=1200%2C557&ssl=1&resize=350%2C200 1x, https:\/\/i0.wp.com\/diariodegarca.com\/wp-content\/uploads\/2025\/08\/10002491222922471695995605798.jpg?fit=1200%2C557&ssl=1&resize=525%2C300 1.5x, https:\/\/i0.wp.com\/diariodegarca.com\/wp-content\/uploads\/2025\/08\/10002491222922471695995605798.jpg?fit=1200%2C557&ssl=1&resize=700%2C400 2x, https:\/\/i0.wp.com\/diariodegarca.com\/wp-content\/uploads\/2025\/08\/10002491222922471695995605798.jpg?fit=1200%2C557&ssl=1&resize=1050%2C600 3x"},"classes":[]}],"_links":{"self":[{"href":"https:\/\/diariodegarca.com\/index.php?rest_route=\/wp\/v2\/posts\/7848","targetHints":{"allow":["GET"]}}],"collection":[{"href":"https:\/\/diariodegarca.com\/index.php?rest_route=\/wp\/v2\/posts"}],"about":[{"href":"https:\/\/diariodegarca.com\/index.php?rest_route=\/wp\/v2\/types\/post"}],"author":[{"embeddable":true,"href":"https:\/\/diariodegarca.com\/index.php?rest_route=\/wp\/v2\/users\/260896548"}],"replies":[{"embeddable":true,"href":"https:\/\/diariodegarca.com\/index.php?rest_route=%2Fwp%2Fv2%2Fcomments&post=7848"}],"version-history":[{"count":2,"href":"https:\/\/diariodegarca.com\/index.php?rest_route=\/wp\/v2\/posts\/7848\/revisions"}],"predecessor-version":[{"id":7851,"href":"https:\/\/diariodegarca.com\/index.php?rest_route=\/wp\/v2\/posts\/7848\/revisions\/7851"}],"wp:featuredmedia":[{"embeddable":true,"href":"https:\/\/diariodegarca.com\/index.php?rest_route=\/wp\/v2\/media\/7996"}],"wp:attachment":[{"href":"https:\/\/diariodegarca.com\/index.php?rest_route=%2Fwp%2Fv2%2Fmedia&parent=7848"}],"wp:term":[{"taxonomy":"category","embeddable":true,"href":"https:\/\/diariodegarca.com\/index.php?rest_route=%2Fwp%2Fv2%2Fcategories&post=7848"},{"taxonomy":"post_tag","embeddable":true,"href":"https:\/\/diariodegarca.com\/index.php?rest_route=%2Fwp%2Fv2%2Ftags&post=7848"}],"curies":[{"name":"wp","href":"https:\/\/api.w.org\/{rel}","templated":true}]}}