{"id":7857,"date":"2025-10-20T17:39:24","date_gmt":"2025-10-20T20:39:24","guid":{"rendered":"https:\/\/diariodegarca.com\/?p=7857"},"modified":"2025-10-20T17:39:24","modified_gmt":"2025-10-20T20:39:24","slug":"caso-de-psiquiatra-de-marilia-e-garca-acumula-13-denuncias-por-crimes-sexuais-policia-investiga-padrao-de-conduta","status":"publish","type":"post","link":"https:\/\/diariodegarca.com\/?p=7857","title":{"rendered":"Caso de psiquiatra de Mar\u00edlia e Gar\u00e7a acumula 13 den\u00fancias por crimes sexuais; pol\u00edcia investiga padr\u00e3o de conduta"},"content":{"rendered":"\n<p class=\"wp-block-paragraph\"><em>V\u00edtimas relatam ass\u00e9dio, importuna\u00e7\u00e3o sexual e at\u00e9 estupro durante consultas; delegada da DDM de Gar\u00e7a detalha depoimentos e afirma colabora\u00e7\u00e3o com a pol\u00edcia de Mar\u00edlia para apurar o\u00a0modus operandi\u00a0do investigado.<\/em><\/p>\n\n\n\n<p class=\"wp-block-paragraph\">O caso envolvendo um m\u00e9dico psiquiatra que atendia em Mar\u00edlia e no Centro de Aten\u00e7\u00e3o Psicossocial (CAPS) de Gar\u00e7a ganhou novas e graves propor\u00e7\u00f5es. Subiu para 13 o n\u00famero de mulheres que relataram \u00e0 pol\u00edcia terem sido v\u00edtimas de crimes sexuais praticados pelo profissional. As investiga\u00e7\u00f5es, que come\u00e7aram em Mar\u00edlia \u2013 onde h\u00e1 um registro de estupro \u2013, se estenderam para Gar\u00e7a, onde a Delegacia de Defesa da Mulher (DDM) j\u00e1 registrou quatro boletins de ocorr\u00eancia.<\/p>\n\n\n\n<p class=\"wp-block-paragraph\">De acordo com a delegada Renata Ono, titular da DDM de Gar\u00e7a, os relatos das v\u00edtimas pintam um quadro de condutas inapropriadas e abusivas durante atendimentos psiqui\u00e1tricos. &#8220;Estaremos trabalhando em colabora\u00e7\u00e3o com a DDM de Mar\u00edlia, especialmente para estabelecer o&nbsp;<em>modus operandi<\/em>&nbsp;do investigado&#8221;, afirmou a delegada, destacando a troca de informa\u00e7\u00f5es entre as cidades para entender o padr\u00e3o de a\u00e7\u00e3o do m\u00e9dico.<\/p>\n\n\n\n<p class=\"wp-block-paragraph\"><strong>Os quatro boletins de Gar\u00e7a<\/strong><\/p>\n\n\n\n<p class=\"wp-block-paragraph\">As investiga\u00e7\u00f5es na cidade de Gar\u00e7a avan\u00e7am com base nos depoimentos de quatro v\u00edtimas que formalizaram suas den\u00fancias. Os casos envolvem acusa\u00e7\u00f5es de importuna\u00e7\u00e3o sexual e abuso, com relatos que v\u00e3o desde perguntas \u00edntimas inadequadas at\u00e9 agress\u00f5es f\u00edsicas.<\/p>\n\n\n\n<p class=\"wp-block-paragraph\"><strong>1. O caso da paciente de 41 anos: abuso e agravamento da sa\u00fade<\/strong><br>Conforme detalhou a delegada Renata Ono, a paciente &#8220;relatou que, ap\u00f3s anos de acompanhamento, o m\u00e9dico passou a fazer perguntas de cunho \u00edntimo, alegando que eram necess\u00e1rias por conta da medica\u00e7\u00e3o&#8221;. Segundo o depoimento, o caso se agravou no final de 2024, quando &#8220;o investigado teria feito elogios inapropriados, segurado a paciente contra a mesa, tentado beij\u00e1-la, passado a m\u00e3o sob sua saia e mexido em seu cinto&#8221;. A delegada acrescentou que, &#8220;mesmo ap\u00f3s repelir o agressor, a paciente afirma que ele voltou a fazer coment\u00e1rios de cunho sexual em atendimentos posteriores&#8221;. A v\u00edtima relatou que o impacto foi severo segundo relatos da v\u00edtima: &#8220;Ap\u00f3s os epis\u00f3dios, houve agravamento do quadro emocional da paciente, que continuou o tratamento por depend\u00eancia das receitas m\u00e9dicas&#8221;.<\/p>\n\n\n\n<p class=\"wp-block-paragraph\"><strong>2. O caso da adolescente de 17 anos, que atualmente est\u00e1 com 24 anos<\/strong><br>Este boletim envolve um epis\u00f3dio ocorrido em 2018. A delegada Renata Ono explicou que a jovem, na \u00e9poca com 17 anos, estava desacompanhada em uma consulta quando foi &#8220;questionada se tinha namorado e, ao final do atendimento, o m\u00e9dico a puxou pelo bra\u00e7o e beijou o canto de sua boca&#8221;. Sobre a demora na den\u00fancia, a autoridade policial afirmou: &#8220;O fato foi relatado \u00e0 m\u00e3e na \u00e9poca, mas n\u00e3o houve den\u00fancia imediata por falta de entendimento sobre a gravidade da situa\u00e7\u00e3o&#8221;. A v\u00edtima ainda retornou ao consult\u00f3rio, mas &#8220;ap\u00f3s novo contato com o m\u00e9dico, em que ele se mostrou incomodado com a presen\u00e7a de um acompanhante, a paciente n\u00e3o retornou mais ao tratamento&#8221;.<\/p>\n\n\n\n<p class=\"wp-block-paragraph\"><strong>3. O caso da paciente de 65 anos: constru\u00e7\u00e3o de intimidade<\/strong><br>Um boletins mais recentes veio de uma mulher de 65 anos. Ela contou \u00e0 pol\u00edcia que, durante atendimentos em 2018, &#8220;o profissional passou a ter comportamentos inapropriados, com abra\u00e7os e gestos de intimidade, que a deixaram constrangida&#8221;. A delegada Renata Ono detalhou que o boletim da senhora relata que o \u00e1pice da conduta foi quando: &#8220;Disse que em uma das vezes ele a segurou contra seu corpo, inalando seu perfume e encostando a boca em seu pesco\u00e7o&#8221;.<\/p>\n\n\n\n<p class=\"wp-block-paragraph\"><strong>4. O caso da paciente de 43 anos: beijo for\u00e7ado e trauma<\/strong><br>A quarta v\u00edtima a registrar boletim em Gar\u00e7a \u00e9 uma mulher de 43 anos, ela &#8220;afirmou ter sido beijada \u00e0 for\u00e7a pelo mesmo profissional durante uma consulta realizada no fim de 2022&#8221;. \u00a0De acordo com o depoimento colhido pela delegacia, &#8220;a v\u00edtima relatou ter ficado em estado de choque e interrompido parte do acompanhamento m\u00e9dico ap\u00f3s o epis\u00f3dio&#8221;.<\/p>\n\n\n\n<p class=\"wp-block-paragraph\">A Pol\u00edcia Civil refor\u00e7a o apelo para que qualquer pessoa que tenha sofrido ou testemunhado condutas semelhantes procure a Delegacia de Defesa da Mulher mais pr\u00f3xima. As den\u00fancias s\u00e3o essenciais para fortalecer o coro das v\u00edtimas que j\u00e1 tiveram coragem de falar e para encorajar outras a quebrarem o sil\u00eancio.<\/p>\n\n\n\n<p class=\"wp-block-paragraph\">O profissional, que foi demitido pela AHBB, respons\u00e1vel pelo CAPS de Gar\u00e7a, \u00e9 tratado como suspeito e est\u00e1 sob investiga\u00e7\u00e3o pela pol\u00edcia civil de ambos os munic\u00edpios.<\/p>\n","protected":false},"excerpt":{"rendered":"<p>V\u00edtimas relatam ass\u00e9dio, importuna\u00e7\u00e3o sexual e at\u00e9 estupro durante consultas; delegada da DDM de Gar\u00e7a detalha depoimentos e afirma colabora\u00e7\u00e3o com a pol\u00edcia de Mar\u00edlia para apurar o\u00a0modus operandi\u00a0do investigado. O caso envolvendo um m\u00e9dico psiquiatra que atendia em Mar\u00edlia e no Centro de Aten\u00e7\u00e3o Psicossocial (CAPS) de Gar\u00e7a ganhou novas e graves propor\u00e7\u00f5es. Subiu [&hellip;]<\/p>\n","protected":false},"author":260896548,"featured_media":7863,"comment_status":"open","ping_status":"open","sticky":false,"template":"","format":"standard","meta":{"_crdt_document":"","_monsterinsights_skip_tracking":false,"_monsterinsights_sitenote_active":false,"_monsterinsights_sitenote_note":"","_monsterinsights_sitenote_category":0,"advanced_seo_description":"","jetpack_seo_html_title":"","jetpack_seo_noindex":false,"_jetpack_newsletter_access":"","_jetpack_dont_email_post_to_subs":false,"_jetpack_newsletter_tier_id":0,"_jetpack_memberships_contains_paywalled_content":false,"_jetpack_memberships_contains_paid_content":false,"footnotes":"","jetpack_publicize_message":"O caso do psiquiatra que atendia em Mar\u00edlia e Gar\u00e7a se agrava: j\u00e1 s\u00e3o 13 den\u00fancias de crimes sexuais, incluindo importuna\u00e7\u00e3o sexual e estupro. A pol\u00edcia investiga um padr\u00e3o de conduta do profissional.\n\nNa DDM de Gar\u00e7a, quatro mulheres relataram abusos durante consultas at\u00e9 o momento.\n\nAs v\u00edtimas afirmaram que a coragem para denunciar veio ap\u00f3s verem outras mulheres revelando hist\u00f3rias semelhantes.\n\n\ud83d\udcd6 A reportagem completa, com todos os detalhes dos depoimentos e o andamento das investiga\u00e7\u00f5es, est\u00e1 no link da nossa bio.\n\n#CasoPsiquiatra #DDMGar\u00e7a #Mar\u00edlia #Gar\u00e7a #Viol\u00eanciaContraAMulher #PoliciaCivil #Investiga\u00e7\u00f5es ","jetpack_publicize_feature_enabled":true,"jetpack_social_post_already_shared":false,"jetpack_social_options":{"image_generator_settings":{"template":"highway","default_image_id":0,"font":"","enabled":false},"version":2},"_wpas_customize_per_network":false,"jetpack_post_was_ever_published":false},"categories":[781171664,683453294,21243],"tags":[],"class_list":["post-7857","post","type-post","status-publish","format-standard","has-post-thumbnail","hentry","category-garca-cidade","category-marilia-cidade","category-seguranca"],"jetpack_publicize_connections":[],"jetpack_featured_media_url":"https:\/\/i0.wp.com\/diariodegarca.com\/wp-content\/uploads\/2025\/10\/policia-civil.jpg?fit=790%2C499&ssl=1","jetpack_likes_enabled":true,"jetpack_sharing_enabled":true,"jetpack_shortlink":"https:\/\/wp.me\/pgitne-22J","jetpack-related-posts":[{"id":7938,"url":"https:\/\/diariodegarca.com\/?p=7938","url_meta":{"origin":7857,"position":0},"title":"Psiquiatra \u00e9 preso preventivamente em Mar\u00edlia sob acusa\u00e7\u00e3o de crimes sexuais contra pacientes","author":"Andreza Sega","date":"22 de outubro de 2025","format":false,"excerpt":"Rafael Pascon dos Santos, de 42 anos, responde a mais de 20 den\u00fancias de importuna\u00e7\u00e3o sexual e dois casos de estupro. Delegada destaca perfil dos crimes e espera que pris\u00e3o incentive novas v\u00edtimas a buscarem a Justi\u00e7a. O psiquiatra Rafael Pascon dos Santos, de 42 anos, cumpriu na tarde desta\u2026","rel":"","context":"Em &quot;Gar\u00e7a&quot;","block_context":{"text":"Gar\u00e7a","link":"https:\/\/diariodegarca.com\/?cat=781171664"},"img":{"alt_text":"","src":"https:\/\/i0.wp.com\/diariodegarca.com\/wp-content\/uploads\/2025\/10\/IMG-20251022-WA0094.jpg?fit=1200%2C540&ssl=1&resize=350%2C200","width":350,"height":200,"srcset":"https:\/\/i0.wp.com\/diariodegarca.com\/wp-content\/uploads\/2025\/10\/IMG-20251022-WA0094.jpg?fit=1200%2C540&ssl=1&resize=350%2C200 1x, https:\/\/i0.wp.com\/diariodegarca.com\/wp-content\/uploads\/2025\/10\/IMG-20251022-WA0094.jpg?fit=1200%2C540&ssl=1&resize=525%2C300 1.5x, https:\/\/i0.wp.com\/diariodegarca.com\/wp-content\/uploads\/2025\/10\/IMG-20251022-WA0094.jpg?fit=1200%2C540&ssl=1&resize=700%2C400 2x, https:\/\/i0.wp.com\/diariodegarca.com\/wp-content\/uploads\/2025\/10\/IMG-20251022-WA0094.jpg?fit=1200%2C540&ssl=1&resize=1050%2C600 3x"},"classes":[]},{"id":6709,"url":"https:\/\/diariodegarca.com\/?p=6709","url_meta":{"origin":7857,"position":1},"title":"Homem \u00e9 preso preventivamente por estupro de adolescente em Gar\u00e7a","author":"Di\u00e1rio de Gar\u00e7a","date":"12 de setembro de 2025","format":false,"excerpt":"Inqu\u00e9rito policial apurou crime cometido contra adolescente; pris\u00e3o foi decretada ap\u00f3s dilig\u00eancias que colheram provas que corroboraram a vers\u00e3o da v\u00edtima. Um professor de artes marciais foi preso na tarde desta sexta-feira, 12 de setembro, em cumprimento a mandado judicial. A pris\u00e3o foi decretada pela Justi\u00e7a de Gar\u00e7a, ap\u00f3s a\u2026","rel":"","context":"Em &quot;Gar\u00e7a&quot;","block_context":{"text":"Gar\u00e7a","link":"https:\/\/diariodegarca.com\/?cat=781171664"},"img":{"alt_text":"","src":"https:\/\/i0.wp.com\/diariodegarca.com\/wp-content\/uploads\/2025\/09\/criminoso-algemado.jpg?fit=1200%2C800&ssl=1&resize=350%2C200","width":350,"height":200,"srcset":"https:\/\/i0.wp.com\/diariodegarca.com\/wp-content\/uploads\/2025\/09\/criminoso-algemado.jpg?fit=1200%2C800&ssl=1&resize=350%2C200 1x, https:\/\/i0.wp.com\/diariodegarca.com\/wp-content\/uploads\/2025\/09\/criminoso-algemado.jpg?fit=1200%2C800&ssl=1&resize=525%2C300 1.5x, https:\/\/i0.wp.com\/diariodegarca.com\/wp-content\/uploads\/2025\/09\/criminoso-algemado.jpg?fit=1200%2C800&ssl=1&resize=700%2C400 2x, https:\/\/i0.wp.com\/diariodegarca.com\/wp-content\/uploads\/2025\/09\/criminoso-algemado.jpg?fit=1200%2C800&ssl=1&resize=1050%2C600 3x"},"classes":[]},{"id":9121,"url":"https:\/\/diariodegarca.com\/?p=9121","url_meta":{"origin":7857,"position":2},"title":"Homem \u00e9 preso por estupro de crian\u00e7a em \u00c1lvaro de Carvalho","author":"Andreza Sega","date":"27 de novembro de 2025","format":false,"excerpt":"Acusado de 63 anos teria abusado de uma menina de 9 anos durante pernoites na casa da av\u00f3; pris\u00e3o foi decorrente de den\u00fancia do pai da v\u00edtima. A Delegacia de Defesa da Mulher (DDM) de Mar\u00edlia prendeu, na \u00faltima quarta-feira, 26 de novembro, um homem de 63 anos acusado de\u2026","rel":"","context":"Em &quot;\u00c1lvaro de Carvalho&quot;","block_context":{"text":"\u00c1lvaro de Carvalho","link":"https:\/\/diariodegarca.com\/?cat=29815376"},"img":{"alt_text":"","src":"https:\/\/i0.wp.com\/diariodegarca.com\/wp-content\/uploads\/2025\/11\/DDM-policia-civil-e1764250985103.webp?fit=471%2C395&ssl=1&resize=350%2C200","width":350,"height":200},"classes":[]},{"id":6784,"url":"https:\/\/diariodegarca.com\/?p=6784","url_meta":{"origin":7857,"position":3},"title":"Gar\u00e7a registra 146 casos de viol\u00eancia dom\u00e9stica em seis meses; saiba como buscar ajuda","author":"Di\u00e1rio de Gar\u00e7a","date":"15 de setembro de 2025","format":false,"excerpt":"Delegacia da Mulher oferece atendimento presencial e online, com medidas protetivas de urg\u00eancia e investiga\u00e7\u00e3o autom\u00e1tica para casos de les\u00e3o corporal e amea\u00e7a. Em S\u00e3o Paulo, o combate \u00e0 viol\u00eancia contra a mulher conta com uma rede de prote\u00e7\u00e3o que vai al\u00e9m das paredes da delegacia. A Delegacia de Defesa\u2026","rel":"","context":"Em &quot;Gar\u00e7a&quot;","block_context":{"text":"Gar\u00e7a","link":"https:\/\/diariodegarca.com\/?cat=781171664"},"img":{"alt_text":"","src":"https:\/\/i0.wp.com\/diariodegarca.com\/wp-content\/uploads\/2025\/09\/imagem-nao-explicita-de-abuso-de-criancas.jpg?fit=1200%2C800&ssl=1&resize=350%2C200","width":350,"height":200,"srcset":"https:\/\/i0.wp.com\/diariodegarca.com\/wp-content\/uploads\/2025\/09\/imagem-nao-explicita-de-abuso-de-criancas.jpg?fit=1200%2C800&ssl=1&resize=350%2C200 1x, https:\/\/i0.wp.com\/diariodegarca.com\/wp-content\/uploads\/2025\/09\/imagem-nao-explicita-de-abuso-de-criancas.jpg?fit=1200%2C800&ssl=1&resize=525%2C300 1.5x, https:\/\/i0.wp.com\/diariodegarca.com\/wp-content\/uploads\/2025\/09\/imagem-nao-explicita-de-abuso-de-criancas.jpg?fit=1200%2C800&ssl=1&resize=700%2C400 2x, https:\/\/i0.wp.com\/diariodegarca.com\/wp-content\/uploads\/2025\/09\/imagem-nao-explicita-de-abuso-de-criancas.jpg?fit=1200%2C800&ssl=1&resize=1050%2C600 3x"},"classes":[]},{"id":9209,"url":"https:\/\/diariodegarca.com\/?p=9209","url_meta":{"origin":7857,"position":4},"title":"Homem suspeito de tentativa de feminic\u00eddio e viol\u00eancia sexual em Gar\u00e7a segue foragido","author":"Andreza Sega","date":"30 de novembro de 2025","format":false,"excerpt":"V\u00edtima foi atacada com faca e enforcada enquanto caminhava; pol\u00edcia busca agressor e pede que outras poss\u00edveis v\u00edtimas ou testemunhas prestem depoimento. As pol\u00edcias Civil e Militar da regi\u00e3o de Mar\u00edlia est\u00e3o em busca de um homem suspeito de tentar matar e possivelmente violentar sexualmente uma mulher, no \u00faltimo s\u00e1bado,\u2026","rel":"","context":"Em &quot;Gar\u00e7a&quot;","block_context":{"text":"Gar\u00e7a","link":"https:\/\/diariodegarca.com\/?cat=781171664"},"img":{"alt_text":"","src":"https:\/\/i0.wp.com\/diariodegarca.com\/wp-content\/uploads\/2025\/10\/SnapInsta.to_568632784_18321635047246526_6427962331807951485_n-e1761326290698.jpg?fit=1080%2C690&ssl=1&resize=350%2C200","width":350,"height":200,"srcset":"https:\/\/i0.wp.com\/diariodegarca.com\/wp-content\/uploads\/2025\/10\/SnapInsta.to_568632784_18321635047246526_6427962331807951485_n-e1761326290698.jpg?fit=1080%2C690&ssl=1&resize=350%2C200 1x, https:\/\/i0.wp.com\/diariodegarca.com\/wp-content\/uploads\/2025\/10\/SnapInsta.to_568632784_18321635047246526_6427962331807951485_n-e1761326290698.jpg?fit=1080%2C690&ssl=1&resize=525%2C300 1.5x, https:\/\/i0.wp.com\/diariodegarca.com\/wp-content\/uploads\/2025\/10\/SnapInsta.to_568632784_18321635047246526_6427962331807951485_n-e1761326290698.jpg?fit=1080%2C690&ssl=1&resize=700%2C400 2x, https:\/\/i0.wp.com\/diariodegarca.com\/wp-content\/uploads\/2025\/10\/SnapInsta.to_568632784_18321635047246526_6427962331807951485_n-e1761326290698.jpg?fit=1080%2C690&ssl=1&resize=1050%2C600 3x"},"classes":[]},{"id":9305,"url":"https:\/\/diariodegarca.com\/?p=9305","url_meta":{"origin":7857,"position":5},"title":"Tentativa de feminic\u00eddio em Gar\u00e7a vira alerta na C\u00e2mara: &#8220;N\u00e3o saiam sozinhas&#8221;, orienta vereadora","author":"Andreza Sega","date":"3 de dezembro de 2025","format":false,"excerpt":"Elaine Oliveira (PSD), que tamb\u00e9m trabalha na Delegacia da Mulher, fez apelo por informa\u00e7\u00f5es durante sess\u00e3o da C\u00e2mara; presidente Raquel Sartori (PL) refor\u00e7ou canais de den\u00fancia. Um crime brutal ocorrido no \u00faltimo fim de semana foi um dos temas debatidos no Grande Expediente na C\u00e2mara Municipal de Gar\u00e7a. Na noite\u2026","rel":"","context":"Em &quot;Gar\u00e7a&quot;","block_context":{"text":"Gar\u00e7a","link":"https:\/\/diariodegarca.com\/?cat=781171664"},"img":{"alt_text":"","src":"https:\/\/i0.wp.com\/diariodegarca.com\/wp-content\/uploads\/2025\/12\/elaine-oliveira.jpg?fit=705%2C340&ssl=1&resize=350%2C200","width":350,"height":200,"srcset":"https:\/\/i0.wp.com\/diariodegarca.com\/wp-content\/uploads\/2025\/12\/elaine-oliveira.jpg?fit=705%2C340&ssl=1&resize=350%2C200 1x, https:\/\/i0.wp.com\/diariodegarca.com\/wp-content\/uploads\/2025\/12\/elaine-oliveira.jpg?fit=705%2C340&ssl=1&resize=525%2C300 1.5x, https:\/\/i0.wp.com\/diariodegarca.com\/wp-content\/uploads\/2025\/12\/elaine-oliveira.jpg?fit=705%2C340&ssl=1&resize=700%2C400 2x"},"classes":[]}],"_links":{"self":[{"href":"https:\/\/diariodegarca.com\/index.php?rest_route=\/wp\/v2\/posts\/7857","targetHints":{"allow":["GET"]}}],"collection":[{"href":"https:\/\/diariodegarca.com\/index.php?rest_route=\/wp\/v2\/posts"}],"about":[{"href":"https:\/\/diariodegarca.com\/index.php?rest_route=\/wp\/v2\/types\/post"}],"author":[{"embeddable":true,"href":"https:\/\/diariodegarca.com\/index.php?rest_route=\/wp\/v2\/users\/260896548"}],"replies":[{"embeddable":true,"href":"https:\/\/diariodegarca.com\/index.php?rest_route=%2Fwp%2Fv2%2Fcomments&post=7857"}],"version-history":[{"count":6,"href":"https:\/\/diariodegarca.com\/index.php?rest_route=\/wp\/v2\/posts\/7857\/revisions"}],"predecessor-version":[{"id":7864,"href":"https:\/\/diariodegarca.com\/index.php?rest_route=\/wp\/v2\/posts\/7857\/revisions\/7864"}],"wp:featuredmedia":[{"embeddable":true,"href":"https:\/\/diariodegarca.com\/index.php?rest_route=\/wp\/v2\/media\/7863"}],"wp:attachment":[{"href":"https:\/\/diariodegarca.com\/index.php?rest_route=%2Fwp%2Fv2%2Fmedia&parent=7857"}],"wp:term":[{"taxonomy":"category","embeddable":true,"href":"https:\/\/diariodegarca.com\/index.php?rest_route=%2Fwp%2Fv2%2Fcategories&post=7857"},{"taxonomy":"post_tag","embeddable":true,"href":"https:\/\/diariodegarca.com\/index.php?rest_route=%2Fwp%2Fv2%2Ftags&post=7857"}],"curies":[{"name":"wp","href":"https:\/\/api.w.org\/{rel}","templated":true}]}}