{"id":7898,"date":"2025-10-22T08:18:00","date_gmt":"2025-10-22T11:18:00","guid":{"rendered":"https:\/\/diariodegarca.com\/?p=7898"},"modified":"2025-10-23T17:23:37","modified_gmt":"2025-10-23T20:23:37","slug":"espetaculo-gratuito-labirinthos-2-5-leva-mitologia-grega-a-garca-com-texto-inedito","status":"publish","type":"post","link":"https:\/\/diariodegarca.com\/?p=7898","title":{"rendered":"Espet\u00e1culo gratuito &#8220;Labirinthos 2.5&#8221; leva mitologia grega a Gar\u00e7a com texto in\u00e9dito"},"content":{"rendered":"\n<p class=\"wp-block-paragraph\"><em>A apresenta\u00e7\u00e3o \u00fanica e gratuita ocorre no s\u00e1bado, 25 de outubro, com distribui\u00e7\u00e3o de ingressos uma hora antes da sess\u00e3o. Com dramaturgia assinada por Jo\u00e3o Anzanello Carrascoza a partir de textos perdidos de Eur\u00edpedes, a Cia Teatral Energ\u00f3s apresenta uma vers\u00e3o revisita da trag\u00e9dia do Minotauro no Teatro Municipal de Gar\u00e7a.<\/em><\/p>\n\n\n\n<p class=\"wp-block-paragraph\">A cl\u00e1ssica trag\u00e9dia grega ganha roupagem contempor\u00e2nea e in\u00e9dita em Gar\u00e7a. O espet\u00e1culo &#8220;LABIRINTHOS 2.5&#8221;, da Cia Teatral ENERG\u00d3S, chega a Gar\u00e7a para uma apresenta\u00e7\u00e3o \u00fanica <strong>no s\u00e1bado, dia 25 de outubro, s\u00e1bado, \u00e0s 20h<\/strong>, no Teatro Municipal Miguel M\u00f4nico. A entrada \u00e9 gratuita, com ingressos distribu\u00eddos na bilheteria do teatro a partir das 19h.<\/p>\n\n\n\n<p class=\"wp-block-paragraph\">Com classifica\u00e7\u00e3o 14 anos. A montagem se destaca por sua base liter\u00e1ria de prest\u00edgio. A dramaturgia \u00e9 uma cria\u00e7\u00e3o in\u00e9dita do premiado escritor brasileiro\u00a0<strong>Jo\u00e3o Anzanello Carrascoza<\/strong>, desenvolvida a partir de fragmentos de duas trag\u00e9dias perdidas de Eur\u00edpedes, &#8220;Theseus&#8221; e &#8220;Kretes&#8221;, traduzidas e encenadas pela primeira vez no Brasil.<\/p>\n\n\n\n<p class=\"wp-block-paragraph\"><strong>Uma releitura do mito do Minotauro<\/strong><\/p>\n\n\n\n<p class=\"wp-block-paragraph\">Mais do que uma simples encena\u00e7\u00e3o de um mito conhecido, &#8220;LABIRINTHOS 2.5&#8221; se aprofunda nas nuances psicol\u00f3gicas e pol\u00edticas da narrativa. A sinopse relembra a origem da criatura: o rei Minos, ao falhar em cumprir uma promessa ao deus Poseidon, \u00e9 amaldi\u00e7oado. Sua esposa, Pas\u00edfae, enlouquece de paix\u00e3o por um touro e d\u00e1 \u00e0 luz o Minotauro. A criatura, ent\u00e3o, \u00e9 aprisionada em um labirinto e usada como instrumento de terror pelo rei.<\/p>\n\n\n\n<p class=\"wp-block-paragraph\">A narrativa explora temas atemporais, como a luta pelo poder, as consequ\u00eancias da ambi\u00e7\u00e3o desmedida, a trai\u00e7\u00e3o e as sombras que habitam o desejo humano. \u00c9 uma reflex\u00e3o sobre a passagem de uma Velha para uma Nova Ordem, ecoando conflitos que permanecem relevantes.<\/p>\n\n\n\n<p class=\"wp-block-paragraph\"><strong>Uma montagem em evolu\u00e7\u00e3o<\/strong><\/p>\n\n\n\n<p class=\"wp-block-paragraph\">A vers\u00e3o &#8220;2.5&#8221; do espet\u00e1culo n\u00e3o \u00e9 \u00e0 toa. Trata-se de uma atualiza\u00e7\u00e3o da montagem original, revisitada pela equipe criativa, que incorporou uma cena in\u00e9dita e atualizou aspectos c\u00eanicos e narrativos. Sob a dire\u00e7\u00e3o de&nbsp;<strong>Leonardo Antunes<\/strong>, que tamb\u00e9m assina a ilumina\u00e7\u00e3o e atua no elenco, o espet\u00e1culo promete uma experi\u00eancia visual e dram\u00e1tica imersiva.<\/p>\n\n\n\n<p class=\"wp-block-paragraph\">A circula\u00e7\u00e3o por Gar\u00e7a e outras cidades do interior e litoral paulista \u00e9 viabilizada pelo apoio do edital\u00a0<strong>Fomento CultSP<\/strong>, com recursos da Pol\u00edtica Nacional Aldir Blanc (PNAB) do Governo Federal e do Governo do Estado de S\u00e3o Paulo.<\/p>\n","protected":false},"excerpt":{"rendered":"<p>A apresenta\u00e7\u00e3o \u00fanica e gratuita ocorre no s\u00e1bado, 25 de outubro, com distribui\u00e7\u00e3o de ingressos uma hora antes da sess\u00e3o. Com dramaturgia assinada por Jo\u00e3o Anzanello Carrascoza a partir de textos perdidos de Eur\u00edpedes, a Cia Teatral Energ\u00f3s apresenta uma vers\u00e3o revisita da trag\u00e9dia do Minotauro no Teatro Municipal de Gar\u00e7a. A cl\u00e1ssica trag\u00e9dia grega [&hellip;]<\/p>\n","protected":false},"author":260896548,"featured_media":7969,"comment_status":"open","ping_status":"open","sticky":false,"template":"","format":"standard","meta":{"_crdt_document":"","_monsterinsights_skip_tracking":false,"_monsterinsights_sitenote_active":false,"_monsterinsights_sitenote_note":"","_monsterinsights_sitenote_category":0,"advanced_seo_description":"N\u00e3o perca a apresenta\u00e7\u00e3o gratuita 'LABIRINTHOS 2.5' no Teatro Municipal de Gar\u00e7a, dia 25 de outubro, com estreia de dramaturgia de Carrascoza.","jetpack_seo_html_title":"LABIRINTHOS 2.5: Trag\u00e9dia Grega In\u00e9dita em Gar\u00e7a","jetpack_seo_noindex":false,"_jetpack_newsletter_access":"","_jetpack_dont_email_post_to_subs":false,"_jetpack_newsletter_tier_id":0,"_jetpack_memberships_contains_paywalled_content":false,"_jetpack_memberships_contains_paid_content":false,"footnotes":"","jetpack_publicize_message":"\ud83c\udfad Teatro gratuito em Gar\u00e7a no s\u00e1bdo\n\nA trag\u00e9dia grega como voc\u00ea nunca viu chega a Gar\u00e7a. A Cia Teatral ENERG\u00d3S apresenta o espet\u00e1culo gratuito \"LABIRINTHOS 2.5\", uma releitura in\u00e9dita e potente do mito do Minotauro.\n\nA dramaturgia \u00e9 um dos grandes destaques: assinada pelo premiado escritor Jo\u00e3o Anzanello Carrascoza, a partir de textos perdidos de Eur\u00edpedes, encenados pela primeira vez no Brasil.\n\nA apresenta\u00e7\u00e3o \u00fanica ser\u00e1 no Teatro Municipal Miguel M\u00f4nico, no s\u00e1bado, 25 de outubro, \u00e0s 20h. Os ingressos s\u00e3o gratuitos e distribu\u00eddos na bilheteria a partir das 19h. A sess\u00e3o conta com int\u00e9rprete de Libras e classifica\u00e7\u00e3o 14 anos.\n\n\nA mat\u00e9ria completa est\u00e1 no nosso site! \ud83d\udcf2 Clique no link na bio para ler.\n\n#Labirinthos25 #TeatroEmGar\u00e7a #CulturaGarca #MitologiaGrega #Minotauro #TeatroGratuito #CiaEnergos #DiarioDeGarca #FomentoCultSP #AldirBlanc #CulturaSP @ciaenergos ","jetpack_publicize_feature_enabled":true,"jetpack_social_post_already_shared":true,"jetpack_social_options":{"image_generator_settings":{"template":"highway","default_image_id":0,"font":"","enabled":false},"version":2},"_wpas_customize_per_network":false,"jetpack_post_was_ever_published":false},"categories":[2367,781171664,2432],"tags":[],"class_list":["post-7898","post","type-post","status-publish","format-standard","has-post-thumbnail","hentry","category-cultura","category-garca-cidade","category-teatro"],"jetpack_publicize_connections":[],"jetpack_featured_media_url":"https:\/\/i0.wp.com\/diariodegarca.com\/wp-content\/uploads\/2025\/10\/image001.jpg?fit=4013%2C2675&ssl=1","jetpack_likes_enabled":true,"jetpack_sharing_enabled":true,"jetpack_shortlink":"https:\/\/wp.me\/pgitne-23o","jetpack-related-posts":[{"id":7952,"url":"https:\/\/diariodegarca.com\/?p=7952","url_meta":{"origin":7898,"position":0},"title":"Cia Caixa Preta movimenta novembro com trilogia teatral gratuita e pagante em Gar\u00e7a","author":"Andreza Sega","date":"26 de outubro de 2025","format":false,"excerpt":"Programa\u00e7\u00e3o no espa\u00e7o da companhia e no Teatro Municipal traz os cl\u00e1ssicos \"Bodas de Sangue\", \"Guerra\" e \"As Velhas Fiandeiras\", com ingressos a pre\u00e7os populares. A cena cultural de Gar\u00e7a recebe uma programa\u00e7\u00e3o especial neste m\u00eas de novembro. A\u00a0Cia Caixa Preta, cia formada por alunos da EMCA,\u00a0preparou uma s\u00e9rie de\u2026","rel":"","context":"Em &quot;Cultura&quot;","block_context":{"text":"Cultura","link":"https:\/\/diariodegarca.com\/?cat=2367"},"img":{"alt_text":"","src":"https:\/\/i0.wp.com\/diariodegarca.com\/wp-content\/uploads\/2025\/10\/SnapInsta.to_401174774_736974854919266_2866464449115890226_n-e1761247864610.jpg?fit=1080%2C722&ssl=1&resize=350%2C200","width":350,"height":200,"srcset":"https:\/\/i0.wp.com\/diariodegarca.com\/wp-content\/uploads\/2025\/10\/SnapInsta.to_401174774_736974854919266_2866464449115890226_n-e1761247864610.jpg?fit=1080%2C722&ssl=1&resize=350%2C200 1x, https:\/\/i0.wp.com\/diariodegarca.com\/wp-content\/uploads\/2025\/10\/SnapInsta.to_401174774_736974854919266_2866464449115890226_n-e1761247864610.jpg?fit=1080%2C722&ssl=1&resize=525%2C300 1.5x, https:\/\/i0.wp.com\/diariodegarca.com\/wp-content\/uploads\/2025\/10\/SnapInsta.to_401174774_736974854919266_2866464449115890226_n-e1761247864610.jpg?fit=1080%2C722&ssl=1&resize=700%2C400 2x, https:\/\/i0.wp.com\/diariodegarca.com\/wp-content\/uploads\/2025\/10\/SnapInsta.to_401174774_736974854919266_2866464449115890226_n-e1761247864610.jpg?fit=1080%2C722&ssl=1&resize=1050%2C600 3x"},"classes":[]},{"id":5889,"url":"https:\/\/diariodegarca.com\/?p=5889","url_meta":{"origin":7898,"position":1},"title":"Espet\u00e1culo &#8220;Um Conto Chamado Circo&#8221; Encena Narrativa de Inclus\u00e3o e Autoconhecimento em Gar\u00e7a","author":"Di\u00e1rio de Gar\u00e7a","date":"22 de agosto de 2025","format":false,"excerpt":"Ingressos devem ser retirados no local, uma hora antes do espet\u00e1culo. Pe\u00e7a ser\u00e1 apresentada no dia 23 de agosto no Teatro Municipal, promovendo uma reflex\u00e3o sobre diversidade e aceita\u00e7\u00e3o para o p\u00fablico infanto-juvenil. O Minist\u00e9rio da Cultura e o Governo do Estado de S\u00e3o Paulo, por meio da Secretaria da\u2026","rel":"","context":"Em &quot;Cultura&quot;","block_context":{"text":"Cultura","link":"https:\/\/diariodegarca.com\/?cat=2367"},"img":{"alt_text":"","src":"https:\/\/i0.wp.com\/diariodegarca.com\/wp-content\/uploads\/2025\/08\/2c366a28d53f41818fa3c6f50681198f.jpg?fit=850%2C478&ssl=1&resize=350%2C200","width":350,"height":200,"srcset":"https:\/\/i0.wp.com\/diariodegarca.com\/wp-content\/uploads\/2025\/08\/2c366a28d53f41818fa3c6f50681198f.jpg?fit=850%2C478&ssl=1&resize=350%2C200 1x, https:\/\/i0.wp.com\/diariodegarca.com\/wp-content\/uploads\/2025\/08\/2c366a28d53f41818fa3c6f50681198f.jpg?fit=850%2C478&ssl=1&resize=525%2C300 1.5x, https:\/\/i0.wp.com\/diariodegarca.com\/wp-content\/uploads\/2025\/08\/2c366a28d53f41818fa3c6f50681198f.jpg?fit=850%2C478&ssl=1&resize=700%2C400 2x"},"classes":[]},{"id":5583,"url":"https:\/\/diariodegarca.com\/?p=5583","url_meta":{"origin":7898,"position":2},"title":"Gar\u00e7a recebe Mostra de Teatro Infantil Catarsis com espet\u00e1culos gratuitos","author":"Di\u00e1rio de Gar\u00e7a","date":"15 de agosto de 2025","format":false,"excerpt":"Evento conta com tr\u00eas pe\u00e7as premiadas para beb\u00eas, crian\u00e7as e jovens; acessibilidade em Libras e bate-papos com artistas Nos dias\u00a016 e 17 de agosto, a cidade de\u00a0Gar\u00e7a receber\u00e1 a\u00a0Mostra de Teatro Infantil Catarsis, com tr\u00eas espet\u00e1culos gratuitos voltados para beb\u00eas, crian\u00e7as e jovens. Com produ\u00e7\u00f5es premiadas e tem\u00e1ticas que abordam\u2026","rel":"","context":"Em &quot;Cultura&quot;","block_context":{"text":"Cultura","link":"https:\/\/diariodegarca.com\/?cat=2367"},"img":{"alt_text":"","src":"https:\/\/i0.wp.com\/diariodegarca.com\/wp-content\/uploads\/2025\/07\/tudoefamilia.jpg?fit=718%2C472&ssl=1&resize=350%2C200","width":350,"height":200,"srcset":"https:\/\/i0.wp.com\/diariodegarca.com\/wp-content\/uploads\/2025\/07\/tudoefamilia.jpg?fit=718%2C472&ssl=1&resize=350%2C200 1x, https:\/\/i0.wp.com\/diariodegarca.com\/wp-content\/uploads\/2025\/07\/tudoefamilia.jpg?fit=718%2C472&ssl=1&resize=525%2C300 1.5x, https:\/\/i0.wp.com\/diariodegarca.com\/wp-content\/uploads\/2025\/07\/tudoefamilia.jpg?fit=718%2C472&ssl=1&resize=700%2C400 2x"},"classes":[]},{"id":4810,"url":"https:\/\/diariodegarca.com\/?p=4810","url_meta":{"origin":7898,"position":3},"title":"Gar\u00e7a recebe Mostra de Teatro Infantil Catarsis com espet\u00e1culos gratuitos","author":"Di\u00e1rio de Gar\u00e7a","date":"18 de julho de 2025","format":false,"excerpt":"Evento conta com tr\u00eas pe\u00e7as premiadas para beb\u00eas, crian\u00e7as e jovens; acessibilidade em Libras e bate-papos com artistas Nos dias\u00a016 e 17 de agosto, a cidade de\u00a0Gar\u00e7a receber\u00e1 a\u00a0Mostra de Teatro Infantil Catarsis, com tr\u00eas espet\u00e1culos gratuitos voltados para beb\u00eas, crian\u00e7as e jovens. Com produ\u00e7\u00f5es premiadas e tem\u00e1ticas que abordam\u2026","rel":"","context":"Em &quot;Cultura&quot;","block_context":{"text":"Cultura","link":"https:\/\/diariodegarca.com\/?cat=2367"},"img":{"alt_text":"","src":"https:\/\/i0.wp.com\/diariodegarca.com\/wp-content\/uploads\/2025\/07\/tudoefamilia.jpg?fit=718%2C472&ssl=1&resize=350%2C200","width":350,"height":200,"srcset":"https:\/\/i0.wp.com\/diariodegarca.com\/wp-content\/uploads\/2025\/07\/tudoefamilia.jpg?fit=718%2C472&ssl=1&resize=350%2C200 1x, https:\/\/i0.wp.com\/diariodegarca.com\/wp-content\/uploads\/2025\/07\/tudoefamilia.jpg?fit=718%2C472&ssl=1&resize=525%2C300 1.5x, https:\/\/i0.wp.com\/diariodegarca.com\/wp-content\/uploads\/2025\/07\/tudoefamilia.jpg?fit=718%2C472&ssl=1&resize=700%2C400 2x"},"classes":[]},{"id":3003,"url":"https:\/\/diariodegarca.com\/?p=3003","url_meta":{"origin":7898,"position":4},"title":"\u201cKamikaze\u201d ser\u00e1 apresentado gratuitamente no Teatro de Gar\u00e7a","author":"Di\u00e1rio de Gar\u00e7a","date":"16 de janeiro de 2025","format":false,"excerpt":"\u00a0No s\u00e1bado, 18 de janeiro, \u00e0s 20h, o Teatro Municipal de Gar\u00e7a - Sala Miguel M\u00f4nico apresenta o espet\u00e1culo \u201cKamikaze\u201d.A pe\u00e7a \u00e9 uma produ\u00e7\u00e3o da Companhia Hecatombe em parceria com os Clowns de Shakespeare. Com dramaturgia assinada por Homero Kaneko e dire\u00e7\u00e3o de Fernando Yamamoto, a pe\u00e7a promete uma experi\u00eancia\u2026","rel":"","context":"Em &quot;Brasil&quot;","block_context":{"text":"Brasil","link":"https:\/\/diariodegarca.com\/?cat=38185"},"img":{"alt_text":"","src":"https:\/\/i0.wp.com\/blogger.googleusercontent.com\/img\/b\/R29vZ2xl\/AVvXsEjBJqVnftAxQQu-gcGWXH0kCb-EGkeJkuKevGnC4pLQvpOFb6Z2C_vqAlR5YX-2RtV6zVm48i7840ccPYnhNQ6Z1MQo8yPxWw3TmkUVJ_aQkYDOybQ-g1Xx51A9M_g32CpkNYr46c5omdMFpwpKUWEMlPf1aqWc9MS5KYTO7EhlbfLq7ATZGSwqKJedWvw\/s320\/473676625_595726586656757_8042806886301992692_n.jpg?resize=350%2C200&ssl=1","width":350,"height":200},"classes":[]},{"id":6626,"url":"https:\/\/diariodegarca.com\/?p=6626","url_meta":{"origin":7898,"position":5},"title":"Teatro ter\u00e1 espet\u00e1culo &#8220;Por Todos os Cantos e Contos&#8221; em Gar\u00e7a","author":"Di\u00e1rio de Gar\u00e7a","date":"11 de setembro de 2025","format":false,"excerpt":"Pe\u00e7a infanto-juvenil gratuita, com dire\u00e7\u00e3o de Bruno Ferian, convida o p\u00fablico a uma viagem l\u00fadica pelas lendas, cantigas e dan\u00e7as do Brasil. O Teatro Municipal de Gar\u00e7a Miguel M\u00f4nico recebe no pr\u00f3ximo s\u00e1bado, 13 de setembro, \u00e0s 16h, o espet\u00e1culo teatral \u201cPor Todos os Cantos e Contos\u201d. A apresenta\u00e7\u00e3o, com\u2026","rel":"","context":"Em &quot;Cultura&quot;","block_context":{"text":"Cultura","link":"https:\/\/diariodegarca.com\/?cat=2367"},"img":{"alt_text":"","src":"https:\/\/i0.wp.com\/diariodegarca.com\/wp-content\/uploads\/2025\/09\/festival-de-inverno-traz-teatro-infantojuvenil-por-todos-os-cantos-e-contos-neste-sabado-em-braganca-paulista.webp?fit=1200%2C750&ssl=1&resize=350%2C200","width":350,"height":200,"srcset":"https:\/\/i0.wp.com\/diariodegarca.com\/wp-content\/uploads\/2025\/09\/festival-de-inverno-traz-teatro-infantojuvenil-por-todos-os-cantos-e-contos-neste-sabado-em-braganca-paulista.webp?fit=1200%2C750&ssl=1&resize=350%2C200 1x, https:\/\/i0.wp.com\/diariodegarca.com\/wp-content\/uploads\/2025\/09\/festival-de-inverno-traz-teatro-infantojuvenil-por-todos-os-cantos-e-contos-neste-sabado-em-braganca-paulista.webp?fit=1200%2C750&ssl=1&resize=525%2C300 1.5x, https:\/\/i0.wp.com\/diariodegarca.com\/wp-content\/uploads\/2025\/09\/festival-de-inverno-traz-teatro-infantojuvenil-por-todos-os-cantos-e-contos-neste-sabado-em-braganca-paulista.webp?fit=1200%2C750&ssl=1&resize=700%2C400 2x, https:\/\/i0.wp.com\/diariodegarca.com\/wp-content\/uploads\/2025\/09\/festival-de-inverno-traz-teatro-infantojuvenil-por-todos-os-cantos-e-contos-neste-sabado-em-braganca-paulista.webp?fit=1200%2C750&ssl=1&resize=1050%2C600 3x"},"classes":[]}],"_links":{"self":[{"href":"https:\/\/diariodegarca.com\/index.php?rest_route=\/wp\/v2\/posts\/7898","targetHints":{"allow":["GET"]}}],"collection":[{"href":"https:\/\/diariodegarca.com\/index.php?rest_route=\/wp\/v2\/posts"}],"about":[{"href":"https:\/\/diariodegarca.com\/index.php?rest_route=\/wp\/v2\/types\/post"}],"author":[{"embeddable":true,"href":"https:\/\/diariodegarca.com\/index.php?rest_route=\/wp\/v2\/users\/260896548"}],"replies":[{"embeddable":true,"href":"https:\/\/diariodegarca.com\/index.php?rest_route=%2Fwp%2Fv2%2Fcomments&post=7898"}],"version-history":[{"count":6,"href":"https:\/\/diariodegarca.com\/index.php?rest_route=\/wp\/v2\/posts\/7898\/revisions"}],"predecessor-version":[{"id":7970,"href":"https:\/\/diariodegarca.com\/index.php?rest_route=\/wp\/v2\/posts\/7898\/revisions\/7970"}],"wp:featuredmedia":[{"embeddable":true,"href":"https:\/\/diariodegarca.com\/index.php?rest_route=\/wp\/v2\/media\/7969"}],"wp:attachment":[{"href":"https:\/\/diariodegarca.com\/index.php?rest_route=%2Fwp%2Fv2%2Fmedia&parent=7898"}],"wp:term":[{"taxonomy":"category","embeddable":true,"href":"https:\/\/diariodegarca.com\/index.php?rest_route=%2Fwp%2Fv2%2Fcategories&post=7898"},{"taxonomy":"post_tag","embeddable":true,"href":"https:\/\/diariodegarca.com\/index.php?rest_route=%2Fwp%2Fv2%2Ftags&post=7898"}],"curies":[{"name":"wp","href":"https:\/\/api.w.org\/{rel}","templated":true}]}}