{"id":7957,"date":"2025-10-23T16:52:33","date_gmt":"2025-10-23T19:52:33","guid":{"rendered":"https:\/\/diariodegarca.com\/?p=7957"},"modified":"2025-10-23T16:52:33","modified_gmt":"2025-10-23T19:52:33","slug":"patrulha-juvenil-de-garca-ensina-jovens-a-transformar-diferencas-em-forca-coletiva","status":"publish","type":"post","link":"https:\/\/diariodegarca.com\/?p=7957","title":{"rendered":"Patrulha Juvenil de Gar\u00e7a ensina jovens a transformar diferen\u00e7as em for\u00e7a coletiva"},"content":{"rendered":"\n<p class=\"wp-block-paragraph\"><em>Atividade &#8220;Aqui Tem Futuro&#8221; trabalhou habilidades socioemocionais essenciais, ensinando adolescentes a lidar com diversos perfis em din\u00e2micas de grupo para alcan\u00e7ar objetivos comuns.<\/em><\/p>\n\n\n\n<p class=\"wp-block-paragraph\">Trabalhar em grupo \u00e9 uma realidade inevit\u00e1vel, seja na escola, no mercado de trabalho no futuro ou na vida em sociedade. Mas como transformar essa necessidade em uma oportunidade de crescimento, e n\u00e3o em uma fonte de conflitos? Foi essa a quest\u00e3o central da \u00faltima atividade da Turma &#8220;Aqui Tem Futuro&#8221;, da Patrulha Juvenil de Gar\u00e7a, realizada na sexta-feira, 17 de outubro. A iniciativa vai al\u00e9m da divis\u00e3o de tarefas, mergulhando no desenvolvimento de habilidades interpessoais essenciais para a forma\u00e7\u00e3o cidad\u00e3.<\/p>\n\n\n\n<p class=\"wp-block-paragraph\"><strong>A estrat\u00e9gia por tr\u00e1s da coopera\u00e7\u00e3o<\/strong><\/p>\n\n\n\n<p class=\"wp-block-paragraph\">Segundo a publica\u00e7\u00e3o da pr\u00f3pria institui\u00e7\u00e3o nas redes sociais, a atividade &#8220;Como lidar com diferentes estilos de trabalho em grupo&#8221; foi concebida para ir ao \u00e2mago das rela\u00e7\u00f5es em equipe. Os jovens foram conduzidos a uma reflex\u00e3o profunda sobre os diversos perfis que comp\u00f5em um grupo, aprendendo a identificar n\u00e3o apenas as pr\u00f3prias for\u00e7as e fraquezas, mas tamb\u00e9m as de seus colegas.<\/p>\n\n\n\n<p class=\"wp-block-paragraph\">O objetivo era claro: em vez de permitir que as diferen\u00e7as se tornem obst\u00e1culos, os participantes foram desafiados a us\u00e1-las de forma estrat\u00e9gica. A meta era compreender como caracter\u00edsticas individuais distintas podem se complementar, resultando em um desempenho coletivo superior e mais harm\u00f4nico.<\/p>\n\n\n\n<p class=\"wp-block-paragraph\">A filosofia por tr\u00e1s do exerc\u00edcio refor\u00e7a que a verdadeira troca de conhecimento nasce do respeito e da valoriza\u00e7\u00e3o da diversidade de pensamentos e abordagens. &#8220;Trabalhar em equipe \u00e9 um desafio que vai muito al\u00e9m de dividir tarefas, \u00e9 sobre aprender a respeitar, compreender e valorizar as diferen\u00e7as!&#8221;, destacou a Patrulha Juvenil.<\/p>\n\n\n\n<p class=\"wp-block-paragraph\">A mensagem final transmitida aos jovens \u00e9 a de que, quando cada membro compreende seu papel e o do outro, o grupo n\u00e3o apenas funciona, ele cresce. Essa maturidade coletiva \u00e9 apontada como um dos caminhos mais seguros para a constru\u00e7\u00e3o de um futuro promissor, preparando os adolescentes para os complexos desafios da vida adulta.<\/p>\n","protected":false},"excerpt":{"rendered":"<p>Atividade &#8220;Aqui Tem Futuro&#8221; trabalhou habilidades socioemocionais essenciais, ensinando adolescentes a lidar com diversos perfis em din\u00e2micas de grupo para alcan\u00e7ar objetivos comuns. Trabalhar em grupo \u00e9 uma realidade inevit\u00e1vel, seja na escola, no mercado de trabalho no futuro ou na vida em sociedade. Mas como transformar essa necessidade em uma oportunidade de crescimento, e [&hellip;]<\/p>\n","protected":false},"author":260896548,"featured_media":7958,"comment_status":"open","ping_status":"open","sticky":false,"template":"","format":"standard","meta":{"_crdt_document":"","_monsterinsights_skip_tracking":false,"_monsterinsights_sitenote_active":false,"_monsterinsights_sitenote_note":"","_monsterinsights_sitenote_category":0,"advanced_seo_description":"Descubra como a atividade 'Aqui Tem Futuro' desenvolve habilidades socioemocionais em adolescentes para fortalecer o trabalho em grupo com respeito e colabora\u00e7\u00e3o.","jetpack_seo_html_title":"Habilidades Socioemocionais em Grupos: Construindo o Futuro","jetpack_seo_noindex":false,"jetpack_post_was_ever_published":false,"_jetpack_newsletter_access":"","_jetpack_dont_email_post_to_subs":false,"_jetpack_newsletter_tier_id":0,"_jetpack_memberships_contains_paywalled_content":false,"_jetpack_memberships_contains_paid_content":false,"footnotes":"","jetpack_publicize_message":"A Patrulha Juvenil de Gar\u00e7a mostrou, em uma atividade pr\u00e1tica, que o sucesso de um grupo depende da soma de suas diferen\u00e7as. Na turma \"Aqui Tem Futuro\", jovens aprenderam a estrat\u00e9gia por tr\u00e1s de um bom trabalho em equipe.\n\nLeia a reportagem completa no link da nossa bio! \n\n#AquiTemFuturo #TrabalhoEmEquipe #PatrulhaJuvenil #DesenvolvimentoPessoal #Gar\u00e7a #Educa\u00e7\u00e3o #Jovens","jetpack_publicize_feature_enabled":true,"jetpack_social_post_already_shared":false,"jetpack_social_options":{"image_generator_settings":{"template":"highway","default_image_id":0,"font":"","enabled":false},"version":2},"_wpas_customize_per_network":false},"categories":[17964,781171664],"tags":[],"class_list":["post-7957","post","type-post","status-publish","format-standard","has-post-thumbnail","hentry","category-educacao","category-garca-cidade"],"jetpack_publicize_connections":[],"jetpack_featured_media_url":"https:\/\/i0.wp.com\/diariodegarca.com\/wp-content\/uploads\/2025\/10\/patrulha-juvenil-e1761248725922.jpg?fit=1080%2C756&ssl=1","jetpack_likes_enabled":true,"jetpack_sharing_enabled":true,"jetpack_shortlink":"https:\/\/wp.me\/pgitne-24l","jetpack-related-posts":[{"id":5767,"url":"https:\/\/diariodegarca.com\/?p=5767","url_meta":{"origin":7957,"position":0},"title":"Patrulha Juvenil de Gar\u00e7a promove aula pr\u00e1tica de Eletroeletr\u00f4nica com circuitos anal\u00f3gicos","author":"Di\u00e1rio de Gar\u00e7a","date":"18 de agosto de 2025","format":false,"excerpt":"Jovens aprendem associa\u00e7\u00e3o de resistores em s\u00e9rie e montam circuito com LEDs em atividade orientada por especialista. A\u00a0Patrulha Juvenil de Gar\u00e7a, conhecida por capacitar jovens em diversas \u00e1reas t\u00e9cnicas, realizou uma\u00a0aula pr\u00e1tica de eletr\u00f4nica anal\u00f3gica\u00a0com foco em\u00a0associa\u00e7\u00e3o de resistores em s\u00e9rie. A atividade permitiu que os alunos vivenciassem na pr\u00e1tica\u2026","rel":"","context":"Em &quot;Educa\u00e7\u00e3o&quot;","block_context":{"text":"Educa\u00e7\u00e3o","link":"https:\/\/diariodegarca.com\/?cat=17964"},"img":{"alt_text":"","src":"https:\/\/i0.wp.com\/diariodegarca.com\/wp-content\/uploads\/2025\/08\/535303390_24481489808207373_1743654612768475206_n.jpg?fit=1200%2C903&ssl=1&resize=350%2C200","width":350,"height":200,"srcset":"https:\/\/i0.wp.com\/diariodegarca.com\/wp-content\/uploads\/2025\/08\/535303390_24481489808207373_1743654612768475206_n.jpg?fit=1200%2C903&ssl=1&resize=350%2C200 1x, https:\/\/i0.wp.com\/diariodegarca.com\/wp-content\/uploads\/2025\/08\/535303390_24481489808207373_1743654612768475206_n.jpg?fit=1200%2C903&ssl=1&resize=525%2C300 1.5x, https:\/\/i0.wp.com\/diariodegarca.com\/wp-content\/uploads\/2025\/08\/535303390_24481489808207373_1743654612768475206_n.jpg?fit=1200%2C903&ssl=1&resize=700%2C400 2x, https:\/\/i0.wp.com\/diariodegarca.com\/wp-content\/uploads\/2025\/08\/535303390_24481489808207373_1743654612768475206_n.jpg?fit=1200%2C903&ssl=1&resize=1050%2C600 3x"},"classes":[]},{"id":2834,"url":"https:\/\/diariodegarca.com\/?p=2834","url_meta":{"origin":7957,"position":1},"title":"Jovens do projeto Juntos pela Cidadania vivem dia de aprendizado no 9\u00ba Batalh\u00e3o da PM em Mar\u00edlia","author":"Di\u00e1rio de Gar\u00e7a","date":"13 de fevereiro de 2025","format":false,"excerpt":"No dia 12 de fevereiro, adolescentes do projeto Juntos pela Cidadania, da Patrulha Juvenil de Gar\u00e7a, tiveram uma experi\u00eancia enriquecedora ao visitar o 9\u00ba Batalh\u00e3o de Pol\u00edcia Militar (9\u00ba BPM) em Mar\u00edlia.\u00a0A iniciativa, compartilhada nas redes sociais oficiais de ambas as institui\u00e7\u00f5es, refor\u00e7ou a import\u00e2ncia de a\u00e7\u00f5es que promovam a\u2026","rel":"","context":"Em &quot;Brasil&quot;","block_context":{"text":"Brasil","link":"https:\/\/diariodegarca.com\/?cat=38185"},"img":{"alt_text":"","src":"","width":0,"height":0},"classes":[]},{"id":8230,"url":"https:\/\/diariodegarca.com\/?p=8230","url_meta":{"origin":7957,"position":2},"title":"Patrulha Juvenil de Gar\u00e7a abre inscri\u00e7\u00f5es para Programa Jovem Aprendiz","author":"Andreza Sega","date":"30 de outubro de 2025","format":false,"excerpt":"Oportunidade \u00e9 voltada para adolescentes e jovens entre 15 e 23 anos que residam no munic\u00edpio e estejam matriculados na escola. A\u00a0Patrulha Juvenil de Gar\u00e7a\u00a0est\u00e1 com vagas abertas para o seu Programa de Jovem Aprendiz. A iniciativa representa uma porta de entrada para o mercado de trabalho para adolescentes e\u2026","rel":"","context":"Em &quot;Educa\u00e7\u00e3o&quot;","block_context":{"text":"Educa\u00e7\u00e3o","link":"https:\/\/diariodegarca.com\/?cat=17964"},"img":{"alt_text":"","src":"https:\/\/i0.wp.com\/diariodegarca.com\/wp-content\/uploads\/2025\/10\/vista-traseira-de-um-grupo-de-estudantes-universitarios-se-afastando-no-corredor-da-escola.jpg?fit=1200%2C800&ssl=1&resize=350%2C200","width":350,"height":200,"srcset":"https:\/\/i0.wp.com\/diariodegarca.com\/wp-content\/uploads\/2025\/10\/vista-traseira-de-um-grupo-de-estudantes-universitarios-se-afastando-no-corredor-da-escola.jpg?fit=1200%2C800&ssl=1&resize=350%2C200 1x, https:\/\/i0.wp.com\/diariodegarca.com\/wp-content\/uploads\/2025\/10\/vista-traseira-de-um-grupo-de-estudantes-universitarios-se-afastando-no-corredor-da-escola.jpg?fit=1200%2C800&ssl=1&resize=525%2C300 1.5x, https:\/\/i0.wp.com\/diariodegarca.com\/wp-content\/uploads\/2025\/10\/vista-traseira-de-um-grupo-de-estudantes-universitarios-se-afastando-no-corredor-da-escola.jpg?fit=1200%2C800&ssl=1&resize=700%2C400 2x, https:\/\/i0.wp.com\/diariodegarca.com\/wp-content\/uploads\/2025\/10\/vista-traseira-de-um-grupo-de-estudantes-universitarios-se-afastando-no-corredor-da-escola.jpg?fit=1200%2C800&ssl=1&resize=1050%2C600 3x"},"classes":[]},{"id":9355,"url":"https:\/\/diariodegarca.com\/?p=9355","url_meta":{"origin":7957,"position":3},"title":"Quem quer acabar com as emendas j\u00e1 as usou para 2026; nenhum centavo para transporte","author":"Andreza Sega","date":"5 de dezembro de 2025","format":false,"excerpt":"C\u00e2mara vota na segunda-feira (8) fim de mecanismo que destina R$ 2,5 milh\u00f5es por ano para sa\u00fade, creches e entidades; vereadores da base que prop\u00f5em o corte, por\u00e9m, j\u00e1 destinaram suas pr\u00f3prias emendas para 2026. Oposi\u00e7\u00e3o apresenta alternativa para manter o direito, mas permitir doa\u00e7\u00e3o volunt\u00e1ria ao transporte. Um debate\u2026","rel":"","context":"Em &quot;Gar\u00e7a&quot;","block_context":{"text":"Gar\u00e7a","link":"https:\/\/diariodegarca.com\/?cat=781171664"},"img":{"alt_text":"","src":"https:\/\/i0.wp.com\/diariodegarca.com\/wp-content\/uploads\/2025\/12\/25debb5b-1c3d-4d21-a1b3-2dbced9d835e-1-e1764881602479.png?fit=378%2C207&ssl=1&resize=350%2C200","width":350,"height":200},"classes":[]},{"id":3483,"url":"https:\/\/diariodegarca.com\/?p=3483","url_meta":{"origin":7957,"position":4},"title":"Patronato Juvenil Garcense abre vaga para Servi\u00e7os Gerais","author":"Di\u00e1rio de Gar\u00e7a","date":"28 de maio de 2025","format":false,"excerpt":"Oportunidade \u00e9 voltada para profissionais din\u00e2micos e proativos; inscri\u00e7\u00f5es v\u00e3o at\u00e9 30 de maio O\u00a0Patronato Juvenil Garcense est\u00e1 com uma vaga em aberto para\u00a0Profissional de Servi\u00e7os Gerais. A oportunidade, que tem car\u00e1ter tempor\u00e1rio de\u00a06 meses, busca um candidato que contribua para manter um ambiente seguro, acolhedor e educacional para crian\u00e7as.\u2026","rel":"","context":"Em &quot;Gar\u00e7a&quot;","block_context":{"text":"Gar\u00e7a","link":"https:\/\/diariodegarca.com\/?cat=781171664"},"img":{"alt_text":"","src":"","width":0,"height":0},"classes":[]},{"id":2917,"url":"https:\/\/diariodegarca.com\/?p=2917","url_meta":{"origin":7957,"position":5},"title":"Patrulha Juvenil de Gar\u00e7a abre processo seletivo para psic\u00f3logo(a)","author":"Di\u00e1rio de Gar\u00e7a","date":"31 de janeiro de 2025","format":false,"excerpt":"A Patrulha Juvenil de Gar\u00e7a est\u00e1 com vagas abertas para Psic\u00f3logo(a) no Servi\u00e7o de Conviv\u00eancia e Fortalecimento de V\u00ednculos (SCFV). A oportunidade \u00e9 destinada a profissionais graduados em Psicologia e com inscri\u00e7\u00e3o regular no Conselho Regional de Psicologia (CRP).\u00a0\u00a0Os interessados devem entregar curr\u00edculo com foto at\u00e9 o dia 14 de\u2026","rel":"","context":"Em &quot;Brasil&quot;","block_context":{"text":"Brasil","link":"https:\/\/diariodegarca.com\/?cat=38185"},"img":{"alt_text":"","src":"","width":0,"height":0},"classes":[]}],"_links":{"self":[{"href":"https:\/\/diariodegarca.com\/index.php?rest_route=\/wp\/v2\/posts\/7957","targetHints":{"allow":["GET"]}}],"collection":[{"href":"https:\/\/diariodegarca.com\/index.php?rest_route=\/wp\/v2\/posts"}],"about":[{"href":"https:\/\/diariodegarca.com\/index.php?rest_route=\/wp\/v2\/types\/post"}],"author":[{"embeddable":true,"href":"https:\/\/diariodegarca.com\/index.php?rest_route=\/wp\/v2\/users\/260896548"}],"replies":[{"embeddable":true,"href":"https:\/\/diariodegarca.com\/index.php?rest_route=%2Fwp%2Fv2%2Fcomments&post=7957"}],"version-history":[{"count":3,"href":"https:\/\/diariodegarca.com\/index.php?rest_route=\/wp\/v2\/posts\/7957\/revisions"}],"predecessor-version":[{"id":7961,"href":"https:\/\/diariodegarca.com\/index.php?rest_route=\/wp\/v2\/posts\/7957\/revisions\/7961"}],"wp:featuredmedia":[{"embeddable":true,"href":"https:\/\/diariodegarca.com\/index.php?rest_route=\/wp\/v2\/media\/7958"}],"wp:attachment":[{"href":"https:\/\/diariodegarca.com\/index.php?rest_route=%2Fwp%2Fv2%2Fmedia&parent=7957"}],"wp:term":[{"taxonomy":"category","embeddable":true,"href":"https:\/\/diariodegarca.com\/index.php?rest_route=%2Fwp%2Fv2%2Fcategories&post=7957"},{"taxonomy":"post_tag","embeddable":true,"href":"https:\/\/diariodegarca.com\/index.php?rest_route=%2Fwp%2Fv2%2Ftags&post=7957"}],"curies":[{"name":"wp","href":"https:\/\/api.w.org\/{rel}","templated":true}]}}