{"id":8005,"date":"2025-10-24T11:25:36","date_gmt":"2025-10-24T14:25:36","guid":{"rendered":"https:\/\/diariodegarca.com\/?p=8005"},"modified":"2025-10-24T11:25:36","modified_gmt":"2025-10-24T14:25:36","slug":"dois-foragidos-da-justica-sao-capturados-em-acoes-policiais-em-marilia","status":"publish","type":"post","link":"https:\/\/diariodegarca.com\/?p=8005","title":{"rendered":"Dois foragidos da Justi\u00e7a s\u00e3o capturados em a\u00e7\u00f5es policiais em Mar\u00edlia"},"content":{"rendered":"\n<p class=\"wp-block-paragraph\"><em>Opera\u00e7\u00f5es em bairros diferentes da cidade localizaram e prenderem os homens, que cumpriram mandados sem oferecer resist\u00eancia.<\/em><\/p>\n\n\n\n<p class=\"wp-block-paragraph\">A Pol\u00edcia Militar do 9\u00ba Batalh\u00e3o do Interior (9\u00ba BPM\/I) cumpriu dois mandados de pris\u00e3o e capturou dois foragidos da justi\u00e7a na \u00faltima ter\u00e7a-feira, 21 de outubro, em Mar\u00edlia. As a\u00e7\u00f5es, realizadas em bairros diferentes da cidade, ocorreram em um intervalo de aproximadamente 35 minutos.<\/p>\n\n\n\n<p class=\"wp-block-paragraph\">O primeiro caso foi registrado por volta das 11h45, no bairro J\u00e2nio Quadros. Policiais militares localizaram o foragido em sua pr\u00f3pria resid\u00eancia. De acordo com as informa\u00e7\u00f5es, o homem j\u00e1 tinha ci\u00eancia do mandado de pris\u00e3o e n\u00e3o resistiu \u00e0 a\u00e7\u00e3o dos agentes. Ap\u00f3s a captura, ele passou por exame de corpo de delito, conforme determina o protocolo, e foi conduzido para a Penitenci\u00e1ria II de Regin\u00f3polis.<\/p>\n\n\n\n<p class=\"wp-block-paragraph\">Pouco depois, \u00e0s 12h20, a captura do segundo foragido aconteceu no bairro Marac\u00e1 II. A pris\u00e3o foi realizada por equipes da For\u00e7a T\u00e1tica durante uma a\u00e7\u00e3o de patrulhamento de rotina. Os policiais avistaram o homem no port\u00e3o de uma casa e, cientes do mandado de pris\u00e3o contra ele (que previa uma pena de dois anos e seis meses a ser cumprida), procederam com a abordagem imediata. O indiv\u00edduo foi levado para a Central de Pol\u00edcia Judici\u00e1ria, onde ficou detido \u00e0 disposi\u00e7\u00e3o da Justi\u00e7a.<\/p>\n","protected":false},"excerpt":{"rendered":"<p>Opera\u00e7\u00f5es em bairros diferentes da cidade localizaram e prenderem os homens, que cumpriram mandados sem oferecer resist\u00eancia. A Pol\u00edcia Militar do 9\u00ba Batalh\u00e3o do Interior (9\u00ba BPM\/I) cumpriu dois mandados de pris\u00e3o e capturou dois foragidos da justi\u00e7a na \u00faltima ter\u00e7a-feira, 21 de outubro, em Mar\u00edlia. As a\u00e7\u00f5es, realizadas em bairros diferentes da cidade, ocorreram [&hellip;]<\/p>\n","protected":false},"author":260896548,"featured_media":8007,"comment_status":"open","ping_status":"open","sticky":false,"template":"","format":"standard","meta":{"_crdt_document":"","_monsterinsights_skip_tracking":false,"_monsterinsights_sitenote_active":false,"_monsterinsights_sitenote_note":"","_monsterinsights_sitenote_category":0,"advanced_seo_description":"Pol\u00edcia Militar captura dois foragidos em Mar\u00edlia em menos de 35 minutos. Mandados cumpridos sem resist\u00eancia em bairros diferentes.","jetpack_seo_html_title":"Pol\u00edcia Militar Cumpre Mandados de Pris\u00e3o em Mar\u00edlia","jetpack_seo_noindex":false,"_jetpack_newsletter_access":"","_jetpack_dont_email_post_to_subs":false,"_jetpack_newsletter_tier_id":0,"_jetpack_memberships_contains_paywalled_content":false,"_jetpack_memberships_contains_paid_content":false,"footnotes":"","jetpack_publicize_message":"Em opera\u00e7\u00f5es r\u00e1pidas e sucessivas, a Pol\u00edcia Militar capturou dois foragidos da justi\u00e7a em Mar\u00edlia na \u00faltima ter\u00e7a-feira (21\/10).\n\nA primeira pris\u00e3o ocorreu no bairro J\u00e2nio Quadros, onde um homem foi localizado em casa e preso sem resist\u00eancia. Cerca de 35 minutos depois, no Marac\u00e1 II, equipes da For\u00e7a T\u00e1tica prenderam um segundo foragido durante um patrulhamento. O homem tinha uma pena de 2 anos e 6 meses para cumprir.\n\nAmbos foram conduzidos \u00e0s unidades policiais e penais determinadas pela Justi\u00e7a.\n\n\ud83d\udcd6 Leia os detalhes das opera\u00e7\u00f5es no site Di\u00e1rio de Garca!\n\n#Justi\u00e7a #Seguran\u00e7aP\u00fablica #Mar\u00edlia #Pol\u00edciaMilitar #Opera\u00e7\u00e3oPolicial #Foragido #Captura #Not\u00edciaDeMar\u00edlia #9\u00baBPMI","jetpack_publicize_feature_enabled":true,"jetpack_social_post_already_shared":false,"jetpack_social_options":{"image_generator_settings":{"template":"highway","default_image_id":0,"font":"","enabled":false},"version":2},"_wpas_customize_per_network":false,"jetpack_post_was_ever_published":false},"categories":[683453294,781171856,21243],"tags":[],"class_list":["post-8005","post","type-post","status-publish","format-standard","has-post-thumbnail","hentry","category-marilia-cidade","category-reginopolis","category-seguranca"],"jetpack_publicize_connections":[],"jetpack_featured_media_url":"https:\/\/i0.wp.com\/diariodegarca.com\/wp-content\/uploads\/2025\/10\/SnapInsta.to_568571251_18321611263246526_1562077934256202749_n-e1761315786536.jpg?fit=1080%2C790&ssl=1","jetpack_likes_enabled":true,"jetpack_sharing_enabled":true,"jetpack_shortlink":"https:\/\/wp.me\/pgitne-257","jetpack-related-posts":[{"id":5279,"url":"https:\/\/diariodegarca.com\/?p=5279","url_meta":{"origin":8005,"position":0},"title":"Opera\u00e7\u00f5es policiais em Arco-\u00cdris, Tup\u00e3 e Mar\u00edlia resultam em pris\u00f5es por tr\u00e1fico, amea\u00e7a e outros crimes","author":"Di\u00e1rio de Gar\u00e7a","date":"5 de agosto de 2025","format":false,"excerpt":"A\u00e7\u00f5es do 9\u00ba Batalh\u00e3o da PM prenderam suspeitos por tr\u00e1fico de drogas, capturaram foragidos e desarticularam atividades criminosas nas tr\u00eas cidades. Tr\u00e1fico de drogas em Arco-\u00cdris Na \u00faltima sexta-feira, 1\u00ba de agosto, policiais militares do 9\u00ba Batalh\u00e3o prenderam um homem por tr\u00e1fico de drogas em Arco-\u00cdris. O suspeito foi flagrado\u2026","rel":"","context":"Em &quot;Arco-\u00cdris&quot;","block_context":{"text":"Arco-\u00cdris","link":"https:\/\/diariodegarca.com\/?cat=873132"},"img":{"alt_text":"","src":"https:\/\/i0.wp.com\/diariodegarca.com\/wp-content\/uploads\/2025\/08\/trafico-de-drogas-em-arco-irisnesta-sexta-feira-1-por-volta-das-19h29min-policiais-militare.webp?fit=1080%2C607&ssl=1&resize=350%2C200","width":350,"height":200,"srcset":"https:\/\/i0.wp.com\/diariodegarca.com\/wp-content\/uploads\/2025\/08\/trafico-de-drogas-em-arco-irisnesta-sexta-feira-1-por-volta-das-19h29min-policiais-militare.webp?fit=1080%2C607&ssl=1&resize=350%2C200 1x, https:\/\/i0.wp.com\/diariodegarca.com\/wp-content\/uploads\/2025\/08\/trafico-de-drogas-em-arco-irisnesta-sexta-feira-1-por-volta-das-19h29min-policiais-militare.webp?fit=1080%2C607&ssl=1&resize=525%2C300 1.5x, https:\/\/i0.wp.com\/diariodegarca.com\/wp-content\/uploads\/2025\/08\/trafico-de-drogas-em-arco-irisnesta-sexta-feira-1-por-volta-das-19h29min-policiais-militare.webp?fit=1080%2C607&ssl=1&resize=700%2C400 2x, https:\/\/i0.wp.com\/diariodegarca.com\/wp-content\/uploads\/2025\/08\/trafico-de-drogas-em-arco-irisnesta-sexta-feira-1-por-volta-das-19h29min-policiais-militare.webp?fit=1080%2C607&ssl=1&resize=1050%2C600 3x"},"classes":[]},{"id":7251,"url":"https:\/\/diariodegarca.com\/?p=7251","url_meta":{"origin":8005,"position":1},"title":"Opera\u00e7\u00e3o em Mar\u00edlia prende tr\u00eas foragidos da Justi\u00e7a em menos de 12 horas","author":"Di\u00e1rio de Gar\u00e7a","date":"29 de setembro de 2025","format":false,"excerpt":"A\u00e7\u00f5es de rotina da Pol\u00edcia Militar resultaram na captura de um fugitivo do regime semiaberto e de dois outros com mandados de pris\u00e3o em aberto. Em uma s\u00e9rie de a\u00e7\u00f5es realizadas na \u00faltima sexta-feira, 26 de setembro, a Pol\u00edcia Militar de Mar\u00edlia efetuou a captura de tr\u00eas foragidos do sistema\u2026","rel":"","context":"Em &quot;Mar\u00edlia&quot;","block_context":{"text":"Mar\u00edlia","link":"https:\/\/diariodegarca.com\/?cat=683453294"},"img":{"alt_text":"","src":"https:\/\/i0.wp.com\/diariodegarca.com\/wp-content\/uploads\/2025\/09\/SnapInsta.to_553819190_18317474986246526_3680519717087150264_n.webp?fit=980%2C1200&ssl=1&resize=350%2C200","width":350,"height":200,"srcset":"https:\/\/i0.wp.com\/diariodegarca.com\/wp-content\/uploads\/2025\/09\/SnapInsta.to_553819190_18317474986246526_3680519717087150264_n.webp?fit=980%2C1200&ssl=1&resize=350%2C200 1x, https:\/\/i0.wp.com\/diariodegarca.com\/wp-content\/uploads\/2025\/09\/SnapInsta.to_553819190_18317474986246526_3680519717087150264_n.webp?fit=980%2C1200&ssl=1&resize=525%2C300 1.5x, https:\/\/i0.wp.com\/diariodegarca.com\/wp-content\/uploads\/2025\/09\/SnapInsta.to_553819190_18317474986246526_3680519717087150264_n.webp?fit=980%2C1200&ssl=1&resize=700%2C400 2x"},"classes":[]},{"id":8047,"url":"https:\/\/diariodegarca.com\/?p=8047","url_meta":{"origin":8005,"position":2},"title":"Dois procurados pela justi\u00e7a s\u00e3o capturados em a\u00e7\u00f5es da Pol\u00edcia Militar na regi\u00e3o","author":"Andreza Sega","date":"26 de outubro de 2025","format":false,"excerpt":"Opera\u00e7\u00f5es em Mar\u00edlia e Hercul\u00e2ndia resultaram na pris\u00e3o de condenados por tr\u00e1fico de drogas e estupro de vulner\u00e1vel. A atua\u00e7\u00e3o das equipes do 9\u00ba Batalh\u00e3o de Pol\u00edcia Militar do Interior resultou na captura de dois indiv\u00edduos procurados pela Justi\u00e7a na \u00faltima sexta-feira, 24 de outubro. As opera\u00e7\u00f5es, realizadas nas cidades\u2026","rel":"","context":"Em &quot;Hercul\u00e2ndia&quot;","block_context":{"text":"Hercul\u00e2ndia","link":"https:\/\/diariodegarca.com\/?cat=30531357"},"img":{"alt_text":"","src":"https:\/\/i0.wp.com\/diariodegarca.com\/wp-content\/uploads\/2025\/08\/snapinsta.to_541167752_18313811869246526_8602846701173977583_n-1-1-e1761514992462.webp?fit=1200%2C754&ssl=1&resize=350%2C200","width":350,"height":200,"srcset":"https:\/\/i0.wp.com\/diariodegarca.com\/wp-content\/uploads\/2025\/08\/snapinsta.to_541167752_18313811869246526_8602846701173977583_n-1-1-e1761514992462.webp?fit=1200%2C754&ssl=1&resize=350%2C200 1x, https:\/\/i0.wp.com\/diariodegarca.com\/wp-content\/uploads\/2025\/08\/snapinsta.to_541167752_18313811869246526_8602846701173977583_n-1-1-e1761514992462.webp?fit=1200%2C754&ssl=1&resize=525%2C300 1.5x, https:\/\/i0.wp.com\/diariodegarca.com\/wp-content\/uploads\/2025\/08\/snapinsta.to_541167752_18313811869246526_8602846701173977583_n-1-1-e1761514992462.webp?fit=1200%2C754&ssl=1&resize=700%2C400 2x, https:\/\/i0.wp.com\/diariodegarca.com\/wp-content\/uploads\/2025\/08\/snapinsta.to_541167752_18313811869246526_8602846701173977583_n-1-1-e1761514992462.webp?fit=1200%2C754&ssl=1&resize=1050%2C600 3x"},"classes":[]},{"id":5034,"url":"https:\/\/diariodegarca.com\/?p=5034","url_meta":{"origin":8005,"position":3},"title":"PM prende suspeitos de sequestro, tr\u00e1fico e cumpre mandados em Mar\u00edlia, Tup\u00e3 e Pomp\u00e9ia","author":"Di\u00e1rio de Gar\u00e7a","date":"25 de julho de 2025","format":false,"excerpt":"Opera\u00e7\u00f5es do 9\u00ba BPM\/I resultaram em pris\u00f5es, apreens\u00e3o de armas e drogas em diferentes cidades da regi\u00e3o. A seguran\u00e7a p\u00fablica na regi\u00e3o de Mar\u00edlia esteve movimentada nesta semana, com a\u00e7\u00f5es policiais que resultaram na pris\u00e3o de criminosos envolvidos em crimes graves, como sequestro, tr\u00e1fico de drogas e posse ilegal de\u2026","rel":"","context":"Em &quot;Mar\u00edlia&quot;","block_context":{"text":"Mar\u00edlia","link":"https:\/\/diariodegarca.com\/?cat=683453294"},"img":{"alt_text":"","src":"https:\/\/i0.wp.com\/diariodegarca.com\/wp-content\/uploads\/2025\/07\/whatsapp-image-2025-07-25-at-15.40.53.jpeg?fit=1200%2C987&ssl=1&resize=350%2C200","width":350,"height":200,"srcset":"https:\/\/i0.wp.com\/diariodegarca.com\/wp-content\/uploads\/2025\/07\/whatsapp-image-2025-07-25-at-15.40.53.jpeg?fit=1200%2C987&ssl=1&resize=350%2C200 1x, https:\/\/i0.wp.com\/diariodegarca.com\/wp-content\/uploads\/2025\/07\/whatsapp-image-2025-07-25-at-15.40.53.jpeg?fit=1200%2C987&ssl=1&resize=525%2C300 1.5x, https:\/\/i0.wp.com\/diariodegarca.com\/wp-content\/uploads\/2025\/07\/whatsapp-image-2025-07-25-at-15.40.53.jpeg?fit=1200%2C987&ssl=1&resize=700%2C400 2x, https:\/\/i0.wp.com\/diariodegarca.com\/wp-content\/uploads\/2025\/07\/whatsapp-image-2025-07-25-at-15.40.53.jpeg?fit=1200%2C987&ssl=1&resize=1050%2C600 3x"},"classes":[]},{"id":6488,"url":"https:\/\/diariodegarca.com\/?p=6488","url_meta":{"origin":8005,"position":4},"title":"Pol\u00edcia Militar prende dois foragidos da justi\u00e7a em opera\u00e7\u00f5es distintas em Mar\u00edlia e Tup\u00e3","author":"Di\u00e1rio de Gar\u00e7a","date":"8 de setembro de 2025","format":false,"excerpt":"Homens eram procurados por mandados de pris\u00e3o relacionados a crimes de roubo e amea\u00e7a; ambos foram capturados no domingo e colocados \u00e0 disposi\u00e7\u00e3o da Justi\u00e7a. Em opera\u00e7\u00f5es de rotina no \u00faltimo domingo, 7 de setembro, equipes do 9\u00b0 Batalh\u00e3o de Pol\u00edcia Militar do Interior cumpriram dois mandados de pris\u00e3o e\u2026","rel":"","context":"Em &quot;Mar\u00edlia&quot;","block_context":{"text":"Mar\u00edlia","link":"https:\/\/diariodegarca.com\/?cat=683453294"},"img":{"alt_text":"","src":"https:\/\/i0.wp.com\/diariodegarca.com\/wp-content\/uploads\/2025\/08\/snapinsta.to_539552991_18313800283246526_7607389684923028999_n-1.webp?fit=1200%2C1200&ssl=1&resize=350%2C200","width":350,"height":200,"srcset":"https:\/\/i0.wp.com\/diariodegarca.com\/wp-content\/uploads\/2025\/08\/snapinsta.to_539552991_18313800283246526_7607389684923028999_n-1.webp?fit=1200%2C1200&ssl=1&resize=350%2C200 1x, https:\/\/i0.wp.com\/diariodegarca.com\/wp-content\/uploads\/2025\/08\/snapinsta.to_539552991_18313800283246526_7607389684923028999_n-1.webp?fit=1200%2C1200&ssl=1&resize=525%2C300 1.5x, https:\/\/i0.wp.com\/diariodegarca.com\/wp-content\/uploads\/2025\/08\/snapinsta.to_539552991_18313800283246526_7607389684923028999_n-1.webp?fit=1200%2C1200&ssl=1&resize=700%2C400 2x, https:\/\/i0.wp.com\/diariodegarca.com\/wp-content\/uploads\/2025\/08\/snapinsta.to_539552991_18313800283246526_7607389684923028999_n-1.webp?fit=1200%2C1200&ssl=1&resize=1050%2C600 3x"},"classes":[]},{"id":7616,"url":"https:\/\/diariodegarca.com\/?p=7616","url_meta":{"origin":8005,"position":5},"title":"PM prende quatro procurados da Justi\u00e7a em menos de 24 horas na regi\u00e3o","author":"Andreza Sega","date":"11 de outubro de 2025","format":false,"excerpt":"A\u00e7\u00f5es em Tup\u00e3, Quat\u00e1 e Mar\u00edlia, resultaram na captura de condenados por crimes que v\u00e3o de estupro de vulner\u00e1vel a evas\u00e3o do sistema prisional. Em um \u00fanico dia de trabalho, as equipes do 9\u00ba Batalh\u00e3o de Pol\u00edcia Militar do Interior (BPM\/I) recuperaram quatro indiv\u00edduos procurados pela Justi\u00e7a em diferentes munic\u00edpios\u2026","rel":"","context":"Em &quot;Mar\u00edlia&quot;","block_context":{"text":"Mar\u00edlia","link":"https:\/\/diariodegarca.com\/?cat=683453294"},"img":{"alt_text":"","src":"https:\/\/i0.wp.com\/diariodegarca.com\/wp-content\/uploads\/2025\/09\/SnapInsta.to_547856115_18315622645246526_7174348806758713161_n.webp?fit=1200%2C1200&ssl=1&resize=350%2C200","width":350,"height":200,"srcset":"https:\/\/i0.wp.com\/diariodegarca.com\/wp-content\/uploads\/2025\/09\/SnapInsta.to_547856115_18315622645246526_7174348806758713161_n.webp?fit=1200%2C1200&ssl=1&resize=350%2C200 1x, https:\/\/i0.wp.com\/diariodegarca.com\/wp-content\/uploads\/2025\/09\/SnapInsta.to_547856115_18315622645246526_7174348806758713161_n.webp?fit=1200%2C1200&ssl=1&resize=525%2C300 1.5x, https:\/\/i0.wp.com\/diariodegarca.com\/wp-content\/uploads\/2025\/09\/SnapInsta.to_547856115_18315622645246526_7174348806758713161_n.webp?fit=1200%2C1200&ssl=1&resize=700%2C400 2x, https:\/\/i0.wp.com\/diariodegarca.com\/wp-content\/uploads\/2025\/09\/SnapInsta.to_547856115_18315622645246526_7174348806758713161_n.webp?fit=1200%2C1200&ssl=1&resize=1050%2C600 3x"},"classes":[]}],"_links":{"self":[{"href":"https:\/\/diariodegarca.com\/index.php?rest_route=\/wp\/v2\/posts\/8005","targetHints":{"allow":["GET"]}}],"collection":[{"href":"https:\/\/diariodegarca.com\/index.php?rest_route=\/wp\/v2\/posts"}],"about":[{"href":"https:\/\/diariodegarca.com\/index.php?rest_route=\/wp\/v2\/types\/post"}],"author":[{"embeddable":true,"href":"https:\/\/diariodegarca.com\/index.php?rest_route=\/wp\/v2\/users\/260896548"}],"replies":[{"embeddable":true,"href":"https:\/\/diariodegarca.com\/index.php?rest_route=%2Fwp%2Fv2%2Fcomments&post=8005"}],"version-history":[{"count":2,"href":"https:\/\/diariodegarca.com\/index.php?rest_route=\/wp\/v2\/posts\/8005\/revisions"}],"predecessor-version":[{"id":8008,"href":"https:\/\/diariodegarca.com\/index.php?rest_route=\/wp\/v2\/posts\/8005\/revisions\/8008"}],"wp:featuredmedia":[{"embeddable":true,"href":"https:\/\/diariodegarca.com\/index.php?rest_route=\/wp\/v2\/media\/8007"}],"wp:attachment":[{"href":"https:\/\/diariodegarca.com\/index.php?rest_route=%2Fwp%2Fv2%2Fmedia&parent=8005"}],"wp:term":[{"taxonomy":"category","embeddable":true,"href":"https:\/\/diariodegarca.com\/index.php?rest_route=%2Fwp%2Fv2%2Fcategories&post=8005"},{"taxonomy":"post_tag","embeddable":true,"href":"https:\/\/diariodegarca.com\/index.php?rest_route=%2Fwp%2Fv2%2Ftags&post=8005"}],"curies":[{"name":"wp","href":"https:\/\/api.w.org\/{rel}","templated":true}]}}