{"id":8009,"date":"2025-10-24T14:20:21","date_gmt":"2025-10-24T17:20:21","guid":{"rendered":"https:\/\/diariodegarca.com\/?p=8009"},"modified":"2025-10-24T14:20:21","modified_gmt":"2025-10-24T17:20:21","slug":"operacao-virtude-em-marilia-prende-procurado-e-averigua-17-denuncias-de-crimes-contra-idosos","status":"publish","type":"post","link":"https:\/\/diariodegarca.com\/?p=8009","title":{"rendered":"Opera\u00e7\u00e3o Virtude em Mar\u00edlia prende procurado e averigua 17 den\u00fancias de crimes contra idosos"},"content":{"rendered":"\n<p class=\"wp-block-paragraph\"><em>Em opera\u00e7\u00e3o integrada, pol\u00edcias Civil e Militar averiguaram den\u00fancias e refor\u00e7aram a prote\u00e7\u00e3o a pessoas idosas; nenhum caso de maus-tratos foi confirmado durante as visitas.<\/em><\/p>\n\n\n\n<p class=\"wp-block-paragraph\">Uma for\u00e7a-tarefa envolvendo Pol\u00edcia Militar e Pol\u00edcia Civil moveu-se por Mar\u00edlia na \u00faltima quarta-feira, 22 de outubro, para proteger um dos grupos mais vulner\u00e1veis da sociedade: os idosos. A a\u00e7\u00e3o foi o &#8220;Dia D&#8221; da Opera\u00e7\u00e3o Virtude, iniciativa estadual que ocorre ao longo de outubro com foco no combate a crimes contra a pessoa idosa.<\/p>\n\n\n\n<p class=\"wp-block-paragraph\">Durante a opera\u00e7\u00e3o, as equipes visitaram 17 resid\u00eancias onde moram idosos com idades entre 60 e 94 anos. O objetivo era averiguar den\u00fancias de maus-tratos. De acordo com a delegada Darlene Tozin, da Delegacia de Defesa da Mulher de Mar\u00edlia, que participou da a\u00e7\u00e3o, os agentes conseguiram conversar diretamente com os idosos, que foram &#8220;muito bem atendidos&#8221;.<\/p>\n\n\n\n<p class=\"wp-block-paragraph\">&#8220;Umas at\u00e9 agradeceram a presen\u00e7a da Pol\u00edcia Militar e da Pol\u00edcia Civil. Ficaram felizes com a preocupa\u00e7\u00e3o&#8221;, relatou a delegada. Apesar das den\u00fancias que motivaram as visitas, nenhuma situa\u00e7\u00e3o de maus-tratos foi revelada ou confirmada durante a a\u00e7\u00e3o do dia 22.<\/p>\n\n\n\n<p class=\"wp-block-paragraph\">Al\u00e9m do trabalho preventivo e de fiscaliza\u00e7\u00e3o, a opera\u00e7\u00e3o tamb\u00e9m teve um bra\u00e7o repressivo. Conforme detalhado pelo tenente PM Rui, sete mandados de pris\u00e3o foram averiguados, resultando na captura de um indiv\u00edduo que era procurado pela justi\u00e7a. Um mandado de busca e apreens\u00e3o de arma de fogo tamb\u00e9m foi cumprido, mas o item n\u00e3o foi localizado.<\/p>\n\n\n\n<p class=\"wp-block-paragraph\">As autoridades refor\u00e7am o chamado \u00e0 popula\u00e7\u00e3o. &#8220;Caso voc\u00ea observe qualquer situa\u00e7\u00e3o de maus-tratos contra idosos, denuncie&#8221;, orientou o tenente Rui. A delegada Darlene Tozin complementou: &#8220;N\u00f3s estamos prontos a atend\u00ea-los, toda a popula\u00e7\u00e3o&#8221;. As den\u00fancias podem ser feitas junto \u00e0 Pol\u00edcia Militar ou \u00e0 Pol\u00edcia Civil, tamb\u00e9m de forma online ou pelos n\u00fameros 190 (da Pol\u00edcia Militar) ou 180 (que recebe inclusive den\u00fancias an\u00f4nimas, contra os mais diversos tipos de viol\u00eancia).<\/p>\n","protected":false},"excerpt":{"rendered":"<p>Em opera\u00e7\u00e3o integrada, pol\u00edcias Civil e Militar averiguaram den\u00fancias e refor\u00e7aram a prote\u00e7\u00e3o a pessoas idosas; nenhum caso de maus-tratos foi confirmado durante as visitas. Uma for\u00e7a-tarefa envolvendo Pol\u00edcia Militar e Pol\u00edcia Civil moveu-se por Mar\u00edlia na \u00faltima quarta-feira, 22 de outubro, para proteger um dos grupos mais vulner\u00e1veis da sociedade: os idosos. A a\u00e7\u00e3o [&hellip;]<\/p>\n","protected":false},"author":260896548,"featured_media":8011,"comment_status":"open","ping_status":"open","sticky":false,"template":"","format":"standard","meta":{"_crdt_document":"","_monsterinsights_skip_tracking":false,"_monsterinsights_sitenote_active":false,"_monsterinsights_sitenote_note":"","_monsterinsights_sitenote_category":0,"advanced_seo_description":"Pol\u00edcias Civil e Militar realizam opera\u00e7\u00e3o em Mar\u00edlia para proteger idosos e averiguar den\u00fancias de maus-tratos; nenhuma confirma\u00e7\u00e3o foi encontrada.","jetpack_seo_html_title":"Pol\u00edcias Combatem Maus-Tratos a Idosos em Mar\u00edlia","jetpack_seo_noindex":false,"_jetpack_newsletter_access":"","_jetpack_dont_email_post_to_subs":false,"_jetpack_newsletter_tier_id":0,"_jetpack_memberships_contains_paywalled_content":false,"_jetpack_memberships_contains_paid_content":false,"footnotes":"","jetpack_publicize_message":"\ud83c\udfe0\ud83d\udc75 Opera\u00e7\u00e3o visita idosos de at\u00e9 94 anos em Mar\u00edlia\n\nNa \u00faltima quarta, as pol\u00edcias Civil e Militar realizaram o \"Dia D\" da Opera\u00e7\u00e3o Virtude na cidade. A a\u00e7\u00e3o teve dois lados:\n\n\u27a1\ufe0f Lado Social: 17 casas de idosos (de 60 a 94 anos) foram visitadas para averiguar den\u00fancias. Os idosos receberam bem a pol\u00edcia e, naquele dia, nenhum caso de maus-tratos foi confirmado.\n\n\u27a1\ufe0f Lado Repressivo: 1 procurado foi capturado e 7 mandados de pris\u00e3o foram averiguados.\n\nAs autoridades refor\u00e7am: ver qualquer situa\u00e7\u00e3o de maus-tratos? DENUNCIE pelo 190 ou 180.\n\n\ud83d\udcd6 Leia a reportagem completa no site Di\u00e1rio de Gar\u00e7a!\n\n#Opera\u00e7\u00e3oVirtude #Mar\u00edlia #Idosos #Prote\u00e7\u00e3oAoIdoso #Pol\u00edciaCivil #Pol\u00edciaMilitar #Seguran\u00e7aP\u00fablica #Denuncie #DiarioDeGarca","jetpack_publicize_feature_enabled":true,"jetpack_social_post_already_shared":false,"jetpack_social_options":{"image_generator_settings":{"template":"highway","default_image_id":0,"font":"","enabled":false},"version":2},"_wpas_customize_per_network":false,"jetpack_post_was_ever_published":false},"categories":[683453294,21243],"tags":[],"class_list":["post-8009","post","type-post","status-publish","format-standard","has-post-thumbnail","hentry","category-marilia-cidade","category-seguranca"],"jetpack_publicize_connections":[],"jetpack_featured_media_url":"https:\/\/i0.wp.com\/diariodegarca.com\/wp-content\/uploads\/2025\/10\/SnapInsta.to_568632784_18321635047246526_6427962331807951485_n-e1761326290698.jpg?fit=1080%2C690&ssl=1","jetpack_likes_enabled":true,"jetpack_sharing_enabled":true,"jetpack_shortlink":"https:\/\/wp.me\/pgitne-25b","jetpack-related-posts":[{"id":7769,"url":"https:\/\/diariodegarca.com\/?p=7769","url_meta":{"origin":8009,"position":0},"title":"Idoso \u00e9 agredido e tem sua bicicleta roubada em Echapor\u00e3","author":"Andreza Sega","date":"17 de outubro de 2025","format":false,"excerpt":"Policiais militares localizaram e prenderam o suspeito no quintal de sua casa, onde a bicicleta furtada e o canivete usado no crime foram recuperados. Um homem foi preso em flagrante na tarde desta quinta-feira, 16 de outubro, na cidade de Echapor\u00e3, acusado de agredir um idoso e roubar a bicicleta\u2026","rel":"","context":"Em &quot;Echapor\u00e3&quot;","block_context":{"text":"Echapor\u00e3","link":"https:\/\/diariodegarca.com\/?cat=9098997"},"img":{"alt_text":"","src":"https:\/\/i0.wp.com\/diariodegarca.com\/wp-content\/uploads\/2025\/10\/WhatsApp-Image-2025-10-17-at-09.53.42-e1760706447706.jpeg?fit=1200%2C700&ssl=1&resize=350%2C200","width":350,"height":200,"srcset":"https:\/\/i0.wp.com\/diariodegarca.com\/wp-content\/uploads\/2025\/10\/WhatsApp-Image-2025-10-17-at-09.53.42-e1760706447706.jpeg?fit=1200%2C700&ssl=1&resize=350%2C200 1x, https:\/\/i0.wp.com\/diariodegarca.com\/wp-content\/uploads\/2025\/10\/WhatsApp-Image-2025-10-17-at-09.53.42-e1760706447706.jpeg?fit=1200%2C700&ssl=1&resize=525%2C300 1.5x, https:\/\/i0.wp.com\/diariodegarca.com\/wp-content\/uploads\/2025\/10\/WhatsApp-Image-2025-10-17-at-09.53.42-e1760706447706.jpeg?fit=1200%2C700&ssl=1&resize=700%2C400 2x, https:\/\/i0.wp.com\/diariodegarca.com\/wp-content\/uploads\/2025\/10\/WhatsApp-Image-2025-10-17-at-09.53.42-e1760706447706.jpeg?fit=1200%2C700&ssl=1&resize=1050%2C600 3x"},"classes":[]},{"id":2142,"url":"https:\/\/diariodegarca.com\/?p=2142","url_meta":{"origin":8009,"position":1},"title":"Pol\u00edcia Civil e ONG resgatam c\u00e3es em situa\u00e7\u00e3o de maus-tratos em Mar\u00edlia","author":"Di\u00e1rio de Gar\u00e7a","date":"10 de maio de 2025","format":false,"excerpt":"Uma opera\u00e7\u00e3o conjunta entre a Pol\u00edcia Civil e a ONG Spaddes resultou no resgate de cinco c\u00e3es que viviam em condi\u00e7\u00f5es degradantes em Mar\u00edlia, incluindo um filhote em estado grave de sa\u00fade. A a\u00e7\u00e3o, realizada com base em mandados de busca e apreens\u00e3o expedidos pela 2\u00aa Vara da cidade, teve\u2026","rel":"","context":"Em &quot;Brasil&quot;","block_context":{"text":"Brasil","link":"https:\/\/diariodegarca.com\/?cat=38185"},"img":{"alt_text":"","src":"","width":0,"height":0},"classes":[]},{"id":2311,"url":"https:\/\/diariodegarca.com\/?p=2311","url_meta":{"origin":8009,"position":2},"title":"Homem \u00e9 preso por enforcar cachorra e amea\u00e7ar vizinhas com faca em Bauru","author":"Di\u00e1rio de Gar\u00e7a","date":"19 de abril de 2025","format":false,"excerpt":"Um homem de 39 anos foi detido na noite de quinta-feira, dia 17 de abril, no bairro Vila Formosa, em Bauru, ap\u00f3s agredir violentamente sua pr\u00f3pria\u00a0 cachorra, Pandora, sem ra\u00e7a definida e de pelagem caramelo, al\u00e9m de amea\u00e7ar duas vizinhas com uma faca. O caso, registrado como abuso animal, amea\u00e7a\u2026","rel":"","context":"Em &quot;Brasil&quot;","block_context":{"text":"Brasil","link":"https:\/\/diariodegarca.com\/?cat=38185"},"img":{"alt_text":"","src":"","width":0,"height":0},"classes":[]},{"id":7818,"url":"https:\/\/diariodegarca.com\/?p=7818","url_meta":{"origin":8009,"position":3},"title":"Estagi\u00e1rios da PM apreendem crack, coca\u00edna e maconha durante opera\u00e7\u00e3o em Pomp\u00e9ia","author":"Andreza Sega","date":"18 de outubro de 2025","format":false,"excerpt":"Durante est\u00e1gio supervisionado, soldados do 9\u00b0 BPM\/I seguiram den\u00fancia an\u00f4nima ap\u00f3s abordagem e encontraram drogas escondidas em via p\u00fablica. Uma opera\u00e7\u00e3o de rotina da Pol\u00edcia Militar resultou na apreens\u00e3o de uma significativa quantidade de drogas e na pris\u00e3o de um homem por tr\u00e1fico na sexta-feira, 17 de outubro, em Pomp\u00e9ia.\u2026","rel":"","context":"Em &quot;Mar\u00edlia&quot;","block_context":{"text":"Mar\u00edlia","link":"https:\/\/diariodegarca.com\/?cat=683453294"},"img":{"alt_text":"","src":"https:\/\/i0.wp.com\/diariodegarca.com\/wp-content\/uploads\/2025\/10\/SnapInsta.to_564317067_18320816452246526_838517025965116070_n-e1760796773285.jpg?fit=1200%2C852&ssl=1&resize=350%2C200","width":350,"height":200,"srcset":"https:\/\/i0.wp.com\/diariodegarca.com\/wp-content\/uploads\/2025\/10\/SnapInsta.to_564317067_18320816452246526_838517025965116070_n-e1760796773285.jpg?fit=1200%2C852&ssl=1&resize=350%2C200 1x, https:\/\/i0.wp.com\/diariodegarca.com\/wp-content\/uploads\/2025\/10\/SnapInsta.to_564317067_18320816452246526_838517025965116070_n-e1760796773285.jpg?fit=1200%2C852&ssl=1&resize=525%2C300 1.5x, https:\/\/i0.wp.com\/diariodegarca.com\/wp-content\/uploads\/2025\/10\/SnapInsta.to_564317067_18320816452246526_838517025965116070_n-e1760796773285.jpg?fit=1200%2C852&ssl=1&resize=700%2C400 2x, https:\/\/i0.wp.com\/diariodegarca.com\/wp-content\/uploads\/2025\/10\/SnapInsta.to_564317067_18320816452246526_838517025965116070_n-e1760796773285.jpg?fit=1200%2C852&ssl=1&resize=1050%2C600 3x"},"classes":[]},{"id":7198,"url":"https:\/\/diariodegarca.com\/?p=7198","url_meta":{"origin":8009,"position":4},"title":"Casos de maus-tratos e abandono de animais mobilizam ONG e pol\u00edcia em G\u00e1lia","author":"Di\u00e1rio de Gar\u00e7a","date":"26 de setembro de 2025","format":false,"excerpt":"Spaddes pede pris\u00e3o preventiva de idoso por crueldade e recorre \u00e0 Justi\u00e7a para resgatar cadela supostamente abandonada por casal. A ONG Spaddes protocolou uma representa\u00e7\u00e3o na Delegacia de G\u00e1lia solicitando a pris\u00e3o preventiva de um idoso investigado por maus-tratos a animais. A entidade alega haver risco de reitera\u00e7\u00e3o criminosa, uma\u2026","rel":"","context":"Em &quot;Causa animal&quot;","block_context":{"text":"Causa animal","link":"https:\/\/diariodegarca.com\/?cat=26891317"},"img":{"alt_text":"","src":"https:\/\/i0.wp.com\/diariodegarca.com\/wp-content\/uploads\/2025\/09\/Screenshot_20250926_130815_Chrome.jpg?fit=1069%2C1200&ssl=1&resize=350%2C200","width":350,"height":200,"srcset":"https:\/\/i0.wp.com\/diariodegarca.com\/wp-content\/uploads\/2025\/09\/Screenshot_20250926_130815_Chrome.jpg?fit=1069%2C1200&ssl=1&resize=350%2C200 1x, https:\/\/i0.wp.com\/diariodegarca.com\/wp-content\/uploads\/2025\/09\/Screenshot_20250926_130815_Chrome.jpg?fit=1069%2C1200&ssl=1&resize=525%2C300 1.5x, https:\/\/i0.wp.com\/diariodegarca.com\/wp-content\/uploads\/2025\/09\/Screenshot_20250926_130815_Chrome.jpg?fit=1069%2C1200&ssl=1&resize=700%2C400 2x, https:\/\/i0.wp.com\/diariodegarca.com\/wp-content\/uploads\/2025\/09\/Screenshot_20250926_130815_Chrome.jpg?fit=1069%2C1200&ssl=1&resize=1050%2C600 3x"},"classes":[]},{"id":7991,"url":"https:\/\/diariodegarca.com\/?p=7991","url_meta":{"origin":8009,"position":5},"title":"Opera\u00e7\u00e3o Virtude leva palestra sobre direitos e prote\u00e7\u00e3o aos idosos de Gar\u00e7a","author":"Di\u00e1rio de Gar\u00e7a","date":"24 de outubro de 2025","format":false,"excerpt":"A\u00e7\u00e3o conjunta da Pol\u00edcia Militar e da Prefeitura orientou participantes do Programa Vida Longa sobre como se prevenir de golpes e abusos. A Opera\u00e7\u00e3o Virtude, iniciativa da Pol\u00edcia Militar, promoveu na \u00faltima quarta-feira, 22 de outubro, uma palestra educativa para idosos do Programa Municipal Vida Longa, na cidade de Gar\u00e7a.\u2026","rel":"","context":"Em &quot;Causa social&quot;","block_context":{"text":"Causa social","link":"https:\/\/diariodegarca.com\/?cat=781171849"},"img":{"alt_text":"","src":"https:\/\/i0.wp.com\/diariodegarca.com\/wp-content\/uploads\/2025\/10\/WhatsApp-Image-2025-10-23-at-09.21.20-e1761312732517.jpeg?fit=1200%2C661&ssl=1&resize=350%2C200","width":350,"height":200,"srcset":"https:\/\/i0.wp.com\/diariodegarca.com\/wp-content\/uploads\/2025\/10\/WhatsApp-Image-2025-10-23-at-09.21.20-e1761312732517.jpeg?fit=1200%2C661&ssl=1&resize=350%2C200 1x, https:\/\/i0.wp.com\/diariodegarca.com\/wp-content\/uploads\/2025\/10\/WhatsApp-Image-2025-10-23-at-09.21.20-e1761312732517.jpeg?fit=1200%2C661&ssl=1&resize=525%2C300 1.5x, https:\/\/i0.wp.com\/diariodegarca.com\/wp-content\/uploads\/2025\/10\/WhatsApp-Image-2025-10-23-at-09.21.20-e1761312732517.jpeg?fit=1200%2C661&ssl=1&resize=700%2C400 2x, https:\/\/i0.wp.com\/diariodegarca.com\/wp-content\/uploads\/2025\/10\/WhatsApp-Image-2025-10-23-at-09.21.20-e1761312732517.jpeg?fit=1200%2C661&ssl=1&resize=1050%2C600 3x"},"classes":[]}],"_links":{"self":[{"href":"https:\/\/diariodegarca.com\/index.php?rest_route=\/wp\/v2\/posts\/8009","targetHints":{"allow":["GET"]}}],"collection":[{"href":"https:\/\/diariodegarca.com\/index.php?rest_route=\/wp\/v2\/posts"}],"about":[{"href":"https:\/\/diariodegarca.com\/index.php?rest_route=\/wp\/v2\/types\/post"}],"author":[{"embeddable":true,"href":"https:\/\/diariodegarca.com\/index.php?rest_route=\/wp\/v2\/users\/260896548"}],"replies":[{"embeddable":true,"href":"https:\/\/diariodegarca.com\/index.php?rest_route=%2Fwp%2Fv2%2Fcomments&post=8009"}],"version-history":[{"count":2,"href":"https:\/\/diariodegarca.com\/index.php?rest_route=\/wp\/v2\/posts\/8009\/revisions"}],"predecessor-version":[{"id":8012,"href":"https:\/\/diariodegarca.com\/index.php?rest_route=\/wp\/v2\/posts\/8009\/revisions\/8012"}],"wp:featuredmedia":[{"embeddable":true,"href":"https:\/\/diariodegarca.com\/index.php?rest_route=\/wp\/v2\/media\/8011"}],"wp:attachment":[{"href":"https:\/\/diariodegarca.com\/index.php?rest_route=%2Fwp%2Fv2%2Fmedia&parent=8009"}],"wp:term":[{"taxonomy":"category","embeddable":true,"href":"https:\/\/diariodegarca.com\/index.php?rest_route=%2Fwp%2Fv2%2Fcategories&post=8009"},{"taxonomy":"post_tag","embeddable":true,"href":"https:\/\/diariodegarca.com\/index.php?rest_route=%2Fwp%2Fv2%2Ftags&post=8009"}],"curies":[{"name":"wp","href":"https:\/\/api.w.org\/{rel}","templated":true}]}}