{"id":8023,"date":"2025-10-24T15:08:37","date_gmt":"2025-10-24T18:08:37","guid":{"rendered":"https:\/\/diariodegarca.com\/?p=8023"},"modified":"2025-10-24T15:08:37","modified_gmt":"2025-10-24T18:08:37","slug":"dois-adolescentes-sao-apreendidos-por-trafico-de-drogas-durante-patrulhamento-em-marilia","status":"publish","type":"post","link":"https:\/\/diariodegarca.com\/?p=8023","title":{"rendered":"Dois adolescentes s\u00e3o apreendidos por tr\u00e1fico de drogas durante patrulhamento em Mar\u00edlia"},"content":{"rendered":"\n<p class=\"wp-block-paragraph\"><em>Apreens\u00e3o ocorreu na comunidade do Azaleia ap\u00f3s os jovens tentarem fugir da abordagem policial; foram encontradas por\u00e7\u00f5es de maconha, crack, coca\u00edna e dinheiro.<\/em><\/p>\n\n\n\n<p class=\"wp-block-paragraph\">Em uma a\u00e7\u00e3o de rotina realizada na tarde de quinta-feira, 23 de outubro, policiais militares do 9\u00ba Batalh\u00e3o do Interior (9\u00ba BPM\/I) apreenderam dois adolescentes por suspeita de tr\u00e1fico de drogas na zona sul de Mar\u00edlia.<\/p>\n\n\n\n<p class=\"wp-block-paragraph\">A ocorr\u00eancia teve in\u00edcio durante um patrulhamento pela regi\u00e3o da Zona Sul, quando as equipes avistaram os dois jovens carregando sacolas. Ao notarem a aproxima\u00e7\u00e3o das viaturas, os adolescentes tentaram fugir em dire\u00e7\u00e3o \u00e0 comunidade do Azaleia, mas foram rapidamente alcan\u00e7ados e abordados pelos policiais.<\/p>\n\n\n\n<p class=\"wp-block-paragraph\">Na busca pessoal realizada no local, os militares encontraram, com um dos adolescentes, uma sacola verde que continha 72 por\u00e7\u00f5es de maconha prontas para a venda e R$ 1.099,00 em dinheiro, com c\u00e9dulas de diversos valores.<\/p>\n\n\n\n<p class=\"wp-block-paragraph\">Com o outro jovem, foi localizada uma sacola vermelha contendo 87 por\u00e7\u00f5es de crack acondicionadas em microtubos de pl\u00e1stico, 25 por\u00e7\u00f5es em microtubos de pl\u00e1stico de coca\u00edna, R$ 298,00 em esp\u00e9cie e um aparelho celular.<\/p>\n\n\n\n<p class=\"wp-block-paragraph\">Diante do flagrante de tr\u00e1fico, os dois adolescentes foram conduzidos pelos policiais at\u00e9 a Central de Pol\u00edcia Judici\u00e1ria, onde ficaram apreendidos para as provid\u00eancias legais cab\u00edveis. <\/p>\n","protected":false},"excerpt":{"rendered":"<p>Apreens\u00e3o ocorreu na comunidade do Azaleia ap\u00f3s os jovens tentarem fugir da abordagem policial; foram encontradas por\u00e7\u00f5es de maconha, crack, coca\u00edna e dinheiro. Em uma a\u00e7\u00e3o de rotina realizada na tarde de quinta-feira, 23 de outubro, policiais militares do 9\u00ba Batalh\u00e3o do Interior (9\u00ba BPM\/I) apreenderam dois adolescentes por suspeita de tr\u00e1fico de drogas na [&hellip;]<\/p>\n","protected":false},"author":260896546,"featured_media":8026,"comment_status":"open","ping_status":"open","sticky":false,"template":"","format":"standard","meta":{"_crdt_document":"","_monsterinsights_skip_tracking":false,"_monsterinsights_sitenote_active":false,"_monsterinsights_sitenote_note":"","_monsterinsights_sitenote_category":0,"advanced_seo_description":"PMs apreendem adolescentes por tr\u00e1fico de drogas em Mar\u00edlia; foram encontrados maconha, crack, coca\u00edna e dinheiro durante abordagem.","jetpack_seo_html_title":"Jovens Apreendidos por Tr\u00e1fico de Drogas na Zona Sul de Mar\u00edlia","jetpack_seo_noindex":false,"_jetpack_newsletter_access":"","_jetpack_dont_email_post_to_subs":false,"_jetpack_newsletter_tier_id":0,"_jetpack_memberships_contains_paywalled_content":false,"_jetpack_memberships_contains_paid_content":false,"footnotes":"","jetpack_publicize_message":"\ud83d\udea8 Apreens\u00e3o em Mar\u00edlia: dois adolescentes foram flagrados com drogas e dinheiro pela PM durante patrulhamento na zona sul, nesta quinta (23\/10).\nA a\u00e7\u00e3o ocorreu na comunidade do Azaleia ap\u00f3s os adolescentes tentarem fugir da abordagem policial. Eles foram conduzidos \u00e0 Central de Pol\u00edcia Judici\u00e1ria.\n\n\ud83d\udcd6 Para ler a mat\u00e9ria completa, acesse o link na nossa bio!\n\n#Mar\u00edlia #Seguran\u00e7aP\u00fablica #CombateAoTr\u00e1fico #9BPM #Pol\u00edciaMilitar #Not\u00edciaDeMar\u00edlia #Apreens\u00e3o #Crack #Coca\u00edna #Maconha #Di\u00e1rioDeGarca","jetpack_publicize_feature_enabled":true,"jetpack_social_post_already_shared":false,"jetpack_social_options":{"image_generator_settings":{"template":"highway","default_image_id":0,"font":"","enabled":false},"version":2},"_wpas_customize_per_network":false,"jetpack_post_was_ever_published":false},"categories":[683453294,21243],"tags":[],"class_list":["post-8023","post","type-post","status-publish","format-standard","has-post-thumbnail","hentry","category-marilia-cidade","category-seguranca"],"jetpack_publicize_connections":[],"jetpack_featured_media_url":"https:\/\/i0.wp.com\/diariodegarca.com\/wp-content\/uploads\/2025\/10\/SnapInsta.to_567144858_18321977860246526_6087277550362665221_n-e1761329152793.webp?fit=1440%2C948&ssl=1","jetpack_likes_enabled":true,"jetpack_sharing_enabled":true,"jetpack_shortlink":"https:\/\/wp.me\/pgitne-25p","jetpack-related-posts":[{"id":8867,"url":"https:\/\/diariodegarca.com\/?p=8867","url_meta":{"origin":8023,"position":0},"title":"Opera\u00e7\u00e3o Renoe apreende adolescente com drogas em Mar\u00edlia","author":"Andreza Sega","date":"21 de novembro de 2025","format":false,"excerpt":"A\u00e7\u00e3o policial com apoio a\u00e9reo intercepta jovem com mais de 150 por\u00e7\u00f5es de entorpecentes no Parque das Azaleias. A Opera\u00e7\u00e3o Renoe, desencadeada na manh\u00e3 de quarta-feira, 19 de novembro, resultou na apreens\u00e3o de um adolescente e de uma significativa quantidade de drogas na regi\u00e3o do Parque das Azaleias, em Mar\u00edlia.\u2026","rel":"","context":"Em &quot;Mar\u00edlia&quot;","block_context":{"text":"Mar\u00edlia","link":"https:\/\/diariodegarca.com\/?cat=683453294"},"img":{"alt_text":"","src":"https:\/\/i0.wp.com\/diariodegarca.com\/wp-content\/uploads\/2025\/11\/WhatsApp-Image-2025-11-21-at-15.53.41.jpeg?fit=1200%2C735&ssl=1&resize=350%2C200","width":350,"height":200,"srcset":"https:\/\/i0.wp.com\/diariodegarca.com\/wp-content\/uploads\/2025\/11\/WhatsApp-Image-2025-11-21-at-15.53.41.jpeg?fit=1200%2C735&ssl=1&resize=350%2C200 1x, https:\/\/i0.wp.com\/diariodegarca.com\/wp-content\/uploads\/2025\/11\/WhatsApp-Image-2025-11-21-at-15.53.41.jpeg?fit=1200%2C735&ssl=1&resize=525%2C300 1.5x, https:\/\/i0.wp.com\/diariodegarca.com\/wp-content\/uploads\/2025\/11\/WhatsApp-Image-2025-11-21-at-15.53.41.jpeg?fit=1200%2C735&ssl=1&resize=700%2C400 2x, https:\/\/i0.wp.com\/diariodegarca.com\/wp-content\/uploads\/2025\/11\/WhatsApp-Image-2025-11-21-at-15.53.41.jpeg?fit=1200%2C735&ssl=1&resize=1050%2C600 3x"},"classes":[]},{"id":4970,"url":"https:\/\/diariodegarca.com\/?p=4970","url_meta":{"origin":8023,"position":1},"title":"PM: A\u00e7\u00f5es em Gar\u00e7a, Mar\u00edlia, Tup\u00e3 e G\u00e1lia levam a pris\u00f5es","author":"Di\u00e1rio de Gar\u00e7a","date":"24 de julho de 2025","format":false,"excerpt":"Ao todo foram presas 8 pessoas por estupro, tr\u00e1fico e roubo em quatro cidades do interior Em uma s\u00e9rie de opera\u00e7\u00f5es realizadas entre os dias 23 e 24 de julho, o 9\u00ba Batalh\u00e3o de Pol\u00edcia Militar do Interior demonstrou efici\u00eancia no combate ao crime organizado na regi\u00e3o. As a\u00e7\u00f5es, que\u2026","rel":"","context":"Em &quot;Gar\u00e7a&quot;","block_context":{"text":"Gar\u00e7a","link":"https:\/\/diariodegarca.com\/?cat=781171664"},"img":{"alt_text":"","src":"https:\/\/i0.wp.com\/diariodegarca.com\/wp-content\/uploads\/2025\/07\/522381887_4217999475080153_2060988269710767919_n.heic?fit=640%2C640&ssl=1&resize=350%2C200","width":350,"height":200,"srcset":"https:\/\/i0.wp.com\/diariodegarca.com\/wp-content\/uploads\/2025\/07\/522381887_4217999475080153_2060988269710767919_n.heic?fit=640%2C640&ssl=1&resize=350%2C200 1x, https:\/\/i0.wp.com\/diariodegarca.com\/wp-content\/uploads\/2025\/07\/522381887_4217999475080153_2060988269710767919_n.heic?fit=640%2C640&ssl=1&resize=525%2C300 1.5x"},"classes":[]},{"id":2873,"url":"https:\/\/diariodegarca.com\/?p=2873","url_meta":{"origin":8023,"position":2},"title":"Adolescente \u00e9 apreendido por tr\u00e1fico de drogas em Mar\u00edlia durante patrulhamento policial","author":"Di\u00e1rio de Gar\u00e7a","date":"8 de fevereiro de 2025","format":false,"excerpt":"Na noite de sexta-feira, dia 7 de setembro, policiais militares do 9\u00b0 Batalh\u00e3o de Pol\u00edcia Militar do Interior (9\u00b0 BPMM) prenderam um adolescente por tr\u00e1fico de drogas no bairro Argolo Ferr\u00e3o, em Mar\u00edlia. A a\u00e7\u00e3o ocorreu por volta das 22h30, durante patrulhamento de rotina, quando os agentes avistaram o jovem\u2026","rel":"","context":"Em &quot;Brasil&quot;","block_context":{"text":"Brasil","link":"https:\/\/diariodegarca.com\/?cat=38185"},"img":{"alt_text":"","src":"","width":0,"height":0},"classes":[]},{"id":5474,"url":"https:\/\/diariodegarca.com\/?p=5474","url_meta":{"origin":8023,"position":3},"title":"Adolescente \u00e9 apreendido com grande quantidade de drogas em Mar\u00edlia","author":"Di\u00e1rio de Gar\u00e7a","date":"10 de agosto de 2025","format":false,"excerpt":"Durante patrulhamento no Parque das Azaleias, PMs flagraram jovem com quase 2 mil por\u00e7\u00f5es de entorpecentes e dinheiro em esp\u00e9cie. Na madrugada deste s\u00e1bado, 9 de agosto, agentes do 9\u00b0 Batalh\u00e3o de Pol\u00edcia Militar do Interior (9\u00b0 BPM\/I) prenderam um adolescente por suspeita de tr\u00e1fico de drogas em Mar\u00edlia. A\u2026","rel":"","context":"Em &quot;Mar\u00edlia&quot;","block_context":{"text":"Mar\u00edlia","link":"https:\/\/diariodegarca.com\/?cat=683453294"},"img":{"alt_text":"","src":"https:\/\/i0.wp.com\/diariodegarca.com\/wp-content\/uploads\/2025\/08\/sabado-09-policias-militares-do-9c2b0-batalhao-de-policia-militar-do-interior-apreenderam-um-ad.heic?fit=1080%2C811&ssl=1&resize=350%2C200","width":350,"height":200,"srcset":"https:\/\/i0.wp.com\/diariodegarca.com\/wp-content\/uploads\/2025\/08\/sabado-09-policias-militares-do-9c2b0-batalhao-de-policia-militar-do-interior-apreenderam-um-ad.heic?fit=1080%2C811&ssl=1&resize=350%2C200 1x, https:\/\/i0.wp.com\/diariodegarca.com\/wp-content\/uploads\/2025\/08\/sabado-09-policias-militares-do-9c2b0-batalhao-de-policia-militar-do-interior-apreenderam-um-ad.heic?fit=1080%2C811&ssl=1&resize=525%2C300 1.5x, https:\/\/i0.wp.com\/diariodegarca.com\/wp-content\/uploads\/2025\/08\/sabado-09-policias-militares-do-9c2b0-batalhao-de-policia-militar-do-interior-apreenderam-um-ad.heic?fit=1080%2C811&ssl=1&resize=700%2C400 2x, https:\/\/i0.wp.com\/diariodegarca.com\/wp-content\/uploads\/2025\/08\/sabado-09-policias-militares-do-9c2b0-batalhao-de-policia-militar-do-interior-apreenderam-um-ad.heic?fit=1080%2C811&ssl=1&resize=1050%2C600 3x"},"classes":[]},{"id":8388,"url":"https:\/\/diariodegarca.com\/?p=8388","url_meta":{"origin":8023,"position":4},"title":"Adolescente \u00e9 apreendido com entorpecentes no Jardim Azal\u00e9ia, em Mar\u00edlia","author":"Andreza Sega","date":"3 de novembro de 2025","format":false,"excerpt":"Durante patrulhamento de rotina, policiais da For\u00e7a T\u00e1tica interceptam menor infrator em ponto conhecido de venda de drogas; al\u00e9m da droga, foi apreendida quantia em dinheiro. Na noite do \u00faltimo s\u00e1bado, 1\u00ba de novembro, uma a\u00e7\u00e3o de rotina da For\u00e7a T\u00e1tica do 9\u00ba Batalh\u00e3o resultou na apreens\u00e3o de uma grande\u2026","rel":"","context":"Em &quot;Mar\u00edlia&quot;","block_context":{"text":"Mar\u00edlia","link":"https:\/\/diariodegarca.com\/?cat=683453294"},"img":{"alt_text":"","src":"https:\/\/i0.wp.com\/diariodegarca.com\/wp-content\/uploads\/2025\/11\/WhatsApp-Image-2025-11-03-at-09.46.12-e1762175519175.jpeg?fit=1200%2C638&ssl=1&resize=350%2C200","width":350,"height":200,"srcset":"https:\/\/i0.wp.com\/diariodegarca.com\/wp-content\/uploads\/2025\/11\/WhatsApp-Image-2025-11-03-at-09.46.12-e1762175519175.jpeg?fit=1200%2C638&ssl=1&resize=350%2C200 1x, https:\/\/i0.wp.com\/diariodegarca.com\/wp-content\/uploads\/2025\/11\/WhatsApp-Image-2025-11-03-at-09.46.12-e1762175519175.jpeg?fit=1200%2C638&ssl=1&resize=525%2C300 1.5x, https:\/\/i0.wp.com\/diariodegarca.com\/wp-content\/uploads\/2025\/11\/WhatsApp-Image-2025-11-03-at-09.46.12-e1762175519175.jpeg?fit=1200%2C638&ssl=1&resize=700%2C400 2x, https:\/\/i0.wp.com\/diariodegarca.com\/wp-content\/uploads\/2025\/11\/WhatsApp-Image-2025-11-03-at-09.46.12-e1762175519175.jpeg?fit=1200%2C638&ssl=1&resize=1050%2C600 3x"},"classes":[]},{"id":4833,"url":"https:\/\/diariodegarca.com\/?p=4833","url_meta":{"origin":8023,"position":5},"title":"Pol\u00edcia Militar realiza opera\u00e7\u00f5es em Mar\u00edlia e Pompeia","author":"Di\u00e1rio de Gar\u00e7a","date":"20 de julho de 2025","format":false,"excerpt":"A\u00e7\u00f5es resultaram em pris\u00f5es, apreens\u00e3o de drogas e infra\u00e7\u00f5es de tr\u00e2nsito. Com opera\u00e7\u00f5es integradas e patrulhamento ostensivo, as equipes da Pol\u00edcia Militar trabalharam para coibir crimes, fiscalizando o tr\u00e2nsito e na preven\u00e7\u00e3o de situa\u00e7\u00f5es de risco em cidades da regi\u00e3o. Nos \u00faltimos dias, a\u00e7\u00f5es em Pomp\u00e9ia e Mar\u00edlia resultaram em\u2026","rel":"","context":"Em &quot;Fiscaliza\u00e7\u00e3o&quot;","block_context":{"text":"Fiscaliza\u00e7\u00e3o","link":"https:\/\/diariodegarca.com\/?cat=1192752"},"img":{"alt_text":"","src":"","width":0,"height":0},"classes":[]}],"_links":{"self":[{"href":"https:\/\/diariodegarca.com\/index.php?rest_route=\/wp\/v2\/posts\/8023","targetHints":{"allow":["GET"]}}],"collection":[{"href":"https:\/\/diariodegarca.com\/index.php?rest_route=\/wp\/v2\/posts"}],"about":[{"href":"https:\/\/diariodegarca.com\/index.php?rest_route=\/wp\/v2\/types\/post"}],"author":[{"embeddable":true,"href":"https:\/\/diariodegarca.com\/index.php?rest_route=\/wp\/v2\/users\/260896546"}],"replies":[{"embeddable":true,"href":"https:\/\/diariodegarca.com\/index.php?rest_route=%2Fwp%2Fv2%2Fcomments&post=8023"}],"version-history":[{"count":3,"href":"https:\/\/diariodegarca.com\/index.php?rest_route=\/wp\/v2\/posts\/8023\/revisions"}],"predecessor-version":[{"id":8027,"href":"https:\/\/diariodegarca.com\/index.php?rest_route=\/wp\/v2\/posts\/8023\/revisions\/8027"}],"wp:featuredmedia":[{"embeddable":true,"href":"https:\/\/diariodegarca.com\/index.php?rest_route=\/wp\/v2\/media\/8026"}],"wp:attachment":[{"href":"https:\/\/diariodegarca.com\/index.php?rest_route=%2Fwp%2Fv2%2Fmedia&parent=8023"}],"wp:term":[{"taxonomy":"category","embeddable":true,"href":"https:\/\/diariodegarca.com\/index.php?rest_route=%2Fwp%2Fv2%2Fcategories&post=8023"},{"taxonomy":"post_tag","embeddable":true,"href":"https:\/\/diariodegarca.com\/index.php?rest_route=%2Fwp%2Fv2%2Ftags&post=8023"}],"curies":[{"name":"wp","href":"https:\/\/api.w.org\/{rel}","templated":true}]}}