{"id":8028,"date":"2025-10-24T15:39:43","date_gmt":"2025-10-24T18:39:43","guid":{"rendered":"https:\/\/diariodegarca.com\/?p=8028"},"modified":"2025-10-24T15:44:03","modified_gmt":"2025-10-24T18:44:03","slug":"filhotes-aguardam-um-lar-em-garca-11-caezinhos-estao-disponiveis-para-adocao","status":"publish","type":"post","link":"https:\/\/diariodegarca.com\/?p=8028","title":{"rendered":"Filhotes aguardam um lar em Gar\u00e7a: 11 c\u00e3ezinhos est\u00e3o dispon\u00edveis para ado\u00e7\u00e3o"},"content":{"rendered":"\n<p class=\"wp-block-paragraph\"><em>Animais resgatados esperam por fam\u00edlias amorosas; h\u00e1 machos e f\u00eameas de diferentes cores e personalidades. Interessados devem entrar em contato com Amanda pelo telefone (14) 99136-3260.<\/em><\/p>\n\n\n\n<p class=\"wp-block-paragraph\">Onze filhotes, com aproximadamente dois meses de idade, est\u00e3o \u00e0 procura de um lar em Gar\u00e7a. Entre eles, h\u00e1 machos e f\u00eameas, de pelo curto e longos, em uma variedade de cores que vai do tradicional caramelo ao preto e branco, passando por tons mais raros, como o marrom-claro de olhos claros.<\/p>\n\n\n\n<p class=\"wp-block-paragraph\">Os c\u00e3ezinhos, todos d\u00f3ceis e brincalh\u00f5es, foram resgatados e agora aguardam ado\u00e7\u00e3o respons\u00e1vel. S\u00e3o animais jovens, com toda a energia e afeto que s\u00f3 os filhotes t\u00eam. Entre as op\u00e7\u00f5es, h\u00e1 um pretinho peludo, uma caramela simp\u00e1tica, um vira-lata caramelo, um filhote preto e branco de olhar doce e at\u00e9 uma pequena princesa de pelagem marrom e olhos claros; cada um com seu pr\u00f3prio encanto e pronto para conquistar um novo tutor.<\/p>\n\n\n\n<p class=\"wp-block-paragraph\">Os interessados em adotar podem entrar em contato pelo telefone <strong>(14) 99136-3260<\/strong> e falar com <strong>Amanda<\/strong>, que est\u00e1 cuidando das ado\u00e7\u00f5es. Al\u00e9m dos c\u00e3es, tamb\u00e9m h\u00e1 <strong>gatos dispon\u00edveis<\/strong>, igualmente em busca de uma nova chance e de fam\u00edlias que queiram oferecer amor e cuidados.<\/p>\n\n\n\n<p class=\"wp-block-paragraph\">Adotar \u00e9 um gesto de empatia e responsabilidade. Esses filhotes, assim como tantos outros, s\u00f3 precisam de uma oportunidade para mostrar o quanto podem transformar um lar com carinho e alegria. Eles est\u00e3o em <strong>Gar\u00e7a<\/strong> e esperam por uma visita.<\/p>\n\n\n\n<p class=\"wp-block-paragraph\"><strong>De uma chance. Adote!<\/strong><\/p>\n","protected":false},"excerpt":{"rendered":"<p>Animais resgatados esperam por fam\u00edlias amorosas; h\u00e1 machos e f\u00eameas de diferentes cores e personalidades. Interessados devem entrar em contato com Amanda pelo telefone (14) 99136-3260. Onze filhotes, com aproximadamente dois meses de idade, est\u00e3o \u00e0 procura de um lar em Gar\u00e7a. Entre eles, h\u00e1 machos e f\u00eameas, de pelo curto e longos, em uma [&hellip;]<\/p>\n","protected":false},"author":260896548,"featured_media":8029,"comment_status":"open","ping_status":"open","sticky":false,"template":"","format":"standard","meta":{"_crdt_document":"","_monsterinsights_skip_tracking":false,"_monsterinsights_sitenote_active":false,"_monsterinsights_sitenote_note":"","_monsterinsights_sitenote_category":0,"advanced_seo_description":"Adote um filhote resgatado em Gar\u00e7a! Machos e f\u00eameas ador\u00e1veis esperam por um lar cheio de amor. Mande mensagem para Amanda: (14) 99136-3260.","jetpack_seo_html_title":"Ado\u00e7\u00e3o de filhotes em Gar\u00e7a: c\u00e3ezinhos e gatos esperam por voc\u00ea","jetpack_seo_noindex":false,"_jetpack_newsletter_access":"","_jetpack_dont_email_post_to_subs":false,"_jetpack_newsletter_tier_id":0,"_jetpack_memberships_contains_paywalled_content":false,"_jetpack_memberships_contains_paid_content":false,"footnotes":"","jetpack_publicize_message":"\ud83d\udc36 Filhotes para ado\u00e7\u00e3o em Gar\u00e7a!\n\nOnze c\u00e3ezinhos, com cerca de dois meses, est\u00e3o em busca de um lar. H\u00e1 machos e f\u00eameas, peludos e de pelo curto; de v\u00e1rias cores e personalidades. Todos d\u00f3ceis e prontos para receber amor.\n\n\ud83d\udcde Interessados devem entrar em contato com Amanda: (14) 99136-3260.\n\ud83d\udc31 Gatos tamb\u00e9m est\u00e3o dispon\u00edveis para ado\u00e7\u00e3o.\n\n\u2764\ufe0f D\u00ea uma chance. Adote.\nVeja algumas fotos e saiba mais em diariodegarca.com\n\n#Ado\u00e7\u00e3oRespons\u00e1vel #AdoteN\u00e3oCompre #Gar\u00e7aSP #C\u00e3esParaAdo\u00e7\u00e3o #GatosParaAdo\u00e7\u00e3o #AmorAnimal #Di\u00e1rioDeGar\u00e7a #Prote\u00e7\u00e3oAnimal #CausaAnimal #ViraLataCaramelo #Ado\u00e7\u00e3o\u00c9Amor #PetsDeGar\u00e7a","jetpack_publicize_feature_enabled":true,"jetpack_social_post_already_shared":false,"jetpack_social_options":{"image_generator_settings":{"template":"highway","default_image_id":0,"font":"","enabled":false},"version":2},"_wpas_customize_per_network":false,"jetpack_post_was_ever_published":false},"categories":[26891317,781171664],"tags":[],"class_list":["post-8028","post","type-post","status-publish","format-standard","has-post-thumbnail","hentry","category-causa-animal","category-garca-cidade"],"jetpack_publicize_connections":[],"jetpack_featured_media_url":"https:\/\/i0.wp.com\/diariodegarca.com\/wp-content\/uploads\/2025\/10\/Design-sem-nome-e1761330840150.png?fit=1427%2C957&ssl=1","jetpack_likes_enabled":true,"jetpack_sharing_enabled":true,"jetpack_shortlink":"https:\/\/wp.me\/pgitne-25u","jetpack-related-posts":[{"id":2122,"url":"https:\/\/diariodegarca.com\/?p=2122","url_meta":{"origin":8028,"position":0},"title":"C\u00e3es e gatos est\u00e3o dispon\u00edveis para ado\u00e7\u00e3o respons\u00e1vel em Gar\u00e7a","author":"Di\u00e1rio de Gar\u00e7a","date":"13 de maio de 2025","format":false,"excerpt":"Em um esfor\u00e7o volunt\u00e1rio para proteger e garantir o bem-estar dos animais no munic\u00edpio de Gar\u00e7a, o projeto\u00a0\"Adote Um Animal Gar\u00e7a\"\u00a0tem se destacado como uma iniciativa fundamental para conectar animais resgatados e futuros tutores.\u00a0Desde sua cria\u00e7\u00e3o, em mar\u00e7o deste ano,\u00a022 gatos e 17 cachorros\u00a0j\u00e1 encontraram lares amorosos, com a ajuda\u2026","rel":"","context":"Em &quot;Brasil&quot;","block_context":{"text":"Brasil","link":"https:\/\/diariodegarca.com\/?cat=38185"},"img":{"alt_text":"","src":"https:\/\/i0.wp.com\/blogger.googleusercontent.com\/img\/b\/R29vZ2xl\/AVvXsEhXI0RpF5aExwhzmr82sm3zX5FflDlsItblePJaeScbFSlDuYOvr3ZZbQ2FWaeAEjcvf0xOYiKHUqsC_av2GegOro4l7v-gLvvzzk328be93NMREvRiLGeP6t1-QOoEUr1JYkThJnCK_vIgF7xJa3reK3rId88CKHFaKHlRCrV6_RyT2NOxwpV2kb0B4LU\/s320\/gato.jpg?resize=350%2C200&ssl=1","width":350,"height":200},"classes":[]},{"id":4223,"url":"https:\/\/diariodegarca.com\/?p=4223","url_meta":{"origin":8028,"position":1},"title":"Gatinhos buscam lares amorosos em \u00c1lvaro de Carvalho","author":"Di\u00e1rio de Gar\u00e7a","date":"24 de junho de 2025","format":false,"excerpt":"Grupo de ado\u00e7\u00e3o facilita encontro entre animais resgatados e futuros tutores na regi\u00e3o de Gar\u00e7a Julia Bonato, membro do grupo\u00a0\"Animais perdidos ou para ado\u00e7\u00e3o - Gar\u00e7a\", compartilhou uma oportunidade para quem deseja adotar um felino. Seis gatinhos saud\u00e1veis \u2014 cinco f\u00eameas e um macho \u2014 aguardam por fam\u00edlias respons\u00e1veis em\u2026","rel":"","context":"Em &quot;\u00c1lvaro de Carvalho&quot;","block_context":{"text":"\u00c1lvaro de Carvalho","link":"https:\/\/diariodegarca.com\/?cat=29815376"},"img":{"alt_text":"","src":"https:\/\/i0.wp.com\/diariodegarca.com\/wp-content\/uploads\/2025\/06\/design-sem-nome-2.png?fit=1200%2C838&ssl=1&resize=350%2C200","width":350,"height":200,"srcset":"https:\/\/i0.wp.com\/diariodegarca.com\/wp-content\/uploads\/2025\/06\/design-sem-nome-2.png?fit=1200%2C838&ssl=1&resize=350%2C200 1x, https:\/\/i0.wp.com\/diariodegarca.com\/wp-content\/uploads\/2025\/06\/design-sem-nome-2.png?fit=1200%2C838&ssl=1&resize=525%2C300 1.5x, https:\/\/i0.wp.com\/diariodegarca.com\/wp-content\/uploads\/2025\/06\/design-sem-nome-2.png?fit=1200%2C838&ssl=1&resize=700%2C400 2x, https:\/\/i0.wp.com\/diariodegarca.com\/wp-content\/uploads\/2025\/06\/design-sem-nome-2.png?fit=1200%2C838&ssl=1&resize=1050%2C600 3x"},"classes":[]},{"id":2295,"url":"https:\/\/diariodegarca.com\/?p=2295","url_meta":{"origin":8028,"position":2},"title":"Cachorrinha busca um lar ou ajuda para custear hotel pet","author":"Di\u00e1rio de Gar\u00e7a","date":"20 de abril de 2025","format":false,"excerpt":"Uma cachorrinha filhote, que possu\u00eda uma fam\u00edlia, mas foi cruelmente abandonada, passou dias sob uma lixeira, dependendo da bondade de um morador que lhe oferecia comida todas as noites. Apesar da desnutri\u00e7\u00e3o e dos riscos das ruas \u2013 como atropelamentos e doen\u00e7as \u2013, a pequena mant\u00e9m um temperamento d\u00f3cil e\u2026","rel":"","context":"Em &quot;Brasil&quot;","block_context":{"text":"Brasil","link":"https:\/\/diariodegarca.com\/?cat=38185"},"img":{"alt_text":"","src":"https:\/\/i0.wp.com\/blogger.googleusercontent.com\/img\/b\/R29vZ2xl\/AVvXsEgEpKGjhGyh8GV9x1pt6SGhKYEjVKxnvrWpxUULsJvDu55d9c16y0iQnVp3Rq5726hK30cGWuTh2pDntdTYM8zmKC5IYjLqGkXNC7bSpqZocFJHTVz_Vh-fIHM_J2jMwBci7kgLU77BUGo1KFA4oXUGup8MP0HaVawViHZGcdglLkw9VtF_Ugx1mKjZwL0\/s320\/1745154651013110-0.jpg?resize=350%2C200&ssl=1","width":350,"height":200},"classes":[]},{"id":2608,"url":"https:\/\/diariodegarca.com\/?p=2608","url_meta":{"origin":8028,"position":3},"title":"16 animais esperam por um lar: c\u00e3es e gatos de todas as idades dispon\u00edveis para ado\u00e7\u00e3o respons\u00e1vel","author":"Di\u00e1rio de Gar\u00e7a","date":"17 de mar\u00e7o de 2025","format":false,"excerpt":"Na busca por um novo membro para a fam\u00edlia, muitas pessoas optam por adotar um animal de estima\u00e7\u00e3o. Atualmente, 16 animais, entre c\u00e3es e gatos, est\u00e3o dispon\u00edveis para ado\u00e7\u00e3o em casas de volunt\u00e1rias ou na FAEF de Gar\u00e7a.\u00a0A variedade \u00e9 grande: desde filhotes brincalh\u00f5es at\u00e9 adultos e idosos que buscam\u2026","rel":"","context":"Em &quot;Brasil&quot;","block_context":{"text":"Brasil","link":"https:\/\/diariodegarca.com\/?cat=38185"},"img":{"alt_text":"","src":"","width":0,"height":0},"classes":[]},{"id":5559,"url":"https:\/\/diariodegarca.com\/?p=5559","url_meta":{"origin":8028,"position":4},"title":"Cinco c\u00e3es em busca de um lar em Gar\u00e7a","author":"Di\u00e1rio de Gar\u00e7a","date":"13 de agosto de 2025","format":false,"excerpt":"Com um hist\u00f3rico de vida sofrida, esses animais precisam de fam\u00edlias que ofere\u00e7am amor, seguran\u00e7a e cuidados respons\u00e1veis. Cinco c\u00e3es, tr\u00eas f\u00eameas adultas e dois filhotes machos, aguardam por um lar onde possam receber o carinho e a prote\u00e7\u00e3o que merecem. Todos vivem em situa\u00e7\u00e3o de extrema car\u00eancia, onde a\u2026","rel":"","context":"Em &quot;Causa animal&quot;","block_context":{"text":"Causa animal","link":"https:\/\/diariodegarca.com\/?cat=26891317"},"img":{"alt_text":"","src":"https:\/\/i0.wp.com\/diariodegarca.com\/wp-content\/uploads\/2025\/08\/2.png?fit=1200%2C675&ssl=1&resize=350%2C200","width":350,"height":200,"srcset":"https:\/\/i0.wp.com\/diariodegarca.com\/wp-content\/uploads\/2025\/08\/2.png?fit=1200%2C675&ssl=1&resize=350%2C200 1x, https:\/\/i0.wp.com\/diariodegarca.com\/wp-content\/uploads\/2025\/08\/2.png?fit=1200%2C675&ssl=1&resize=525%2C300 1.5x, https:\/\/i0.wp.com\/diariodegarca.com\/wp-content\/uploads\/2025\/08\/2.png?fit=1200%2C675&ssl=1&resize=700%2C400 2x, https:\/\/i0.wp.com\/diariodegarca.com\/wp-content\/uploads\/2025\/08\/2.png?fit=1200%2C675&ssl=1&resize=1050%2C600 3x"},"classes":[]},{"id":2447,"url":"https:\/\/diariodegarca.com\/?p=2447","url_meta":{"origin":8028,"position":5},"title":"\ud83d\udc3e Adote um animal: c\u00e3es e gatos est\u00e3o dispon\u00edveis para ado\u00e7\u00e3o respons\u00e1vel","author":"Di\u00e1rio de Gar\u00e7a","date":"8 de abril de 2025","format":false,"excerpt":"O site Adote um Animal - Gar\u00e7a est\u00e1 com novos pets que buscam um lar seguro e amoroso, onde possam compartilhar momentos felizes com seus novos tutores. Al\u00e9m disso, diariamente, o site tem se destacado por dedicar-se a promover informa\u00e7\u00f5es sobre cuidados com os pets e dicas pr\u00e1ticas para os\u2026","rel":"","context":"Em &quot;Brasil&quot;","block_context":{"text":"Brasil","link":"https:\/\/diariodegarca.com\/?cat=38185"},"img":{"alt_text":"","src":"https:\/\/i0.wp.com\/blogger.googleusercontent.com\/img\/b\/R29vZ2xl\/AVvXsEhGo_DmCXOiHgyobZe_e1X-8kTwXM_mj8dt3J6r2H3TKtkzyAI-C6ByJuAv2eC4ZL4_iesNYNdd-KLf61N9ZFvJ5WPlS3sDW4gFKGiMmQbwSNKGDzm3aR17Sx6RnDDWY14oP4T6nBlFMeWU9Br0qPlRkA_QLg8Moim_9xGtvS7c5SpsE3skaqK_CUy6K3U\/s320\/Captura%20de%20tela_8-4-2025_104317_adoteumanimalgarca.blogspot.com.jpeg?resize=350%2C200&ssl=1","width":350,"height":200},"classes":[]}],"_links":{"self":[{"href":"https:\/\/diariodegarca.com\/index.php?rest_route=\/wp\/v2\/posts\/8028","targetHints":{"allow":["GET"]}}],"collection":[{"href":"https:\/\/diariodegarca.com\/index.php?rest_route=\/wp\/v2\/posts"}],"about":[{"href":"https:\/\/diariodegarca.com\/index.php?rest_route=\/wp\/v2\/types\/post"}],"author":[{"embeddable":true,"href":"https:\/\/diariodegarca.com\/index.php?rest_route=\/wp\/v2\/users\/260896548"}],"replies":[{"embeddable":true,"href":"https:\/\/diariodegarca.com\/index.php?rest_route=%2Fwp%2Fv2%2Fcomments&post=8028"}],"version-history":[{"count":4,"href":"https:\/\/diariodegarca.com\/index.php?rest_route=\/wp\/v2\/posts\/8028\/revisions"}],"predecessor-version":[{"id":8033,"href":"https:\/\/diariodegarca.com\/index.php?rest_route=\/wp\/v2\/posts\/8028\/revisions\/8033"}],"wp:featuredmedia":[{"embeddable":true,"href":"https:\/\/diariodegarca.com\/index.php?rest_route=\/wp\/v2\/media\/8029"}],"wp:attachment":[{"href":"https:\/\/diariodegarca.com\/index.php?rest_route=%2Fwp%2Fv2%2Fmedia&parent=8028"}],"wp:term":[{"taxonomy":"category","embeddable":true,"href":"https:\/\/diariodegarca.com\/index.php?rest_route=%2Fwp%2Fv2%2Fcategories&post=8028"},{"taxonomy":"post_tag","embeddable":true,"href":"https:\/\/diariodegarca.com\/index.php?rest_route=%2Fwp%2Fv2%2Ftags&post=8028"}],"curies":[{"name":"wp","href":"https:\/\/api.w.org\/{rel}","templated":true}]}}