{"id":8051,"date":"2025-10-26T18:50:16","date_gmt":"2025-10-26T21:50:16","guid":{"rendered":"https:\/\/diariodegarca.com\/?p=8051"},"modified":"2025-10-26T18:50:16","modified_gmt":"2025-10-26T21:50:16","slug":"policia-militar-cumpre-mandado-de-prisao-e-prende-homem-em-marilia","status":"publish","type":"post","link":"https:\/\/diariodegarca.com\/?p=8051","title":{"rendered":"Pol\u00edcia Militar cumpre mandado de pris\u00e3o e prende homem em Mar\u00edlia"},"content":{"rendered":"\n<p class=\"wp-block-paragraph\">A\u00e7\u00e3o ocorreu na madrugada deste s\u00e1bado, 25 de outubro, no bairro Nova Mar\u00edlia.<\/p>\n\n\n\n<p class=\"wp-block-paragraph\">Um homem procurado pela Justi\u00e7a foi capturado pela Pol\u00edcia Militar na madrugada deste s\u00e1bado, 25 de outubro, em Mar\u00edlia. A a\u00e7\u00e3o foi realizada por equipes do 9\u00ba Batalh\u00e3o de Pol\u00edcia Militar do Interior (9\u00ba BPM\/I).<\/p>\n\n\n\n<p class=\"wp-block-paragraph\">O registro da ocorr\u00eancia foi feito por volta das 01h50, no bairro Nova Mar\u00edlia. No local, os policiais militares abordaram e identificaram o indiv\u00edduo, confirmando a exist\u00eancia de um mandado de pris\u00e3o civil contra ele. Ap\u00f3s a captura, o homem foi conduzido \u00e0 Central de Pol\u00edcia Judici\u00e1ria, onde ficou \u00e0 disposi\u00e7\u00e3o da Justi\u00e7a.<\/p>\n","protected":false},"excerpt":{"rendered":"<p>A\u00e7\u00e3o ocorreu na madrugada deste s\u00e1bado, 25 de outubro, no bairro Nova Mar\u00edlia. Um homem procurado pela Justi\u00e7a foi capturado pela Pol\u00edcia Militar na madrugada deste s\u00e1bado, 25 de outubro, em Mar\u00edlia. A a\u00e7\u00e3o foi realizada por equipes do 9\u00ba Batalh\u00e3o de Pol\u00edcia Militar do Interior (9\u00ba BPM\/I). O registro da ocorr\u00eancia foi feito por [&hellip;]<\/p>\n","protected":false},"author":260896546,"featured_media":7561,"comment_status":"open","ping_status":"open","sticky":false,"template":"","format":"standard","meta":{"_crdt_document":"","_monsterinsights_skip_tracking":false,"_monsterinsights_sitenote_active":false,"_monsterinsights_sitenote_note":"","_monsterinsights_sitenote_category":0,"advanced_seo_description":"Pol\u00edcia Militar captura homem procurado pela Justi\u00e7a em Nova Mar\u00edlia durante a\u00e7\u00e3o na madrugada de 25 de outubro. Entenda os detalhes.","jetpack_seo_html_title":"Homem Procurado pela Justi\u00e7a \u00e9 Capturado em Mar\u00edlia","jetpack_seo_noindex":false,"_jetpack_newsletter_access":"","_jetpack_dont_email_post_to_subs":false,"_jetpack_newsletter_tier_id":0,"_jetpack_memberships_contains_paywalled_content":false,"_jetpack_memberships_contains_paid_content":false,"footnotes":"","jetpack_publicize_message":"Na madrugada de s\u00e1bado (25\/10), a Pol\u00edcia Militar prendeu um homem com mandado de pris\u00e3o civil em Mar\u00edlia. A a\u00e7\u00e3o do 9\u00ba BPM\/I ocorreu no Bairro Nova Mar\u00edlia, por volta das 01h50. O capturado foi levado para a Central de Pol\u00edcia Judici\u00e1ria e est\u00e1 agora \u00e0 disposi\u00e7\u00e3o da Justi\u00e7a.\n\nPara ler a not\u00edcia completa, acesse o link na nossa bio!\n\n#Seguran\u00e7aP\u00fablica #A\u00e7\u00e3oPolicial #Mar\u00edlia #9BPM #Pol\u00edciaMilitar #Justi\u00e7a #Not\u00edciaDeMar\u00edlia","jetpack_publicize_feature_enabled":true,"jetpack_social_post_already_shared":false,"jetpack_social_options":{"image_generator_settings":{"template":"highway","default_image_id":0,"font":"","enabled":false},"version":2},"_wpas_customize_per_network":false,"jetpack_post_was_ever_published":false},"categories":[683453294,21243],"tags":[],"class_list":["post-8051","post","type-post","status-publish","format-standard","has-post-thumbnail","hentry","category-marilia-cidade","category-seguranca"],"jetpack_publicize_connections":[],"jetpack_featured_media_url":"https:\/\/i0.wp.com\/diariodegarca.com\/wp-content\/uploads\/2025\/10\/SnapInsta.to_561908263_18319438843246526_1816024880825141096_n-e1761515366631.jpg?fit=1080%2C716&ssl=1","jetpack_likes_enabled":true,"jetpack_sharing_enabled":true,"jetpack_shortlink":"https:\/\/wp.me\/pgitne-25R","jetpack-related-posts":[{"id":8005,"url":"https:\/\/diariodegarca.com\/?p=8005","url_meta":{"origin":8051,"position":0},"title":"Dois foragidos da Justi\u00e7a s\u00e3o capturados em a\u00e7\u00f5es policiais em Mar\u00edlia","author":"Andreza Sega","date":"24 de outubro de 2025","format":false,"excerpt":"Opera\u00e7\u00f5es em bairros diferentes da cidade localizaram e prenderem os homens, que cumpriram mandados sem oferecer resist\u00eancia. A Pol\u00edcia Militar do 9\u00ba Batalh\u00e3o do Interior (9\u00ba BPM\/I) cumpriu dois mandados de pris\u00e3o e capturou dois foragidos da justi\u00e7a na \u00faltima ter\u00e7a-feira, 21 de outubro, em Mar\u00edlia. As a\u00e7\u00f5es, realizadas em\u2026","rel":"","context":"Em &quot;Mar\u00edlia&quot;","block_context":{"text":"Mar\u00edlia","link":"https:\/\/diariodegarca.com\/?cat=683453294"},"img":{"alt_text":"","src":"https:\/\/i0.wp.com\/diariodegarca.com\/wp-content\/uploads\/2025\/10\/SnapInsta.to_568571251_18321611263246526_1562077934256202749_n-e1761315786536.jpg?fit=1080%2C790&ssl=1&resize=350%2C200","width":350,"height":200,"srcset":"https:\/\/i0.wp.com\/diariodegarca.com\/wp-content\/uploads\/2025\/10\/SnapInsta.to_568571251_18321611263246526_1562077934256202749_n-e1761315786536.jpg?fit=1080%2C790&ssl=1&resize=350%2C200 1x, https:\/\/i0.wp.com\/diariodegarca.com\/wp-content\/uploads\/2025\/10\/SnapInsta.to_568571251_18321611263246526_1562077934256202749_n-e1761315786536.jpg?fit=1080%2C790&ssl=1&resize=525%2C300 1.5x, https:\/\/i0.wp.com\/diariodegarca.com\/wp-content\/uploads\/2025\/10\/SnapInsta.to_568571251_18321611263246526_1562077934256202749_n-e1761315786536.jpg?fit=1080%2C790&ssl=1&resize=700%2C400 2x, https:\/\/i0.wp.com\/diariodegarca.com\/wp-content\/uploads\/2025\/10\/SnapInsta.to_568571251_18321611263246526_1562077934256202749_n-e1761315786536.jpg?fit=1080%2C790&ssl=1&resize=1050%2C600 3x"},"classes":[]},{"id":8047,"url":"https:\/\/diariodegarca.com\/?p=8047","url_meta":{"origin":8051,"position":1},"title":"Dois procurados pela justi\u00e7a s\u00e3o capturados em a\u00e7\u00f5es da Pol\u00edcia Militar na regi\u00e3o","author":"Andreza Sega","date":"26 de outubro de 2025","format":false,"excerpt":"Opera\u00e7\u00f5es em Mar\u00edlia e Hercul\u00e2ndia resultaram na pris\u00e3o de condenados por tr\u00e1fico de drogas e estupro de vulner\u00e1vel. A atua\u00e7\u00e3o das equipes do 9\u00ba Batalh\u00e3o de Pol\u00edcia Militar do Interior resultou na captura de dois indiv\u00edduos procurados pela Justi\u00e7a na \u00faltima sexta-feira, 24 de outubro. As opera\u00e7\u00f5es, realizadas nas cidades\u2026","rel":"","context":"Em &quot;Hercul\u00e2ndia&quot;","block_context":{"text":"Hercul\u00e2ndia","link":"https:\/\/diariodegarca.com\/?cat=30531357"},"img":{"alt_text":"","src":"https:\/\/i0.wp.com\/diariodegarca.com\/wp-content\/uploads\/2025\/08\/snapinsta.to_541167752_18313811869246526_8602846701173977583_n-1-1-e1761514992462.webp?fit=1200%2C754&ssl=1&resize=350%2C200","width":350,"height":200,"srcset":"https:\/\/i0.wp.com\/diariodegarca.com\/wp-content\/uploads\/2025\/08\/snapinsta.to_541167752_18313811869246526_8602846701173977583_n-1-1-e1761514992462.webp?fit=1200%2C754&ssl=1&resize=350%2C200 1x, https:\/\/i0.wp.com\/diariodegarca.com\/wp-content\/uploads\/2025\/08\/snapinsta.to_541167752_18313811869246526_8602846701173977583_n-1-1-e1761514992462.webp?fit=1200%2C754&ssl=1&resize=525%2C300 1.5x, https:\/\/i0.wp.com\/diariodegarca.com\/wp-content\/uploads\/2025\/08\/snapinsta.to_541167752_18313811869246526_8602846701173977583_n-1-1-e1761514992462.webp?fit=1200%2C754&ssl=1&resize=700%2C400 2x, https:\/\/i0.wp.com\/diariodegarca.com\/wp-content\/uploads\/2025\/08\/snapinsta.to_541167752_18313811869246526_8602846701173977583_n-1-1-e1761514992462.webp?fit=1200%2C754&ssl=1&resize=1050%2C600 3x"},"classes":[]},{"id":8432,"url":"https:\/\/diariodegarca.com\/?p=8432","url_meta":{"origin":8051,"position":2},"title":"Pol\u00edcia Militar cumpre mandado de pris\u00e3o em Mar\u00edlia","author":"Andreza Sega","date":"4 de novembro de 2025","format":false,"excerpt":"A\u00e7\u00e3o da PM resulta na captura de um procurado pela Justi\u00e7a no Bairro Vila Nova Para\u00edso. Na tarde da \u00faltima segunda-feira, 3 de novembro, um homem procurado pela Justi\u00e7a foi capturado pela Pol\u00edcia Militar em Mar\u00edlia. A a\u00e7\u00e3o, realizada pelo 9\u00ba Batalh\u00e3o de Pol\u00edcia Militar do Interior (9\u00ba BPM\/I), ocorreu\u2026","rel":"","context":"Em &quot;Mar\u00edlia&quot;","block_context":{"text":"Mar\u00edlia","link":"https:\/\/diariodegarca.com\/?cat=683453294"},"img":{"alt_text":"","src":"https:\/\/i0.wp.com\/diariodegarca.com\/wp-content\/uploads\/2025\/06\/511503492_18306010051246526_6301021612031383202_n-e1762261741864.webp?fit=1080%2C740&ssl=1&resize=350%2C200","width":350,"height":200,"srcset":"https:\/\/i0.wp.com\/diariodegarca.com\/wp-content\/uploads\/2025\/06\/511503492_18306010051246526_6301021612031383202_n-e1762261741864.webp?fit=1080%2C740&ssl=1&resize=350%2C200 1x, https:\/\/i0.wp.com\/diariodegarca.com\/wp-content\/uploads\/2025\/06\/511503492_18306010051246526_6301021612031383202_n-e1762261741864.webp?fit=1080%2C740&ssl=1&resize=525%2C300 1.5x, https:\/\/i0.wp.com\/diariodegarca.com\/wp-content\/uploads\/2025\/06\/511503492_18306010051246526_6301021612031383202_n-e1762261741864.webp?fit=1080%2C740&ssl=1&resize=700%2C400 2x, https:\/\/i0.wp.com\/diariodegarca.com\/wp-content\/uploads\/2025\/06\/511503492_18306010051246526_6301021612031383202_n-e1762261741864.webp?fit=1080%2C740&ssl=1&resize=1050%2C600 3x"},"classes":[]},{"id":4970,"url":"https:\/\/diariodegarca.com\/?p=4970","url_meta":{"origin":8051,"position":3},"title":"PM: A\u00e7\u00f5es em Gar\u00e7a, Mar\u00edlia, Tup\u00e3 e G\u00e1lia levam a pris\u00f5es","author":"Di\u00e1rio de Gar\u00e7a","date":"24 de julho de 2025","format":false,"excerpt":"Ao todo foram presas 8 pessoas por estupro, tr\u00e1fico e roubo em quatro cidades do interior Em uma s\u00e9rie de opera\u00e7\u00f5es realizadas entre os dias 23 e 24 de julho, o 9\u00ba Batalh\u00e3o de Pol\u00edcia Militar do Interior demonstrou efici\u00eancia no combate ao crime organizado na regi\u00e3o. As a\u00e7\u00f5es, que\u2026","rel":"","context":"Em &quot;Gar\u00e7a&quot;","block_context":{"text":"Gar\u00e7a","link":"https:\/\/diariodegarca.com\/?cat=781171664"},"img":{"alt_text":"","src":"https:\/\/i0.wp.com\/diariodegarca.com\/wp-content\/uploads\/2025\/07\/522381887_4217999475080153_2060988269710767919_n.heic?fit=640%2C640&ssl=1&resize=350%2C200","width":350,"height":200,"srcset":"https:\/\/i0.wp.com\/diariodegarca.com\/wp-content\/uploads\/2025\/07\/522381887_4217999475080153_2060988269710767919_n.heic?fit=640%2C640&ssl=1&resize=350%2C200 1x, https:\/\/i0.wp.com\/diariodegarca.com\/wp-content\/uploads\/2025\/07\/522381887_4217999475080153_2060988269710767919_n.heic?fit=640%2C640&ssl=1&resize=525%2C300 1.5x"},"classes":[]},{"id":7616,"url":"https:\/\/diariodegarca.com\/?p=7616","url_meta":{"origin":8051,"position":4},"title":"PM prende quatro procurados da Justi\u00e7a em menos de 24 horas na regi\u00e3o","author":"Andreza Sega","date":"11 de outubro de 2025","format":false,"excerpt":"A\u00e7\u00f5es em Tup\u00e3, Quat\u00e1 e Mar\u00edlia, resultaram na captura de condenados por crimes que v\u00e3o de estupro de vulner\u00e1vel a evas\u00e3o do sistema prisional. Em um \u00fanico dia de trabalho, as equipes do 9\u00ba Batalh\u00e3o de Pol\u00edcia Militar do Interior (BPM\/I) recuperaram quatro indiv\u00edduos procurados pela Justi\u00e7a em diferentes munic\u00edpios\u2026","rel":"","context":"Em &quot;Mar\u00edlia&quot;","block_context":{"text":"Mar\u00edlia","link":"https:\/\/diariodegarca.com\/?cat=683453294"},"img":{"alt_text":"","src":"https:\/\/i0.wp.com\/diariodegarca.com\/wp-content\/uploads\/2025\/09\/SnapInsta.to_547856115_18315622645246526_7174348806758713161_n.webp?fit=1200%2C1200&ssl=1&resize=350%2C200","width":350,"height":200,"srcset":"https:\/\/i0.wp.com\/diariodegarca.com\/wp-content\/uploads\/2025\/09\/SnapInsta.to_547856115_18315622645246526_7174348806758713161_n.webp?fit=1200%2C1200&ssl=1&resize=350%2C200 1x, https:\/\/i0.wp.com\/diariodegarca.com\/wp-content\/uploads\/2025\/09\/SnapInsta.to_547856115_18315622645246526_7174348806758713161_n.webp?fit=1200%2C1200&ssl=1&resize=525%2C300 1.5x, https:\/\/i0.wp.com\/diariodegarca.com\/wp-content\/uploads\/2025\/09\/SnapInsta.to_547856115_18315622645246526_7174348806758713161_n.webp?fit=1200%2C1200&ssl=1&resize=700%2C400 2x, https:\/\/i0.wp.com\/diariodegarca.com\/wp-content\/uploads\/2025\/09\/SnapInsta.to_547856115_18315622645246526_7174348806758713161_n.webp?fit=1200%2C1200&ssl=1&resize=1050%2C600 3x"},"classes":[]},{"id":2563,"url":"https:\/\/diariodegarca.com\/?p=2563","url_meta":{"origin":8051,"position":5},"title":"Pol\u00edcia Militar de Mar\u00edlia prende homem e mulher com mandados de pris\u00e3o em bairros da cidade","author":"Di\u00e1rio de Gar\u00e7a","date":"22 de mar\u00e7o de 2025","format":false,"excerpt":"Na noite desta sexta-feira, dia 21 de mar\u00e7o, equipes da For\u00e7a T\u00e1tica do 9\u00ba Batalh\u00e3o de Pol\u00edcia Militar do Interior (PMI) efetuaram a captura de dois indiv\u00edduos procurados pela justi\u00e7a em diferentes bairros de Mar\u00edlia. As a\u00e7\u00f5es ocorreram ap\u00f3s abordagens de rotina, que resultaram na confirma\u00e7\u00e3o de mandados de pris\u00e3o\u2026","rel":"","context":"Em &quot;Brasil&quot;","block_context":{"text":"Brasil","link":"https:\/\/diariodegarca.com\/?cat=38185"},"img":{"alt_text":"","src":"","width":0,"height":0},"classes":[]}],"_links":{"self":[{"href":"https:\/\/diariodegarca.com\/index.php?rest_route=\/wp\/v2\/posts\/8051","targetHints":{"allow":["GET"]}}],"collection":[{"href":"https:\/\/diariodegarca.com\/index.php?rest_route=\/wp\/v2\/posts"}],"about":[{"href":"https:\/\/diariodegarca.com\/index.php?rest_route=\/wp\/v2\/types\/post"}],"author":[{"embeddable":true,"href":"https:\/\/diariodegarca.com\/index.php?rest_route=\/wp\/v2\/users\/260896546"}],"replies":[{"embeddable":true,"href":"https:\/\/diariodegarca.com\/index.php?rest_route=%2Fwp%2Fv2%2Fcomments&post=8051"}],"version-history":[{"count":2,"href":"https:\/\/diariodegarca.com\/index.php?rest_route=\/wp\/v2\/posts\/8051\/revisions"}],"predecessor-version":[{"id":8053,"href":"https:\/\/diariodegarca.com\/index.php?rest_route=\/wp\/v2\/posts\/8051\/revisions\/8053"}],"wp:featuredmedia":[{"embeddable":true,"href":"https:\/\/diariodegarca.com\/index.php?rest_route=\/wp\/v2\/media\/7561"}],"wp:attachment":[{"href":"https:\/\/diariodegarca.com\/index.php?rest_route=%2Fwp%2Fv2%2Fmedia&parent=8051"}],"wp:term":[{"taxonomy":"category","embeddable":true,"href":"https:\/\/diariodegarca.com\/index.php?rest_route=%2Fwp%2Fv2%2Fcategories&post=8051"},{"taxonomy":"post_tag","embeddable":true,"href":"https:\/\/diariodegarca.com\/index.php?rest_route=%2Fwp%2Fv2%2Ftags&post=8051"}],"curies":[{"name":"wp","href":"https:\/\/api.w.org\/{rel}","templated":true}]}}