{"id":8058,"date":"2025-10-26T19:06:28","date_gmt":"2025-10-26T22:06:28","guid":{"rendered":"https:\/\/diariodegarca.com\/?p=8058"},"modified":"2025-10-26T19:06:28","modified_gmt":"2025-10-26T22:06:28","slug":"acao-da-pm-prende-suspeito-por-roubo-a-estabelecimento-em-marilia","status":"publish","type":"post","link":"https:\/\/diariodegarca.com\/?p=8058","title":{"rendered":"A\u00e7\u00e3o da PM prende suspeito por roubo a estabelecimento em Mar\u00edlia"},"content":{"rendered":"\n<p class=\"wp-block-paragraph\"><em>Homem foi localizado e detido minutos ap\u00f3s o crime, portando a quantia em dinheiro e a faca utilizada no assalto.<\/em><\/p>\n\n\n\n<p class=\"wp-block-paragraph\">Um homem foi preso no \u00faltimo s\u00e1bado, 25 de outubro, pela Pol\u00edcia Militar do 9\u00b0 Batalh\u00e3o de Interior, suspeito de cometer um roubo a um estabelecimento comercial na cidade de Mar\u00edlia. A pris\u00e3o ocorreu de forma r\u00e1pida, poucos minutos ap\u00f3s o crime ser reportado, gra\u00e7as ao pronto atendimento e ao descri\u00e7\u00e3o precisa fornecida pela v\u00edtima.<\/p>\n\n\n\n<p class=\"wp-block-paragraph\">De acordo com as informa\u00e7\u00f5es da ocorr\u00eancia, os policiais foram acionados e imediatamente estabeleceram contato com o propriet\u00e1rio do local. A v\u00edtima descreveu o autor do crime como um homem que utilizava \u00f3culos e um bon\u00e9 preto. Com essas caracter\u00edsticas em m\u00e3os, as equipes iniciaram um patrulhamento direcionado pela regi\u00e3o.<\/p>\n\n\n\n<p class=\"wp-block-paragraph\">A a\u00e7\u00e3o policial resultou na localiza\u00e7\u00e3o do suspeito enquanto ele caminhava pela rua Queiroz. Ap\u00f3s a abordagem, os militares realizaram uma busca pessoal e encontraram com ele R$ 10,00 em esp\u00e9cie, valor correspondente ao subtra\u00eddo, e a faca que teria sido utilizada para a pr\u00e1tica do roubo.<\/p>\n\n\n\n<p class=\"wp-block-paragraph\">O indiv\u00edduo foi conduzido \u00e0 Central de Pol\u00edcia Judici\u00e1ria de Mar\u00edlia, onde a ocorr\u00eancia foi formalmente registrada. Ele permaneceu preso e \u00e0 disposi\u00e7\u00e3o da Justi\u00e7a para as provid\u00eancias legais cab\u00edveis.<\/p>\n","protected":false},"excerpt":{"rendered":"<p>Homem foi localizado e detido minutos ap\u00f3s o crime, portando a quantia em dinheiro e a faca utilizada no assalto. Um homem foi preso no \u00faltimo s\u00e1bado, 25 de outubro, pela Pol\u00edcia Militar do 9\u00b0 Batalh\u00e3o de Interior, suspeito de cometer um roubo a um estabelecimento comercial na cidade de Mar\u00edlia. A pris\u00e3o ocorreu de [&hellip;]<\/p>\n","protected":false},"author":260896546,"featured_media":8059,"comment_status":"open","ping_status":"open","sticky":false,"template":"","format":"standard","meta":{"_crdt_document":"","_monsterinsights_skip_tracking":false,"_monsterinsights_sitenote_active":false,"_monsterinsights_sitenote_note":"","_monsterinsights_sitenote_category":0,"advanced_seo_description":"","jetpack_seo_html_title":"","jetpack_seo_noindex":false,"_jetpack_newsletter_access":"","_jetpack_dont_email_post_to_subs":false,"_jetpack_newsletter_tier_id":0,"_jetpack_memberships_contains_paywalled_content":false,"_jetpack_memberships_contains_paid_content":false,"footnotes":"","jetpack_publicize_message":"A\u00e7\u00e3o da Pol\u00edcia Militar em Mar\u00edlia prendeu, no \u00faltimo s\u00e1bado (25\/10), um homem por roubo a um com\u00e9rcio local.\nMinutos ap\u00f3s o crime, as equipes do 9\u00b0 BPM\/I localizaram o suspeito, que correspondia \u00e0 descri\u00e7\u00e3o da v\u00edtima.\n\nLeia a mat\u00e9ria completa no diariodegarca.com! O link est\u00e1 na nossa bio.\n\n#Seguran\u00e7aP\u00fablica #A\u00e7\u00e3oPolicial #Mar\u00edlia #Not\u00edciaDeMar\u00edlia #9BPMI #Roubo #Pol\u00edciaMilitar #Justi\u00e7a","jetpack_publicize_feature_enabled":true,"jetpack_social_post_already_shared":false,"jetpack_social_options":{"image_generator_settings":{"template":"highway","default_image_id":0,"font":"","enabled":false},"version":2},"_wpas_customize_per_network":false,"jetpack_post_was_ever_published":false},"categories":[683453294,21243],"tags":[],"class_list":["post-8058","post","type-post","status-publish","format-standard","has-post-thumbnail","hentry","category-marilia-cidade","category-seguranca"],"jetpack_publicize_connections":[],"jetpack_featured_media_url":"https:\/\/i0.wp.com\/diariodegarca.com\/wp-content\/uploads\/2025\/10\/SnapInsta.to_573547879_18322539742246526_6688671550683454642_n-e1761516196775.webp?fit=1080%2C673&ssl=1","jetpack_likes_enabled":true,"jetpack_sharing_enabled":true,"jetpack_shortlink":"https:\/\/wp.me\/pgitne-25Y","jetpack-related-posts":[{"id":7040,"url":"https:\/\/diariodegarca.com\/?p=7040","url_meta":{"origin":8058,"position":0},"title":"Pol\u00edcia Militar prende homem por roubo e furtos em s\u00e9rie na zona sul de Mar\u00edlia","author":"Di\u00e1rio de Gar\u00e7a","date":"23 de setembro de 2025","format":false,"excerpt":"Ap\u00f3s roubo em farm\u00e1cia e furtos em outros estabelecimentos, policiais localizaram e prenderam o suspeito em um centro de tratamento. Na tarde de domingo, 21 de setembro, uma a\u00e7\u00e3o coordenada entre diferentes equipes do 9\u00ba Batalh\u00e3o da Pol\u00edcia Militar (9\u00ba BPM) resultou na pris\u00e3o em flagrante de um homem por\u2026","rel":"","context":"Em &quot;Mar\u00edlia&quot;","block_context":{"text":"Mar\u00edlia","link":"https:\/\/diariodegarca.com\/?cat=683453294"},"img":{"alt_text":"","src":"https:\/\/i0.wp.com\/diariodegarca.com\/wp-content\/uploads\/2025\/09\/SnapInsta.to_551985741_18316643455246526_2768663160623585563_n.jpg?fit=1080%2C810&ssl=1&resize=350%2C200","width":350,"height":200,"srcset":"https:\/\/i0.wp.com\/diariodegarca.com\/wp-content\/uploads\/2025\/09\/SnapInsta.to_551985741_18316643455246526_2768663160623585563_n.jpg?fit=1080%2C810&ssl=1&resize=350%2C200 1x, https:\/\/i0.wp.com\/diariodegarca.com\/wp-content\/uploads\/2025\/09\/SnapInsta.to_551985741_18316643455246526_2768663160623585563_n.jpg?fit=1080%2C810&ssl=1&resize=525%2C300 1.5x, https:\/\/i0.wp.com\/diariodegarca.com\/wp-content\/uploads\/2025\/09\/SnapInsta.to_551985741_18316643455246526_2768663160623585563_n.jpg?fit=1080%2C810&ssl=1&resize=700%2C400 2x, https:\/\/i0.wp.com\/diariodegarca.com\/wp-content\/uploads\/2025\/09\/SnapInsta.to_551985741_18316643455246526_2768663160623585563_n.jpg?fit=1080%2C810&ssl=1&resize=1050%2C600 3x"},"classes":[]},{"id":2308,"url":"https:\/\/diariodegarca.com\/?p=2308","url_meta":{"origin":8058,"position":1},"title":"Homem furta caixas de sorvete e a\u00e7a\u00ed em Mar\u00edlia","author":"Di\u00e1rio de Gar\u00e7a","date":"19 de abril de 2025","format":false,"excerpt":"\u00a0Nesta madrugada, dia 19 de abril, o 9\u00ba Batalh\u00e3o de Pol\u00edcia Militar do Interior (9\u00ba BPM\/I) prendeu um homem acusado de cometer tr\u00eas furtos a estabelecimentos comerciais distintos em Mar\u00edlia. A a\u00e7\u00e3o ocorreu ap\u00f3s um chamado, via 190, relatar o arrombamento da porta de vidro de um restaurante por volta\u2026","rel":"","context":"Em &quot;Brasil&quot;","block_context":{"text":"Brasil","link":"https:\/\/diariodegarca.com\/?cat=38185"},"img":{"alt_text":"","src":"","width":0,"height":0},"classes":[]},{"id":8872,"url":"https:\/\/diariodegarca.com\/?p=8872","url_meta":{"origin":8058,"position":2},"title":"Na v\u00e9spera do feriado, PM prende homem por roubo a resid\u00eancia em Mar\u00edlia","author":"Andreza Sega","date":"21 de novembro de 2025","format":false,"excerpt":"Suspeito foi localizado ap\u00f3s tentativa de fuga pelos telhados; com ele, foram apreendidos uma arma de fogo, joias, rel\u00f3gios e dinheiro. A v\u00e9spera do feriado da Consci\u00eancia Negra, na quarta-feira, 19 de novembro, foi marcada por uma a\u00e7\u00e3o policial que resultou na pris\u00e3o de um homem por roubo a uma\u2026","rel":"","context":"Em &quot;Mar\u00edlia&quot;","block_context":{"text":"Mar\u00edlia","link":"https:\/\/diariodegarca.com\/?cat=683453294"},"img":{"alt_text":"","src":"https:\/\/i0.wp.com\/diariodegarca.com\/wp-content\/uploads\/2025\/11\/WhatsApp-Image-2025-11-21-at-16.05.04.jpeg?fit=1200%2C900&ssl=1&resize=350%2C200","width":350,"height":200,"srcset":"https:\/\/i0.wp.com\/diariodegarca.com\/wp-content\/uploads\/2025\/11\/WhatsApp-Image-2025-11-21-at-16.05.04.jpeg?fit=1200%2C900&ssl=1&resize=350%2C200 1x, https:\/\/i0.wp.com\/diariodegarca.com\/wp-content\/uploads\/2025\/11\/WhatsApp-Image-2025-11-21-at-16.05.04.jpeg?fit=1200%2C900&ssl=1&resize=525%2C300 1.5x, https:\/\/i0.wp.com\/diariodegarca.com\/wp-content\/uploads\/2025\/11\/WhatsApp-Image-2025-11-21-at-16.05.04.jpeg?fit=1200%2C900&ssl=1&resize=700%2C400 2x, https:\/\/i0.wp.com\/diariodegarca.com\/wp-content\/uploads\/2025\/11\/WhatsApp-Image-2025-11-21-at-16.05.04.jpeg?fit=1200%2C900&ssl=1&resize=1050%2C600 3x"},"classes":[]},{"id":7333,"url":"https:\/\/diariodegarca.com\/?p=7333","url_meta":{"origin":8058,"position":3},"title":"Trio \u00e9 preso em flagrante ap\u00f3s roubo de celular no centro de Mar\u00edlia","author":"Andreza Sega","date":"30 de setembro de 2025","format":false,"excerpt":"A\u00e7\u00e3o da Pol\u00edcia Militar resultou na recupera\u00e7\u00e3o do aparelho, de documentos da v\u00edtima e na apreens\u00e3o de uma faca. Casal \u00e9 detido por recepta\u00e7\u00e3o. Um roubo a um pedestre na manh\u00e3 desta ter\u00e7a-feira, 30 de setembro, terminou com a pris\u00e3o em flagrante de tr\u00eas pessoas no centro de Mar\u00edlia. A\u2026","rel":"","context":"Em &quot;Mar\u00edlia&quot;","block_context":{"text":"Mar\u00edlia","link":"https:\/\/diariodegarca.com\/?cat=683453294"},"img":{"alt_text":"","src":"https:\/\/i0.wp.com\/diariodegarca.com\/wp-content\/uploads\/2025\/09\/SnapInsta.to_557448409_18317965444246526_6076963394935432517_n.jpg?fit=900%2C1125&ssl=1&resize=350%2C200","width":350,"height":200,"srcset":"https:\/\/i0.wp.com\/diariodegarca.com\/wp-content\/uploads\/2025\/09\/SnapInsta.to_557448409_18317965444246526_6076963394935432517_n.jpg?fit=900%2C1125&ssl=1&resize=350%2C200 1x, https:\/\/i0.wp.com\/diariodegarca.com\/wp-content\/uploads\/2025\/09\/SnapInsta.to_557448409_18317965444246526_6076963394935432517_n.jpg?fit=900%2C1125&ssl=1&resize=525%2C300 1.5x, https:\/\/i0.wp.com\/diariodegarca.com\/wp-content\/uploads\/2025\/09\/SnapInsta.to_557448409_18317965444246526_6076963394935432517_n.jpg?fit=900%2C1125&ssl=1&resize=700%2C400 2x"},"classes":[]},{"id":2854,"url":"https:\/\/diariodegarca.com\/?p=2854","url_meta":{"origin":8058,"position":4},"title":"Policiais Militares prendem homem por roubo a mercado em Pomp\u00e9ia","author":"Di\u00e1rio de Gar\u00e7a","date":"11 de fevereiro de 2025","format":false,"excerpt":"Nesta segunda-feira, dia 10 de fevereiro, por volta das 18h30, policiais militares do 9\u00ba Batalh\u00e3o de Pol\u00edcia Militar do Interior (9\u00ba BPM\/I) prenderam um homem acusado de roubar um mercado na cidade de Pomp\u00e9ia. A a\u00e7\u00e3o foi realizada pelas equipes de Radiopatrulhamento ap\u00f3s a v\u00edtima acionar o 190 para relatar\u2026","rel":"","context":"Em &quot;Brasil&quot;","block_context":{"text":"Brasil","link":"https:\/\/diariodegarca.com\/?cat=38185"},"img":{"alt_text":"","src":"","width":0,"height":0},"classes":[]},{"id":4159,"url":"https:\/\/diariodegarca.com\/?p=4159","url_meta":{"origin":8058,"position":5},"title":"A\u00e7\u00f5es policiais prendem suspeitos por roubo, furto e tr\u00e1fico em cidades da regi\u00e3o","author":"Di\u00e1rio de Gar\u00e7a","date":"23 de junho de 2025","format":false,"excerpt":"Em opera\u00e7\u00f5es realizadas no fim de semana, policiais militares do 9\u00ba Batalh\u00e3o do Interior prenderam criminosos em flagrante em Mar\u00edlia, Pomp\u00e9ia e Tup\u00e3; drogas, ve\u00edculo furtado e objetos roubados foram apreendidos. No \u00faltimo fim de semana, o\u00a09\u00ba Batalh\u00e3o de Pol\u00edcia Militar do Interior\u00a0registrou ocorr\u00eancias em diferentes cidades da regi\u00e3o, resultando\u2026","rel":"","context":"Em &quot;Mar\u00edlia&quot;","block_context":{"text":"Mar\u00edlia","link":"https:\/\/diariodegarca.com\/?cat=683453294"},"img":{"alt_text":"","src":"https:\/\/i0.wp.com\/diariodegarca.com\/wp-content\/uploads\/2025\/06\/503566608_18306010942246526_8008225824564545424_n-e1764161649475.webp?fit=1080%2C733&ssl=1&resize=350%2C200","width":350,"height":200,"srcset":"https:\/\/i0.wp.com\/diariodegarca.com\/wp-content\/uploads\/2025\/06\/503566608_18306010942246526_8008225824564545424_n-e1764161649475.webp?fit=1080%2C733&ssl=1&resize=350%2C200 1x, https:\/\/i0.wp.com\/diariodegarca.com\/wp-content\/uploads\/2025\/06\/503566608_18306010942246526_8008225824564545424_n-e1764161649475.webp?fit=1080%2C733&ssl=1&resize=525%2C300 1.5x, https:\/\/i0.wp.com\/diariodegarca.com\/wp-content\/uploads\/2025\/06\/503566608_18306010942246526_8008225824564545424_n-e1764161649475.webp?fit=1080%2C733&ssl=1&resize=700%2C400 2x, https:\/\/i0.wp.com\/diariodegarca.com\/wp-content\/uploads\/2025\/06\/503566608_18306010942246526_8008225824564545424_n-e1764161649475.webp?fit=1080%2C733&ssl=1&resize=1050%2C600 3x"},"classes":[]}],"_links":{"self":[{"href":"https:\/\/diariodegarca.com\/index.php?rest_route=\/wp\/v2\/posts\/8058","targetHints":{"allow":["GET"]}}],"collection":[{"href":"https:\/\/diariodegarca.com\/index.php?rest_route=\/wp\/v2\/posts"}],"about":[{"href":"https:\/\/diariodegarca.com\/index.php?rest_route=\/wp\/v2\/types\/post"}],"author":[{"embeddable":true,"href":"https:\/\/diariodegarca.com\/index.php?rest_route=\/wp\/v2\/users\/260896546"}],"replies":[{"embeddable":true,"href":"https:\/\/diariodegarca.com\/index.php?rest_route=%2Fwp%2Fv2%2Fcomments&post=8058"}],"version-history":[{"count":2,"href":"https:\/\/diariodegarca.com\/index.php?rest_route=\/wp\/v2\/posts\/8058\/revisions"}],"predecessor-version":[{"id":8061,"href":"https:\/\/diariodegarca.com\/index.php?rest_route=\/wp\/v2\/posts\/8058\/revisions\/8061"}],"wp:featuredmedia":[{"embeddable":true,"href":"https:\/\/diariodegarca.com\/index.php?rest_route=\/wp\/v2\/media\/8059"}],"wp:attachment":[{"href":"https:\/\/diariodegarca.com\/index.php?rest_route=%2Fwp%2Fv2%2Fmedia&parent=8058"}],"wp:term":[{"taxonomy":"category","embeddable":true,"href":"https:\/\/diariodegarca.com\/index.php?rest_route=%2Fwp%2Fv2%2Fcategories&post=8058"},{"taxonomy":"post_tag","embeddable":true,"href":"https:\/\/diariodegarca.com\/index.php?rest_route=%2Fwp%2Fv2%2Ftags&post=8058"}],"curies":[{"name":"wp","href":"https:\/\/api.w.org\/{rel}","templated":true}]}}