{"id":8095,"date":"2025-10-27T19:11:04","date_gmt":"2025-10-27T22:11:04","guid":{"rendered":"https:\/\/diariodegarca.com\/?p=8095"},"modified":"2025-10-27T20:02:00","modified_gmt":"2025-10-27T23:02:00","slug":"piramba-jetflex-reune-ciclistas-em-garca-com-competicoes-acirradas-e-acoes-sociais","status":"publish","type":"post","link":"https:\/\/diariodegarca.com\/?p=8095","title":{"rendered":"Piramba Jetflex re\u00fane ciclistas em Gar\u00e7a com competi\u00e7\u00f5es acirradas e a\u00e7\u00f5es sociais"},"content":{"rendered":"\n<p class=\"wp-block-paragraph\"><em>Evento esportivo movimentou a cidade com provas de mountain bike para atletas profissionais e amadores, al\u00e9m de bazar e pra\u00e7a de alimenta\u00e7\u00e3o beneficente, ado\u00e7\u00e3o de animais e shows de rock.<\/em><\/p>\n\n\n\n<p class=\"wp-block-paragraph\">O \u00faltimo final de semana foi de esporte e solidariedade ao redor da Concha Ac\u00fastica Maestro Geraldo Moises e do Lago J. K. Williams em Gar\u00e7a, com a realiza\u00e7\u00e3o de mais uma edi\u00e7\u00e3o do Piramba Jetflex. O evento, que atraiu ciclistas profissionais e amadores de diversas cidades, foi marcado por competi\u00e7\u00f5es intensas nas categorias Pro e Sport, divididas entre mountain bikes tradicionais e e-bikes (el\u00e9tricas). Para al\u00e9m das trilhas, a programa\u00e7\u00e3o incluiu uma s\u00e9rie de a\u00e7\u00f5es sociais que engajaram o p\u00fablico presente.<\/p>\n\n\n\n<p class=\"wp-block-paragraph\">Enquanto os atletas se desafiavam no percurso, a \u00e1rea do evento fervilhava com atividades paralelas. O&nbsp;<strong>SOS Tot\u00f3<\/strong>&nbsp;e o&nbsp;<strong>Instituto Pet Vida<\/strong>&nbsp;conseguiram a ado\u00e7\u00e3o de seis cachorrinhos, que encontraram novos lares. O&nbsp;<strong>Instituto Mara Peres<\/strong>&nbsp;movimentou um bazar beneficente com mais de 600 pe\u00e7as, revertendo a renda para suas a\u00e7\u00f5es. A cena musical ficou por conta de bandas garcenses, que animaram o p\u00fablico com um repert\u00f3rio de rock. Al\u00e9m disso, organiza\u00e7\u00f5es como a&nbsp;<strong>Equipe Foco <\/strong>(que apoia a <strong>Casa de Apoio ao C\u00e2ncer em Ja\u00fa<\/strong>), <strong>203\u00ba SP Grupo Escoteiro Santo Ant\u00f4nio<\/strong>&nbsp;e o&nbsp;<strong>Nikkey Clube<\/strong>&nbsp;mantiveram tendas com venda de produtos, cuja renda tamb\u00e9m foi destinada a projetos sociais.<\/p>\n\n\n\n<figure class=\"wp-block-image size-full\"><img data-recalc-dims=\"1\" loading=\"lazy\" decoding=\"async\" width=\"799\" height=\"450\" data-attachment-id=\"8099\" data-permalink=\"https:\/\/diariodegarca.com\/?attachment_id=8099\" data-orig-file=\"https:\/\/i0.wp.com\/diariodegarca.com\/wp-content\/uploads\/2025\/10\/54884377465_815f9953fe_c.jpg?fit=799%2C450&amp;ssl=1\" data-orig-size=\"799,450\" data-comments-opened=\"1\" data-image-meta=\"{&quot;aperture&quot;:&quot;0&quot;,&quot;credit&quot;:&quot;&quot;,&quot;camera&quot;:&quot;&quot;,&quot;caption&quot;:&quot;&quot;,&quot;created_timestamp&quot;:&quot;0&quot;,&quot;copyright&quot;:&quot;&quot;,&quot;focal_length&quot;:&quot;0&quot;,&quot;iso&quot;:&quot;0&quot;,&quot;shutter_speed&quot;:&quot;0&quot;,&quot;title&quot;:&quot;&quot;,&quot;orientation&quot;:&quot;0&quot;}\" data-image-title=\"piramba ado\u00e7\u00e3o\" data-image-description=\"\" data-image-caption=\"&lt;p&gt;fotos Piramba divulga\u00e7\u00e3o&lt;\/p&gt;\n\" data-medium-file=\"https:\/\/i0.wp.com\/diariodegarca.com\/wp-content\/uploads\/2025\/10\/54884377465_815f9953fe_c.jpg?fit=300%2C169&amp;ssl=1\" data-large-file=\"https:\/\/i0.wp.com\/diariodegarca.com\/wp-content\/uploads\/2025\/10\/54884377465_815f9953fe_c.jpg?fit=799%2C450&amp;ssl=1\" src=\"https:\/\/i0.wp.com\/diariodegarca.com\/wp-content\/uploads\/2025\/10\/54884377465_815f9953fe_c.jpg?resize=799%2C450&#038;ssl=1\" alt=\"Grupo de pessoas reunidas ao redor de um cercado com c\u00e3es em um evento, com crian\u00e7as interagindo e adultos observando.\" class=\"wp-image-8099\" srcset=\"https:\/\/i0.wp.com\/diariodegarca.com\/wp-content\/uploads\/2025\/10\/54884377465_815f9953fe_c.jpg?w=799&amp;ssl=1 799w, https:\/\/i0.wp.com\/diariodegarca.com\/wp-content\/uploads\/2025\/10\/54884377465_815f9953fe_c.jpg?resize=300%2C169&amp;ssl=1 300w, https:\/\/i0.wp.com\/diariodegarca.com\/wp-content\/uploads\/2025\/10\/54884377465_815f9953fe_c.jpg?resize=768%2C433&amp;ssl=1 768w\" sizes=\"auto, (max-width: 799px) 100vw, 799px\" \/><figcaption class=\"wp-element-caption\">fotos Piramba divulga\u00e7\u00e3o<\/figcaption><\/figure>\n\n\n\n<h3 class=\"wp-block-heading\"><strong>As disputas sobre duas rodas<\/strong><\/h3>\n\n\n\n<p class=\"wp-block-paragraph\">O domingo foi reservado para as corridas, que definiram seus campe\u00f5es em diversas categorias. A an\u00e1lise dos resultados mostra a diversidade de participantes, desde jovens promessas at\u00e9 veteranos experientes.<\/p>\n\n\n\n<figure class=\"wp-block-gallery has-nested-images columns-default is-cropped wp-block-gallery-1 is-layout-flex wp-block-gallery-is-layout-flex\">\n<figure class=\"wp-block-image size-large\"><img data-recalc-dims=\"1\" loading=\"lazy\" decoding=\"async\" width=\"800\" height=\"534\" data-attachment-id=\"8119\" data-permalink=\"https:\/\/diariodegarca.com\/?attachment_id=8119\" data-orig-file=\"https:\/\/i0.wp.com\/diariodegarca.com\/wp-content\/uploads\/2025\/10\/WhatsApp-Image-2025-10-27-at-19.43.40-1.jpeg?fit=1369%2C913&amp;ssl=1\" data-orig-size=\"1369,913\" data-comments-opened=\"1\" data-image-meta=\"{&quot;aperture&quot;:&quot;0&quot;,&quot;credit&quot;:&quot;&quot;,&quot;camera&quot;:&quot;&quot;,&quot;caption&quot;:&quot;&quot;,&quot;created_timestamp&quot;:&quot;0&quot;,&quot;copyright&quot;:&quot;&quot;,&quot;focal_length&quot;:&quot;0&quot;,&quot;iso&quot;:&quot;0&quot;,&quot;shutter_speed&quot;:&quot;0&quot;,&quot;title&quot;:&quot;&quot;,&quot;orientation&quot;:&quot;0&quot;}\" data-image-title=\"Piramba\" data-image-description=\"\" data-image-caption=\"&lt;p&gt;fotos de Fabiano Oliveira&lt;\/p&gt;\n\" data-medium-file=\"https:\/\/i0.wp.com\/diariodegarca.com\/wp-content\/uploads\/2025\/10\/WhatsApp-Image-2025-10-27-at-19.43.40-1.jpeg?fit=300%2C200&amp;ssl=1\" data-large-file=\"https:\/\/i0.wp.com\/diariodegarca.com\/wp-content\/uploads\/2025\/10\/WhatsApp-Image-2025-10-27-at-19.43.40-1.jpeg?fit=800%2C534&amp;ssl=1\" data-id=\"8119\" src=\"https:\/\/i0.wp.com\/diariodegarca.com\/wp-content\/uploads\/2025\/10\/WhatsApp-Image-2025-10-27-at-19.43.40-1.jpeg?resize=800%2C534&#038;ssl=1\" alt=\"Ciclistas competindo em uma trilha durante o evento Piramba Jetflex, com vegeta\u00e7\u00e3o ao fundo e poeira levantada pelas bicicletas.\" class=\"wp-image-8119\" srcset=\"https:\/\/i0.wp.com\/diariodegarca.com\/wp-content\/uploads\/2025\/10\/WhatsApp-Image-2025-10-27-at-19.43.40-1.jpeg?resize=1024%2C683&amp;ssl=1 1024w, https:\/\/i0.wp.com\/diariodegarca.com\/wp-content\/uploads\/2025\/10\/WhatsApp-Image-2025-10-27-at-19.43.40-1.jpeg?resize=300%2C200&amp;ssl=1 300w, https:\/\/i0.wp.com\/diariodegarca.com\/wp-content\/uploads\/2025\/10\/WhatsApp-Image-2025-10-27-at-19.43.40-1.jpeg?resize=768%2C512&amp;ssl=1 768w, https:\/\/i0.wp.com\/diariodegarca.com\/wp-content\/uploads\/2025\/10\/WhatsApp-Image-2025-10-27-at-19.43.40-1.jpeg?w=1369&amp;ssl=1 1369w\" sizes=\"auto, (max-width: 800px) 100vw, 800px\" \/><figcaption class=\"wp-element-caption\">fotos de Fabiano Oliveira<\/figcaption><\/figure>\n\n\n\n<figure class=\"wp-block-image size-large\"><img data-recalc-dims=\"1\" loading=\"lazy\" decoding=\"async\" width=\"683\" height=\"1024\" data-attachment-id=\"8120\" data-permalink=\"https:\/\/diariodegarca.com\/?attachment_id=8120\" data-orig-file=\"https:\/\/i0.wp.com\/diariodegarca.com\/wp-content\/uploads\/2025\/10\/WhatsApp-Image-2025-10-27-at-19.43.40.jpeg?fit=913%2C1369&amp;ssl=1\" data-orig-size=\"913,1369\" data-comments-opened=\"1\" data-image-meta=\"{&quot;aperture&quot;:&quot;0&quot;,&quot;credit&quot;:&quot;&quot;,&quot;camera&quot;:&quot;&quot;,&quot;caption&quot;:&quot;&quot;,&quot;created_timestamp&quot;:&quot;0&quot;,&quot;copyright&quot;:&quot;&quot;,&quot;focal_length&quot;:&quot;0&quot;,&quot;iso&quot;:&quot;0&quot;,&quot;shutter_speed&quot;:&quot;0&quot;,&quot;title&quot;:&quot;&quot;,&quot;orientation&quot;:&quot;0&quot;}\" data-image-title=\"piramba\" data-image-description=\"\" data-image-caption=\"&lt;p&gt;fotos de Fabiano Oliveira&lt;\/p&gt;\n\" data-medium-file=\"https:\/\/i0.wp.com\/diariodegarca.com\/wp-content\/uploads\/2025\/10\/WhatsApp-Image-2025-10-27-at-19.43.40.jpeg?fit=200%2C300&amp;ssl=1\" data-large-file=\"https:\/\/i0.wp.com\/diariodegarca.com\/wp-content\/uploads\/2025\/10\/WhatsApp-Image-2025-10-27-at-19.43.40.jpeg?fit=683%2C1024&amp;ssl=1\" data-id=\"8120\" src=\"https:\/\/i0.wp.com\/diariodegarca.com\/wp-content\/uploads\/2025\/10\/WhatsApp-Image-2025-10-27-at-19.43.40.jpeg?resize=683%2C1024&#038;ssl=1\" alt=\"Ciclista sorridente competindo em uma trilha de mountain bike, vestindo uma camisa laranja com detalhes coloridos e capacete branco, com n\u00famero 154 vis\u00edvel na bicicleta.\" class=\"wp-image-8120\" srcset=\"https:\/\/i0.wp.com\/diariodegarca.com\/wp-content\/uploads\/2025\/10\/WhatsApp-Image-2025-10-27-at-19.43.40.jpeg?resize=683%2C1024&amp;ssl=1 683w, https:\/\/i0.wp.com\/diariodegarca.com\/wp-content\/uploads\/2025\/10\/WhatsApp-Image-2025-10-27-at-19.43.40.jpeg?resize=200%2C300&amp;ssl=1 200w, https:\/\/i0.wp.com\/diariodegarca.com\/wp-content\/uploads\/2025\/10\/WhatsApp-Image-2025-10-27-at-19.43.40.jpeg?resize=768%2C1152&amp;ssl=1 768w, https:\/\/i0.wp.com\/diariodegarca.com\/wp-content\/uploads\/2025\/10\/WhatsApp-Image-2025-10-27-at-19.43.40.jpeg?w=913&amp;ssl=1 913w\" sizes=\"auto, (max-width: 683px) 100vw, 683px\" \/><figcaption class=\"wp-element-caption\">fotos de Fabiano Oliveira<\/figcaption><\/figure>\n\n\n\n<figure class=\"wp-block-image size-large\"><img data-recalc-dims=\"1\" loading=\"lazy\" decoding=\"async\" width=\"683\" height=\"1024\" data-attachment-id=\"8121\" data-permalink=\"https:\/\/diariodegarca.com\/?attachment_id=8121\" data-orig-file=\"https:\/\/i0.wp.com\/diariodegarca.com\/wp-content\/uploads\/2025\/10\/WhatsApp-Image-2025-10-27-at-19.43.39-4.jpeg?fit=913%2C1369&amp;ssl=1\" data-orig-size=\"913,1369\" data-comments-opened=\"1\" data-image-meta=\"{&quot;aperture&quot;:&quot;0&quot;,&quot;credit&quot;:&quot;&quot;,&quot;camera&quot;:&quot;&quot;,&quot;caption&quot;:&quot;&quot;,&quot;created_timestamp&quot;:&quot;0&quot;,&quot;copyright&quot;:&quot;&quot;,&quot;focal_length&quot;:&quot;0&quot;,&quot;iso&quot;:&quot;0&quot;,&quot;shutter_speed&quot;:&quot;0&quot;,&quot;title&quot;:&quot;&quot;,&quot;orientation&quot;:&quot;0&quot;}\" data-image-title=\"piramba\" data-image-description=\"\" data-image-caption=\"&lt;p&gt;fotos de Fabiano Oliveira&lt;\/p&gt;\n\" data-medium-file=\"https:\/\/i0.wp.com\/diariodegarca.com\/wp-content\/uploads\/2025\/10\/WhatsApp-Image-2025-10-27-at-19.43.39-4.jpeg?fit=200%2C300&amp;ssl=1\" data-large-file=\"https:\/\/i0.wp.com\/diariodegarca.com\/wp-content\/uploads\/2025\/10\/WhatsApp-Image-2025-10-27-at-19.43.39-4.jpeg?fit=683%2C1024&amp;ssl=1\" data-id=\"8121\" src=\"https:\/\/i0.wp.com\/diariodegarca.com\/wp-content\/uploads\/2025\/10\/WhatsApp-Image-2025-10-27-at-19.43.39-4.jpeg?resize=683%2C1024&#038;ssl=1\" alt=\"Grupo de ciclistas competindo em uma trilha de mountain bike, rodeado por \u00e1rvores e poeira, durante um evento esportivo.\" class=\"wp-image-8121\" srcset=\"https:\/\/i0.wp.com\/diariodegarca.com\/wp-content\/uploads\/2025\/10\/WhatsApp-Image-2025-10-27-at-19.43.39-4.jpeg?resize=683%2C1024&amp;ssl=1 683w, https:\/\/i0.wp.com\/diariodegarca.com\/wp-content\/uploads\/2025\/10\/WhatsApp-Image-2025-10-27-at-19.43.39-4.jpeg?resize=200%2C300&amp;ssl=1 200w, https:\/\/i0.wp.com\/diariodegarca.com\/wp-content\/uploads\/2025\/10\/WhatsApp-Image-2025-10-27-at-19.43.39-4.jpeg?resize=768%2C1152&amp;ssl=1 768w, https:\/\/i0.wp.com\/diariodegarca.com\/wp-content\/uploads\/2025\/10\/WhatsApp-Image-2025-10-27-at-19.43.39-4.jpeg?w=913&amp;ssl=1 913w\" sizes=\"auto, (max-width: 683px) 100vw, 683px\" \/><figcaption class=\"wp-element-caption\">fotos de Fabiano Oliveira<\/figcaption><\/figure>\n\n\n\n<figure class=\"wp-block-image size-large\"><img data-recalc-dims=\"1\" loading=\"lazy\" decoding=\"async\" width=\"683\" height=\"1024\" data-attachment-id=\"8122\" data-permalink=\"https:\/\/diariodegarca.com\/?attachment_id=8122\" data-orig-file=\"https:\/\/i0.wp.com\/diariodegarca.com\/wp-content\/uploads\/2025\/10\/WhatsApp-Image-2025-10-27-at-19.43.39-3.jpeg?fit=913%2C1369&amp;ssl=1\" data-orig-size=\"913,1369\" data-comments-opened=\"1\" data-image-meta=\"{&quot;aperture&quot;:&quot;0&quot;,&quot;credit&quot;:&quot;&quot;,&quot;camera&quot;:&quot;&quot;,&quot;caption&quot;:&quot;&quot;,&quot;created_timestamp&quot;:&quot;0&quot;,&quot;copyright&quot;:&quot;&quot;,&quot;focal_length&quot;:&quot;0&quot;,&quot;iso&quot;:&quot;0&quot;,&quot;shutter_speed&quot;:&quot;0&quot;,&quot;title&quot;:&quot;&quot;,&quot;orientation&quot;:&quot;0&quot;}\" data-image-title=\"piramba\" data-image-description=\"\" data-image-caption=\"&lt;p&gt;fotos de Fabiano Oliveira&lt;\/p&gt;\n\" data-medium-file=\"https:\/\/i0.wp.com\/diariodegarca.com\/wp-content\/uploads\/2025\/10\/WhatsApp-Image-2025-10-27-at-19.43.39-3.jpeg?fit=200%2C300&amp;ssl=1\" data-large-file=\"https:\/\/i0.wp.com\/diariodegarca.com\/wp-content\/uploads\/2025\/10\/WhatsApp-Image-2025-10-27-at-19.43.39-3.jpeg?fit=683%2C1024&amp;ssl=1\" data-id=\"8122\" src=\"https:\/\/i0.wp.com\/diariodegarca.com\/wp-content\/uploads\/2025\/10\/WhatsApp-Image-2025-10-27-at-19.43.39-3.jpeg?resize=683%2C1024&#038;ssl=1\" alt=\"Ciclista competindo em uma trilha de mountain bike, vestindo camisa laranja e preta, com n\u00famero 013, em um evento esportivo na natureza.\" class=\"wp-image-8122\" srcset=\"https:\/\/i0.wp.com\/diariodegarca.com\/wp-content\/uploads\/2025\/10\/WhatsApp-Image-2025-10-27-at-19.43.39-3.jpeg?resize=683%2C1024&amp;ssl=1 683w, https:\/\/i0.wp.com\/diariodegarca.com\/wp-content\/uploads\/2025\/10\/WhatsApp-Image-2025-10-27-at-19.43.39-3.jpeg?resize=200%2C300&amp;ssl=1 200w, https:\/\/i0.wp.com\/diariodegarca.com\/wp-content\/uploads\/2025\/10\/WhatsApp-Image-2025-10-27-at-19.43.39-3.jpeg?resize=768%2C1152&amp;ssl=1 768w, https:\/\/i0.wp.com\/diariodegarca.com\/wp-content\/uploads\/2025\/10\/WhatsApp-Image-2025-10-27-at-19.43.39-3.jpeg?w=913&amp;ssl=1 913w\" sizes=\"auto, (max-width: 683px) 100vw, 683px\" \/><figcaption class=\"wp-element-caption\">fotos de Fabiano Oliveira<\/figcaption><\/figure>\n\n\n\n<figure class=\"wp-block-image size-large\"><img data-recalc-dims=\"1\" loading=\"lazy\" decoding=\"async\" width=\"683\" height=\"1024\" data-attachment-id=\"8123\" data-permalink=\"https:\/\/diariodegarca.com\/?attachment_id=8123\" data-orig-file=\"https:\/\/i0.wp.com\/diariodegarca.com\/wp-content\/uploads\/2025\/10\/WhatsApp-Image-2025-10-27-at-19.43.39-2.jpeg?fit=913%2C1369&amp;ssl=1\" data-orig-size=\"913,1369\" data-comments-opened=\"1\" data-image-meta=\"{&quot;aperture&quot;:&quot;0&quot;,&quot;credit&quot;:&quot;&quot;,&quot;camera&quot;:&quot;&quot;,&quot;caption&quot;:&quot;&quot;,&quot;created_timestamp&quot;:&quot;0&quot;,&quot;copyright&quot;:&quot;&quot;,&quot;focal_length&quot;:&quot;0&quot;,&quot;iso&quot;:&quot;0&quot;,&quot;shutter_speed&quot;:&quot;0&quot;,&quot;title&quot;:&quot;&quot;,&quot;orientation&quot;:&quot;0&quot;}\" data-image-title=\"piramba\" data-image-description=\"\" data-image-caption=\"&lt;p&gt;fotos de Fabiano Oliveira&lt;\/p&gt;\n\" data-medium-file=\"https:\/\/i0.wp.com\/diariodegarca.com\/wp-content\/uploads\/2025\/10\/WhatsApp-Image-2025-10-27-at-19.43.39-2.jpeg?fit=200%2C300&amp;ssl=1\" data-large-file=\"https:\/\/i0.wp.com\/diariodegarca.com\/wp-content\/uploads\/2025\/10\/WhatsApp-Image-2025-10-27-at-19.43.39-2.jpeg?fit=683%2C1024&amp;ssl=1\" data-id=\"8123\" src=\"https:\/\/i0.wp.com\/diariodegarca.com\/wp-content\/uploads\/2025\/10\/WhatsApp-Image-2025-10-27-at-19.43.39-2.jpeg?resize=683%2C1024&#038;ssl=1\" alt=\"Atletas competindo em uma prova de mountain bike em um percurso de terra, cercados por \u00e1rvores em um ambiente natural.\" class=\"wp-image-8123\" srcset=\"https:\/\/i0.wp.com\/diariodegarca.com\/wp-content\/uploads\/2025\/10\/WhatsApp-Image-2025-10-27-at-19.43.39-2.jpeg?resize=683%2C1024&amp;ssl=1 683w, https:\/\/i0.wp.com\/diariodegarca.com\/wp-content\/uploads\/2025\/10\/WhatsApp-Image-2025-10-27-at-19.43.39-2.jpeg?resize=200%2C300&amp;ssl=1 200w, https:\/\/i0.wp.com\/diariodegarca.com\/wp-content\/uploads\/2025\/10\/WhatsApp-Image-2025-10-27-at-19.43.39-2.jpeg?resize=768%2C1152&amp;ssl=1 768w, https:\/\/i0.wp.com\/diariodegarca.com\/wp-content\/uploads\/2025\/10\/WhatsApp-Image-2025-10-27-at-19.43.39-2.jpeg?w=913&amp;ssl=1 913w\" sizes=\"auto, (max-width: 683px) 100vw, 683px\" \/><figcaption class=\"wp-element-caption\">fotos de Fabiano Oliveira<\/figcaption><\/figure>\n\n\n\n<figure class=\"wp-block-image size-large\"><img data-recalc-dims=\"1\" loading=\"lazy\" decoding=\"async\" width=\"800\" height=\"534\" data-attachment-id=\"8124\" data-permalink=\"https:\/\/diariodegarca.com\/?attachment_id=8124\" data-orig-file=\"https:\/\/i0.wp.com\/diariodegarca.com\/wp-content\/uploads\/2025\/10\/WhatsApp-Image-2025-10-27-at-19.43.39-1.jpeg?fit=1369%2C913&amp;ssl=1\" data-orig-size=\"1369,913\" data-comments-opened=\"1\" data-image-meta=\"{&quot;aperture&quot;:&quot;0&quot;,&quot;credit&quot;:&quot;&quot;,&quot;camera&quot;:&quot;&quot;,&quot;caption&quot;:&quot;&quot;,&quot;created_timestamp&quot;:&quot;0&quot;,&quot;copyright&quot;:&quot;&quot;,&quot;focal_length&quot;:&quot;0&quot;,&quot;iso&quot;:&quot;0&quot;,&quot;shutter_speed&quot;:&quot;0&quot;,&quot;title&quot;:&quot;&quot;,&quot;orientation&quot;:&quot;0&quot;}\" data-image-title=\"piramba\" data-image-description=\"\" data-image-caption=\"&lt;p&gt;fotos de Fabiano Oliveira&lt;\/p&gt;\n\" data-medium-file=\"https:\/\/i0.wp.com\/diariodegarca.com\/wp-content\/uploads\/2025\/10\/WhatsApp-Image-2025-10-27-at-19.43.39-1.jpeg?fit=300%2C200&amp;ssl=1\" data-large-file=\"https:\/\/i0.wp.com\/diariodegarca.com\/wp-content\/uploads\/2025\/10\/WhatsApp-Image-2025-10-27-at-19.43.39-1.jpeg?fit=800%2C534&amp;ssl=1\" data-id=\"8124\" src=\"https:\/\/i0.wp.com\/diariodegarca.com\/wp-content\/uploads\/2025\/10\/WhatsApp-Image-2025-10-27-at-19.43.39-1.jpeg?resize=800%2C534&#038;ssl=1\" alt=\"Competidores em uma prova de mountain bike em um ambiente florestal, focados em suas bicicletas durante a competi\u00e7\u00e3o.\" class=\"wp-image-8124\" srcset=\"https:\/\/i0.wp.com\/diariodegarca.com\/wp-content\/uploads\/2025\/10\/WhatsApp-Image-2025-10-27-at-19.43.39-1.jpeg?resize=1024%2C683&amp;ssl=1 1024w, https:\/\/i0.wp.com\/diariodegarca.com\/wp-content\/uploads\/2025\/10\/WhatsApp-Image-2025-10-27-at-19.43.39-1.jpeg?resize=300%2C200&amp;ssl=1 300w, https:\/\/i0.wp.com\/diariodegarca.com\/wp-content\/uploads\/2025\/10\/WhatsApp-Image-2025-10-27-at-19.43.39-1.jpeg?resize=768%2C512&amp;ssl=1 768w, https:\/\/i0.wp.com\/diariodegarca.com\/wp-content\/uploads\/2025\/10\/WhatsApp-Image-2025-10-27-at-19.43.39-1.jpeg?w=1369&amp;ssl=1 1369w\" sizes=\"auto, (max-width: 800px) 100vw, 800px\" \/><figcaption class=\"wp-element-caption\">fotos de Fabiano Oliveira<\/figcaption><\/figure>\n\n\n\n<figure class=\"wp-block-image size-large\"><img data-recalc-dims=\"1\" loading=\"lazy\" decoding=\"async\" width=\"683\" height=\"1024\" data-attachment-id=\"8125\" data-permalink=\"https:\/\/diariodegarca.com\/?attachment_id=8125\" data-orig-file=\"https:\/\/i0.wp.com\/diariodegarca.com\/wp-content\/uploads\/2025\/10\/WhatsApp-Image-2025-10-27-at-19.43.39.jpeg?fit=913%2C1369&amp;ssl=1\" data-orig-size=\"913,1369\" data-comments-opened=\"1\" data-image-meta=\"{&quot;aperture&quot;:&quot;0&quot;,&quot;credit&quot;:&quot;&quot;,&quot;camera&quot;:&quot;&quot;,&quot;caption&quot;:&quot;&quot;,&quot;created_timestamp&quot;:&quot;0&quot;,&quot;copyright&quot;:&quot;&quot;,&quot;focal_length&quot;:&quot;0&quot;,&quot;iso&quot;:&quot;0&quot;,&quot;shutter_speed&quot;:&quot;0&quot;,&quot;title&quot;:&quot;&quot;,&quot;orientation&quot;:&quot;0&quot;}\" data-image-title=\"piramba\" data-image-description=\"\" data-image-caption=\"&lt;p&gt;fotos de Fabiano Oliveira&lt;\/p&gt;\n\" data-medium-file=\"https:\/\/i0.wp.com\/diariodegarca.com\/wp-content\/uploads\/2025\/10\/WhatsApp-Image-2025-10-27-at-19.43.39.jpeg?fit=200%2C300&amp;ssl=1\" data-large-file=\"https:\/\/i0.wp.com\/diariodegarca.com\/wp-content\/uploads\/2025\/10\/WhatsApp-Image-2025-10-27-at-19.43.39.jpeg?fit=683%2C1024&amp;ssl=1\" data-id=\"8125\" src=\"https:\/\/i0.wp.com\/diariodegarca.com\/wp-content\/uploads\/2025\/10\/WhatsApp-Image-2025-10-27-at-19.43.39.jpeg?resize=683%2C1024&#038;ssl=1\" alt=\"Atleta sorridente competindo em uma trilha de mountain bike, vestindo camiseta de ciclismo preta com detalhes em vermelho e capacete, em meio \u00e0 vegeta\u00e7\u00e3o.\" class=\"wp-image-8125\" srcset=\"https:\/\/i0.wp.com\/diariodegarca.com\/wp-content\/uploads\/2025\/10\/WhatsApp-Image-2025-10-27-at-19.43.39.jpeg?resize=683%2C1024&amp;ssl=1 683w, https:\/\/i0.wp.com\/diariodegarca.com\/wp-content\/uploads\/2025\/10\/WhatsApp-Image-2025-10-27-at-19.43.39.jpeg?resize=200%2C300&amp;ssl=1 200w, https:\/\/i0.wp.com\/diariodegarca.com\/wp-content\/uploads\/2025\/10\/WhatsApp-Image-2025-10-27-at-19.43.39.jpeg?resize=768%2C1152&amp;ssl=1 768w, https:\/\/i0.wp.com\/diariodegarca.com\/wp-content\/uploads\/2025\/10\/WhatsApp-Image-2025-10-27-at-19.43.39.jpeg?w=913&amp;ssl=1 913w\" sizes=\"auto, (max-width: 683px) 100vw, 683px\" \/><figcaption class=\"wp-element-caption\">fotos de Fabiano Oliveira<\/figcaption><\/figure>\n\n\n\n<figure class=\"wp-block-image size-large\"><img data-recalc-dims=\"1\" loading=\"lazy\" decoding=\"async\" width=\"800\" height=\"534\" data-attachment-id=\"8126\" data-permalink=\"https:\/\/diariodegarca.com\/?attachment_id=8126\" data-orig-file=\"https:\/\/i0.wp.com\/diariodegarca.com\/wp-content\/uploads\/2025\/10\/WhatsApp-Image-2025-10-27-at-19.43.38.jpeg?fit=1369%2C913&amp;ssl=1\" data-orig-size=\"1369,913\" data-comments-opened=\"1\" data-image-meta=\"{&quot;aperture&quot;:&quot;0&quot;,&quot;credit&quot;:&quot;&quot;,&quot;camera&quot;:&quot;&quot;,&quot;caption&quot;:&quot;&quot;,&quot;created_timestamp&quot;:&quot;0&quot;,&quot;copyright&quot;:&quot;&quot;,&quot;focal_length&quot;:&quot;0&quot;,&quot;iso&quot;:&quot;0&quot;,&quot;shutter_speed&quot;:&quot;0&quot;,&quot;title&quot;:&quot;&quot;,&quot;orientation&quot;:&quot;0&quot;}\" data-image-title=\"piramba\" data-image-description=\"\" data-image-caption=\"&lt;p&gt;fotos de Fabiano Oliveira&lt;\/p&gt;\n\" data-medium-file=\"https:\/\/i0.wp.com\/diariodegarca.com\/wp-content\/uploads\/2025\/10\/WhatsApp-Image-2025-10-27-at-19.43.38.jpeg?fit=300%2C200&amp;ssl=1\" data-large-file=\"https:\/\/i0.wp.com\/diariodegarca.com\/wp-content\/uploads\/2025\/10\/WhatsApp-Image-2025-10-27-at-19.43.38.jpeg?fit=800%2C534&amp;ssl=1\" data-id=\"8126\" src=\"https:\/\/i0.wp.com\/diariodegarca.com\/wp-content\/uploads\/2025\/10\/WhatsApp-Image-2025-10-27-at-19.43.38.jpeg?resize=800%2C534&#038;ssl=1\" alt=\"Ciclista sorridente competindo em uma prova de mountain bike, vestido com uma camisa colorida e \u00f3culos escuros, em meio a natureza.\" class=\"wp-image-8126\" srcset=\"https:\/\/i0.wp.com\/diariodegarca.com\/wp-content\/uploads\/2025\/10\/WhatsApp-Image-2025-10-27-at-19.43.38.jpeg?resize=1024%2C683&amp;ssl=1 1024w, https:\/\/i0.wp.com\/diariodegarca.com\/wp-content\/uploads\/2025\/10\/WhatsApp-Image-2025-10-27-at-19.43.38.jpeg?resize=300%2C200&amp;ssl=1 300w, https:\/\/i0.wp.com\/diariodegarca.com\/wp-content\/uploads\/2025\/10\/WhatsApp-Image-2025-10-27-at-19.43.38.jpeg?resize=768%2C512&amp;ssl=1 768w, https:\/\/i0.wp.com\/diariodegarca.com\/wp-content\/uploads\/2025\/10\/WhatsApp-Image-2025-10-27-at-19.43.38.jpeg?w=1369&amp;ssl=1 1369w\" sizes=\"auto, (max-width: 800px) 100vw, 800px\" \/><figcaption class=\"wp-element-caption\">fotos de Fabiano Oliveira<\/figcaption><\/figure>\n\n\n\n<figure class=\"wp-block-image size-large\"><img data-recalc-dims=\"1\" loading=\"lazy\" decoding=\"async\" width=\"683\" height=\"1024\" data-attachment-id=\"8127\" data-permalink=\"https:\/\/diariodegarca.com\/?attachment_id=8127\" data-orig-file=\"https:\/\/i0.wp.com\/diariodegarca.com\/wp-content\/uploads\/2025\/10\/WhatsApp-Image-2025-10-27-at-19.33.36-1.jpeg?fit=913%2C1369&amp;ssl=1\" data-orig-size=\"913,1369\" data-comments-opened=\"1\" data-image-meta=\"{&quot;aperture&quot;:&quot;0&quot;,&quot;credit&quot;:&quot;&quot;,&quot;camera&quot;:&quot;&quot;,&quot;caption&quot;:&quot;&quot;,&quot;created_timestamp&quot;:&quot;0&quot;,&quot;copyright&quot;:&quot;&quot;,&quot;focal_length&quot;:&quot;0&quot;,&quot;iso&quot;:&quot;0&quot;,&quot;shutter_speed&quot;:&quot;0&quot;,&quot;title&quot;:&quot;&quot;,&quot;orientation&quot;:&quot;0&quot;}\" data-image-title=\"piramba\" data-image-description=\"\" data-image-caption=\"&lt;p&gt;fotos de Fabiano Oliveira&lt;\/p&gt;\n\" data-medium-file=\"https:\/\/i0.wp.com\/diariodegarca.com\/wp-content\/uploads\/2025\/10\/WhatsApp-Image-2025-10-27-at-19.33.36-1.jpeg?fit=200%2C300&amp;ssl=1\" data-large-file=\"https:\/\/i0.wp.com\/diariodegarca.com\/wp-content\/uploads\/2025\/10\/WhatsApp-Image-2025-10-27-at-19.33.36-1.jpeg?fit=683%2C1024&amp;ssl=1\" data-id=\"8127\" src=\"https:\/\/i0.wp.com\/diariodegarca.com\/wp-content\/uploads\/2025\/10\/WhatsApp-Image-2025-10-27-at-19.33.36-1.jpeg?resize=683%2C1024&#038;ssl=1\" alt=\"Ciclistas competindo em uma trilha de mountain bike durante um evento esportivo em uma \u00e1rea arborizada.\" class=\"wp-image-8127\" srcset=\"https:\/\/i0.wp.com\/diariodegarca.com\/wp-content\/uploads\/2025\/10\/WhatsApp-Image-2025-10-27-at-19.33.36-1.jpeg?resize=683%2C1024&amp;ssl=1 683w, https:\/\/i0.wp.com\/diariodegarca.com\/wp-content\/uploads\/2025\/10\/WhatsApp-Image-2025-10-27-at-19.33.36-1.jpeg?resize=200%2C300&amp;ssl=1 200w, https:\/\/i0.wp.com\/diariodegarca.com\/wp-content\/uploads\/2025\/10\/WhatsApp-Image-2025-10-27-at-19.33.36-1.jpeg?resize=768%2C1152&amp;ssl=1 768w, https:\/\/i0.wp.com\/diariodegarca.com\/wp-content\/uploads\/2025\/10\/WhatsApp-Image-2025-10-27-at-19.33.36-1.jpeg?w=913&amp;ssl=1 913w\" sizes=\"auto, (max-width: 683px) 100vw, 683px\" \/><figcaption class=\"wp-element-caption\">fotos de Fabiano Oliveira<\/figcaption><\/figure>\n<\/figure>\n\n\n\n<p class=\"wp-block-paragraph\"><strong>Categoria Pro E-Bike<\/strong><br>A prova foi dominada por&nbsp;<strong>Cristiano Antonio Vieira<\/strong>&nbsp;(Pedalando por A\u00ed Assis), que garantiu o primeiro lugar com um tempo de 1:10:42.931.&nbsp;<strong>Paulo Junior do Nascimento<\/strong>&nbsp;(Bike Cia Bauru) ficou com o vice-campeonato, cruzando a linha a apenas meio segundo de diferen\u00e7a. Fechando a trinca de campe\u00f5es est\u00e1 <strong>Lu\u00eds Ot\u00e1vio Fabri de Lima<\/strong>&nbsp;(Peixe Bike Shop), de Osvaldo Cruz.<\/p>\n\n\n\n<p class=\"wp-block-paragraph\"><strong>Categoria Pro Feminino<\/strong><br>A vit\u00f3ria ficou com&nbsp;<strong>Viviane Hara<\/strong>&nbsp;(Groove\/Lamaglia), de Votuporanga, que completou o percurso em 1:40:29.201.&nbsp;<strong>Fernanda Lopes<\/strong>&nbsp;(One-X) e&nbsp;<strong>D\u00e9bora Evelin Moreira de Oliveira<\/strong>&nbsp;(Andradina) fecharam o p\u00f3dio em segundo e terceiro lugar, respectivamente.<\/p>\n\n\n\n<p class=\"wp-block-paragraph\"><strong>Categoria Pro Masculino<\/strong><br>A disputa foi bastante acirrada, com os cinco primeiros colocados cruzando a linha em uma diferen\u00e7a de pouco mais de um minuto.&nbsp;<strong>Vinicius de Almeida<\/strong>, de Frutal (MG), consagrou-se campe\u00e3o com o tempo de 1:25:33.550.&nbsp;<strong>Paulo Henrique Teixeira<\/strong>&nbsp;(C\u00e2ndido Mota) e&nbsp;<strong>Samuel Dantas de Souza<\/strong>&nbsp;(Lamaglia\/Sandaluz, Votuporanga) completaram o p\u00f3dio.<\/p>\n\n\n\n<p class=\"wp-block-paragraph\"><strong>Categoria Sport Feminino<\/strong><br><strong>Tha\u00eds Fabiano Barbosa<\/strong>&nbsp;(Al\u00f4 Mania, Gar\u00e7a) foi a grande vencedora, com um tempo de 1:07:22.369.&nbsp;<strong>Daniele Fabre Ferreira de Lima<\/strong>&nbsp;(Peixe Bike Shop, Osvaldo Cruz) e&nbsp;<strong>Gisele Moreira Severino<\/strong>&nbsp;(Nei Bike Center, Ibitinga) conquistaram a segunda e terceira coloca\u00e7\u00f5es.<\/p>\n\n\n\n<p class=\"wp-block-paragraph\"><strong>Categoria Sport Masculino<\/strong><br>A prova teve como campe\u00e3o&nbsp;<strong>Christopher C\u00e1ssio Mar\u00e7al Bueno<\/strong>&nbsp;(Nei Bike Center, Bauru), que registrou o tempo de 55:41.697.&nbsp;<strong>Lucas Pragnan<\/strong>&nbsp;(Bauru RC Pedal) e&nbsp;<strong>Everton Roberto Carneiro<\/strong>&nbsp;(Al\u00f4 Mania, Gar\u00e7a) subiram ao p\u00f3dio ao seu lado.<\/p>\n\n\n\n<figure class=\"wp-block-gallery has-nested-images columns-default is-cropped wp-block-gallery-2 is-layout-flex wp-block-gallery-is-layout-flex\">\n<figure class=\"wp-block-image size-large\"><img data-recalc-dims=\"1\" loading=\"lazy\" decoding=\"async\" width=\"450\" height=\"799\" data-attachment-id=\"8112\" data-permalink=\"https:\/\/diariodegarca.com\/?attachment_id=8112\" data-orig-file=\"https:\/\/i0.wp.com\/diariodegarca.com\/wp-content\/uploads\/2025\/10\/54884329509_e969413b2d_c.jpg?fit=450%2C799&amp;ssl=1\" data-orig-size=\"450,799\" data-comments-opened=\"1\" data-image-meta=\"{&quot;aperture&quot;:&quot;0&quot;,&quot;credit&quot;:&quot;&quot;,&quot;camera&quot;:&quot;&quot;,&quot;caption&quot;:&quot;&quot;,&quot;created_timestamp&quot;:&quot;0&quot;,&quot;copyright&quot;:&quot;&quot;,&quot;focal_length&quot;:&quot;0&quot;,&quot;iso&quot;:&quot;0&quot;,&quot;shutter_speed&quot;:&quot;0&quot;,&quot;title&quot;:&quot;&quot;,&quot;orientation&quot;:&quot;0&quot;}\" data-image-title=\"piramba\" data-image-description=\"\" data-image-caption=\"&lt;p&gt;fotos Piramba divulga\u00e7\u00e3o&lt;\/p&gt;\n\" data-medium-file=\"https:\/\/i0.wp.com\/diariodegarca.com\/wp-content\/uploads\/2025\/10\/54884329509_e969413b2d_c.jpg?fit=169%2C300&amp;ssl=1\" data-large-file=\"https:\/\/i0.wp.com\/diariodegarca.com\/wp-content\/uploads\/2025\/10\/54884329509_e969413b2d_c.jpg?fit=450%2C799&amp;ssl=1\" data-id=\"8112\" src=\"https:\/\/i0.wp.com\/diariodegarca.com\/wp-content\/uploads\/2025\/10\/54884329509_e969413b2d_c.jpg?resize=450%2C799&#038;ssl=1\" alt=\"\" class=\"wp-image-8112\" srcset=\"https:\/\/i0.wp.com\/diariodegarca.com\/wp-content\/uploads\/2025\/10\/54884329509_e969413b2d_c.jpg?w=450&amp;ssl=1 450w, https:\/\/i0.wp.com\/diariodegarca.com\/wp-content\/uploads\/2025\/10\/54884329509_e969413b2d_c.jpg?resize=169%2C300&amp;ssl=1 169w\" sizes=\"auto, (max-width: 450px) 100vw, 450px\" \/><figcaption class=\"wp-element-caption\">fotos Piramba divulga\u00e7\u00e3o<\/figcaption><\/figure>\n\n\n\n<figure class=\"wp-block-image size-large\"><img data-recalc-dims=\"1\" loading=\"lazy\" decoding=\"async\" width=\"450\" height=\"561\" data-attachment-id=\"8111\" data-permalink=\"https:\/\/diariodegarca.com\/?attachment_id=8111\" data-orig-file=\"https:\/\/i0.wp.com\/diariodegarca.com\/wp-content\/uploads\/2025\/10\/54884329779_b9a29e4d09_c-e1761602612727.jpg?fit=450%2C561&amp;ssl=1\" data-orig-size=\"450,561\" data-comments-opened=\"1\" data-image-meta=\"{&quot;aperture&quot;:&quot;0&quot;,&quot;credit&quot;:&quot;&quot;,&quot;camera&quot;:&quot;&quot;,&quot;caption&quot;:&quot;&quot;,&quot;created_timestamp&quot;:&quot;0&quot;,&quot;copyright&quot;:&quot;&quot;,&quot;focal_length&quot;:&quot;0&quot;,&quot;iso&quot;:&quot;0&quot;,&quot;shutter_speed&quot;:&quot;0&quot;,&quot;title&quot;:&quot;&quot;,&quot;orientation&quot;:&quot;0&quot;}\" data-image-title=\"piramba\" data-image-description=\"\" data-image-caption=\"&lt;p&gt;fotos Piramba divulga\u00e7\u00e3o&lt;\/p&gt;\n\" data-medium-file=\"https:\/\/i0.wp.com\/diariodegarca.com\/wp-content\/uploads\/2025\/10\/54884329779_b9a29e4d09_c-e1761602612727.jpg?fit=241%2C300&amp;ssl=1\" data-large-file=\"https:\/\/i0.wp.com\/diariodegarca.com\/wp-content\/uploads\/2025\/10\/54884329779_b9a29e4d09_c-e1761602612727.jpg?fit=450%2C561&amp;ssl=1\" data-id=\"8111\" src=\"https:\/\/i0.wp.com\/diariodegarca.com\/wp-content\/uploads\/2025\/10\/54884329779_b9a29e4d09_c-e1761602612727.jpg?resize=450%2C561&#038;ssl=1\" alt=\"\" class=\"wp-image-8111\" srcset=\"https:\/\/i0.wp.com\/diariodegarca.com\/wp-content\/uploads\/2025\/10\/54884329779_b9a29e4d09_c-e1761602612727.jpg?w=450&amp;ssl=1 450w, https:\/\/i0.wp.com\/diariodegarca.com\/wp-content\/uploads\/2025\/10\/54884329779_b9a29e4d09_c-e1761602612727.jpg?resize=241%2C300&amp;ssl=1 241w\" sizes=\"auto, (max-width: 450px) 100vw, 450px\" \/><figcaption class=\"wp-element-caption\">fotos Piramba divulga\u00e7\u00e3o<\/figcaption><\/figure>\n\n\n\n<figure class=\"wp-block-image size-large\"><img data-recalc-dims=\"1\" loading=\"lazy\" decoding=\"async\" width=\"450\" height=\"336\" data-attachment-id=\"8110\" data-permalink=\"https:\/\/diariodegarca.com\/?attachment_id=8110\" data-orig-file=\"https:\/\/i0.wp.com\/diariodegarca.com\/wp-content\/uploads\/2025\/10\/54884309403_3c12554190_c-e1761602630102.jpg?fit=450%2C336&amp;ssl=1\" data-orig-size=\"450,336\" data-comments-opened=\"1\" data-image-meta=\"{&quot;aperture&quot;:&quot;0&quot;,&quot;credit&quot;:&quot;&quot;,&quot;camera&quot;:&quot;&quot;,&quot;caption&quot;:&quot;&quot;,&quot;created_timestamp&quot;:&quot;0&quot;,&quot;copyright&quot;:&quot;&quot;,&quot;focal_length&quot;:&quot;0&quot;,&quot;iso&quot;:&quot;0&quot;,&quot;shutter_speed&quot;:&quot;0&quot;,&quot;title&quot;:&quot;&quot;,&quot;orientation&quot;:&quot;0&quot;}\" data-image-title=\"piramba\" data-image-description=\"\" data-image-caption=\"&lt;p&gt;fotos Piramba divulga\u00e7\u00e3o&lt;\/p&gt;\n\" data-medium-file=\"https:\/\/i0.wp.com\/diariodegarca.com\/wp-content\/uploads\/2025\/10\/54884309403_3c12554190_c-e1761602630102.jpg?fit=300%2C224&amp;ssl=1\" data-large-file=\"https:\/\/i0.wp.com\/diariodegarca.com\/wp-content\/uploads\/2025\/10\/54884309403_3c12554190_c-e1761602630102.jpg?fit=450%2C336&amp;ssl=1\" data-id=\"8110\" src=\"https:\/\/i0.wp.com\/diariodegarca.com\/wp-content\/uploads\/2025\/10\/54884309403_3c12554190_c-e1761602630102.jpg?resize=450%2C336&#038;ssl=1\" alt=\"\" class=\"wp-image-8110\" srcset=\"https:\/\/i0.wp.com\/diariodegarca.com\/wp-content\/uploads\/2025\/10\/54884309403_3c12554190_c-e1761602630102.jpg?w=450&amp;ssl=1 450w, https:\/\/i0.wp.com\/diariodegarca.com\/wp-content\/uploads\/2025\/10\/54884309403_3c12554190_c-e1761602630102.jpg?resize=300%2C224&amp;ssl=1 300w\" sizes=\"auto, (max-width: 450px) 100vw, 450px\" \/><figcaption class=\"wp-element-caption\">fotos Piramba divulga\u00e7\u00e3o<\/figcaption><\/figure>\n\n\n\n<figure class=\"wp-block-image size-large\"><img data-recalc-dims=\"1\" loading=\"lazy\" decoding=\"async\" width=\"450\" height=\"414\" data-attachment-id=\"8109\" data-permalink=\"https:\/\/diariodegarca.com\/?attachment_id=8109\" data-orig-file=\"https:\/\/i0.wp.com\/diariodegarca.com\/wp-content\/uploads\/2025\/10\/54884309678_d86dca64ea_c-e1761602652127.jpg?fit=450%2C414&amp;ssl=1\" data-orig-size=\"450,414\" data-comments-opened=\"1\" data-image-meta=\"{&quot;aperture&quot;:&quot;0&quot;,&quot;credit&quot;:&quot;&quot;,&quot;camera&quot;:&quot;&quot;,&quot;caption&quot;:&quot;&quot;,&quot;created_timestamp&quot;:&quot;0&quot;,&quot;copyright&quot;:&quot;&quot;,&quot;focal_length&quot;:&quot;0&quot;,&quot;iso&quot;:&quot;0&quot;,&quot;shutter_speed&quot;:&quot;0&quot;,&quot;title&quot;:&quot;&quot;,&quot;orientation&quot;:&quot;0&quot;}\" data-image-title=\"piramba\" data-image-description=\"\" data-image-caption=\"&lt;p&gt;fotos Piramba divulga\u00e7\u00e3o&lt;\/p&gt;\n\" data-medium-file=\"https:\/\/i0.wp.com\/diariodegarca.com\/wp-content\/uploads\/2025\/10\/54884309678_d86dca64ea_c-e1761602652127.jpg?fit=300%2C276&amp;ssl=1\" data-large-file=\"https:\/\/i0.wp.com\/diariodegarca.com\/wp-content\/uploads\/2025\/10\/54884309678_d86dca64ea_c-e1761602652127.jpg?fit=450%2C414&amp;ssl=1\" data-id=\"8109\" src=\"https:\/\/i0.wp.com\/diariodegarca.com\/wp-content\/uploads\/2025\/10\/54884309678_d86dca64ea_c-e1761602652127.jpg?resize=450%2C414&#038;ssl=1\" alt=\"\" class=\"wp-image-8109\" srcset=\"https:\/\/i0.wp.com\/diariodegarca.com\/wp-content\/uploads\/2025\/10\/54884309678_d86dca64ea_c-e1761602652127.jpg?w=450&amp;ssl=1 450w, https:\/\/i0.wp.com\/diariodegarca.com\/wp-content\/uploads\/2025\/10\/54884309678_d86dca64ea_c-e1761602652127.jpg?resize=300%2C276&amp;ssl=1 300w\" sizes=\"auto, (max-width: 450px) 100vw, 450px\" \/><figcaption class=\"wp-element-caption\">fotos Piramba divulga\u00e7\u00e3o<\/figcaption><\/figure>\n\n\n\n<figure class=\"wp-block-image size-large\"><img data-recalc-dims=\"1\" loading=\"lazy\" decoding=\"async\" width=\"450\" height=\"457\" data-attachment-id=\"8107\" data-permalink=\"https:\/\/diariodegarca.com\/?attachment_id=8107\" data-orig-file=\"https:\/\/i0.wp.com\/diariodegarca.com\/wp-content\/uploads\/2025\/10\/54884308468_07d0e87cc6_c-e1761602693580.jpg?fit=450%2C457&amp;ssl=1\" data-orig-size=\"450,457\" data-comments-opened=\"1\" data-image-meta=\"{&quot;aperture&quot;:&quot;0&quot;,&quot;credit&quot;:&quot;&quot;,&quot;camera&quot;:&quot;&quot;,&quot;caption&quot;:&quot;&quot;,&quot;created_timestamp&quot;:&quot;0&quot;,&quot;copyright&quot;:&quot;&quot;,&quot;focal_length&quot;:&quot;0&quot;,&quot;iso&quot;:&quot;0&quot;,&quot;shutter_speed&quot;:&quot;0&quot;,&quot;title&quot;:&quot;&quot;,&quot;orientation&quot;:&quot;0&quot;}\" data-image-title=\"piramba\" data-image-description=\"\" data-image-caption=\"&lt;p&gt;fotos Piramba divulga\u00e7\u00e3o&lt;\/p&gt;\n\" data-medium-file=\"https:\/\/i0.wp.com\/diariodegarca.com\/wp-content\/uploads\/2025\/10\/54884308468_07d0e87cc6_c-e1761602693580.jpg?fit=295%2C300&amp;ssl=1\" data-large-file=\"https:\/\/i0.wp.com\/diariodegarca.com\/wp-content\/uploads\/2025\/10\/54884308468_07d0e87cc6_c-e1761602693580.jpg?fit=450%2C457&amp;ssl=1\" data-id=\"8107\" src=\"https:\/\/i0.wp.com\/diariodegarca.com\/wp-content\/uploads\/2025\/10\/54884308468_07d0e87cc6_c-e1761602693580.jpg?resize=450%2C457&#038;ssl=1\" alt=\"\" class=\"wp-image-8107\" srcset=\"https:\/\/i0.wp.com\/diariodegarca.com\/wp-content\/uploads\/2025\/10\/54884308468_07d0e87cc6_c-e1761602693580.jpg?w=450&amp;ssl=1 450w, https:\/\/i0.wp.com\/diariodegarca.com\/wp-content\/uploads\/2025\/10\/54884308468_07d0e87cc6_c-e1761602693580.jpg?resize=295%2C300&amp;ssl=1 295w\" sizes=\"auto, (max-width: 450px) 100vw, 450px\" \/><figcaption class=\"wp-element-caption\">fotos Piramba divulga\u00e7\u00e3o<\/figcaption><\/figure>\n\n\n\n<figure class=\"wp-block-image size-large\"><img data-recalc-dims=\"1\" loading=\"lazy\" decoding=\"async\" width=\"450\" height=\"607\" data-attachment-id=\"8108\" data-permalink=\"https:\/\/diariodegarca.com\/?attachment_id=8108\" data-orig-file=\"https:\/\/i0.wp.com\/diariodegarca.com\/wp-content\/uploads\/2025\/10\/54884375995_1520c1c272_c-e1761602669730.jpg?fit=450%2C607&amp;ssl=1\" data-orig-size=\"450,607\" data-comments-opened=\"1\" data-image-meta=\"{&quot;aperture&quot;:&quot;0&quot;,&quot;credit&quot;:&quot;&quot;,&quot;camera&quot;:&quot;&quot;,&quot;caption&quot;:&quot;&quot;,&quot;created_timestamp&quot;:&quot;0&quot;,&quot;copyright&quot;:&quot;&quot;,&quot;focal_length&quot;:&quot;0&quot;,&quot;iso&quot;:&quot;0&quot;,&quot;shutter_speed&quot;:&quot;0&quot;,&quot;title&quot;:&quot;&quot;,&quot;orientation&quot;:&quot;0&quot;}\" data-image-title=\"piramba\" data-image-description=\"\" data-image-caption=\"&lt;p&gt;fotos Piramba divulga\u00e7\u00e3o&lt;\/p&gt;\n\" data-medium-file=\"https:\/\/i0.wp.com\/diariodegarca.com\/wp-content\/uploads\/2025\/10\/54884375995_1520c1c272_c-e1761602669730.jpg?fit=222%2C300&amp;ssl=1\" data-large-file=\"https:\/\/i0.wp.com\/diariodegarca.com\/wp-content\/uploads\/2025\/10\/54884375995_1520c1c272_c-e1761602669730.jpg?fit=450%2C607&amp;ssl=1\" data-id=\"8108\" src=\"https:\/\/i0.wp.com\/diariodegarca.com\/wp-content\/uploads\/2025\/10\/54884375995_1520c1c272_c-e1761602669730.jpg?resize=450%2C607&#038;ssl=1\" alt=\"\" class=\"wp-image-8108\" srcset=\"https:\/\/i0.wp.com\/diariodegarca.com\/wp-content\/uploads\/2025\/10\/54884375995_1520c1c272_c-e1761602669730.jpg?w=450&amp;ssl=1 450w, https:\/\/i0.wp.com\/diariodegarca.com\/wp-content\/uploads\/2025\/10\/54884375995_1520c1c272_c-e1761602669730.jpg?resize=222%2C300&amp;ssl=1 222w\" sizes=\"auto, (max-width: 450px) 100vw, 450px\" \/><figcaption class=\"wp-element-caption\">fotos Piramba divulga\u00e7\u00e3o<\/figcaption><\/figure>\n\n\n\n<figure class=\"wp-block-image size-large\"><img data-recalc-dims=\"1\" loading=\"lazy\" decoding=\"async\" width=\"450\" height=\"466\" data-attachment-id=\"8106\" data-permalink=\"https:\/\/diariodegarca.com\/?attachment_id=8106\" data-orig-file=\"https:\/\/i0.wp.com\/diariodegarca.com\/wp-content\/uploads\/2025\/10\/54883214702_2a23e48f34_c-e1761602709443.jpg?fit=450%2C466&amp;ssl=1\" data-orig-size=\"450,466\" data-comments-opened=\"1\" data-image-meta=\"{&quot;aperture&quot;:&quot;0&quot;,&quot;credit&quot;:&quot;&quot;,&quot;camera&quot;:&quot;&quot;,&quot;caption&quot;:&quot;&quot;,&quot;created_timestamp&quot;:&quot;0&quot;,&quot;copyright&quot;:&quot;&quot;,&quot;focal_length&quot;:&quot;0&quot;,&quot;iso&quot;:&quot;0&quot;,&quot;shutter_speed&quot;:&quot;0&quot;,&quot;title&quot;:&quot;&quot;,&quot;orientation&quot;:&quot;0&quot;}\" data-image-title=\"piramba\" data-image-description=\"\" data-image-caption=\"&lt;p&gt;fotos Piramba divulga\u00e7\u00e3o&lt;\/p&gt;\n\" data-medium-file=\"https:\/\/i0.wp.com\/diariodegarca.com\/wp-content\/uploads\/2025\/10\/54883214702_2a23e48f34_c-e1761602709443.jpg?fit=290%2C300&amp;ssl=1\" data-large-file=\"https:\/\/i0.wp.com\/diariodegarca.com\/wp-content\/uploads\/2025\/10\/54883214702_2a23e48f34_c-e1761602709443.jpg?fit=450%2C466&amp;ssl=1\" data-id=\"8106\" src=\"https:\/\/i0.wp.com\/diariodegarca.com\/wp-content\/uploads\/2025\/10\/54883214702_2a23e48f34_c-e1761602709443.jpg?resize=450%2C466&#038;ssl=1\" alt=\"\" class=\"wp-image-8106\" srcset=\"https:\/\/i0.wp.com\/diariodegarca.com\/wp-content\/uploads\/2025\/10\/54883214702_2a23e48f34_c-e1761602709443.jpg?w=450&amp;ssl=1 450w, https:\/\/i0.wp.com\/diariodegarca.com\/wp-content\/uploads\/2025\/10\/54883214702_2a23e48f34_c-e1761602709443.jpg?resize=290%2C300&amp;ssl=1 290w\" sizes=\"auto, (max-width: 450px) 100vw, 450px\" \/><figcaption class=\"wp-element-caption\">fotos Piramba divulga\u00e7\u00e3o<\/figcaption><\/figure>\n\n\n\n<figure class=\"wp-block-image size-large\"><img data-recalc-dims=\"1\" loading=\"lazy\" decoding=\"async\" width=\"450\" height=\"467\" data-attachment-id=\"8105\" data-permalink=\"https:\/\/diariodegarca.com\/?attachment_id=8105\" data-orig-file=\"https:\/\/i0.wp.com\/diariodegarca.com\/wp-content\/uploads\/2025\/10\/54883214392_b1e7a6e2bc_c-e1761602726970.jpg?fit=450%2C467&amp;ssl=1\" data-orig-size=\"450,467\" data-comments-opened=\"1\" data-image-meta=\"{&quot;aperture&quot;:&quot;0&quot;,&quot;credit&quot;:&quot;&quot;,&quot;camera&quot;:&quot;&quot;,&quot;caption&quot;:&quot;&quot;,&quot;created_timestamp&quot;:&quot;0&quot;,&quot;copyright&quot;:&quot;&quot;,&quot;focal_length&quot;:&quot;0&quot;,&quot;iso&quot;:&quot;0&quot;,&quot;shutter_speed&quot;:&quot;0&quot;,&quot;title&quot;:&quot;&quot;,&quot;orientation&quot;:&quot;0&quot;}\" data-image-title=\"piramba\" data-image-description=\"\" data-image-caption=\"&lt;p&gt;fotos Piramba divulga\u00e7\u00e3o&lt;\/p&gt;\n\" data-medium-file=\"https:\/\/i0.wp.com\/diariodegarca.com\/wp-content\/uploads\/2025\/10\/54883214392_b1e7a6e2bc_c-e1761602726970.jpg?fit=289%2C300&amp;ssl=1\" data-large-file=\"https:\/\/i0.wp.com\/diariodegarca.com\/wp-content\/uploads\/2025\/10\/54883214392_b1e7a6e2bc_c-e1761602726970.jpg?fit=450%2C467&amp;ssl=1\" data-id=\"8105\" src=\"https:\/\/i0.wp.com\/diariodegarca.com\/wp-content\/uploads\/2025\/10\/54883214392_b1e7a6e2bc_c-e1761602726970.jpg?resize=450%2C467&#038;ssl=1\" alt=\"\" class=\"wp-image-8105\" srcset=\"https:\/\/i0.wp.com\/diariodegarca.com\/wp-content\/uploads\/2025\/10\/54883214392_b1e7a6e2bc_c-e1761602726970.jpg?w=450&amp;ssl=1 450w, https:\/\/i0.wp.com\/diariodegarca.com\/wp-content\/uploads\/2025\/10\/54883214392_b1e7a6e2bc_c-e1761602726970.jpg?resize=289%2C300&amp;ssl=1 289w\" sizes=\"auto, (max-width: 450px) 100vw, 450px\" \/><figcaption class=\"wp-element-caption\">fotos Piramba divulga\u00e7\u00e3o<\/figcaption><\/figure>\n\n\n\n<figure class=\"wp-block-image size-large\"><img data-recalc-dims=\"1\" loading=\"lazy\" decoding=\"async\" width=\"450\" height=\"462\" data-attachment-id=\"8104\" data-permalink=\"https:\/\/diariodegarca.com\/?attachment_id=8104\" data-orig-file=\"https:\/\/i0.wp.com\/diariodegarca.com\/wp-content\/uploads\/2025\/10\/54884307773_b097d9761e_c-e1761602742461.jpg?fit=450%2C462&amp;ssl=1\" data-orig-size=\"450,462\" data-comments-opened=\"1\" data-image-meta=\"{&quot;aperture&quot;:&quot;0&quot;,&quot;credit&quot;:&quot;&quot;,&quot;camera&quot;:&quot;&quot;,&quot;caption&quot;:&quot;&quot;,&quot;created_timestamp&quot;:&quot;0&quot;,&quot;copyright&quot;:&quot;&quot;,&quot;focal_length&quot;:&quot;0&quot;,&quot;iso&quot;:&quot;0&quot;,&quot;shutter_speed&quot;:&quot;0&quot;,&quot;title&quot;:&quot;&quot;,&quot;orientation&quot;:&quot;0&quot;}\" data-image-title=\"piramba\" data-image-description=\"\" data-image-caption=\"&lt;p&gt;fotos Piramba divulga\u00e7\u00e3o&lt;\/p&gt;\n\" data-medium-file=\"https:\/\/i0.wp.com\/diariodegarca.com\/wp-content\/uploads\/2025\/10\/54884307773_b097d9761e_c-e1761602742461.jpg?fit=292%2C300&amp;ssl=1\" data-large-file=\"https:\/\/i0.wp.com\/diariodegarca.com\/wp-content\/uploads\/2025\/10\/54884307773_b097d9761e_c-e1761602742461.jpg?fit=450%2C462&amp;ssl=1\" data-id=\"8104\" src=\"https:\/\/i0.wp.com\/diariodegarca.com\/wp-content\/uploads\/2025\/10\/54884307773_b097d9761e_c-e1761602742461.jpg?resize=450%2C462&#038;ssl=1\" alt=\"\" class=\"wp-image-8104\" srcset=\"https:\/\/i0.wp.com\/diariodegarca.com\/wp-content\/uploads\/2025\/10\/54884307773_b097d9761e_c-e1761602742461.jpg?w=450&amp;ssl=1 450w, https:\/\/i0.wp.com\/diariodegarca.com\/wp-content\/uploads\/2025\/10\/54884307773_b097d9761e_c-e1761602742461.jpg?resize=292%2C300&amp;ssl=1 292w\" sizes=\"auto, (max-width: 450px) 100vw, 450px\" \/><figcaption class=\"wp-element-caption\">fotos Piramba divulga\u00e7\u00e3o<\/figcaption><\/figure>\n\n\n\n<figure class=\"wp-block-image size-large\"><img data-recalc-dims=\"1\" loading=\"lazy\" decoding=\"async\" width=\"450\" height=\"438\" data-attachment-id=\"8103\" data-permalink=\"https:\/\/diariodegarca.com\/?attachment_id=8103\" data-orig-file=\"https:\/\/i0.wp.com\/diariodegarca.com\/wp-content\/uploads\/2025\/10\/54884307508_87009ae237_c-e1761602757418.jpg?fit=450%2C438&amp;ssl=1\" data-orig-size=\"450,438\" data-comments-opened=\"1\" data-image-meta=\"{&quot;aperture&quot;:&quot;0&quot;,&quot;credit&quot;:&quot;&quot;,&quot;camera&quot;:&quot;&quot;,&quot;caption&quot;:&quot;&quot;,&quot;created_timestamp&quot;:&quot;0&quot;,&quot;copyright&quot;:&quot;&quot;,&quot;focal_length&quot;:&quot;0&quot;,&quot;iso&quot;:&quot;0&quot;,&quot;shutter_speed&quot;:&quot;0&quot;,&quot;title&quot;:&quot;&quot;,&quot;orientation&quot;:&quot;0&quot;}\" data-image-title=\"piramba\" data-image-description=\"\" data-image-caption=\"&lt;p&gt;fotos Piramba divulga\u00e7\u00e3o&lt;\/p&gt;\n\" data-medium-file=\"https:\/\/i0.wp.com\/diariodegarca.com\/wp-content\/uploads\/2025\/10\/54884307508_87009ae237_c-e1761602757418.jpg?fit=300%2C292&amp;ssl=1\" data-large-file=\"https:\/\/i0.wp.com\/diariodegarca.com\/wp-content\/uploads\/2025\/10\/54884307508_87009ae237_c-e1761602757418.jpg?fit=450%2C438&amp;ssl=1\" data-id=\"8103\" src=\"https:\/\/i0.wp.com\/diariodegarca.com\/wp-content\/uploads\/2025\/10\/54884307508_87009ae237_c-e1761602757418.jpg?resize=450%2C438&#038;ssl=1\" alt=\"\" class=\"wp-image-8103\" srcset=\"https:\/\/i0.wp.com\/diariodegarca.com\/wp-content\/uploads\/2025\/10\/54884307508_87009ae237_c-e1761602757418.jpg?w=450&amp;ssl=1 450w, https:\/\/i0.wp.com\/diariodegarca.com\/wp-content\/uploads\/2025\/10\/54884307508_87009ae237_c-e1761602757418.jpg?resize=300%2C292&amp;ssl=1 300w\" sizes=\"auto, (max-width: 450px) 100vw, 450px\" \/><figcaption class=\"wp-element-caption\">fotos Piramba divulga\u00e7\u00e3o<\/figcaption><\/figure>\n\n\n\n<figure class=\"wp-block-image size-large\"><img data-recalc-dims=\"1\" loading=\"lazy\" decoding=\"async\" width=\"450\" height=\"350\" data-attachment-id=\"8102\" data-permalink=\"https:\/\/diariodegarca.com\/?attachment_id=8102\" data-orig-file=\"https:\/\/i0.wp.com\/diariodegarca.com\/wp-content\/uploads\/2025\/10\/54883213302_7e658aee9d_c-e1761602776934.jpg?fit=450%2C350&amp;ssl=1\" data-orig-size=\"450,350\" data-comments-opened=\"1\" data-image-meta=\"{&quot;aperture&quot;:&quot;0&quot;,&quot;credit&quot;:&quot;&quot;,&quot;camera&quot;:&quot;&quot;,&quot;caption&quot;:&quot;&quot;,&quot;created_timestamp&quot;:&quot;0&quot;,&quot;copyright&quot;:&quot;&quot;,&quot;focal_length&quot;:&quot;0&quot;,&quot;iso&quot;:&quot;0&quot;,&quot;shutter_speed&quot;:&quot;0&quot;,&quot;title&quot;:&quot;&quot;,&quot;orientation&quot;:&quot;0&quot;}\" data-image-title=\"piramba\" data-image-description=\"\" data-image-caption=\"&lt;p&gt;fotos Piramba divulga\u00e7\u00e3o&lt;\/p&gt;\n\" data-medium-file=\"https:\/\/i0.wp.com\/diariodegarca.com\/wp-content\/uploads\/2025\/10\/54883213302_7e658aee9d_c-e1761602776934.jpg?fit=300%2C233&amp;ssl=1\" data-large-file=\"https:\/\/i0.wp.com\/diariodegarca.com\/wp-content\/uploads\/2025\/10\/54883213302_7e658aee9d_c-e1761602776934.jpg?fit=450%2C350&amp;ssl=1\" data-id=\"8102\" src=\"https:\/\/i0.wp.com\/diariodegarca.com\/wp-content\/uploads\/2025\/10\/54883213302_7e658aee9d_c-e1761602776934.jpg?resize=450%2C350&#038;ssl=1\" alt=\"\" class=\"wp-image-8102\" srcset=\"https:\/\/i0.wp.com\/diariodegarca.com\/wp-content\/uploads\/2025\/10\/54883213302_7e658aee9d_c-e1761602776934.jpg?w=450&amp;ssl=1 450w, https:\/\/i0.wp.com\/diariodegarca.com\/wp-content\/uploads\/2025\/10\/54883213302_7e658aee9d_c-e1761602776934.jpg?resize=300%2C233&amp;ssl=1 300w\" sizes=\"auto, (max-width: 450px) 100vw, 450px\" \/><figcaption class=\"wp-element-caption\">fotos Piramba divulga\u00e7\u00e3o<\/figcaption><\/figure>\n\n\n\n<figure class=\"wp-block-image size-large\"><img data-recalc-dims=\"1\" loading=\"lazy\" decoding=\"async\" width=\"450\" height=\"431\" data-attachment-id=\"8101\" data-permalink=\"https:\/\/diariodegarca.com\/?attachment_id=8101\" data-orig-file=\"https:\/\/i0.wp.com\/diariodegarca.com\/wp-content\/uploads\/2025\/10\/54884325184_036d8a4280_c-e1761602546323.jpg?fit=450%2C431&amp;ssl=1\" data-orig-size=\"450,431\" data-comments-opened=\"1\" data-image-meta=\"{&quot;aperture&quot;:&quot;0&quot;,&quot;credit&quot;:&quot;&quot;,&quot;camera&quot;:&quot;&quot;,&quot;caption&quot;:&quot;&quot;,&quot;created_timestamp&quot;:&quot;0&quot;,&quot;copyright&quot;:&quot;&quot;,&quot;focal_length&quot;:&quot;0&quot;,&quot;iso&quot;:&quot;0&quot;,&quot;shutter_speed&quot;:&quot;0&quot;,&quot;title&quot;:&quot;&quot;,&quot;orientation&quot;:&quot;0&quot;}\" data-image-title=\"piramba\" data-image-description=\"\" data-image-caption=\"&lt;p&gt;fotos Piramba divulga\u00e7\u00e3o&lt;\/p&gt;\n\" data-medium-file=\"https:\/\/i0.wp.com\/diariodegarca.com\/wp-content\/uploads\/2025\/10\/54884325184_036d8a4280_c-e1761602546323.jpg?fit=300%2C287&amp;ssl=1\" data-large-file=\"https:\/\/i0.wp.com\/diariodegarca.com\/wp-content\/uploads\/2025\/10\/54884325184_036d8a4280_c-e1761602546323.jpg?fit=450%2C431&amp;ssl=1\" data-id=\"8101\" src=\"https:\/\/i0.wp.com\/diariodegarca.com\/wp-content\/uploads\/2025\/10\/54884325184_036d8a4280_c-e1761602546323.jpg?resize=450%2C431&#038;ssl=1\" alt=\"\" class=\"wp-image-8101\" srcset=\"https:\/\/i0.wp.com\/diariodegarca.com\/wp-content\/uploads\/2025\/10\/54884325184_036d8a4280_c-e1761602546323.jpg?w=450&amp;ssl=1 450w, https:\/\/i0.wp.com\/diariodegarca.com\/wp-content\/uploads\/2025\/10\/54884325184_036d8a4280_c-e1761602546323.jpg?resize=300%2C287&amp;ssl=1 300w\" sizes=\"auto, (max-width: 450px) 100vw, 450px\" \/><figcaption class=\"wp-element-caption\">fotos Piramba divulga\u00e7\u00e3o<\/figcaption><\/figure>\n<\/figure>\n\n\n\n<p class=\"wp-block-paragraph\"><strong>Pai e filho de Tup\u00e3 d\u00e3o show de companheirismo<\/strong><br>Enquanto adultos suavam em suas mountain bikes, uma dupla em especial chamava a aten\u00e7\u00e3o pelo vigor, pela idade e, principalmente, pelo la\u00e7o que os unia. De Tup\u00e3, vieram\u00a0<strong>Luis Fernando Marchetto<\/strong>\u00a0e seu filho,\u00a0<strong>Lu\u00eds Miguel Marchetto, de apenas 9 anos<\/strong>, para competir juntos na categoria\u00a0<strong>Sport Masculino<\/strong>. O pequeno Lu\u00eds Miguel, inscreveu-se na categoria 14-19 anos para poder concorrer, j\u00e1 que n\u00e3o havia categoria dispon\u00edvel para sua idade. O jovem n\u00e3o s\u00f3 completou o percurso entre os adultos, como deu um verdadeiro show de for\u00e7a, per\u00edcia e f\u00f4lego ao lado do pai. Enquanto Luis Fernando (categoria 40-49) cruzou a linha de chegada primeiro, com o tempo de\u00a0<strong>1:16:02.572<\/strong>, garantindo a 66\u00aa posi\u00e7\u00e3o geral, seu filho n\u00e3o ficou muito atr\u00e1s. O jovem Lu\u00eds Miguel concluir a prova em\u00a0<strong>1:16:19.810<\/strong>, terminando na 69\u00aa coloca\u00e7\u00e3o geral e em um impressionante\u00a0<strong>4\u00ba lugar em sua categoria<\/strong>, que contava apenas com jovem com mais idade que ele. A dupla manteve um ritmo acelerado e muito pr\u00f3ximo (com velocidades m\u00e9dias de 18.15 km\/h e 18.08 km\/h, respectivamente) em um exemplo marcante de companheirismo e supera\u00e7\u00e3o familiar que ficou gravado na mem\u00f3ria de todos no evento.<\/p>\n\n\n\n<figure class=\"wp-block-image size-large\"><img data-recalc-dims=\"1\" loading=\"lazy\" decoding=\"async\" width=\"800\" height=\"534\" data-attachment-id=\"8134\" data-permalink=\"https:\/\/diariodegarca.com\/?attachment_id=8134\" data-orig-file=\"https:\/\/i0.wp.com\/diariodegarca.com\/wp-content\/uploads\/2025\/10\/WhatsApp-Image-2025-10-27-at-19.57.13.jpeg?fit=1369%2C913&amp;ssl=1\" data-orig-size=\"1369,913\" data-comments-opened=\"1\" data-image-meta=\"{&quot;aperture&quot;:&quot;0&quot;,&quot;credit&quot;:&quot;&quot;,&quot;camera&quot;:&quot;&quot;,&quot;caption&quot;:&quot;&quot;,&quot;created_timestamp&quot;:&quot;0&quot;,&quot;copyright&quot;:&quot;&quot;,&quot;focal_length&quot;:&quot;0&quot;,&quot;iso&quot;:&quot;0&quot;,&quot;shutter_speed&quot;:&quot;0&quot;,&quot;title&quot;:&quot;&quot;,&quot;orientation&quot;:&quot;0&quot;}\" data-image-title=\"piramba\" data-image-description=\"\" data-image-caption=\"&lt;p&gt;Fotos Fabiano Oliveira&lt;\/p&gt;\n\" data-medium-file=\"https:\/\/i0.wp.com\/diariodegarca.com\/wp-content\/uploads\/2025\/10\/WhatsApp-Image-2025-10-27-at-19.57.13.jpeg?fit=300%2C200&amp;ssl=1\" data-large-file=\"https:\/\/i0.wp.com\/diariodegarca.com\/wp-content\/uploads\/2025\/10\/WhatsApp-Image-2025-10-27-at-19.57.13.jpeg?fit=800%2C534&amp;ssl=1\" src=\"https:\/\/i0.wp.com\/diariodegarca.com\/wp-content\/uploads\/2025\/10\/WhatsApp-Image-2025-10-27-at-19.57.13.jpeg?resize=800%2C534&#038;ssl=1\" alt=\"Competidores em uma trilha de mountain bike, com um ciclista jovem e um adulto pedalando juntos, rodeados por vegeta\u00e7\u00e3o.\" class=\"wp-image-8134\" srcset=\"https:\/\/i0.wp.com\/diariodegarca.com\/wp-content\/uploads\/2025\/10\/WhatsApp-Image-2025-10-27-at-19.57.13.jpeg?resize=1024%2C683&amp;ssl=1 1024w, https:\/\/i0.wp.com\/diariodegarca.com\/wp-content\/uploads\/2025\/10\/WhatsApp-Image-2025-10-27-at-19.57.13.jpeg?resize=300%2C200&amp;ssl=1 300w, https:\/\/i0.wp.com\/diariodegarca.com\/wp-content\/uploads\/2025\/10\/WhatsApp-Image-2025-10-27-at-19.57.13.jpeg?resize=768%2C512&amp;ssl=1 768w, https:\/\/i0.wp.com\/diariodegarca.com\/wp-content\/uploads\/2025\/10\/WhatsApp-Image-2025-10-27-at-19.57.13.jpeg?w=1369&amp;ssl=1 1369w\" sizes=\"auto, (max-width: 800px) 100vw, 800px\" \/><figcaption class=\"wp-element-caption\">Fotos Fabiano Oliveira<\/figcaption><\/figure>\n\n\n\n<p class=\"wp-block-paragraph\"><strong>Destaques locais<\/strong><br>A categoria&nbsp;<strong>Pro Morador (Masc)<\/strong>&nbsp;premiou os atletas residentes em Gar\u00e7a, com vit\u00f3ria de&nbsp;<strong>Jacy Lopes Rocha<\/strong>. Na&nbsp;<strong>Sport Morador (Fem)<\/strong>, a campe\u00e3 foi&nbsp;<strong>Tha\u00eds Fabiano Barbosa<\/strong>. A categoria&nbsp;<strong>Sport PCD<\/strong>&nbsp;contou com a participa\u00e7\u00e3o de tr\u00eas atletas, tendo&nbsp;<strong>Everton Henrique Ortiz<\/strong>&nbsp;(Gafanhotos, Bauru) na primeira coloca\u00e7\u00e3o.<\/p>\n\n\n\n<p class=\"wp-block-paragraph\">O Piramba Jetflex consolidou-se mais uma vez como um evento completo, unindo a paix\u00e3o pelo ciclismo a um forte car\u00e1ter social, fortalecendo a comunidade local e atraindo visitantes para a cidade.<\/p>\n\n\n\n<p class=\"wp-block-paragraph\"><\/p>\n","protected":false},"excerpt":{"rendered":"<p>Evento esportivo movimentou a cidade com provas de mountain bike para atletas profissionais e amadores, al\u00e9m de bazar e pra\u00e7a de alimenta\u00e7\u00e3o beneficente, ado\u00e7\u00e3o de animais e shows de rock. O \u00faltimo final de semana foi de esporte e solidariedade ao redor da Concha Ac\u00fastica Maestro Geraldo Moises e do Lago J. K. Williams em [&hellip;]<\/p>\n","protected":false},"author":260896548,"featured_media":8128,"comment_status":"open","ping_status":"open","sticky":false,"template":"","format":"standard","meta":{"_crdt_document":"","_monsterinsights_skip_tracking":false,"_monsterinsights_sitenote_active":false,"_monsterinsights_sitenote_note":"","_monsterinsights_sitenote_category":0,"advanced_seo_description":"O Piramba Jetflex agitou Gar\u00e7a com competi\u00e7\u00f5es de mountain bike e a\u00e7\u00f5es sociais, unindo esporte e solidariedade em um \u00fanico evento.","jetpack_seo_html_title":"Piramba Jetflex 2023: Esporte e Solidariedade em Gar\u00e7a","jetpack_seo_noindex":false,"jetpack_post_was_ever_published":false,"_jetpack_newsletter_access":"","_jetpack_dont_email_post_to_subs":false,"_jetpack_newsletter_tier_id":0,"_jetpack_memberships_contains_paywalled_content":false,"_jetpack_memberships_contains_paid_content":false,"footnotes":"","jetpack_publicize_message":"\ud83c\udfc1 Piramba Jetflex: ciclismo e solidariedade movimentam Gar\u00e7a \ud83d\udeb5\u200d\u2640\ufe0f\ud83d\udeb5\u200d\u2642\ufe0f\n\nO final de semana em Gar\u00e7a foi de muita a\u00e7\u00e3o! O evento Piramba Jetflex reuniu ciclistas profissionais e amadores em competi\u00e7\u00f5es de alto n\u00edvel. Destaques para as vit\u00f3rias de:\n\u25b6\ufe0f Vinicius de Almeida (Pro Masc)\n\u25b6\ufe0f Viviane Hara (Pro Fem)\n\u25b6\ufe0f Cristiano Antonio Vieira (Pro E-Bike)\n\u25b6\ufe0f Christopher C\u00e1ssio Mar\u00e7al Bueno (Sport Masc)\n\u25b6\ufe0f Tha\u00eds Fabiano Barbosa (Sport Fem)\n\nE um momento que emocionou a todos: a dupla de Tup\u00e3, Luis Fernando e seu filho Lu\u00eds Miguel (de 9 anos!), competiram juntos na categoria Sport, mostrando um lindo exemplo de companheirismo entre pai e filho! \ud83d\udc68\u200d\ud83d\udc66\ud83d\udc9a\n\nAl\u00e9m das pistas, o evento brilhou com a\u00e7\u00f5es sociais: 6 animais foram adotados, bazar beneficente do Instituto Mara Peres reverteu renda e bandas locais animaram o p\u00fablico com rock.\n\nQuer saber todos os detalhes e ver a classifica\u00e7\u00e3o completa? A mat\u00e9ria completa est\u00e1 no site!\n\n\ud83d\udd17 Leia mais em: diariodegarca.com\n\n#PirambaJetflex #Ciclismo #Gar\u00e7a #EventoEsportivo #MountainBike #TalentoMirim #CiclismoEmFamilia #PaiEFilho #A\u00e7\u00e3oSocial #Ado\u00e7\u00e3oDeAnimais","jetpack_publicize_feature_enabled":true,"jetpack_social_post_already_shared":false,"jetpack_social_options":{"image_generator_settings":{"template":"highway","default_image_id":0,"font":"","enabled":false},"version":2},"_wpas_customize_per_network":false},"categories":[10889,2366,781171664],"tags":[],"class_list":["post-8095","post","type-post","status-publish","format-standard","has-post-thumbnail","hentry","category-esporte","category-eventos","category-garca-cidade"],"jetpack_publicize_connections":[],"jetpack_featured_media_url":"https:\/\/i0.wp.com\/diariodegarca.com\/wp-content\/uploads\/2025\/10\/WhatsApp-Image-2025-10-27-at-19.33.36.jpeg?fit=1369%2C913&ssl=1","jetpack_likes_enabled":true,"jetpack_sharing_enabled":true,"jetpack_shortlink":"https:\/\/wp.me\/pgitne-26z","jetpack-related-posts":[{"id":7774,"url":"https:\/\/diariodegarca.com\/?p=7774","url_meta":{"origin":8095,"position":0},"title":"Gar\u00e7a ter\u00e1 nova edi\u00e7\u00e3o do Desafio Piramba Jetflex com competi\u00e7\u00f5es e shows gratuitos","author":"Andreza Sega","date":"17 de outubro de 2025","format":false,"excerpt":"Evento no final de outubro combina esporte, m\u00fasica e a\u00e7\u00e3o social no Lago Artificial Prof. J. K. Williams, com provas para atletas profissionais e amadores e uma programa\u00e7\u00e3o musical diversa. A cidade de Gar\u00e7a, prepara-se para sediar, nos dias 25 e 26 de outubro, mais uma edi\u00e7\u00e3o do\u00a0Desafio Piramba Jetflex.\u2026","rel":"","context":"Em &quot;Cultura&quot;","block_context":{"text":"Cultura","link":"https:\/\/diariodegarca.com\/?cat=2367"},"img":{"alt_text":"","src":"https:\/\/i0.wp.com\/diariodegarca.com\/wp-content\/uploads\/2025\/10\/WhatsApp-Image-2025-10-17-at-10.13.48.jpeg?fit=1024%2C604&ssl=1&resize=350%2C200","width":350,"height":200,"srcset":"https:\/\/i0.wp.com\/diariodegarca.com\/wp-content\/uploads\/2025\/10\/WhatsApp-Image-2025-10-17-at-10.13.48.jpeg?fit=1024%2C604&ssl=1&resize=350%2C200 1x, https:\/\/i0.wp.com\/diariodegarca.com\/wp-content\/uploads\/2025\/10\/WhatsApp-Image-2025-10-17-at-10.13.48.jpeg?fit=1024%2C604&ssl=1&resize=525%2C300 1.5x, https:\/\/i0.wp.com\/diariodegarca.com\/wp-content\/uploads\/2025\/10\/WhatsApp-Image-2025-10-17-at-10.13.48.jpeg?fit=1024%2C604&ssl=1&resize=700%2C400 2x"},"classes":[]},{"id":5703,"url":"https:\/\/diariodegarca.com\/?p=5703","url_meta":{"origin":8095,"position":1},"title":"Cassiano Pelegrini brilha e conquista t\u00edtulo na Kanguru&#8217;s Cup em Bauru","author":"Di\u00e1rio de Gar\u00e7a","date":"17 de agosto de 2025","format":false,"excerpt":"Botonistas de Gar\u00e7a se destacam em torneio regional de futebol de mesa, com vit\u00f3ria expressiva e desempenho coletivo. Os botonistas de Gar\u00e7a demonstraram for\u00e7a e habilidade no \u00faltimo s\u00e1bado, 16 de agosto, durante a\u00a0Kanguru's Cup, torneio regional de futebol de mesa realizado em\u00a0Bauru, no clube Arapongas. O evento reuniu\u00a016 competidores\u2026","rel":"","context":"Em &quot;Ariranha&quot;","block_context":{"text":"Ariranha","link":"https:\/\/diariodegarca.com\/?cat=14995114"},"img":{"alt_text":"","src":"https:\/\/i0.wp.com\/diariodegarca.com\/wp-content\/uploads\/2025\/08\/snapinsta.to_533579008_18073265045513466_6593761345884731041_n.webp?fit=1080%2C1080&ssl=1&resize=350%2C200","width":350,"height":200,"srcset":"https:\/\/i0.wp.com\/diariodegarca.com\/wp-content\/uploads\/2025\/08\/snapinsta.to_533579008_18073265045513466_6593761345884731041_n.webp?fit=1080%2C1080&ssl=1&resize=350%2C200 1x, https:\/\/i0.wp.com\/diariodegarca.com\/wp-content\/uploads\/2025\/08\/snapinsta.to_533579008_18073265045513466_6593761345884731041_n.webp?fit=1080%2C1080&ssl=1&resize=525%2C300 1.5x, https:\/\/i0.wp.com\/diariodegarca.com\/wp-content\/uploads\/2025\/08\/snapinsta.to_533579008_18073265045513466_6593761345884731041_n.webp?fit=1080%2C1080&ssl=1&resize=700%2C400 2x, https:\/\/i0.wp.com\/diariodegarca.com\/wp-content\/uploads\/2025\/08\/snapinsta.to_533579008_18073265045513466_6593761345884731041_n.webp?fit=1080%2C1080&ssl=1&resize=1050%2C600 3x"},"classes":[]},{"id":9991,"url":"https:\/\/diariodegarca.com\/?p=9991","url_meta":{"origin":8095,"position":2},"title":"Botonistas divulgam calend\u00e1rio da temporada 2026 em Gar\u00e7a","author":"Di\u00e1rio de Gar\u00e7a","date":"9 de janeiro de 2026","format":false,"excerpt":"ADBG confirma s\u00e9tima temporada do botonismo garcense com competi\u00e7\u00f5es ao longo de todo o ano e eventos de destaque regional e nacional A Associa\u00e7\u00e3o Desportiva dos Botonistas de Gar\u00e7a (ADBG) divulgou nesta semana o calend\u00e1rio oficial da temporada 2026 do botonismo garcense. Sob a presid\u00eancia de Ronaldo Felix, a entidade\u2026","rel":"","context":"Em &quot;Esporte&quot;","block_context":{"text":"Esporte","link":"https:\/\/diariodegarca.com\/?cat=10889"},"img":{"alt_text":"","src":"https:\/\/i0.wp.com\/diariodegarca.com\/wp-content\/uploads\/2026\/01\/botonismo-Garca.webp?fit=1080%2C931&ssl=1&resize=350%2C200","width":350,"height":200,"srcset":"https:\/\/i0.wp.com\/diariodegarca.com\/wp-content\/uploads\/2026\/01\/botonismo-Garca.webp?fit=1080%2C931&ssl=1&resize=350%2C200 1x, https:\/\/i0.wp.com\/diariodegarca.com\/wp-content\/uploads\/2026\/01\/botonismo-Garca.webp?fit=1080%2C931&ssl=1&resize=525%2C300 1.5x, https:\/\/i0.wp.com\/diariodegarca.com\/wp-content\/uploads\/2026\/01\/botonismo-Garca.webp?fit=1080%2C931&ssl=1&resize=700%2C400 2x, https:\/\/i0.wp.com\/diariodegarca.com\/wp-content\/uploads\/2026\/01\/botonismo-Garca.webp?fit=1080%2C931&ssl=1&resize=1050%2C600 3x"},"classes":[]},{"id":8597,"url":"https:\/\/diariodegarca.com\/?p=8597","url_meta":{"origin":8095,"position":3},"title":"Dupla de Gar\u00e7a brilha e leva o t\u00edtulo na categoria mista do Double Challenge em Piratininga","author":"Andreza Sega","date":"9 de novembro de 2025","format":false,"excerpt":"Guilherme e Jenifer, do Cross Training Gar\u00e7a, vencem a categoria Intermedi\u00e1rio Misto ap\u00f3s quatro provas de supera\u00e7\u00e3o em competi\u00e7\u00e3o que reuniu atletas de toda a regi\u00e3o. O Gin\u00e1sio Jos\u00e9 Cocito, em Piratininga, recebeu no \u00faltimo s\u00e1bado, 8 de novembro, a sexta edi\u00e7\u00e3o do Double Challenge, tradicional campeonato de Crossfit da\u2026","rel":"","context":"Em &quot;Esporte&quot;","block_context":{"text":"Esporte","link":"https:\/\/diariodegarca.com\/?cat=10889"},"img":{"alt_text":"","src":"https:\/\/i0.wp.com\/diariodegarca.com\/wp-content\/uploads\/2025\/11\/WhatsApp-Image-2025-11-09-at-16.35.52-e1762718343793.jpeg?fit=960%2C653&ssl=1&resize=350%2C200","width":350,"height":200,"srcset":"https:\/\/i0.wp.com\/diariodegarca.com\/wp-content\/uploads\/2025\/11\/WhatsApp-Image-2025-11-09-at-16.35.52-e1762718343793.jpeg?fit=960%2C653&ssl=1&resize=350%2C200 1x, https:\/\/i0.wp.com\/diariodegarca.com\/wp-content\/uploads\/2025\/11\/WhatsApp-Image-2025-11-09-at-16.35.52-e1762718343793.jpeg?fit=960%2C653&ssl=1&resize=525%2C300 1.5x, https:\/\/i0.wp.com\/diariodegarca.com\/wp-content\/uploads\/2025\/11\/WhatsApp-Image-2025-11-09-at-16.35.52-e1762718343793.jpeg?fit=960%2C653&ssl=1&resize=700%2C400 2x"},"classes":[]},{"id":8919,"url":"https:\/\/diariodegarca.com\/?p=8919","url_meta":{"origin":8095,"position":4},"title":"Prefeitura de Gar\u00e7a abre licita\u00e7\u00e3o para organizar campeonatos esportivos em 2026","author":"Andreza Sega","date":"27 de novembro de 2025","format":false,"excerpt":"Preg\u00e3o Eletr\u00f4nico n\u00ba 116\/2025 busca nova empresa para administrar arbitragem e recuperar credibilidade do esporte local, ap\u00f3s pol\u00eamicas que atrasaram o decorrer das competi\u00e7\u00f5es em 2025. Com o objetivo de organizar as competi\u00e7\u00f5es municipais de 2026, a Prefeitura de Gar\u00e7a publicou o\u00a0Preg\u00e3o Eletr\u00f4nico n\u00ba 116\/2025. O certame visa contratar uma\u2026","rel":"","context":"Em &quot;Esporte&quot;","block_context":{"text":"Esporte","link":"https:\/\/diariodegarca.com\/?cat=10889"},"img":{"alt_text":"","src":"https:\/\/i0.wp.com\/diariodegarca.com\/wp-content\/uploads\/2025\/11\/IMG_1829.jpg?fit=1200%2C800&ssl=1&resize=350%2C200","width":350,"height":200,"srcset":"https:\/\/i0.wp.com\/diariodegarca.com\/wp-content\/uploads\/2025\/11\/IMG_1829.jpg?fit=1200%2C800&ssl=1&resize=350%2C200 1x, https:\/\/i0.wp.com\/diariodegarca.com\/wp-content\/uploads\/2025\/11\/IMG_1829.jpg?fit=1200%2C800&ssl=1&resize=525%2C300 1.5x, https:\/\/i0.wp.com\/diariodegarca.com\/wp-content\/uploads\/2025\/11\/IMG_1829.jpg?fit=1200%2C800&ssl=1&resize=700%2C400 2x, https:\/\/i0.wp.com\/diariodegarca.com\/wp-content\/uploads\/2025\/11\/IMG_1829.jpg?fit=1200%2C800&ssl=1&resize=1050%2C600 3x"},"classes":[]},{"id":2805,"url":"https:\/\/diariodegarca.com\/?p=2805","url_meta":{"origin":8095,"position":5},"title":"\ud83c\udfc5 Programa Bolsa Talento Esportivo 2025","author":"Di\u00e1rio de Gar\u00e7a","date":"17 de fevereiro de 2025","format":false,"excerpt":"\ud83d\udce2 Inscri\u00e7\u00f5es abertas para atletas de S\u00e3o Paulo A Secretaria de Esportes do Estado de S\u00e3o Paulo (SESP) abriu, nesta segunda-feira, 17 de fevereiro de 2025, as inscri\u00e7\u00f5es para o Programa Bolsa Talento Esportivo. O objetivo \u00e9 apoiar atletas escolares e de alto rendimento em modalidades ol\u00edmpicas, paral\u00edmpicas, individuais e\u2026","rel":"","context":"Em &quot;Brasil&quot;","block_context":{"text":"Brasil","link":"https:\/\/diariodegarca.com\/?cat=38185"},"img":{"alt_text":"","src":"","width":0,"height":0},"classes":[]}],"_links":{"self":[{"href":"https:\/\/diariodegarca.com\/index.php?rest_route=\/wp\/v2\/posts\/8095","targetHints":{"allow":["GET"]}}],"collection":[{"href":"https:\/\/diariodegarca.com\/index.php?rest_route=\/wp\/v2\/posts"}],"about":[{"href":"https:\/\/diariodegarca.com\/index.php?rest_route=\/wp\/v2\/types\/post"}],"author":[{"embeddable":true,"href":"https:\/\/diariodegarca.com\/index.php?rest_route=\/wp\/v2\/users\/260896548"}],"replies":[{"embeddable":true,"href":"https:\/\/diariodegarca.com\/index.php?rest_route=%2Fwp%2Fv2%2Fcomments&post=8095"}],"version-history":[{"count":15,"href":"https:\/\/diariodegarca.com\/index.php?rest_route=\/wp\/v2\/posts\/8095\/revisions"}],"predecessor-version":[{"id":8136,"href":"https:\/\/diariodegarca.com\/index.php?rest_route=\/wp\/v2\/posts\/8095\/revisions\/8136"}],"wp:featuredmedia":[{"embeddable":true,"href":"https:\/\/diariodegarca.com\/index.php?rest_route=\/wp\/v2\/media\/8128"}],"wp:attachment":[{"href":"https:\/\/diariodegarca.com\/index.php?rest_route=%2Fwp%2Fv2%2Fmedia&parent=8095"}],"wp:term":[{"taxonomy":"category","embeddable":true,"href":"https:\/\/diariodegarca.com\/index.php?rest_route=%2Fwp%2Fv2%2Fcategories&post=8095"},{"taxonomy":"post_tag","embeddable":true,"href":"https:\/\/diariodegarca.com\/index.php?rest_route=%2Fwp%2Fv2%2Ftags&post=8095"}],"curies":[{"name":"wp","href":"https:\/\/api.w.org\/{rel}","templated":true}]}}