{"id":8171,"date":"2025-10-28T17:39:32","date_gmt":"2025-10-28T20:39:32","guid":{"rendered":"https:\/\/diariodegarca.com\/?p=8171"},"modified":"2025-10-29T16:38:45","modified_gmt":"2025-10-29T19:38:45","slug":"emca-apresenta-espetaculo-de-ballet-baseado-em-alice-no-pais-das-maravilhas","status":"publish","type":"post","link":"https:\/\/diariodegarca.com\/?p=8171","title":{"rendered":"EMCA apresenta espet\u00e1culo de ballet baseado em &#8220;Alice no Pa\u00eds das Maravilhas&#8221;"},"content":{"rendered":"\n<p class=\"wp-block-paragraph\"><strong>Cl\u00e1ssico atemporal de Lewis Carroll ganha vida nos palcos de Gar\u00e7a com coreografias da Escola Municipal de Cultura Art\u00edstica; ingressos j\u00e1 est\u00e3o \u00e0 venda.<\/strong><\/p>\n\n\n\n<p class=\"wp-block-paragraph\">A Escola Municipal de Cultura Art\u00edstica \u201cAm\u00e9lio \u2018Nan\u00e1\u2019 Zancop\u00e9\u201d (EMCA) anuncia uma viagem ao mundo da fantasia com seu espet\u00e1culo de ballet baseado no cl\u00e1ssico &#8220;Alice no Pa\u00eds das Maravilhas&#8221;, obra-prima de Lewis Carroll. O espet\u00e1culo promete encantar o p\u00fablico de todas as idades com sua narrativa m\u00e1gica, personagens ic\u00f4nicos e a t\u00e9cnica das bailarinas da escola. As apresenta\u00e7\u00f5es acontecem em quatro sess\u00f5es, divididas em dois dias: 1\u00ba de novembro (s\u00e1bado) \u00e0s 18h30 e \u00e0s 20h30; e, no dia 2 de novembro (domingo) \u00e0s 16h e \u00e0s 18h.<\/p>\n\n\n\n<p class=\"wp-block-paragraph\"><strong>Uma aventura coreografada<\/strong><\/p>\n\n\n\n<p class=\"wp-block-paragraph\">O ballet acompanha a jovem Alice em sua jornada surreal ap\u00f3s seguir um coelho apressado que a leva para um mundo subterr\u00e2neo. Nessa terra de maravilhas e absurdos, ela encontra criaturas extraordin\u00e1rias e vive situa\u00e7\u00f5es inusitadas. A narrativa ser\u00e1 contada atrav\u00e9s da linguagem universal da dan\u00e7a, traduzindo em movimentos a curiosidade de Alice, a loucura do Chapeleiro, a falsa amea\u00e7a da Rainha de Copas e a sabedoria do Gato de Cheshire.<\/p>\n\n\n\n<p class=\"wp-block-paragraph\"><strong>Ingressos<\/strong><\/p>\n\n\n\n<p class=\"wp-block-paragraph\">Os ingressos, a pre\u00e7os populares, j\u00e1 est\u00e3o dispon\u00edveis para aquisi\u00e7\u00e3o na secretaria da escola, localizada Vinte e Sete de Dezembro, 10, no valor de <strong>R$ 10,00. <\/strong>O pagamento pode ser feito em dinheiro, cart\u00e3o (d\u00e9bito ou cr\u00e9dito) e PIX.<\/p>\n","protected":false},"excerpt":{"rendered":"<p>Cl\u00e1ssico atemporal de Lewis Carroll ganha vida nos palcos de Gar\u00e7a com coreografias da Escola Municipal de Cultura Art\u00edstica; ingressos j\u00e1 est\u00e3o \u00e0 venda. A Escola Municipal de Cultura Art\u00edstica \u201cAm\u00e9lio \u2018Nan\u00e1\u2019 Zancop\u00e9\u201d (EMCA) anuncia uma viagem ao mundo da fantasia com seu espet\u00e1culo de ballet baseado no cl\u00e1ssico &#8220;Alice no Pa\u00eds das Maravilhas&#8221;, obra-prima [&hellip;]<\/p>\n","protected":false},"author":260896548,"featured_media":8172,"comment_status":"open","ping_status":"open","sticky":false,"template":"","format":"standard","meta":{"_crdt_document":"","_monsterinsights_skip_tracking":false,"_monsterinsights_sitenote_active":false,"_monsterinsights_sitenote_note":"","_monsterinsights_sitenote_category":0,"advanced_seo_description":"Descubra o m\u00e1gico ballet de 'Alice no Pa\u00eds das Maravilhas' em Gar\u00e7a. Ingressos j\u00e1 \u00e0 venda por apenas R$ 10. N\u00e3o perca esta experi\u00eancia!","jetpack_seo_html_title":"Aventuras de 'Alice no Pa\u00eds das Maravilhas' em Gar\u00e7a","jetpack_seo_noindex":false,"_jetpack_newsletter_access":"","_jetpack_dont_email_post_to_subs":false,"_jetpack_newsletter_tier_id":0,"_jetpack_memberships_contains_paywalled_content":false,"_jetpack_memberships_contains_paid_content":false,"footnotes":"","jetpack_publicize_message":"EMCA apresenta espet\u00e1culo de ballet \"Alice no Pa\u00eds das Maravilhas\" em Gar\u00e7a\n\nA Escola Municipal de Cultura Art\u00edstica (EMCA) leva \u00e0 cena o cl\u00e1ssico \"Alice no Pa\u00eds das Maravilhas\" em formato de ballet. O espet\u00e1culo, baseado na obra atemporal de Lewis Carroll, tem ingressos dispon\u00edveis para o p\u00fablico a partir de R$ 10.\n\nPara mais detalhes sobre o espet\u00e1culo e a programa\u00e7\u00e3o, a reportagem completa est\u00e1 dispon\u00edvel no link da nossa bio.\n\n#CulturaEmGarca #Ballet #AliceNoPaisDasMaravilhas #EMCA #AgendaCultural #Garca","jetpack_publicize_feature_enabled":true,"jetpack_social_post_already_shared":false,"jetpack_social_options":{"image_generator_settings":{"template":"highway","default_image_id":0,"font":"","enabled":false},"version":2},"_wpas_customize_per_network":false,"jetpack_post_was_ever_published":false},"categories":[2367,2366,781171664],"tags":[],"class_list":["post-8171","post","type-post","status-publish","format-standard","has-post-thumbnail","hentry","category-cultura","category-eventos","category-garca-cidade"],"jetpack_publicize_connections":[],"jetpack_featured_media_url":"https:\/\/i0.wp.com\/diariodegarca.com\/wp-content\/uploads\/2025\/10\/353527-alice-no-pais-das-maravilhas-conheca-950x0-2-e1761684025216.jpg?fit=652%2C402&ssl=1","jetpack_likes_enabled":true,"jetpack_sharing_enabled":true,"jetpack_shortlink":"https:\/\/wp.me\/pgitne-27N","jetpack-related-posts":[{"id":4944,"url":"https:\/\/diariodegarca.com\/?p=4944","url_meta":{"origin":8171,"position":0},"title":"Pr\u00f3 Cultura abre vagas para professores de ballet e m\u00fasica","author":"Di\u00e1rio de Gar\u00e7a","date":"23 de julho de 2025","format":false,"excerpt":"Processo seletivo simplificado oferece oportunidades com contrato tempor\u00e1rio; inscri\u00e7\u00f5es v\u00e3o at\u00e9 25 de julho. A Associa\u00e7\u00e3o Movimento Pr\u00f3 Cultura, respons\u00e1vel pela gest\u00e3o da Escola Municipal de Cultura Art\u00edstica \"Am\u00e9lio Nan\u00e1 Zancope\", divulgou dois editais para contrata\u00e7\u00e3o de professores nas \u00e1reas de Ballet Cl\u00e1ssico e M\u00fasica. As oportunidades s\u00e3o para regime\u2026","rel":"","context":"Em &quot;Cultura&quot;","block_context":{"text":"Cultura","link":"https:\/\/diariodegarca.com\/?cat=2367"},"img":{"alt_text":"","src":"https:\/\/i0.wp.com\/diariodegarca.com\/wp-content\/uploads\/2025\/07\/bonitinhas-bailarinas-em-traje-de-bale-rosa-criancas-em-sapatilhas-de-ponta-estao-dancando-na-sala-crianca-na-aula-de-danca-com-o-professor.jpg?fit=1200%2C800&ssl=1&resize=350%2C200","width":350,"height":200,"srcset":"https:\/\/i0.wp.com\/diariodegarca.com\/wp-content\/uploads\/2025\/07\/bonitinhas-bailarinas-em-traje-de-bale-rosa-criancas-em-sapatilhas-de-ponta-estao-dancando-na-sala-crianca-na-aula-de-danca-com-o-professor.jpg?fit=1200%2C800&ssl=1&resize=350%2C200 1x, https:\/\/i0.wp.com\/diariodegarca.com\/wp-content\/uploads\/2025\/07\/bonitinhas-bailarinas-em-traje-de-bale-rosa-criancas-em-sapatilhas-de-ponta-estao-dancando-na-sala-crianca-na-aula-de-danca-com-o-professor.jpg?fit=1200%2C800&ssl=1&resize=525%2C300 1.5x, https:\/\/i0.wp.com\/diariodegarca.com\/wp-content\/uploads\/2025\/07\/bonitinhas-bailarinas-em-traje-de-bale-rosa-criancas-em-sapatilhas-de-ponta-estao-dancando-na-sala-crianca-na-aula-de-danca-com-o-professor.jpg?fit=1200%2C800&ssl=1&resize=700%2C400 2x, https:\/\/i0.wp.com\/diariodegarca.com\/wp-content\/uploads\/2025\/07\/bonitinhas-bailarinas-em-traje-de-bale-rosa-criancas-em-sapatilhas-de-ponta-estao-dancando-na-sala-crianca-na-aula-de-danca-com-o-professor.jpg?fit=1200%2C800&ssl=1&resize=1050%2C600 3x"},"classes":[]},{"id":2450,"url":"https:\/\/diariodegarca.com\/?p=2450","url_meta":{"origin":8171,"position":1},"title":"EMCA est\u00e1 com vagas remanescentes para v\u00e1rios cursos","author":"Di\u00e1rio de Gar\u00e7a","date":"7 de abril de 2025","format":false,"excerpt":"A Escola Municipal de Cultura Art\u00edstica \u201cAm\u00e9lio \u2018Nan\u00e1\u2019 Zancop\u00e9\u201d (EMCA), em Gar\u00e7a, est\u00e1 com vagas remanescentes para seus cursos culturais com turmas iniciadas neste ano. As vagas s\u00e3o voltadas para crian\u00e7as, jovens, adultos e id\u00e3os, abrangendo dan\u00e7a, m\u00fasica e canto. A institui\u00e7\u00e3o refor\u00e7a que as inscri\u00e7\u00f5es devem ser feitas rapidamente,\u2026","rel":"","context":"Em &quot;Brasil&quot;","block_context":{"text":"Brasil","link":"https:\/\/diariodegarca.com\/?cat=38185"},"img":{"alt_text":"","src":"","width":0,"height":0},"classes":[]},{"id":5410,"url":"https:\/\/diariodegarca.com\/?p=5410","url_meta":{"origin":8171,"position":2},"title":"&#8220;Entardecer com Arte&#8221; celebra 22 anos da EMCA com programa\u00e7\u00e3o cultural diversa","author":"Di\u00e1rio de Gar\u00e7a","date":"8 de agosto de 2025","format":false,"excerpt":"Evento gratuito de 11 a 15 de agosto no P\u00e1tio da EMCA re\u00fane teatro, m\u00fasica, dan\u00e7a e oficinas art\u00edsticas, al\u00e9m de op\u00e7\u00f5es gastron\u00f4micas. A Escola Municipal de Cultura e Arte (EMCA) comemora 22 anos com o\u00a0\"Entardecer com Arte\", um evento que promete encantar o p\u00fablico de Gar\u00e7a e regi\u00e3o. De\u2026","rel":"","context":"Em &quot;Cultura&quot;","block_context":{"text":"Cultura","link":"https:\/\/diariodegarca.com\/?cat=2367"},"img":{"alt_text":"","src":"https:\/\/i0.wp.com\/diariodegarca.com\/wp-content\/uploads\/2025\/08\/vista-frontal-da-bailarina-posando-ao-fazer-uma-divisao.jpg?fit=1200%2C798&ssl=1&resize=350%2C200","width":350,"height":200,"srcset":"https:\/\/i0.wp.com\/diariodegarca.com\/wp-content\/uploads\/2025\/08\/vista-frontal-da-bailarina-posando-ao-fazer-uma-divisao.jpg?fit=1200%2C798&ssl=1&resize=350%2C200 1x, https:\/\/i0.wp.com\/diariodegarca.com\/wp-content\/uploads\/2025\/08\/vista-frontal-da-bailarina-posando-ao-fazer-uma-divisao.jpg?fit=1200%2C798&ssl=1&resize=525%2C300 1.5x, https:\/\/i0.wp.com\/diariodegarca.com\/wp-content\/uploads\/2025\/08\/vista-frontal-da-bailarina-posando-ao-fazer-uma-divisao.jpg?fit=1200%2C798&ssl=1&resize=700%2C400 2x, https:\/\/i0.wp.com\/diariodegarca.com\/wp-content\/uploads\/2025\/08\/vista-frontal-da-bailarina-posando-ao-fazer-uma-divisao.jpg?fit=1200%2C798&ssl=1&resize=1050%2C600 3x"},"classes":[]},{"id":7952,"url":"https:\/\/diariodegarca.com\/?p=7952","url_meta":{"origin":8171,"position":3},"title":"Cia Caixa Preta movimenta novembro com trilogia teatral gratuita e pagante em Gar\u00e7a","author":"Andreza Sega","date":"26 de outubro de 2025","format":false,"excerpt":"Programa\u00e7\u00e3o no espa\u00e7o da companhia e no Teatro Municipal traz os cl\u00e1ssicos \"Bodas de Sangue\", \"Guerra\" e \"As Velhas Fiandeiras\", com ingressos a pre\u00e7os populares. A cena cultural de Gar\u00e7a recebe uma programa\u00e7\u00e3o especial neste m\u00eas de novembro. A\u00a0Cia Caixa Preta, cia formada por alunos da EMCA,\u00a0preparou uma s\u00e9rie de\u2026","rel":"","context":"Em &quot;Cultura&quot;","block_context":{"text":"Cultura","link":"https:\/\/diariodegarca.com\/?cat=2367"},"img":{"alt_text":"","src":"https:\/\/i0.wp.com\/diariodegarca.com\/wp-content\/uploads\/2025\/10\/SnapInsta.to_401174774_736974854919266_2866464449115890226_n-e1761247864610.jpg?fit=1080%2C722&ssl=1&resize=350%2C200","width":350,"height":200,"srcset":"https:\/\/i0.wp.com\/diariodegarca.com\/wp-content\/uploads\/2025\/10\/SnapInsta.to_401174774_736974854919266_2866464449115890226_n-e1761247864610.jpg?fit=1080%2C722&ssl=1&resize=350%2C200 1x, https:\/\/i0.wp.com\/diariodegarca.com\/wp-content\/uploads\/2025\/10\/SnapInsta.to_401174774_736974854919266_2866464449115890226_n-e1761247864610.jpg?fit=1080%2C722&ssl=1&resize=525%2C300 1.5x, https:\/\/i0.wp.com\/diariodegarca.com\/wp-content\/uploads\/2025\/10\/SnapInsta.to_401174774_736974854919266_2866464449115890226_n-e1761247864610.jpg?fit=1080%2C722&ssl=1&resize=700%2C400 2x, https:\/\/i0.wp.com\/diariodegarca.com\/wp-content\/uploads\/2025\/10\/SnapInsta.to_401174774_736974854919266_2866464449115890226_n-e1761247864610.jpg?fit=1080%2C722&ssl=1&resize=1050%2C600 3x"},"classes":[]},{"id":8474,"url":"https:\/\/diariodegarca.com\/?p=8474","url_meta":{"origin":8171,"position":4},"title":"EMCA apresenta &#8220;Cronos &#8211; Le Cirque du Temps&#8221;, um espet\u00e1culo que desafia a passagem do tempo","author":"Andreza Sega","date":"5 de novembro de 2025","format":false,"excerpt":"Espet\u00e1culo \u00fanico acontece no dia 08 de novembro, no Teatro Municipal de Gar\u00e7a, prometendo uma viagem acrob\u00e1tica entre o passado e o futuro. A Escola Municipal de Cultura e Arte (EMCA) prepara uma atra\u00e7\u00e3o imperd\u00edvel para os amantes das artes c\u00eanicas: o espet\u00e1culo de circo \"Cronos - Le Cirque du\u2026","rel":"","context":"Em &quot;Cultura&quot;","block_context":{"text":"Cultura","link":"https:\/\/diariodegarca.com\/?cat=2367"},"img":{"alt_text":"","src":"https:\/\/i0.wp.com\/diariodegarca.com\/wp-content\/uploads\/2025\/11\/pintura-digital-de-um-relogio-antigo.jpg?fit=1200%2C800&ssl=1&resize=350%2C200","width":350,"height":200,"srcset":"https:\/\/i0.wp.com\/diariodegarca.com\/wp-content\/uploads\/2025\/11\/pintura-digital-de-um-relogio-antigo.jpg?fit=1200%2C800&ssl=1&resize=350%2C200 1x, https:\/\/i0.wp.com\/diariodegarca.com\/wp-content\/uploads\/2025\/11\/pintura-digital-de-um-relogio-antigo.jpg?fit=1200%2C800&ssl=1&resize=525%2C300 1.5x, https:\/\/i0.wp.com\/diariodegarca.com\/wp-content\/uploads\/2025\/11\/pintura-digital-de-um-relogio-antigo.jpg?fit=1200%2C800&ssl=1&resize=700%2C400 2x, https:\/\/i0.wp.com\/diariodegarca.com\/wp-content\/uploads\/2025\/11\/pintura-digital-de-um-relogio-antigo.jpg?fit=1200%2C800&ssl=1&resize=1050%2C600 3x"},"classes":[]},{"id":7904,"url":"https:\/\/diariodegarca.com\/?p=7904","url_meta":{"origin":8171,"position":5},"title":"&#8220;Arteiros ARTISTAS&#8221;: EMCA apresenta espet\u00e1culo infanto-juvenil de circo e m\u00fasica","author":"Andreza Sega","date":"21 de outubro de 2025","format":false,"excerpt":"Alunos da Escola Municipal de Cultura Art\u00edstica se apresentam gratuitamente no dia 22 de outubro, domingo, \u00e0s 19h30, no p\u00e1tio da escola. A EMCA (Escola Municipal de Cultura Art\u00edstica) prepara uma noite especial para celebrar o talento de seus jovens aprendizes. No pr\u00f3ximo dia 22 de outubro, quarta-feira, \u00e0s 19h30,\u2026","rel":"","context":"Em &quot;Cultura&quot;","block_context":{"text":"Cultura","link":"https:\/\/diariodegarca.com\/?cat=2367"},"img":{"alt_text":"","src":"https:\/\/i0.wp.com\/diariodegarca.com\/wp-content\/uploads\/2025\/10\/aluna-tocando-violino.jpg?fit=1200%2C800&ssl=1&resize=350%2C200","width":350,"height":200,"srcset":"https:\/\/i0.wp.com\/diariodegarca.com\/wp-content\/uploads\/2025\/10\/aluna-tocando-violino.jpg?fit=1200%2C800&ssl=1&resize=350%2C200 1x, https:\/\/i0.wp.com\/diariodegarca.com\/wp-content\/uploads\/2025\/10\/aluna-tocando-violino.jpg?fit=1200%2C800&ssl=1&resize=525%2C300 1.5x, https:\/\/i0.wp.com\/diariodegarca.com\/wp-content\/uploads\/2025\/10\/aluna-tocando-violino.jpg?fit=1200%2C800&ssl=1&resize=700%2C400 2x, https:\/\/i0.wp.com\/diariodegarca.com\/wp-content\/uploads\/2025\/10\/aluna-tocando-violino.jpg?fit=1200%2C800&ssl=1&resize=1050%2C600 3x"},"classes":[]}],"_links":{"self":[{"href":"https:\/\/diariodegarca.com\/index.php?rest_route=\/wp\/v2\/posts\/8171","targetHints":{"allow":["GET"]}}],"collection":[{"href":"https:\/\/diariodegarca.com\/index.php?rest_route=\/wp\/v2\/posts"}],"about":[{"href":"https:\/\/diariodegarca.com\/index.php?rest_route=\/wp\/v2\/types\/post"}],"author":[{"embeddable":true,"href":"https:\/\/diariodegarca.com\/index.php?rest_route=\/wp\/v2\/users\/260896548"}],"replies":[{"embeddable":true,"href":"https:\/\/diariodegarca.com\/index.php?rest_route=%2Fwp%2Fv2%2Fcomments&post=8171"}],"version-history":[{"count":5,"href":"https:\/\/diariodegarca.com\/index.php?rest_route=\/wp\/v2\/posts\/8171\/revisions"}],"predecessor-version":[{"id":8210,"href":"https:\/\/diariodegarca.com\/index.php?rest_route=\/wp\/v2\/posts\/8171\/revisions\/8210"}],"wp:featuredmedia":[{"embeddable":true,"href":"https:\/\/diariodegarca.com\/index.php?rest_route=\/wp\/v2\/media\/8172"}],"wp:attachment":[{"href":"https:\/\/diariodegarca.com\/index.php?rest_route=%2Fwp%2Fv2%2Fmedia&parent=8171"}],"wp:term":[{"taxonomy":"category","embeddable":true,"href":"https:\/\/diariodegarca.com\/index.php?rest_route=%2Fwp%2Fv2%2Fcategories&post=8171"},{"taxonomy":"post_tag","embeddable":true,"href":"https:\/\/diariodegarca.com\/index.php?rest_route=%2Fwp%2Fv2%2Ftags&post=8171"}],"curies":[{"name":"wp","href":"https:\/\/api.w.org\/{rel}","templated":true}]}}