{"id":8187,"date":"2025-10-29T14:25:40","date_gmt":"2025-10-29T17:25:40","guid":{"rendered":"https:\/\/diariodegarca.com\/?p=8187"},"modified":"2025-10-29T14:25:40","modified_gmt":"2025-10-29T17:25:40","slug":"foragido-da-penitenciaria-de-alvaro-de-carvalho-e-recapturado-pela-policia-militar","status":"publish","type":"post","link":"https:\/\/diariodegarca.com\/?p=8187","title":{"rendered":"Foragido da Penitenci\u00e1ria de \u00c1lvaro de Carvalho \u00e9 recapturado pela Pol\u00edcia Militar"},"content":{"rendered":"\n<p class=\"wp-block-paragraph\"><em>Homem de 45 anos, que estava no regime fechado desde 2011, foi localizado durante patrulhamento na zona rural do munic\u00edpio.<\/em><\/p>\n\n\n\n<p class=\"wp-block-paragraph\">Um preso foragido do sistema prisional de \u00c1lvaro de Carvalho foi recapturado na manh\u00e3 de ter\u00e7a-feira, 28 de outubro de 2025. A a\u00e7\u00e3o foi realizada pela 4\u00aa Companhia da Pol\u00edcia Militar durante uma opera\u00e7\u00e3o de rotina na zona rural do munic\u00edpio.<\/p>\n\n\n\n<p class=\"wp-block-paragraph\">Por volta das 09h34, os policiais em patrulhamento preventivo receberam um alerta via r\u00e1dio sobre a poss\u00edvel localiza\u00e7\u00e3o do indiv\u00edduo. Imediatamente, as equipes se deslocaram para a regi\u00e3o do antigo aterro sanit\u00e1rio, nas proximidades da vicinal da Fazenda Usinas.<\/p>\n\n\n\n<p class=\"wp-block-paragraph\">Ap\u00f3s uma varredura na \u00e1rea, os militares localizaram e detiveram o homem. De acordo com as informa\u00e7\u00f5es, ele estava no regime fechado desde 2011 e havia fugido da Penitenci\u00e1ria de \u00c1lvaro de Carvalho (P1).<\/p>\n\n\n\n<p class=\"wp-block-paragraph\">Ap\u00f3s a recaptura, o foragido foi conduzido \u00e0 Delegacia de Pol\u00edcia da cidade, onde ficou \u00e0 disposi\u00e7\u00e3o da Justi\u00e7a. Posteriormente, ele foi reintegrado ao sistema prisional.<\/p>\n","protected":false},"excerpt":{"rendered":"<p>Homem de 45 anos, que estava no regime fechado desde 2011, foi localizado durante patrulhamento na zona rural do munic\u00edpio. Um preso foragido do sistema prisional de \u00c1lvaro de Carvalho foi recapturado na manh\u00e3 de ter\u00e7a-feira, 28 de outubro de 2025. A a\u00e7\u00e3o foi realizada pela 4\u00aa Companhia da Pol\u00edcia Militar durante uma opera\u00e7\u00e3o de [&hellip;]<\/p>\n","protected":false},"author":260896548,"featured_media":7156,"comment_status":"open","ping_status":"open","sticky":false,"template":"","format":"standard","meta":{"_monsterinsights_skip_tracking":false,"advanced_seo_description":"Preso foragido recapturado em \u00c1lvaro de Carvalho ap\u00f3s patrulhamento; homem estava em regime fechado desde 2011 e retornou \u00e0 Justi\u00e7a.","jetpack_seo_html_title":"Prisao de Foragido em \u00c1lvaro de Carvalho: Detido na Zona Rural","jetpack_seo_noindex":false,"jetpack_seo_schema_type":"","_jetpack_newsletter_access":"","_jetpack_dont_email_post_to_subs":false,"_jetpack_newsletter_tier_id":0,"_jetpack_memberships_contains_paywalled_content":false,"_wpcom_ai_launchpad_first_post":false,"_jetpack_feature_clip_id":0,"_jetpack_memberships_contains_paid_content":false,"footnotes":"","jetpack_publicize_message":"\ud83d\udcc4 Em opera\u00e7\u00e3o de rotina, PM recaptura foragido em \u00c1lvaro de Carvalho\n\nNa manh\u00e3 desta ter\u00e7a-feira (28\/10), policiais militares da 4\u00aa Companhia localizaram e prenderam um homem de 45 anos que havia fugido do regime fechado.\n\nO indiv\u00edduo, que cumpre pena desde 2011, foi encontrado durante um patrulhamento na zona rural, nas proximidades do antigo aterro sanit\u00e1rio.\n\n\ud83d\udcd6 Leia a mat\u00e9ria completa em: diariodegarca.com\n\n#Seguran\u00e7aP\u00fablica #Recaptura #Pol\u00edciaMilitar #\u00c1lvaroDeCarvalho #Not\u00edcia ","jetpack_publicize_feature_enabled":true,"jetpack_social_post_already_shared":false,"jetpack_social_options":{"image_generator_settings":{"template":"highway","default_image_id":0,"font":"","enabled":false},"version":2},"_wpas_customize_per_network":false,"jetpack_post_was_ever_published":false},"categories":[29815376,21243],"tags":[],"class_list":["post-8187","post","type-post","status-publish","format-standard","has-post-thumbnail","hentry","category-alvaro-de-carvalho","category-seguranca"],"jetpack_publicize_connections":[],"jetpack_likes_enabled":true,"jetpack_sharing_enabled":true,"jetpack_shortlink":"https:\/\/wp.me\/pgitne-283","jetpack-related-posts":[{"id":9844,"url":"https:\/\/diariodegarca.com\/?p=9844","url_meta":{"origin":8187,"position":0},"title":"For\u00e7a T\u00e1tica prende acusado de estupro de vulner\u00e1vel em \u00c1lvaro de Carvalho","author":"Di\u00e1rio de Gar\u00e7a","date":"7 de janeiro de 2026","format":false,"excerpt":"Homem, condenado a 23 anos de pris\u00e3o, foi localizado na zona rural do munic\u00edpio e encaminhado ao sistema penitenci\u00e1rio. Um homem condenado pelo crime de estupro de vulner\u00e1vel foi preso pela For\u00e7a T\u00e1tica do 9\u00ba Batalh\u00e3o de Pol\u00edcia Militar na tarde desta segunda-feira, 5 de janeiro, na zona rural de\u2026","rel":"","context":"Em &quot;\u00c1lvaro de Carvalho&quot;","block_context":{"text":"\u00c1lvaro de Carvalho","link":"https:\/\/diariodegarca.com\/?cat=29815376"},"img":{"alt_text":"","src":"https:\/\/i0.wp.com\/diariodegarca.com\/wp-content\/uploads\/2026\/01\/policia-militar-e1767790254222.jpg?fit=1058%2C850&ssl=1&resize=350%2C200","width":350,"height":200,"srcset":"https:\/\/i0.wp.com\/diariodegarca.com\/wp-content\/uploads\/2026\/01\/policia-militar-e1767790254222.jpg?fit=1058%2C850&ssl=1&resize=350%2C200 1x, https:\/\/i0.wp.com\/diariodegarca.com\/wp-content\/uploads\/2026\/01\/policia-militar-e1767790254222.jpg?fit=1058%2C850&ssl=1&resize=525%2C300 1.5x, https:\/\/i0.wp.com\/diariodegarca.com\/wp-content\/uploads\/2026\/01\/policia-militar-e1767790254222.jpg?fit=1058%2C850&ssl=1&resize=700%2C400 2x, https:\/\/i0.wp.com\/diariodegarca.com\/wp-content\/uploads\/2026\/01\/policia-militar-e1767790254222.jpg?fit=1058%2C850&ssl=1&resize=1050%2C600 3x"},"classes":[]},{"id":9065,"url":"https:\/\/diariodegarca.com\/?p=9065","url_meta":{"origin":8187,"position":1},"title":"Pol\u00edcia Militar captura procurado por tr\u00e1fico de drogas no bairro Sol Nascente, em Gar\u00e7a","author":"Andreza Sega","date":"26 de novembro de 2025","format":false,"excerpt":"Homem de 45 anos foi localizado em um bar ap\u00f3s comportamento suspeito durante patrulhamento de rotina na regi\u00e3o. Na tarde da \u00faltima ter\u00e7a-feira, 25 de novembro, uma a\u00e7\u00e3o de patrulhamento de rotina resultou na captura de um homem procurado pela Justi\u00e7a na cidade de Gar\u00e7a. Por volta das 18h48, policiais\u2026","rel":"","context":"Em &quot;Gar\u00e7a&quot;","block_context":{"text":"Gar\u00e7a","link":"https:\/\/diariodegarca.com\/?cat=781171664"},"img":{"alt_text":"","src":"https:\/\/i0.wp.com\/diariodegarca.com\/wp-content\/uploads\/2025\/05\/image_editor_output_image2077395826-17487117885185853874604175010070-e1764161059434.jpg?fit=1080%2C644&ssl=1&resize=350%2C200","width":350,"height":200,"srcset":"https:\/\/i0.wp.com\/diariodegarca.com\/wp-content\/uploads\/2025\/05\/image_editor_output_image2077395826-17487117885185853874604175010070-e1764161059434.jpg?fit=1080%2C644&ssl=1&resize=350%2C200 1x, https:\/\/i0.wp.com\/diariodegarca.com\/wp-content\/uploads\/2025\/05\/image_editor_output_image2077395826-17487117885185853874604175010070-e1764161059434.jpg?fit=1080%2C644&ssl=1&resize=525%2C300 1.5x, https:\/\/i0.wp.com\/diariodegarca.com\/wp-content\/uploads\/2025\/05\/image_editor_output_image2077395826-17487117885185853874604175010070-e1764161059434.jpg?fit=1080%2C644&ssl=1&resize=700%2C400 2x, https:\/\/i0.wp.com\/diariodegarca.com\/wp-content\/uploads\/2025\/05\/image_editor_output_image2077395826-17487117885185853874604175010070-e1764161059434.jpg?fit=1080%2C644&ssl=1&resize=1050%2C600 3x"},"classes":[]},{"id":9647,"url":"https:\/\/diariodegarca.com\/?p=9647","url_meta":{"origin":8187,"position":2},"title":"A\u00e7\u00e3o de rotina termina com pris\u00e3o de procurado da justi\u00e7a em G\u00e1lia","author":"Di\u00e1rio de Gar\u00e7a","date":"21 de dezembro de 2025","format":false,"excerpt":"Durante patrulhamento noturno, policiais localizam homem com mandado de pris\u00e3o por amea\u00e7a e les\u00e3o corporal; ele foi encaminhado ao sistema penitenci\u00e1rio. Um patrulhamento de rotina na noite da \u00faltima sexta-feira, 19 de dezembro, resultou na pris\u00e3o de um homem procurado pela Justi\u00e7a no munic\u00edpio de G\u00e1lia. A a\u00e7\u00e3o foi conduzida\u2026","rel":"","context":"Em &quot;\u00c1lvaro de Carvalho&quot;","block_context":{"text":"\u00c1lvaro de Carvalho","link":"https:\/\/diariodegarca.com\/?cat=29815376"},"img":{"alt_text":"","src":"https:\/\/i0.wp.com\/diariodegarca.com\/wp-content\/uploads\/2025\/11\/SnapInsta.to_583245498_18325904743246526_4568041876347966040_n-e1763414580126.jpg?fit=1080%2C617&ssl=1&resize=350%2C200","width":350,"height":200,"srcset":"https:\/\/i0.wp.com\/diariodegarca.com\/wp-content\/uploads\/2025\/11\/SnapInsta.to_583245498_18325904743246526_4568041876347966040_n-e1763414580126.jpg?fit=1080%2C617&ssl=1&resize=350%2C200 1x, https:\/\/i0.wp.com\/diariodegarca.com\/wp-content\/uploads\/2025\/11\/SnapInsta.to_583245498_18325904743246526_4568041876347966040_n-e1763414580126.jpg?fit=1080%2C617&ssl=1&resize=525%2C300 1.5x, https:\/\/i0.wp.com\/diariodegarca.com\/wp-content\/uploads\/2025\/11\/SnapInsta.to_583245498_18325904743246526_4568041876347966040_n-e1763414580126.jpg?fit=1080%2C617&ssl=1&resize=700%2C400 2x, https:\/\/i0.wp.com\/diariodegarca.com\/wp-content\/uploads\/2025\/11\/SnapInsta.to_583245498_18325904743246526_4568041876347966040_n-e1763414580126.jpg?fit=1080%2C617&ssl=1&resize=1050%2C600 3x"},"classes":[]},{"id":3451,"url":"https:\/\/diariodegarca.com\/?p=3451","url_meta":{"origin":8187,"position":3},"title":"Pol\u00edcia Militar recaptura foragido do sistema prisional em Gar\u00e7a","author":"Di\u00e1rio de Gar\u00e7a","date":"26 de maio de 2025","format":false,"excerpt":"Homem que havia fugido do Centro de Ressocializa\u00e7\u00e3o de Mar\u00edlia foi localizado em via p\u00fablica; recaptura ocorreu durante patrulhamento de rotina. Na madrugada deste domingo, 25 de maio, a Pol\u00edcia Militar recapturou um homem foragido do Centro de Ressocializa\u00e7\u00e3o de Mar\u00edlia. O indiv\u00edduo, que havia deixado a unidade prisional no\u2026","rel":"","context":"Em &quot;Gar\u00e7a&quot;","block_context":{"text":"Gar\u00e7a","link":"https:\/\/diariodegarca.com\/?cat=781171664"},"img":{"alt_text":"","src":"https:\/\/i0.wp.com\/diariodegarca.com\/wp-content\/uploads\/2025\/05\/500084858_18302219050246526_4028368060180630968_n-e1760650460275.webp?fit=1080%2C704&ssl=1&resize=350%2C200","width":350,"height":200,"srcset":"https:\/\/i0.wp.com\/diariodegarca.com\/wp-content\/uploads\/2025\/05\/500084858_18302219050246526_4028368060180630968_n-e1760650460275.webp?fit=1080%2C704&ssl=1&resize=350%2C200 1x, https:\/\/i0.wp.com\/diariodegarca.com\/wp-content\/uploads\/2025\/05\/500084858_18302219050246526_4028368060180630968_n-e1760650460275.webp?fit=1080%2C704&ssl=1&resize=525%2C300 1.5x, https:\/\/i0.wp.com\/diariodegarca.com\/wp-content\/uploads\/2025\/05\/500084858_18302219050246526_4028368060180630968_n-e1760650460275.webp?fit=1080%2C704&ssl=1&resize=700%2C400 2x, https:\/\/i0.wp.com\/diariodegarca.com\/wp-content\/uploads\/2025\/05\/500084858_18302219050246526_4028368060180630968_n-e1760650460275.webp?fit=1080%2C704&ssl=1&resize=1050%2C600 3x"},"classes":[]},{"id":8728,"url":"https:\/\/diariodegarca.com\/?p=8728","url_meta":{"origin":8187,"position":4},"title":"Condenado por tr\u00e1fico \u00e9 capturado pela PM em Fern\u00e3o","author":"Andreza Sega","date":"14 de novembro de 2025","format":false,"excerpt":"Durante patrulhamento de rotina, policiais militares localizam e det\u00eam homem com mandado de pris\u00e3o preventiva por tr\u00e1fico de drogas e associa\u00e7\u00e3o para o tr\u00e1fico. Na manh\u00e3 de quarta-feira, 12 de novembro, uma a\u00e7\u00e3o de patrulhamento ostensivo da 4\u00aa Companhia da Pol\u00edcia Militar resultou na captura de um condenado procurado pela\u2026","rel":"","context":"Em &quot;Fern\u00e3o&quot;","block_context":{"text":"Fern\u00e3o","link":"https:\/\/diariodegarca.com\/?cat=7386895"},"img":{"alt_text":"","src":"https:\/\/i0.wp.com\/diariodegarca.com\/wp-content\/uploads\/2025\/09\/SnapInsta.to_550748683_18316168519246526_3574845147359800139_n-e1763126681243.jpg?fit=1080%2C733&ssl=1&resize=350%2C200","width":350,"height":200,"srcset":"https:\/\/i0.wp.com\/diariodegarca.com\/wp-content\/uploads\/2025\/09\/SnapInsta.to_550748683_18316168519246526_3574845147359800139_n-e1763126681243.jpg?fit=1080%2C733&ssl=1&resize=350%2C200 1x, https:\/\/i0.wp.com\/diariodegarca.com\/wp-content\/uploads\/2025\/09\/SnapInsta.to_550748683_18316168519246526_3574845147359800139_n-e1763126681243.jpg?fit=1080%2C733&ssl=1&resize=525%2C300 1.5x, https:\/\/i0.wp.com\/diariodegarca.com\/wp-content\/uploads\/2025\/09\/SnapInsta.to_550748683_18316168519246526_3574845147359800139_n-e1763126681243.jpg?fit=1080%2C733&ssl=1&resize=700%2C400 2x, https:\/\/i0.wp.com\/diariodegarca.com\/wp-content\/uploads\/2025\/09\/SnapInsta.to_550748683_18316168519246526_3574845147359800139_n-e1763126681243.jpg?fit=1080%2C733&ssl=1&resize=1050%2C600 3x"},"classes":[]},{"id":10280,"url":"https:\/\/diariodegarca.com\/?p=10280","url_meta":{"origin":8187,"position":5},"title":"For\u00e7a T\u00e1tica prende dois procurados em a\u00e7\u00f5es em Gar\u00e7a e \u00c1lvaro de Carvalho","author":"Di\u00e1rio de Gar\u00e7a","date":"28 de janeiro de 2026","format":false,"excerpt":"Opera\u00e7\u00e3o Impacto resultou na captura de um homem por furto e outro por les\u00e3o corporal e amea\u00e7a; ambos foram encaminhados \u00e0 penitenci\u00e1ria para audi\u00eancia de cust\u00f3dia. Durante o patrulhamento preventivo da Opera\u00e7\u00e3o Impacto, focada na manuten\u00e7\u00e3o da ordem p\u00fablica, equipes da For\u00e7a T\u00e1tica da 4\u00aa Companhia da Pol\u00edcia Militar prenderam,\u2026","rel":"","context":"Em &quot;\u00c1lvaro de Carvalho&quot;","block_context":{"text":"\u00c1lvaro de Carvalho","link":"https:\/\/diariodegarca.com\/?cat=29815376"},"img":{"alt_text":"","src":"https:\/\/i0.wp.com\/diariodegarca.com\/wp-content\/uploads\/2025\/11\/SnapInsta.to_582789894_18325798687246526_2708297248035910926_n-e1763412687114.jpg?fit=1080%2C730&ssl=1&resize=350%2C200","width":350,"height":200,"srcset":"https:\/\/i0.wp.com\/diariodegarca.com\/wp-content\/uploads\/2025\/11\/SnapInsta.to_582789894_18325798687246526_2708297248035910926_n-e1763412687114.jpg?fit=1080%2C730&ssl=1&resize=350%2C200 1x, https:\/\/i0.wp.com\/diariodegarca.com\/wp-content\/uploads\/2025\/11\/SnapInsta.to_582789894_18325798687246526_2708297248035910926_n-e1763412687114.jpg?fit=1080%2C730&ssl=1&resize=525%2C300 1.5x, https:\/\/i0.wp.com\/diariodegarca.com\/wp-content\/uploads\/2025\/11\/SnapInsta.to_582789894_18325798687246526_2708297248035910926_n-e1763412687114.jpg?fit=1080%2C730&ssl=1&resize=700%2C400 2x, https:\/\/i0.wp.com\/diariodegarca.com\/wp-content\/uploads\/2025\/11\/SnapInsta.to_582789894_18325798687246526_2708297248035910926_n-e1763412687114.jpg?fit=1080%2C730&ssl=1&resize=1050%2C600 3x"},"classes":[]}],"jetpack_featured_media_url":"https:\/\/i0.wp.com\/diariodegarca.com\/wp-content\/uploads\/2025\/09\/SnapInsta.to_553032039_18317046430246526_2415893925996311691_n-e1762784179548.webp?fit=1440%2C998&ssl=1","_links":{"self":[{"href":"https:\/\/diariodegarca.com\/index.php?rest_route=\/wp\/v2\/posts\/8187","targetHints":{"allow":["GET"]}}],"collection":[{"href":"https:\/\/diariodegarca.com\/index.php?rest_route=\/wp\/v2\/posts"}],"about":[{"href":"https:\/\/diariodegarca.com\/index.php?rest_route=\/wp\/v2\/types\/post"}],"author":[{"embeddable":true,"href":"https:\/\/diariodegarca.com\/index.php?rest_route=\/wp\/v2\/users\/260896548"}],"replies":[{"embeddable":true,"href":"https:\/\/diariodegarca.com\/index.php?rest_route=%2Fwp%2Fv2%2Fcomments&post=8187"}],"version-history":[{"count":2,"href":"https:\/\/diariodegarca.com\/index.php?rest_route=\/wp\/v2\/posts\/8187\/revisions"}],"predecessor-version":[{"id":8189,"href":"https:\/\/diariodegarca.com\/index.php?rest_route=\/wp\/v2\/posts\/8187\/revisions\/8189"}],"wp:featuredmedia":[{"embeddable":true,"href":"https:\/\/diariodegarca.com\/index.php?rest_route=\/wp\/v2\/media\/7156"}],"wp:attachment":[{"href":"https:\/\/diariodegarca.com\/index.php?rest_route=%2Fwp%2Fv2%2Fmedia&parent=8187"}],"wp:term":[{"taxonomy":"category","embeddable":true,"href":"https:\/\/diariodegarca.com\/index.php?rest_route=%2Fwp%2Fv2%2Fcategories&post=8187"},{"taxonomy":"post_tag","embeddable":true,"href":"https:\/\/diariodegarca.com\/index.php?rest_route=%2Fwp%2Fv2%2Ftags&post=8187"}],"curies":[{"name":"wp","href":"https:\/\/api.w.org\/{rel}","templated":true}]}}