{"id":8194,"date":"2025-10-29T14:49:29","date_gmt":"2025-10-29T17:49:29","guid":{"rendered":"https:\/\/diariodegarca.com\/?p=8194"},"modified":"2025-10-29T14:49:29","modified_gmt":"2025-10-29T17:49:29","slug":"apreensao-de-r-100-mil-em-cocaina-tira-mais-de-9-mil-pinos-de-circulacao-em-marilia","status":"publish","type":"post","link":"https:\/\/diariodegarca.com\/?p=8194","title":{"rendered":"Apreens\u00e3o de R$ 100 mil em coca\u00edna tira mais de 9 mil pinos de circula\u00e7\u00e3o em Mar\u00edlia"},"content":{"rendered":"\n<p class=\"wp-block-paragraph\"><em>Dois homens foram presos pela For\u00e7a T\u00e1tica da PM durante patrulhamento na Vila Barros; droga estava escondida em um tambor enterrado.<\/em><\/p>\n\n\n\n<p class=\"wp-block-paragraph\">Uma opera\u00e7\u00e3o policial realizada na ter\u00e7a-feira, 28 de outubro, resultou na apreens\u00e3o de uma grande quantidade de coca\u00edna e na pris\u00e3o de dois homens por tr\u00e1fico de drogas em Mar\u00edlia. A a\u00e7\u00e3o, conduzida por equipes de For\u00e7a T\u00e1tica do 9\u00ba Batalh\u00e3o de Pol\u00edcia Militar do Interior, interceptou uma quantidade espressiva de entorpecentes, causando um preju\u00edzo ao crime organizado de aproximadamente R$ 100 mil.<\/p>\n\n\n\n<p class=\"wp-block-paragraph\">O fato ocorreu durante um patrulhamento de rotina no bairro Vila Barros. Ao percorrerem a rua Salvador Salgueiro, \u00e1rea conhecida pelo intenso com\u00e9rcio ilegal de drogas, os policiais avistaram um grupo de indiv\u00edduos que, ao notar a presen\u00e7a das viaturas, dispersou-se rapidamente. Dois dos suspeitos, no entanto, foram abordados pela equipe.<\/p>\n\n\n\n<p class=\"wp-block-paragraph\">Durante uma busca pessoal, os militares encontraram com os dois homens 2.000 pinos de coca\u00edna prontos para a venda. A investiga\u00e7\u00e3o n\u00e3o parou a\u00ed. Com o apoio especializado do Canil do 13\u00ba Batalh\u00e3o de A\u00e7\u00f5es Especiais de Pol\u00edcia (BAEP), os policiais realizaram uma nova busca no local e descobriram um tambor que havia sido enterrado. O recipiente escondia um carregamento ainda maior: 7.169 pinos de coca\u00edna e cerca de 3.000 pinos vazios, que seriam reutilizados.<\/p>\n\n\n\n<figure class=\"wp-block-gallery has-nested-images columns-default is-cropped wp-block-gallery-1 is-layout-flex wp-block-gallery-is-layout-flex\">\n<figure class=\"wp-block-image size-large\"><img data-recalc-dims=\"1\" loading=\"lazy\" decoding=\"async\" width=\"800\" height=\"365\" data-attachment-id=\"8197\" data-permalink=\"https:\/\/diariodegarca.com\/?attachment_id=8197\" data-orig-file=\"https:\/\/i0.wp.com\/diariodegarca.com\/wp-content\/uploads\/2025\/10\/WhatsApp-Image-2025-10-29-at-14.38.30.jpeg?fit=1499%2C683&amp;ssl=1\" data-orig-size=\"1499,683\" data-comments-opened=\"1\" data-image-meta=\"{&quot;aperture&quot;:&quot;0&quot;,&quot;credit&quot;:&quot;&quot;,&quot;camera&quot;:&quot;&quot;,&quot;caption&quot;:&quot;&quot;,&quot;created_timestamp&quot;:&quot;0&quot;,&quot;copyright&quot;:&quot;&quot;,&quot;focal_length&quot;:&quot;0&quot;,&quot;iso&quot;:&quot;0&quot;,&quot;shutter_speed&quot;:&quot;0&quot;,&quot;title&quot;:&quot;&quot;,&quot;orientation&quot;:&quot;0&quot;}\" data-image-title=\"\" data-image-description=\"\" data-image-caption=\"\" data-large-file=\"https:\/\/i0.wp.com\/diariodegarca.com\/wp-content\/uploads\/2025\/10\/WhatsApp-Image-2025-10-29-at-14.38.30.jpeg?fit=800%2C365&amp;ssl=1\" data-id=\"8197\" src=\"https:\/\/i0.wp.com\/diariodegarca.com\/wp-content\/uploads\/2025\/10\/WhatsApp-Image-2025-10-29-at-14.38.30.jpeg?resize=800%2C365&#038;ssl=1\" alt=\"V\u00e1rios sacos pl\u00e1sticos contendo pinos de coca\u00edna em uma mesa.\" class=\"wp-image-8197\" srcset=\"https:\/\/i0.wp.com\/diariodegarca.com\/wp-content\/uploads\/2025\/10\/WhatsApp-Image-2025-10-29-at-14.38.30.jpeg?resize=1024%2C467&amp;ssl=1 1024w, https:\/\/i0.wp.com\/diariodegarca.com\/wp-content\/uploads\/2025\/10\/WhatsApp-Image-2025-10-29-at-14.38.30.jpeg?resize=300%2C137&amp;ssl=1 300w, https:\/\/i0.wp.com\/diariodegarca.com\/wp-content\/uploads\/2025\/10\/WhatsApp-Image-2025-10-29-at-14.38.30.jpeg?resize=768%2C350&amp;ssl=1 768w, https:\/\/i0.wp.com\/diariodegarca.com\/wp-content\/uploads\/2025\/10\/WhatsApp-Image-2025-10-29-at-14.38.30.jpeg?w=1499&amp;ssl=1 1499w\" sizes=\"auto, (max-width: 800px) 100vw, 800px\" \/><\/figure>\n<\/figure>\n\n\n\n<p class=\"wp-block-paragraph\">No total, a opera\u00e7\u00e3o conseguiu retirar de circula\u00e7\u00e3o 9.169 por\u00e7\u00f5es da droga, al\u00e9m do material de embalagem. Os dois infratores foram conduzidos \u00e0 Central de Pol\u00edcia Judici\u00e1ria e, ap\u00f3s os procedimentos legais, permanecem \u00e0 disposi\u00e7\u00e3o da Justi\u00e7a.<\/p>\n","protected":false},"excerpt":{"rendered":"<p>Dois homens foram presos pela For\u00e7a T\u00e1tica da PM durante patrulhamento na Vila Barros; droga estava escondida em um tambor enterrado. Uma opera\u00e7\u00e3o policial realizada na ter\u00e7a-feira, 28 de outubro, resultou na apreens\u00e3o de uma grande quantidade de coca\u00edna e na pris\u00e3o de dois homens por tr\u00e1fico de drogas em Mar\u00edlia. A a\u00e7\u00e3o, conduzida por [&hellip;]<\/p>\n","protected":false},"author":260896548,"featured_media":8195,"comment_status":"open","ping_status":"open","sticky":false,"template":"","format":"standard","meta":{"_crdt_document":"","_monsterinsights_skip_tracking":false,"_monsterinsights_sitenote_active":false,"_monsterinsights_sitenote_note":"","_monsterinsights_sitenote_category":0,"advanced_seo_description":"Dois homens foram presos por tr\u00e1fico de drogas em Mar\u00edlia, com 9.169 pinos de coca\u00edna apreendidos em opera\u00e7\u00e3o da PM na Vila Barros.","jetpack_seo_html_title":"Pol\u00edcia de Mar\u00edlia Prende Dois por Tr\u00e1fico de Coca\u00edna","jetpack_seo_noindex":false,"_jetpack_newsletter_access":"","_jetpack_dont_email_post_to_subs":false,"_jetpack_newsletter_tier_id":0,"_jetpack_memberships_contains_paywalled_content":false,"_jetpack_memberships_contains_paid_content":false,"footnotes":"","jetpack_publicize_message":"\ud83d\udd34 Opera\u00e7\u00e3o da For\u00e7a T\u00e1tica prende dois e apreende carga de coca\u00edna avaliada em R$ 100 mil em Mar\u00edlia\n\nDois homens foram presos em flagrante por tr\u00e1fico. Na busca pessoal, foi encontrado 2.000 pinos da droga.\nCom apoio do Canil, tamb\u00e9m foi localizado um tambor enterrado com mais 7.169 pinos de coca\u00edna e 3.000 pinos vazios.\n\n\ud83d\udcd6 Leia a mat\u00e9ria completa no site diariodegarca.com\n\n#Opera\u00e7\u00e3o #CombateAoTr\u00e1fico #Apreens\u00e3oDeDrogas #Mar\u00edlia #PMMar\u00edlia #Seguran\u00e7aP\u00fablica #Not\u00edciaDeMar\u00edlia #9\u00baBPMI #For\u00e7aT\u00e1tica","jetpack_publicize_feature_enabled":true,"jetpack_social_post_already_shared":false,"jetpack_social_options":{"image_generator_settings":{"template":"highway","default_image_id":0,"font":"","enabled":false},"version":2},"_wpas_customize_per_network":false,"jetpack_post_was_ever_published":false},"categories":[683453294,21243],"tags":[],"class_list":["post-8194","post","type-post","status-publish","format-standard","has-post-thumbnail","hentry","category-marilia-cidade","category-seguranca"],"jetpack_publicize_connections":[],"jetpack_featured_media_url":"https:\/\/i0.wp.com\/diariodegarca.com\/wp-content\/uploads\/2025\/10\/WhatsApp-Image-2025-10-29-at-14.38.31.jpeg?fit=1361%2C666&ssl=1","jetpack_likes_enabled":true,"jetpack_sharing_enabled":true,"jetpack_shortlink":"https:\/\/wp.me\/pgitne-28a","jetpack-related-posts":[{"id":3785,"url":"https:\/\/diariodegarca.com\/?p=3785","url_meta":{"origin":8194,"position":0},"title":"Mar\u00edlia: Dois presos por tr\u00e1fico e opera\u00e7\u00e3o conjunta apreende 48 kg de drogas","author":"Di\u00e1rio de Gar\u00e7a","date":"7 de junho de 2025","format":false,"excerpt":"For\u00e7a T\u00e1tica e Canil atuam em a\u00e7\u00f5es distintas, resultando na apreens\u00e3o de entorpecentes e pris\u00f5es O 9\u00ba Batalh\u00e3o de Pol\u00edcia Militar do Interior registrou duas opera\u00e7\u00f5es significativas no combate ao tr\u00e1fico de drogas em Mar\u00edlia. As a\u00e7\u00f5es, realizadas em diferentes locais da cidade, resultaram na pris\u00e3o de suspeitos e na\u2026","rel":"","context":"Em &quot;Mar\u00edlia&quot;","block_context":{"text":"Mar\u00edlia","link":"https:\/\/diariodegarca.com\/?cat=683453294"},"img":{"alt_text":"","src":"","width":0,"height":0},"classes":[]},{"id":4833,"url":"https:\/\/diariodegarca.com\/?p=4833","url_meta":{"origin":8194,"position":1},"title":"Pol\u00edcia Militar realiza opera\u00e7\u00f5es em Mar\u00edlia e Pompeia","author":"Di\u00e1rio de Gar\u00e7a","date":"20 de julho de 2025","format":false,"excerpt":"A\u00e7\u00f5es resultaram em pris\u00f5es, apreens\u00e3o de drogas e infra\u00e7\u00f5es de tr\u00e2nsito. Com opera\u00e7\u00f5es integradas e patrulhamento ostensivo, as equipes da Pol\u00edcia Militar trabalharam para coibir crimes, fiscalizando o tr\u00e2nsito e na preven\u00e7\u00e3o de situa\u00e7\u00f5es de risco em cidades da regi\u00e3o. Nos \u00faltimos dias, a\u00e7\u00f5es em Pomp\u00e9ia e Mar\u00edlia resultaram em\u2026","rel":"","context":"Em &quot;Fiscaliza\u00e7\u00e3o&quot;","block_context":{"text":"Fiscaliza\u00e7\u00e3o","link":"https:\/\/diariodegarca.com\/?cat=1192752"},"img":{"alt_text":"","src":"","width":0,"height":0},"classes":[]},{"id":4602,"url":"https:\/\/diariodegarca.com\/?p=4602","url_meta":{"origin":8194,"position":2},"title":"Opera\u00e7\u00e3o Impacto contra o tr\u00e1fico resulta em duas pris\u00f5es e apreens\u00e3o de drogas em Tup\u00e3 e Mar\u00edlia","author":"Di\u00e1rio de Gar\u00e7a","date":"9 de julho de 2025","format":false,"excerpt":"For\u00e7a T\u00e1tica do 9\u00ba BPM prende suspeitos e apreende coca\u00edna, crack e dinheiro em a\u00e7\u00f5es distintas Na ter\u00e7a-feira, dia 8 de julho, durante a\u00a0Opera\u00e7\u00e3o Impacto Contra o Tr\u00e1fico, o 9\u00ba Batalh\u00e3o de Pol\u00edcia Militar do Interior registrou duas ocorr\u00eancias levaram a pris\u00f5es e apreens\u00f5es nas cidades de\u00a0Tup\u00e3 e Mar\u00edlia. Tup\u00e3:\u2026","rel":"","context":"Em &quot;Mar\u00edlia&quot;","block_context":{"text":"Mar\u00edlia","link":"https:\/\/diariodegarca.com\/?cat=683453294"},"img":{"alt_text":"","src":"","width":0,"height":0},"classes":[]},{"id":3719,"url":"https:\/\/diariodegarca.com\/?p=3719","url_meta":{"origin":8194,"position":3},"title":"Pol\u00edcia Militar prende suspeitos de crimes graves em Gar\u00e7a e Mar\u00edlia","author":"Di\u00e1rio de Gar\u00e7a","date":"4 de junho de 2025","format":false,"excerpt":"Opera\u00e7\u00f5es do 9\u00ba BPM\/I resultam na captura de foragidos e apreens\u00e3o de drogas em a\u00e7\u00f5es distintas A Pol\u00edcia Militar do Interior, por meio do 9\u00ba Batalh\u00e3o, tem atuado de forma incisiva no combate ao crime nas cidades de sua jurisdi\u00e7\u00e3o. Com patrulhamentos ostensivos e abordagens estrat\u00e9gicas, as equipes t\u00eam garantido\u2026","rel":"","context":"Em &quot;Gar\u00e7a&quot;","block_context":{"text":"Gar\u00e7a","link":"https:\/\/diariodegarca.com\/?cat=781171664"},"img":{"alt_text":"","src":"","width":0,"height":0},"classes":[]},{"id":7572,"url":"https:\/\/diariodegarca.com\/?p=7572","url_meta":{"origin":8194,"position":4},"title":"Apreens\u00e3o de drogas e pris\u00e3o por tr\u00e1fico de dupla em terreno baldio de Mar\u00edlia","author":"Andreza Sega","date":"9 de outubro de 2025","format":false,"excerpt":"Ap\u00f3s tentativa de fuga e escalada de muro no Jardim Padre Nobrega, um homem foi preso com grande quantidade de entorpecentes; comparsa foi liberado como testemunha. Uma a\u00e7\u00e3o de rotina da For\u00e7a T\u00e1tica do 9\u00ba Batalh\u00e3o de Pol\u00edcia Militar do Interior resultou na apreens\u00e3o de um grande volume de drogas\u2026","rel":"","context":"Em &quot;Mar\u00edlia&quot;","block_context":{"text":"Mar\u00edlia","link":"https:\/\/diariodegarca.com\/?cat=683453294"},"img":{"alt_text":"","src":"https:\/\/i0.wp.com\/diariodegarca.com\/wp-content\/uploads\/2025\/10\/SnapInsta.to_562862280_18319545784246526_2611159681123843560_n.jpg?fit=894%2C1118&ssl=1&resize=350%2C200","width":350,"height":200,"srcset":"https:\/\/i0.wp.com\/diariodegarca.com\/wp-content\/uploads\/2025\/10\/SnapInsta.to_562862280_18319545784246526_2611159681123843560_n.jpg?fit=894%2C1118&ssl=1&resize=350%2C200 1x, https:\/\/i0.wp.com\/diariodegarca.com\/wp-content\/uploads\/2025\/10\/SnapInsta.to_562862280_18319545784246526_2611159681123843560_n.jpg?fit=894%2C1118&ssl=1&resize=525%2C300 1.5x, https:\/\/i0.wp.com\/diariodegarca.com\/wp-content\/uploads\/2025\/10\/SnapInsta.to_562862280_18319545784246526_2611159681123843560_n.jpg?fit=894%2C1118&ssl=1&resize=700%2C400 2x"},"classes":[]},{"id":3861,"url":"https:\/\/diariodegarca.com\/?p=3861","url_meta":{"origin":8194,"position":5},"title":"Pol\u00edcia Militar desarticula rede de drogas e prende procurados em Mar\u00edlia e Echapor\u00e3","author":"Di\u00e1rio de Gar\u00e7a","date":"10 de junho de 2025","format":false,"excerpt":"Opera\u00e7\u00f5es da For\u00e7a T\u00e1tica resultam em apreens\u00e3o de entorpecentes, armas e captura de criminosos A Pol\u00edcia Militar do Estado de S\u00e3o Paulo segue atuando no combate ao crime, seja no enfrentamento ao tr\u00e1fico de drogas, na apreens\u00e3o de armas ilegais ou na captura de procurados pela justi\u00e7a. Opera\u00e7\u00f5es recentes do\u2026","rel":"","context":"Em &quot;Echapor\u00e3&quot;","block_context":{"text":"Echapor\u00e3","link":"https:\/\/diariodegarca.com\/?cat=9098997"},"img":{"alt_text":"","src":"","width":0,"height":0},"classes":[]}],"_links":{"self":[{"href":"https:\/\/diariodegarca.com\/index.php?rest_route=\/wp\/v2\/posts\/8194","targetHints":{"allow":["GET"]}}],"collection":[{"href":"https:\/\/diariodegarca.com\/index.php?rest_route=\/wp\/v2\/posts"}],"about":[{"href":"https:\/\/diariodegarca.com\/index.php?rest_route=\/wp\/v2\/types\/post"}],"author":[{"embeddable":true,"href":"https:\/\/diariodegarca.com\/index.php?rest_route=\/wp\/v2\/users\/260896548"}],"replies":[{"embeddable":true,"href":"https:\/\/diariodegarca.com\/index.php?rest_route=%2Fwp%2Fv2%2Fcomments&post=8194"}],"version-history":[{"count":3,"href":"https:\/\/diariodegarca.com\/index.php?rest_route=\/wp\/v2\/posts\/8194\/revisions"}],"predecessor-version":[{"id":8199,"href":"https:\/\/diariodegarca.com\/index.php?rest_route=\/wp\/v2\/posts\/8194\/revisions\/8199"}],"wp:featuredmedia":[{"embeddable":true,"href":"https:\/\/diariodegarca.com\/index.php?rest_route=\/wp\/v2\/media\/8195"}],"wp:attachment":[{"href":"https:\/\/diariodegarca.com\/index.php?rest_route=%2Fwp%2Fv2%2Fmedia&parent=8194"}],"wp:term":[{"taxonomy":"category","embeddable":true,"href":"https:\/\/diariodegarca.com\/index.php?rest_route=%2Fwp%2Fv2%2Fcategories&post=8194"},{"taxonomy":"post_tag","embeddable":true,"href":"https:\/\/diariodegarca.com\/index.php?rest_route=%2Fwp%2Fv2%2Ftags&post=8194"}],"curies":[{"name":"wp","href":"https:\/\/api.w.org\/{rel}","templated":true}]}}