{"id":8216,"date":"2025-10-29T17:59:09","date_gmt":"2025-10-29T20:59:09","guid":{"rendered":"https:\/\/diariodegarca.com\/?p=8216"},"modified":"2025-10-29T17:59:09","modified_gmt":"2025-10-29T20:59:09","slug":"fiscalizacao-de-transporte-escolar-em-garca-aplica-32-multas-em-dois-dias","status":"publish","type":"post","link":"https:\/\/diariodegarca.com\/?p=8216","title":{"rendered":"Fiscaliza\u00e7\u00e3o de transporte escolar em Gar\u00e7a aplica 32 multas em dois dias"},"content":{"rendered":"\n<p class=\"wp-block-paragraph\"><em>Opera\u00e7\u00e3o conjunta da PM e do DETRAN-SP vistoriou 11 ve\u00edculos e encontrou diversas irregularidades; a\u00e7\u00f5es continuam na regi\u00e3o para garantir a seguran\u00e7a dos estudantes.<\/em><\/p>\n\n\n\n<p class=\"wp-block-paragraph\">Uma opera\u00e7\u00e3o de fiscaliza\u00e7\u00e3o voltada para o transporte escolar foi realizada em Gar\u00e7a nos dias 23 e 24 de outubro. A a\u00e7\u00e3o, uma iniciativa conjunta da Pol\u00edcia Militar e do DETRAN-SP, inspecionou 11 ve\u00edculos respons\u00e1veis pelo deslocamento di\u00e1rio de estudantes.<\/p>\n\n\n\n<p class=\"wp-block-paragraph\">O balan\u00e7o da iniciativa apontou uma s\u00e9rie de irregularidades, o que resultou na aplica\u00e7\u00e3o de <strong>32 autos de infra\u00e7\u00e3o<\/strong>. O objetivo central da fiscaliza\u00e7\u00e3o foi garantir a seguran\u00e7a de crian\u00e7as e adolescentes que utilizam o servi\u00e7o, assegurando que tanto os ve\u00edculos quanto os condutores cumpram as rigorosas normas estabelecidas pelo C\u00f3digo de Tr\u00e2nsito Brasileiro (CTB).<\/p>\n\n\n\n<p class=\"wp-block-paragraph\">De acordo com o DETRAN-SP, esse tipo de opera\u00e7\u00e3o n\u00e3o ser\u00e1 isolado. As fiscaliza\u00e7\u00f5es devem continuar e ser\u00e3o estendidas a outros munic\u00edpios da regi\u00e3o, com o intuito de alcan\u00e7ar o maior n\u00famero poss\u00edvel de ve\u00edculos escolares. A medida tamb\u00e9m visa conscientizar condutores e propriet\u00e1rios sobre a import\u00e2ncia do estrito cumprimento da lei.<\/p>\n\n\n\n<p class=\"wp-block-paragraph\">Essas a\u00e7\u00f5es s\u00e3o consideradas fundamentais para proteger a vida dos alunos, reduzir potenciais riscos de acidentes e refor\u00e7ar a confian\u00e7a das fam\u00edlias que dependem desse servi\u00e7o essencial.<\/p>\n\n\n\n<p class=\"wp-block-paragraph\"><strong>Dicas de seguran\u00e7a: exig\u00eancias para o transporte escolar seguro<\/strong><\/p>\n\n\n\n<p class=\"wp-block-paragraph\">Para operar dentro da lei e, principalmente, garantir a seguran\u00e7a dos passageiros, ve\u00edculos e condutores de transporte escolar devem atender a uma s\u00e9rie de requisitos obrigat\u00f3rios:<\/p>\n\n\n\n<p class=\"wp-block-paragraph\"><strong>Para o ve\u00edculo:<\/strong><\/p>\n\n\n\n<ul class=\"wp-block-list\">\n<li>Autoriza\u00e7\u00e3o espec\u00edfica do DETRAN, renovada anualmente ap\u00f3s vistoria.<\/li>\n\n\n\n<li>Pintura na cor amarela com a faixa horizontal preta e a inscri\u00e7\u00e3o &#8220;ESCOLAR&#8221; nas laterais e traseira.<\/li>\n\n\n\n<li>Cinto de seguran\u00e7a em todos os assentos.<\/li>\n\n\n\n<li>Tac\u00f3grafo (aparelho que registra velocidade e tempo) em perfeito funcionamento.<\/li>\n\n\n\n<li>Lanterna de luz branca, fosca ou amarela na parte superior dianteira e vermelha na traseira.<\/li>\n\n\n\n<li>Janelas com travas de seguran\u00e7a e vidros que permitam ventila\u00e7\u00e3o.<\/li>\n\n\n\n<li>Inspe\u00e7\u00e3o veicular semestral para verificar condi\u00e7\u00f5es de itens como freios, pneus e extintor de inc\u00eandio.<\/li>\n\n\n\n<li>Toda a documenta\u00e7\u00e3o, incluindo licenciamento e seguro DPVAT, deve estar em dia.<\/li>\n<\/ul>\n\n\n\n<p class=\"wp-block-paragraph\"><strong>Para o condutor:<\/strong><\/p>\n\n\n\n<ul class=\"wp-block-list\">\n<li>Possuir Carteira Nacional de Habilita\u00e7\u00e3o (CNH) na categoria &#8220;D&#8221;.<\/li>\n\n\n\n<li>Ter realizado curso especializado para transporte de escolares.<\/li>\n\n\n\n<li>N\u00e3o ter cometido infra\u00e7\u00f5es graves ou grav\u00edssimas, ou ser reincidente em m\u00e9dias, nos \u00faltimos 12 meses.<\/li>\n\n\n\n<li>Comprovar boa conduta e responsabilidade no tr\u00e2nsito.<\/li>\n<\/ul>\n","protected":false},"excerpt":{"rendered":"<p>Opera\u00e7\u00e3o conjunta da PM e do DETRAN-SP vistoriou 11 ve\u00edculos e encontrou diversas irregularidades; a\u00e7\u00f5es continuam na regi\u00e3o para garantir a seguran\u00e7a dos estudantes. Uma opera\u00e7\u00e3o de fiscaliza\u00e7\u00e3o voltada para o transporte escolar foi realizada em Gar\u00e7a nos dias 23 e 24 de outubro. A a\u00e7\u00e3o, uma iniciativa conjunta da Pol\u00edcia Militar e do DETRAN-SP, [&hellip;]<\/p>\n","protected":false},"author":260896548,"featured_media":8219,"comment_status":"open","ping_status":"open","sticky":false,"template":"","format":"standard","meta":{"_monsterinsights_skip_tracking":false,"advanced_seo_description":"Opera\u00e7\u00e3o da PM e DETRAN-SP inspecionou 11 ve\u00edculos escolares em Gar\u00e7a, resultando em 32 infra\u00e7\u00f5es. Seguran\u00e7a de estudantes em foco.","jetpack_seo_html_title":"Fiscaliza\u00e7\u00e3o do Transporte Escolar: Irregularidades em Gar\u00e7a","jetpack_seo_noindex":false,"jetpack_seo_schema_type":"","_jetpack_newsletter_access":"","_jetpack_dont_email_post_to_subs":false,"_jetpack_newsletter_tier_id":0,"_jetpack_memberships_contains_paywalled_content":false,"_wpcom_ai_launchpad_first_post":false,"_jetpack_feature_clip_id":0,"_jetpack_memberships_contains_paid_content":false,"footnotes":"","jetpack_publicize_message":"Uma opera\u00e7\u00e3o de fiscaliza\u00e7\u00e3o do transporte escolar em Gar\u00e7a resultou em 32 multas aplicadas em apenas dois dias. A a\u00e7\u00e3o, realizada pela Pol\u00edcia Militar e pelo DETRAN-SP, vistoriou 11 ve\u00edculos e encontrou diversas irregularidades.\n\nO objetivo \u00e9 garantir a seguran\u00e7a dos estudantes que utilizam o servi\u00e7o diariamente. As fiscaliza\u00e7\u00f5es continuam na regi\u00e3o para assegurar que condutores e ve\u00edculos cumpram todas as normas de seguran\u00e7a.\n\nPara saber todos os detalhes da opera\u00e7\u00e3o e conhecer as exig\u00eancias legais para um transporte escolar seguro, leia a reportagem completa no site.\n\n\ud83d\udd17 Acesse o link na nossa bio ou visite: diariodegarca.com\n\n#TransporteEscolar #Seguran\u00e7aNoTr\u00e2nsito #Fiscaliza\u00e7\u00e3o #Gar\u00e7a #DetranSP #PoliciaMilitar #Crian\u00e7asSeguras #Tr\u00e2nsitoSeguro #Not\u00edciaDeGarca","jetpack_publicize_feature_enabled":true,"jetpack_social_post_already_shared":false,"jetpack_social_options":{"image_generator_settings":{"template":"highway","default_image_id":0,"font":"","enabled":false},"version":2},"_wpas_customize_per_network":false,"jetpack_post_was_ever_published":false},"categories":[1192752,781171664],"tags":[],"class_list":["post-8216","post","type-post","status-publish","format-standard","has-post-thumbnail","hentry","category-fiscalizacao","category-garca-cidade"],"jetpack_publicize_connections":[],"jetpack_likes_enabled":true,"jetpack_sharing_enabled":true,"jetpack_shortlink":"https:\/\/wp.me\/pgitne-28w","jetpack-related-posts":[{"id":6736,"url":"https:\/\/diariodegarca.com\/?p=6736","url_meta":{"origin":8216,"position":0},"title":"Opera\u00e7\u00e3o Cavalo de A\u00e7o fiscaliza motocicletas e aplica autos de infra\u00e7\u00e3o em Gar\u00e7a","author":"Di\u00e1rio de Gar\u00e7a","date":"13 de setembro de 2025","format":false,"excerpt":"A\u00e7\u00e3o conjunta da PM e do Detran resultou na remo\u00e7\u00e3o de tr\u00eas ve\u00edculos e registrou uma recusa ao teste do baf\u00f4metro durante fiscaliza\u00e7\u00e3o no in\u00edcio da noite de ontem. Uma opera\u00e7\u00e3o de fiscaliza\u00e7\u00e3o voltada especificamente para motocicletas foi realizada no in\u00edcio da noite de sexta-feira, 12 de setembro, em Gar\u00e7a.\u2026","rel":"","context":"Em &quot;Gar\u00e7a&quot;","block_context":{"text":"Gar\u00e7a","link":"https:\/\/diariodegarca.com\/?cat=781171664"},"img":{"alt_text":"","src":"https:\/\/i0.wp.com\/diariodegarca.com\/wp-content\/uploads\/2025\/09\/WhatsApp-Image-2025-09-13-at-11.58.59.jpeg?fit=1200%2C890&ssl=1&resize=350%2C200","width":350,"height":200,"srcset":"https:\/\/i0.wp.com\/diariodegarca.com\/wp-content\/uploads\/2025\/09\/WhatsApp-Image-2025-09-13-at-11.58.59.jpeg?fit=1200%2C890&ssl=1&resize=350%2C200 1x, https:\/\/i0.wp.com\/diariodegarca.com\/wp-content\/uploads\/2025\/09\/WhatsApp-Image-2025-09-13-at-11.58.59.jpeg?fit=1200%2C890&ssl=1&resize=525%2C300 1.5x, https:\/\/i0.wp.com\/diariodegarca.com\/wp-content\/uploads\/2025\/09\/WhatsApp-Image-2025-09-13-at-11.58.59.jpeg?fit=1200%2C890&ssl=1&resize=700%2C400 2x, https:\/\/i0.wp.com\/diariodegarca.com\/wp-content\/uploads\/2025\/09\/WhatsApp-Image-2025-09-13-at-11.58.59.jpeg?fit=1200%2C890&ssl=1&resize=1050%2C600 3x"},"classes":[]},{"id":6470,"url":"https:\/\/diariodegarca.com\/?p=6470","url_meta":{"origin":8216,"position":1},"title":"Opera\u00e7\u00e3o &#8220;Cavalo de A\u00e7o&#8221; fiscaliza mais de 400 motocicletas e recolhe ve\u00edculos em Mar\u00edlia","author":"Di\u00e1rio de Gar\u00e7a","date":"6 de setembro de 2025","format":false,"excerpt":"A\u00e7\u00e3o conjunta da PM e do Detran-SP na Via Expressa registrou dezenas de autua\u00e7\u00f5es, incluindo recusa ao teste do baf\u00f4metro e falta de documenta\u00e7\u00e3o. Em uma a\u00e7\u00e3o conjunta de fiscaliza\u00e7\u00e3o de tr\u00e2nsito realizada na \u00faltima sexta-feira, 5 de setembro, a Pol\u00edcia Militar e o Departamento Estadual de Tr\u00e2nsito de S\u00e3o\u2026","rel":"","context":"Em &quot;Mar\u00edlia&quot;","block_context":{"text":"Mar\u00edlia","link":"https:\/\/diariodegarca.com\/?cat=683453294"},"img":{"alt_text":"","src":"https:\/\/i0.wp.com\/diariodegarca.com\/wp-content\/uploads\/2025\/08\/snapinsta.to_538731954_18313351471246526_1871743859055979954_n-1-e1762717736830.webp?fit=1080%2C716&ssl=1&resize=350%2C200","width":350,"height":200,"srcset":"https:\/\/i0.wp.com\/diariodegarca.com\/wp-content\/uploads\/2025\/08\/snapinsta.to_538731954_18313351471246526_1871743859055979954_n-1-e1762717736830.webp?fit=1080%2C716&ssl=1&resize=350%2C200 1x, https:\/\/i0.wp.com\/diariodegarca.com\/wp-content\/uploads\/2025\/08\/snapinsta.to_538731954_18313351471246526_1871743859055979954_n-1-e1762717736830.webp?fit=1080%2C716&ssl=1&resize=525%2C300 1.5x, https:\/\/i0.wp.com\/diariodegarca.com\/wp-content\/uploads\/2025\/08\/snapinsta.to_538731954_18313351471246526_1871743859055979954_n-1-e1762717736830.webp?fit=1080%2C716&ssl=1&resize=700%2C400 2x, https:\/\/i0.wp.com\/diariodegarca.com\/wp-content\/uploads\/2025\/08\/snapinsta.to_538731954_18313351471246526_1871743859055979954_n-1-e1762717736830.webp?fit=1080%2C716&ssl=1&resize=1050%2C600 3x"},"classes":[]},{"id":7451,"url":"https:\/\/diariodegarca.com\/?p=7451","url_meta":{"origin":8216,"position":2},"title":"Opera\u00e7\u00e3o de tr\u00e2nsito em Gar\u00e7a apreende ve\u00edculos e aplica testes de baf\u00f4metro","author":"Andreza Sega","date":"4 de outubro de 2025","format":false,"excerpt":"A\u00e7\u00e3o integrada contou com a participa\u00e7\u00e3o de novos soldados da PM em fase de est\u00e1gio e resultou em diversas autua\u00e7\u00f5es por infra\u00e7\u00f5es graves. Uma opera\u00e7\u00e3o de fiscaliza\u00e7\u00e3o de tr\u00e2nsito mobilizou aconteceu em Gar\u00e7a na \u00faltima sexta-feira, 3 de outubro. A a\u00e7\u00e3o, da Pol\u00edcia Militar e do Detran-SP, batizada de \"Opera\u00e7\u00e3o\u2026","rel":"","context":"Em &quot;Gar\u00e7a&quot;","block_context":{"text":"Gar\u00e7a","link":"https:\/\/diariodegarca.com\/?cat=781171664"},"img":{"alt_text":"","src":"https:\/\/i0.wp.com\/diariodegarca.com\/wp-content\/uploads\/2025\/10\/SnapInsta.to_558913816_18318644569246526_1878763322741094773_n.webp?fit=1080%2C1080&ssl=1&resize=350%2C200","width":350,"height":200,"srcset":"https:\/\/i0.wp.com\/diariodegarca.com\/wp-content\/uploads\/2025\/10\/SnapInsta.to_558913816_18318644569246526_1878763322741094773_n.webp?fit=1080%2C1080&ssl=1&resize=350%2C200 1x, https:\/\/i0.wp.com\/diariodegarca.com\/wp-content\/uploads\/2025\/10\/SnapInsta.to_558913816_18318644569246526_1878763322741094773_n.webp?fit=1080%2C1080&ssl=1&resize=525%2C300 1.5x, https:\/\/i0.wp.com\/diariodegarca.com\/wp-content\/uploads\/2025\/10\/SnapInsta.to_558913816_18318644569246526_1878763322741094773_n.webp?fit=1080%2C1080&ssl=1&resize=700%2C400 2x, https:\/\/i0.wp.com\/diariodegarca.com\/wp-content\/uploads\/2025\/10\/SnapInsta.to_558913816_18318644569246526_1878763322741094773_n.webp?fit=1080%2C1080&ssl=1&resize=1050%2C600 3x"},"classes":[]},{"id":3980,"url":"https:\/\/diariodegarca.com\/?p=3980","url_meta":{"origin":8216,"position":3},"title":"Opera\u00e7\u00e3o Dire\u00e7\u00e3o Segura em Gar\u00e7a resulta em 36 autua\u00e7\u00f5es e refor\u00e7a fiscaliza\u00e7\u00e3o no tr\u00e2nsito","author":"Di\u00e1rio de Gar\u00e7a","date":"15 de junho de 2025","format":false,"excerpt":"A\u00e7\u00e3o integrada entre PM e Detran abordou 447 ve\u00edculos e coibiu infra\u00e7\u00f5es como dire\u00e7\u00e3o sob efeito de \u00e1lcool e documenta\u00e7\u00e3o irregular Na \u00faltima sexta-feira, dia 13 de junho, a Pol\u00edcia Militar, em parceria com o Departamento de Tr\u00e2nsito (Detran), realizou a\u00a0Opera\u00e7\u00e3o Dire\u00e7\u00e3o Segura Integrada (ODSI)\u00a0em Gar\u00e7a, focada no combate a\u2026","rel":"","context":"Em &quot;Fiscaliza\u00e7\u00e3o&quot;","block_context":{"text":"Fiscaliza\u00e7\u00e3o","link":"https:\/\/diariodegarca.com\/?cat=1192752"},"img":{"alt_text":"","src":"","width":0,"height":0},"classes":[]},{"id":2775,"url":"https:\/\/diariodegarca.com\/?p=2775","url_meta":{"origin":8216,"position":4},"title":"Instrutor de autoescola \u00e9 preso por registrar &#034;aulas-fantasmas&#034; em Piraju\u00ed","author":"Di\u00e1rio de Gar\u00e7a","date":"21 de fevereiro de 2025","format":false,"excerpt":"Um instrutor de autoescola foi preso em flagrante na quinta-feira, dia 20 de fevereiro, em Piraju\u00ed, ap\u00f3s fiscaliza\u00e7\u00e3o do Departamento Estadual de Tr\u00e2nsito (Detran) identificar a inser\u00e7\u00e3o de aulas n\u00e3o realizadas no sistema do \u00f3rg\u00e3o. O caso, semelhante a uma ocorr\u00eancia registrada em Gar\u00e7a no m\u00eas anterior, revela mais uma\u2026","rel":"","context":"Em &quot;Brasil&quot;","block_context":{"text":"Brasil","link":"https:\/\/diariodegarca.com\/?cat=38185"},"img":{"alt_text":"","src":"","width":0,"height":0},"classes":[]},{"id":2461,"url":"https:\/\/diariodegarca.com\/?p=2461","url_meta":{"origin":8216,"position":5},"title":"Opera\u00e7\u00e3o Dire\u00e7\u00e3o Segura em Tup\u00e3 autua 46 condutores e recolhe 9 ve\u00edculos","author":"Di\u00e1rio de Gar\u00e7a","date":"5 de abril de 2025","format":false,"excerpt":"Na \u00faltima sexta-feira, dia 4 de abril, o 9\u00ba Batalh\u00e3o de Pol\u00edcia Militar do Interior (PM-SP), em conjunto com a Pol\u00edcia Civil e o Departamento Estadual de Tr\u00e2nsito (Detran-SP), realizou a Opera\u00e7\u00e3o Dire\u00e7\u00e3o Segura e a Opera\u00e7\u00e3o Dire\u00e7\u00e3o Segura Integrada (ODSI) em Tup\u00e3. A a\u00e7\u00e3o visou fiscalizar o cumprimento das\u2026","rel":"","context":"Em &quot;Brasil&quot;","block_context":{"text":"Brasil","link":"https:\/\/diariodegarca.com\/?cat=38185"},"img":{"alt_text":"","src":"","width":0,"height":0},"classes":[]}],"jetpack_featured_media_url":"https:\/\/i0.wp.com\/diariodegarca.com\/wp-content\/uploads\/2025\/10\/WhatsApp-Image-2025-10-29-at-17.43.30.jpeg?fit=1600%2C1200&ssl=1","_links":{"self":[{"href":"https:\/\/diariodegarca.com\/index.php?rest_route=\/wp\/v2\/posts\/8216","targetHints":{"allow":["GET"]}}],"collection":[{"href":"https:\/\/diariodegarca.com\/index.php?rest_route=\/wp\/v2\/posts"}],"about":[{"href":"https:\/\/diariodegarca.com\/index.php?rest_route=\/wp\/v2\/types\/post"}],"author":[{"embeddable":true,"href":"https:\/\/diariodegarca.com\/index.php?rest_route=\/wp\/v2\/users\/260896548"}],"replies":[{"embeddable":true,"href":"https:\/\/diariodegarca.com\/index.php?rest_route=%2Fwp%2Fv2%2Fcomments&post=8216"}],"version-history":[{"count":3,"href":"https:\/\/diariodegarca.com\/index.php?rest_route=\/wp\/v2\/posts\/8216\/revisions"}],"predecessor-version":[{"id":8220,"href":"https:\/\/diariodegarca.com\/index.php?rest_route=\/wp\/v2\/posts\/8216\/revisions\/8220"}],"wp:featuredmedia":[{"embeddable":true,"href":"https:\/\/diariodegarca.com\/index.php?rest_route=\/wp\/v2\/media\/8219"}],"wp:attachment":[{"href":"https:\/\/diariodegarca.com\/index.php?rest_route=%2Fwp%2Fv2%2Fmedia&parent=8216"}],"wp:term":[{"taxonomy":"category","embeddable":true,"href":"https:\/\/diariodegarca.com\/index.php?rest_route=%2Fwp%2Fv2%2Fcategories&post=8216"},{"taxonomy":"post_tag","embeddable":true,"href":"https:\/\/diariodegarca.com\/index.php?rest_route=%2Fwp%2Fv2%2Ftags&post=8216"}],"curies":[{"name":"wp","href":"https:\/\/api.w.org\/{rel}","templated":true}]}}