{"id":8221,"date":"2025-10-30T09:37:37","date_gmt":"2025-10-30T12:37:37","guid":{"rendered":"https:\/\/diariodegarca.com\/?p=8221"},"modified":"2025-10-30T09:37:37","modified_gmt":"2025-10-30T12:37:37","slug":"bomba-dagua-e-furtada-da-piscina-municipal-do-distrito-de-jafa","status":"publish","type":"post","link":"https:\/\/diariodegarca.com\/?p=8221","title":{"rendered":"Bomba d&#8217;\u00e1gua \u00e9 furtada da piscina municipal do distrito de Jafa"},"content":{"rendered":"\n<p class=\"wp-block-paragraph\"><em>Equipamento essencial para a manuten\u00e7\u00e3o do espa\u00e7o p\u00fablico foi subtra\u00eddo. Zelador descobriu o crime durante vistoria de rotina e per\u00edcia foi acionada para investigar.<\/em><\/p>\n\n\n\n<p class=\"wp-block-paragraph\">A piscina p\u00fablica do distrito de Jafa foi alvo de um furto nesta semana. O equipamento essencial para sua opera\u00e7\u00e3o, uma bomba d&#8217;\u00e1gua, foi subtra\u00eddo, em um caso registrado pela 4\u00aa Companhia da Pol\u00edcia Militar.<\/p>\n\n\n\n<p class=\"wp-block-paragraph\">O fato foi descoberto pelo zelador do local durante uma inspe\u00e7\u00e3o de manuten\u00e7\u00e3o rotineira. Foi ele quem percebeu a aus\u00eancia do cadeado que trancava o acesso \u00e0 caixa do equipamento. Ao abri-la, constatou que a bomba d&#8217;\u00e1gua havia sido furtada. Imediatamente, a Pol\u00edcia Militar foi acionada para registrar a ocorr\u00eancia.<\/p>\n\n\n\n<p class=\"wp-block-paragraph\">A equipe policial que compareceu ao local confirmou o furto e deu andamento ao procedimento padr\u00e3o, solicitando ao Distrito Policial o envio de uma equipe de per\u00edcia t\u00e9cnica. Enquanto aguardava a chegada dos peritos para a coleta de poss\u00edveis vest\u00edgios, o zelador permaneceu no local para prestar apoio.<\/p>\n\n\n\n<p class=\"wp-block-paragraph\">O caso foi registrado oficialmente como um furto qualificado. Diferente de outros espa\u00e7os p\u00fablicos, o local n\u00e3o disp\u00f5e de c\u00e2meras de monitoramento, fato que pode representar um desafio adicional para a investiga\u00e7\u00e3o.<\/p>\n","protected":false},"excerpt":{"rendered":"<p>Equipamento essencial para a manuten\u00e7\u00e3o do espa\u00e7o p\u00fablico foi subtra\u00eddo. Zelador descobriu o crime durante vistoria de rotina e per\u00edcia foi acionada para investigar. A piscina p\u00fablica do distrito de Jafa foi alvo de um furto nesta semana. O equipamento essencial para sua opera\u00e7\u00e3o, uma bomba d&#8217;\u00e1gua, foi subtra\u00eddo, em um caso registrado pela 4\u00aa [&hellip;]<\/p>\n","protected":false},"author":260896548,"featured_media":8223,"comment_status":"open","ping_status":"open","sticky":false,"template":"","format":"standard","meta":{"_monsterinsights_skip_tracking":false,"advanced_seo_description":"Um furto na piscina p\u00fablica de Jafa: bomba d'\u00e1gua subtra\u00edda durante uma vistoria do zelador. Pol\u00edcia investiga o caso sem c\u00e2meras.","jetpack_seo_html_title":"Furto de Bomba d'\u00c1gua em Piscina P\u00fablica de Jafa","jetpack_seo_noindex":false,"jetpack_seo_schema_type":"","_jetpack_newsletter_access":"","_jetpack_dont_email_post_to_subs":false,"_jetpack_newsletter_tier_id":0,"_jetpack_memberships_contains_paywalled_content":false,"_wpcom_ai_launchpad_first_post":false,"_jetpack_feature_clip_id":0,"_jetpack_memberships_contains_paid_content":false,"footnotes":"","jetpack_publicize_message":"\ud83d\udd0d Furto na piscina municipal de Jafa\n\nA piscina p\u00fablica do distrito de Jafa foi alvo de um furto. A bomba d'\u00e1gua, equipamento vital para o funcionamento do local, foi subtra\u00edda. O zelador descobriu o crime durante uma vistoria de rotina e contatou a PM.\n\nAcesse a reportagem completa em diariodegarca.com (link na bio)\n\n#Jafa #PiscinaMunicipal #Furto #Seguran\u00e7aP\u00fablica #Pol\u00edciaMilitar #Di\u00e1rioDeGarca #Not\u00edciaLocal #EquipamentoP\u00fablico","jetpack_publicize_feature_enabled":true,"jetpack_social_post_already_shared":false,"jetpack_social_options":{"image_generator_settings":{"template":"highway","default_image_id":0,"font":"","enabled":false},"version":2},"_wpas_customize_per_network":false,"jetpack_post_was_ever_published":false},"categories":[781171664,21243],"tags":[],"class_list":["post-8221","post","type-post","status-publish","format-standard","has-post-thumbnail","hentry","category-garca-cidade","category-seguranca"],"jetpack_publicize_connections":[],"jetpack_likes_enabled":true,"jetpack_sharing_enabled":true,"jetpack_shortlink":"https:\/\/wp.me\/pgitne-28B","jetpack-related-posts":[{"id":8656,"url":"https:\/\/diariodegarca.com\/?p=8656","url_meta":{"origin":8221,"position":0},"title":"Vigilante det\u00e9m suspeito por furto a com\u00e9rcios no Terminal Rodovi\u00e1rio de Gar\u00e7a","author":"Andreza Sega","date":"11 de novembro de 2025","format":false,"excerpt":"Homem foi flagrado com diversos produtos subtra\u00eddos de um trailer de alimenta\u00e7\u00e3o e de uma quitanda; propriet\u00e1rios reconheceram itens e acionaram a pol\u00edcia. Um homem foi preso em flagrante na manh\u00e3 desta ter\u00e7a-feira, 11 de novembro, ap\u00f3s furtar itens de dois estabelecimentos comerciais na cidade de Gar\u00e7a. A a\u00e7\u00e3o policial\u2026","rel":"","context":"Em &quot;Gar\u00e7a&quot;","block_context":{"text":"Gar\u00e7a","link":"https:\/\/diariodegarca.com\/?cat=781171664"},"img":{"alt_text":"","src":"https:\/\/i0.wp.com\/diariodegarca.com\/wp-content\/uploads\/2025\/11\/WhatsApp-Image-2025-11-11-at-14.38.14.jpeg?fit=1200%2C900&ssl=1&resize=350%2C200","width":350,"height":200,"srcset":"https:\/\/i0.wp.com\/diariodegarca.com\/wp-content\/uploads\/2025\/11\/WhatsApp-Image-2025-11-11-at-14.38.14.jpeg?fit=1200%2C900&ssl=1&resize=350%2C200 1x, https:\/\/i0.wp.com\/diariodegarca.com\/wp-content\/uploads\/2025\/11\/WhatsApp-Image-2025-11-11-at-14.38.14.jpeg?fit=1200%2C900&ssl=1&resize=525%2C300 1.5x, https:\/\/i0.wp.com\/diariodegarca.com\/wp-content\/uploads\/2025\/11\/WhatsApp-Image-2025-11-11-at-14.38.14.jpeg?fit=1200%2C900&ssl=1&resize=700%2C400 2x, https:\/\/i0.wp.com\/diariodegarca.com\/wp-content\/uploads\/2025\/11\/WhatsApp-Image-2025-11-11-at-14.38.14.jpeg?fit=1200%2C900&ssl=1&resize=1050%2C600 3x"},"classes":[]},{"id":2797,"url":"https:\/\/diariodegarca.com\/?p=2797","url_meta":{"origin":8221,"position":1},"title":"Tentativa de furto a resid\u00eancia em Gar\u00e7a \u00e9 frustrada pela a\u00e7\u00e3o r\u00e1pida da Pol\u00edcia Militar","author":"Di\u00e1rio de Gar\u00e7a","date":"18 de fevereiro de 2025","format":false,"excerpt":"Na tarde de segunda-feira, dia 18 de fevereiro, por volta das 14h30, uma a\u00e7\u00e3o coordenada da Pol\u00edcia Militar impediu um furto qualificado a uma resid\u00eancia em Gar\u00e7a.\u00a0Os policiais foram acionados via COPOM ap\u00f3s den\u00fancias de que dois homens agiam de forma suspeita no local. De acordo com as investiga\u00e7\u00f5es, um\u2026","rel":"","context":"Em &quot;Brasil&quot;","block_context":{"text":"Brasil","link":"https:\/\/diariodegarca.com\/?cat=38185"},"img":{"alt_text":"","src":"","width":0,"height":0},"classes":[]},{"id":7702,"url":"https:\/\/diariodegarca.com\/?p=7702","url_meta":{"origin":8221,"position":2},"title":"Moradores det\u00eam suspeitos durante furto em s\u00edtio na zona rural de G\u00e1lia","author":"Andreza Sega","date":"16 de outubro de 2025","format":false,"excerpt":"Dois homens foram flagrados roubando uma ro\u00e7adeira e contidos por populares at\u00e9 a chegada da Pol\u00edcia Militar. Um flagrante de furto foi registrado na noite de quarta-feira, 15 de outubro, na zona rural do munic\u00edpio de G\u00e1lia. A a\u00e7\u00e3o r\u00e1pida de moradores da regi\u00e3o foi essencial para a pris\u00e3o de\u2026","rel":"","context":"Em &quot;G\u00e1lia&quot;","block_context":{"text":"G\u00e1lia","link":"https:\/\/diariodegarca.com\/?cat=1600904"},"img":{"alt_text":"","src":"https:\/\/i0.wp.com\/diariodegarca.com\/wp-content\/uploads\/2025\/10\/WhatsApp-Image-2025-10-16-at-10.41.20-rotated-e1760650677384.jpeg?fit=1200%2C784&ssl=1&resize=350%2C200","width":350,"height":200,"srcset":"https:\/\/i0.wp.com\/diariodegarca.com\/wp-content\/uploads\/2025\/10\/WhatsApp-Image-2025-10-16-at-10.41.20-rotated-e1760650677384.jpeg?fit=1200%2C784&ssl=1&resize=350%2C200 1x, https:\/\/i0.wp.com\/diariodegarca.com\/wp-content\/uploads\/2025\/10\/WhatsApp-Image-2025-10-16-at-10.41.20-rotated-e1760650677384.jpeg?fit=1200%2C784&ssl=1&resize=525%2C300 1.5x, https:\/\/i0.wp.com\/diariodegarca.com\/wp-content\/uploads\/2025\/10\/WhatsApp-Image-2025-10-16-at-10.41.20-rotated-e1760650677384.jpeg?fit=1200%2C784&ssl=1&resize=700%2C400 2x, https:\/\/i0.wp.com\/diariodegarca.com\/wp-content\/uploads\/2025\/10\/WhatsApp-Image-2025-10-16-at-10.41.20-rotated-e1760650677384.jpeg?fit=1200%2C784&ssl=1&resize=1050%2C600 3x"},"classes":[]},{"id":4613,"url":"https:\/\/diariodegarca.com\/?p=4613","url_meta":{"origin":8221,"position":3},"title":"Pol\u00edcia Militar age em Gar\u00e7a: menor apreendido por tr\u00e1fico e furto de bicicleta desvendado","author":"Di\u00e1rio de Gar\u00e7a","date":"11 de julho de 2025","format":false,"excerpt":"Opera\u00e7\u00f5es do 9\u00ba BPM\/I resultam em pris\u00f5es e recupera\u00e7\u00e3o de patrim\u00f4nio, refor\u00e7ando a seguran\u00e7a na regi\u00e3o. A Pol\u00edcia Militar do Estado de S\u00e3o Paulo, por meio do 9\u00ba Batalh\u00e3o de Pol\u00edcia Militar do Interior (9\u00ba BPM\/I), tem atuado de forma incisiva no combate \u00e0 criminalidade, garantindo a ordem p\u00fablica e\u2026","rel":"","context":"Em &quot;Gar\u00e7a&quot;","block_context":{"text":"Gar\u00e7a","link":"https:\/\/diariodegarca.com\/?cat=781171664"},"img":{"alt_text":"","src":"https:\/\/i0.wp.com\/diariodegarca.com\/wp-content\/uploads\/2025\/07\/em-garcahoje-11-por-volta-das-09h08min-policiais-militares-do-9o-batalhao-de-policia-milita-e1769719609181.webp?fit=1080%2C690&ssl=1&resize=350%2C200","width":350,"height":200,"srcset":"https:\/\/i0.wp.com\/diariodegarca.com\/wp-content\/uploads\/2025\/07\/em-garcahoje-11-por-volta-das-09h08min-policiais-militares-do-9o-batalhao-de-policia-milita-e1769719609181.webp?fit=1080%2C690&ssl=1&resize=350%2C200 1x, https:\/\/i0.wp.com\/diariodegarca.com\/wp-content\/uploads\/2025\/07\/em-garcahoje-11-por-volta-das-09h08min-policiais-militares-do-9o-batalhao-de-policia-milita-e1769719609181.webp?fit=1080%2C690&ssl=1&resize=525%2C300 1.5x, https:\/\/i0.wp.com\/diariodegarca.com\/wp-content\/uploads\/2025\/07\/em-garcahoje-11-por-volta-das-09h08min-policiais-militares-do-9o-batalhao-de-policia-milita-e1769719609181.webp?fit=1080%2C690&ssl=1&resize=700%2C400 2x, https:\/\/i0.wp.com\/diariodegarca.com\/wp-content\/uploads\/2025\/07\/em-garcahoje-11-por-volta-das-09h08min-policiais-militares-do-9o-batalhao-de-policia-milita-e1769719609181.webp?fit=1080%2C690&ssl=1&resize=1050%2C600 3x"},"classes":[]},{"id":9215,"url":"https:\/\/diariodegarca.com\/?p=9215","url_meta":{"origin":8221,"position":4},"title":"Pol\u00edcia prende homem por tentativa de roubo e facada no distrito de Jafa","author":"Andreza Sega","date":"30 de novembro de 2025","format":false,"excerpt":"V\u00edtima foi ferida nas costas ao tentar fugir de dois criminosos que queriam sua moto; um dos suspeitos foi localizado em campo de futebol com a arma do crime. Policiais militares do 9\u00b0 Batalh\u00e3o prenderam, na noite de s\u00e1bado, 29 de novembro, um homem acusado de tentativa de roubo e\u2026","rel":"","context":"Em &quot;Gar\u00e7a&quot;","block_context":{"text":"Gar\u00e7a","link":"https:\/\/diariodegarca.com\/?cat=781171664"},"img":{"alt_text":"","src":"https:\/\/i0.wp.com\/diariodegarca.com\/wp-content\/uploads\/2025\/11\/SnapInsta.to_586213961_18327304189246526_352278296742770031_n.jpg?fit=1080%2C795&ssl=1&resize=350%2C200","width":350,"height":200,"srcset":"https:\/\/i0.wp.com\/diariodegarca.com\/wp-content\/uploads\/2025\/11\/SnapInsta.to_586213961_18327304189246526_352278296742770031_n.jpg?fit=1080%2C795&ssl=1&resize=350%2C200 1x, https:\/\/i0.wp.com\/diariodegarca.com\/wp-content\/uploads\/2025\/11\/SnapInsta.to_586213961_18327304189246526_352278296742770031_n.jpg?fit=1080%2C795&ssl=1&resize=525%2C300 1.5x, https:\/\/i0.wp.com\/diariodegarca.com\/wp-content\/uploads\/2025\/11\/SnapInsta.to_586213961_18327304189246526_352278296742770031_n.jpg?fit=1080%2C795&ssl=1&resize=700%2C400 2x, https:\/\/i0.wp.com\/diariodegarca.com\/wp-content\/uploads\/2025\/11\/SnapInsta.to_586213961_18327304189246526_352278296742770031_n.jpg?fit=1080%2C795&ssl=1&resize=1050%2C600 3x"},"classes":[]},{"id":10088,"url":"https:\/\/diariodegarca.com\/?p=10088","url_meta":{"origin":8221,"position":5},"title":"Ap\u00f3s furto em com\u00e9rcio, PM prende homem que confessa mais crimes em Gar\u00e7a","author":"Di\u00e1rio de Gar\u00e7a","date":"17 de janeiro de 2026","format":false,"excerpt":"Um homem foi preso em flagrante em Gar\u00e7a, acusado de furto a um com\u00e9rcio. Ele confessou o crime e outros tr\u00eas similares. Todo o dinheiro subtra\u00eddo foi recuperado.","rel":"","context":"Em &quot;Gar\u00e7a&quot;","block_context":{"text":"Gar\u00e7a","link":"https:\/\/diariodegarca.com\/?cat=781171664"},"img":{"alt_text":"","src":"https:\/\/i0.wp.com\/diariodegarca.com\/wp-content\/uploads\/2026\/01\/dinheiro.webp?fit=1200%2C900&ssl=1&resize=350%2C200","width":350,"height":200,"srcset":"https:\/\/i0.wp.com\/diariodegarca.com\/wp-content\/uploads\/2026\/01\/dinheiro.webp?fit=1200%2C900&ssl=1&resize=350%2C200 1x, https:\/\/i0.wp.com\/diariodegarca.com\/wp-content\/uploads\/2026\/01\/dinheiro.webp?fit=1200%2C900&ssl=1&resize=525%2C300 1.5x, https:\/\/i0.wp.com\/diariodegarca.com\/wp-content\/uploads\/2026\/01\/dinheiro.webp?fit=1200%2C900&ssl=1&resize=700%2C400 2x, https:\/\/i0.wp.com\/diariodegarca.com\/wp-content\/uploads\/2026\/01\/dinheiro.webp?fit=1200%2C900&ssl=1&resize=1050%2C600 3x"},"classes":[]}],"jetpack_featured_media_url":"https:\/\/i0.wp.com\/diariodegarca.com\/wp-content\/uploads\/2025\/10\/psicina-jafa.jpg?fit=1061%2C495&ssl=1","_links":{"self":[{"href":"https:\/\/diariodegarca.com\/index.php?rest_route=\/wp\/v2\/posts\/8221","targetHints":{"allow":["GET"]}}],"collection":[{"href":"https:\/\/diariodegarca.com\/index.php?rest_route=\/wp\/v2\/posts"}],"about":[{"href":"https:\/\/diariodegarca.com\/index.php?rest_route=\/wp\/v2\/types\/post"}],"author":[{"embeddable":true,"href":"https:\/\/diariodegarca.com\/index.php?rest_route=\/wp\/v2\/users\/260896548"}],"replies":[{"embeddable":true,"href":"https:\/\/diariodegarca.com\/index.php?rest_route=%2Fwp%2Fv2%2Fcomments&post=8221"}],"version-history":[{"count":2,"href":"https:\/\/diariodegarca.com\/index.php?rest_route=\/wp\/v2\/posts\/8221\/revisions"}],"predecessor-version":[{"id":8224,"href":"https:\/\/diariodegarca.com\/index.php?rest_route=\/wp\/v2\/posts\/8221\/revisions\/8224"}],"wp:featuredmedia":[{"embeddable":true,"href":"https:\/\/diariodegarca.com\/index.php?rest_route=\/wp\/v2\/media\/8223"}],"wp:attachment":[{"href":"https:\/\/diariodegarca.com\/index.php?rest_route=%2Fwp%2Fv2%2Fmedia&parent=8221"}],"wp:term":[{"taxonomy":"category","embeddable":true,"href":"https:\/\/diariodegarca.com\/index.php?rest_route=%2Fwp%2Fv2%2Fcategories&post=8221"},{"taxonomy":"post_tag","embeddable":true,"href":"https:\/\/diariodegarca.com\/index.php?rest_route=%2Fwp%2Fv2%2Ftags&post=8221"}],"curies":[{"name":"wp","href":"https:\/\/api.w.org\/{rel}","templated":true}]}}