{"id":8317,"date":"2025-11-02T12:13:49","date_gmt":"2025-11-02T15:13:49","guid":{"rendered":"https:\/\/diariodegarca.com\/?p=8317"},"modified":"2025-11-02T12:13:49","modified_gmt":"2025-11-02T15:13:49","slug":"bicicleta-furtada-e-recuperada-pela-pm-e-homem-e-preso-em-pompeia","status":"publish","type":"post","link":"https:\/\/diariodegarca.com\/?p=8317","title":{"rendered":"Bicicleta furtada \u00e9 recuperada pela PM, e homem \u00e9 preso em Pomp\u00e9ia"},"content":{"rendered":"\n<p class=\"wp-block-paragraph\"><em>A\u00e7\u00e3o de Radiopatrulha, com apoio da popula\u00e7\u00e3o, resultou na localiza\u00e7\u00e3o do suspeito e na restitui\u00e7\u00e3o do bem \u00e0 v\u00edtima no mesmo dia.<\/em><\/p>\n\n\n\n<p class=\"wp-block-paragraph\">Um homem foi preso em flagrante pela Pol\u00edcia Militar, na tarde desta s\u00e1bado, 1\u00b0 de novembro, acusado de cometer um furto em Pomp\u00e9ia. A a\u00e7\u00e3o das equipes de Radiopatrulhamento permitiu a recupera\u00e7\u00e3o de uma bicicleta que havia sido subtra\u00edda horas antes.<\/p>\n\n\n\n<p class=\"wp-block-paragraph\">O trabalho policial teve in\u00edcio ap\u00f3s os militares serem informados sobre o furto. Com base em descri\u00e7\u00f5es e informa\u00e7\u00f5es fornecidas por moradores da regi\u00e3o, as equipes iniciaram as dilig\u00eancias. Um fator importante para a r\u00e1pida resolu\u00e7\u00e3o do caso foram as imagens que mostravam o autor do crime com a bicicleta furtada, as quais auxiliaram na identifica\u00e7\u00e3o e posterior localiza\u00e7\u00e3o do indiv\u00edduo.<\/p>\n\n\n\n<p class=\"wp-block-paragraph\">O suspeito foi encontrado e detido dentro de sua pr\u00f3pria resid\u00eancia. No local, os policiais localizaram a bicicleta, que estava escondida no quarto do homem. De acordo com a PM, ele confessou ter cometido o furto.<\/p>\n\n\n\n<p class=\"wp-block-paragraph\">Ap\u00f3s a pris\u00e3o, o homem foi encaminhado \u00e0 Central de Pol\u00edcia Judici\u00e1ria de Mar\u00edlia, onde a pris\u00e3o em flagrante foi formalizada. A bicicleta foi restitu\u00edda \u00e0 sua leg\u00edtima propriet\u00e1ria, encerrando o caso com a recupera\u00e7\u00e3o do patrim\u00f4nio em menos de 24 horas.<\/p>\n","protected":false},"excerpt":{"rendered":"<p>A\u00e7\u00e3o de Radiopatrulha, com apoio da popula\u00e7\u00e3o, resultou na localiza\u00e7\u00e3o do suspeito e na restitui\u00e7\u00e3o do bem \u00e0 v\u00edtima no mesmo dia. Um homem foi preso em flagrante pela Pol\u00edcia Militar, na tarde desta s\u00e1bado, 1\u00b0 de novembro, acusado de cometer um furto em Pomp\u00e9ia. A a\u00e7\u00e3o das equipes de Radiopatrulhamento permitiu a recupera\u00e7\u00e3o de [&hellip;]<\/p>\n","protected":false},"author":260896548,"featured_media":8318,"comment_status":"open","ping_status":"open","sticky":false,"template":"","format":"standard","meta":{"_crdt_document":"","_monsterinsights_skip_tracking":false,"_monsterinsights_sitenote_active":false,"_monsterinsights_sitenote_note":"","_monsterinsights_sitenote_category":0,"advanced_seo_description":"A Pol\u00edcia Militar prendeu um suspeito de furto em Pomp\u00e9ia, recuperando uma bicicleta em menos de 24 horas, gra\u00e7as \u00e0 ajuda da comunidade.","jetpack_seo_html_title":"Pol\u00edcia Prende Suspeito de Furto em Pomp\u00e9ia em Menos de 24h","jetpack_seo_noindex":false,"_jetpack_newsletter_access":"","_jetpack_dont_email_post_to_subs":false,"_jetpack_newsletter_tier_id":0,"_jetpack_memberships_contains_paywalled_content":false,"_jetpack_memberships_contains_paid_content":false,"footnotes":"","jetpack_publicize_message":"Um homem foi preso pela PM de Pomp\u00e9ia no s\u00e1bado (1\u00ba\/11) pelo furto de uma bicicleta. A a\u00e7\u00e3o r\u00e1pida do Radiopatrulhamento, somada a informa\u00e7\u00f5es da popula\u00e7\u00e3o e imagens do autor, levou os policiais at\u00e9 a casa do suspeito.\n\nPara ler a mat\u00e9ria completa acesse o link na nossa bio ou visite diariodegarca.com.\n\n#Pomp\u00e9ia #Seguran\u00e7aP\u00fablica #Radiopatrulha #Not\u00edciaDePomp\u00e9ia #A\u00e7\u00e3oPolicial #Di\u00e1rioDeGarca","jetpack_publicize_feature_enabled":true,"jetpack_social_post_already_shared":false,"jetpack_social_options":{"image_generator_settings":{"template":"highway","default_image_id":0,"font":"","enabled":false},"version":2},"_wpas_customize_per_network":false,"jetpack_post_was_ever_published":false},"categories":[1549470,21243],"tags":[],"class_list":["post-8317","post","type-post","status-publish","format-standard","has-post-thumbnail","hentry","category-pompeia","category-seguranca"],"jetpack_publicize_connections":[],"jetpack_featured_media_url":"https:\/\/i0.wp.com\/diariodegarca.com\/wp-content\/uploads\/2025\/11\/SnapInsta.to_573534819_18323374423246526_921719914224019520_n.jpg?fit=1080%2C609&ssl=1","jetpack_likes_enabled":true,"jetpack_sharing_enabled":true,"jetpack_shortlink":"https:\/\/wp.me\/pgitne-2a9","jetpack-related-posts":[{"id":2470,"url":"https:\/\/diariodegarca.com\/?p=2470","url_meta":{"origin":8317,"position":0},"title":"Homem \u00e9 preso por mandado de furto em Pomp\u00e9ia","author":"Di\u00e1rio de Gar\u00e7a","date":"4 de abril de 2025","format":false,"excerpt":"\u00a0Na tarde de ter\u00e7a-feira, 2 de abril, policiais militares do 9\u00ba Batalh\u00e3o prenderam um homem procurado pela justi\u00e7a durante uma abordagem de rotina em Pomp\u00e9ia. A a\u00e7\u00e3o ocorreu por volta das 15h, quando as equipes de Radiopatrulhamento identificaram o indiv\u00edduo e, ao consultar seus antecedentes, confirmaram um mandado de pris\u00e3o\u2026","rel":"","context":"Em &quot;Brasil&quot;","block_context":{"text":"Brasil","link":"https:\/\/diariodegarca.com\/?cat=38185"},"img":{"alt_text":"","src":"https:\/\/i0.wp.com\/blogger.googleusercontent.com\/img\/b\/R29vZ2xl\/AVvXsEjeUyHMAwITMd3cT3GJKKOmyvZgbXjspsB7mL5RJMqD7j85yB42gw69E9ETydSVUk2TITNxEhwVM2ePueICezjia5kPJbWXu4TP2fNhUdFuy3e_Cl539hzTKmJWlrA_I65R4LP68TMP_ohWBQU1ynOawsJOTFe_am101ZcFfd6Hn5OKgxq2Gvy1zKgzL28\/s320\/Snapins.ai_488988591_18297026530246526_3899980406645694515_n_1080%20%281%29.jpg?resize=350%2C200&ssl=1","width":350,"height":200},"classes":[]},{"id":4016,"url":"https:\/\/diariodegarca.com\/?p=4016","url_meta":{"origin":8317,"position":1},"title":"PM prende suspeitos e apreende drogas e armas em Gar\u00e7a, Mar\u00edlia e Pomp\u00e9ia","author":"Di\u00e1rio de Gar\u00e7a","date":"16 de junho de 2025","format":false,"excerpt":"Opera\u00e7\u00f5es policiais resultaram em pris\u00f5es por tr\u00e1fico, furto e porte ilegal de armas nas tr\u00eas cidades do interior paulista A Pol\u00edcia Militar do Estado de S\u00e3o Paulo divulgou algumas a\u00e7\u00f5es que aconteceram em cidades da regi\u00e3o nos \u00faltimos dias. As opera\u00e7\u00f5es tem como objetivo coibir delitos como tr\u00e1fico de drogas,\u2026","rel":"","context":"Em &quot;Gar\u00e7a&quot;","block_context":{"text":"Gar\u00e7a","link":"https:\/\/diariodegarca.com\/?cat=781171664"},"img":{"alt_text":"","src":"https:\/\/i0.wp.com\/diariodegarca.com\/wp-content\/uploads\/2025\/05\/500084858_18302219050246526_4028368060180630968_n-e1760650460275.webp?fit=1080%2C704&ssl=1&resize=350%2C200","width":350,"height":200,"srcset":"https:\/\/i0.wp.com\/diariodegarca.com\/wp-content\/uploads\/2025\/05\/500084858_18302219050246526_4028368060180630968_n-e1760650460275.webp?fit=1080%2C704&ssl=1&resize=350%2C200 1x, https:\/\/i0.wp.com\/diariodegarca.com\/wp-content\/uploads\/2025\/05\/500084858_18302219050246526_4028368060180630968_n-e1760650460275.webp?fit=1080%2C704&ssl=1&resize=525%2C300 1.5x, https:\/\/i0.wp.com\/diariodegarca.com\/wp-content\/uploads\/2025\/05\/500084858_18302219050246526_4028368060180630968_n-e1760650460275.webp?fit=1080%2C704&ssl=1&resize=700%2C400 2x, https:\/\/i0.wp.com\/diariodegarca.com\/wp-content\/uploads\/2025\/05\/500084858_18302219050246526_4028368060180630968_n-e1760650460275.webp?fit=1080%2C704&ssl=1&resize=1050%2C600 3x"},"classes":[]},{"id":6347,"url":"https:\/\/diariodegarca.com\/?p=6347","url_meta":{"origin":8317,"position":2},"title":"Dois presos em opera\u00e7\u00e3o da PM desvendam roubos de ve\u00edculos em Mar\u00edlia e Vera Cruz","author":"Di\u00e1rio de Gar\u00e7a","date":"4 de setembro de 2025","format":false,"excerpt":"A\u00e7\u00e3o de rotina da Radiopatrulha na madrugada desta quarta-feira identificou suspeitos, resultou na recupera\u00e7\u00e3o de um carro roubado e na pris\u00e3o de um assaltante e de um receptador. Um trabalho de rotina das equipes de Radiopatrulhamento da Pol\u00edcia Militar na madrugada desta quarta-feira, 4 de setembro, resultou na pris\u00e3o de\u2026","rel":"","context":"Em &quot;Mar\u00edlia&quot;","block_context":{"text":"Mar\u00edlia","link":"https:\/\/diariodegarca.com\/?cat=683453294"},"img":{"alt_text":"","src":"https:\/\/i0.wp.com\/diariodegarca.com\/wp-content\/uploads\/2025\/08\/531576471_1211820540966016_232558562964173725_n.jpg?fit=490%2C325&ssl=1&resize=350%2C200","width":350,"height":200},"classes":[]},{"id":2623,"url":"https:\/\/diariodegarca.com\/?p=2623","url_meta":{"origin":8317,"position":3},"title":"Homem \u00e9 preso por furto qualificado em Echapor\u00e3; objetos furtados s\u00e3o recuperados","author":"Di\u00e1rio de Gar\u00e7a","date":"13 de mar\u00e7o de 2025","format":false,"excerpt":"Nesta quinta-feira, dia 13 de mar\u00e7o, equipes de Radiopatrulhamento do 9\u00ba Batalh\u00e3o de Pol\u00edcia Militar do Interior esclareceram um caso de furto qualificado ocorrido em uma loja de departamentos na cidade de Echapor\u00e3. O autor do crime foi preso em sua resid\u00eancia, e parte dos objetos furtados foi recuperada.\u00a0\u00a0O crime\u2026","rel":"","context":"Em &quot;Brasil&quot;","block_context":{"text":"Brasil","link":"https:\/\/diariodegarca.com\/?cat=38185"},"img":{"alt_text":"","src":"","width":0,"height":0},"classes":[]},{"id":2764,"url":"https:\/\/diariodegarca.com\/?p=2764","url_meta":{"origin":8317,"position":4},"title":"Homem \u00e9 preso em flagrante por furto de motocicleta em Gar\u00e7a; ve\u00edculo foi recuperado","author":"Di\u00e1rio de Gar\u00e7a","date":"23 de fevereiro de 2025","format":false,"excerpt":"Na noite deste s\u00e1bado, dia 22 de fevereiro, policiais do 9\u00ba Batalh\u00e3o de Pol\u00edcia Militar do Interior prenderam em flagrante um homem por furto de motocicleta no bairro Labien\u00f3polis, em Gar\u00e7a. O ve\u00edculo foi recuperado e devolvido ao propriet\u00e1rio ap\u00f3s a\u00e7\u00e3o r\u00e1pida da equipe de Radiopatrulhamento.\u00a0\u00a0Por volta das 22h, durante\u2026","rel":"","context":"Em &quot;Brasil&quot;","block_context":{"text":"Brasil","link":"https:\/\/diariodegarca.com\/?cat=38185"},"img":{"alt_text":"","src":"","width":0,"height":0},"classes":[]},{"id":7323,"url":"https:\/\/diariodegarca.com\/?p=7323","url_meta":{"origin":8317,"position":5},"title":"Pol\u00edcia prende procurado por furto e cumpre mandado de pris\u00e3o em Mar\u00edlia","author":"Andreza Sega","date":"30 de setembro de 2025","format":false,"excerpt":"Durante atendimento a um furto em uma loja de m\u00f3veis, equipes localizaram o autor do crime e descobriram que ele era procurado para cumprir pena em regime fechado. Em a\u00e7\u00e3o realizada na segunda-feira, 29 de setembro, a pol\u00edcia conseguiu elucidar um caso de furto e, ao mesmo tempo, capturar um\u2026","rel":"","context":"Em &quot;Mar\u00edlia&quot;","block_context":{"text":"Mar\u00edlia","link":"https:\/\/diariodegarca.com\/?cat=683453294"},"img":{"alt_text":"","src":"https:\/\/i0.wp.com\/diariodegarca.com\/wp-content\/uploads\/2025\/09\/SnapInsta.to_558428671_18317963428246526_8362786889101019161_n.jpg?fit=960%2C1200&ssl=1&resize=350%2C200","width":350,"height":200,"srcset":"https:\/\/i0.wp.com\/diariodegarca.com\/wp-content\/uploads\/2025\/09\/SnapInsta.to_558428671_18317963428246526_8362786889101019161_n.jpg?fit=960%2C1200&ssl=1&resize=350%2C200 1x, https:\/\/i0.wp.com\/diariodegarca.com\/wp-content\/uploads\/2025\/09\/SnapInsta.to_558428671_18317963428246526_8362786889101019161_n.jpg?fit=960%2C1200&ssl=1&resize=525%2C300 1.5x, https:\/\/i0.wp.com\/diariodegarca.com\/wp-content\/uploads\/2025\/09\/SnapInsta.to_558428671_18317963428246526_8362786889101019161_n.jpg?fit=960%2C1200&ssl=1&resize=700%2C400 2x"},"classes":[]}],"_links":{"self":[{"href":"https:\/\/diariodegarca.com\/index.php?rest_route=\/wp\/v2\/posts\/8317","targetHints":{"allow":["GET"]}}],"collection":[{"href":"https:\/\/diariodegarca.com\/index.php?rest_route=\/wp\/v2\/posts"}],"about":[{"href":"https:\/\/diariodegarca.com\/index.php?rest_route=\/wp\/v2\/types\/post"}],"author":[{"embeddable":true,"href":"https:\/\/diariodegarca.com\/index.php?rest_route=\/wp\/v2\/users\/260896548"}],"replies":[{"embeddable":true,"href":"https:\/\/diariodegarca.com\/index.php?rest_route=%2Fwp%2Fv2%2Fcomments&post=8317"}],"version-history":[{"count":2,"href":"https:\/\/diariodegarca.com\/index.php?rest_route=\/wp\/v2\/posts\/8317\/revisions"}],"predecessor-version":[{"id":8320,"href":"https:\/\/diariodegarca.com\/index.php?rest_route=\/wp\/v2\/posts\/8317\/revisions\/8320"}],"wp:featuredmedia":[{"embeddable":true,"href":"https:\/\/diariodegarca.com\/index.php?rest_route=\/wp\/v2\/media\/8318"}],"wp:attachment":[{"href":"https:\/\/diariodegarca.com\/index.php?rest_route=%2Fwp%2Fv2%2Fmedia&parent=8317"}],"wp:term":[{"taxonomy":"category","embeddable":true,"href":"https:\/\/diariodegarca.com\/index.php?rest_route=%2Fwp%2Fv2%2Fcategories&post=8317"},{"taxonomy":"post_tag","embeddable":true,"href":"https:\/\/diariodegarca.com\/index.php?rest_route=%2Fwp%2Fv2%2Ftags&post=8317"}],"curies":[{"name":"wp","href":"https:\/\/api.w.org\/{rel}","templated":true}]}}