{"id":8326,"date":"2025-11-02T12:28:39","date_gmt":"2025-11-02T15:28:39","guid":{"rendered":"https:\/\/diariodegarca.com\/?p=8326"},"modified":"2025-11-03T09:55:01","modified_gmt":"2025-11-03T12:55:01","slug":"apreensao-de-drogas-e-dinheiro-em-acao-da-forca-tatica-em-marilia","status":"publish","type":"post","link":"https:\/\/diariodegarca.com\/?p=8326","title":{"rendered":"Apreens\u00e3o de drogas e dinheiro em a\u00e7\u00e3o da For\u00e7a T\u00e1tica em Mar\u00edlia"},"content":{"rendered":"\n<p class=\"wp-block-paragraph\"><em>Flagrante durante fechamento de venda de entorpecentes na Vila Barros resultou na pris\u00e3o de um homem e na apreens\u00e3o de quase tr\u00eas quilos de maconha.<\/em><\/p>\n\n\n\n<p class=\"wp-block-paragraph\">Na madrugada de s\u00e1bado, 1\u00ba de novembro, uma a\u00e7\u00e3o da For\u00e7a T\u00e1tica do 9\u00ba Batalh\u00e3o da Pol\u00edcia Militar resultou na pris\u00e3o em flagrante de um homem por tr\u00e1fico de drogas na Vila Barros, em Mar\u00edlia. A abordagem ocorreu no interior de uma lanchonete, no momento exato em que o indiv\u00edduo finalizava a venda dos entorpecentes.<\/p>\n\n\n\n<p class=\"wp-block-paragraph\">Com o criminoso, os policiais apreenderam uma quantidade significativa de drogas e outros itens que evidenciam a atividade ilegal. O material apreendido inclui 2,898 kg de maconha, R$ 6.424,00 em dinheiro, telefones celulares e folhas com anota\u00e7\u00f5es detalhadas sobre a venda de drogas.<\/p>\n\n\n\n<p class=\"wp-block-paragraph\">Ap\u00f3s a pris\u00e3o, o caso foi registrado na Central de Pol\u00edcia Judici\u00e1ria. O acusado permaneceu custodiado, aguardando a realiza\u00e7\u00e3o da audi\u00eancia de cust\u00f3dia para que um juiz avaliasse a situa\u00e7\u00e3o legal dele.<\/p>\n","protected":false},"excerpt":{"rendered":"<p>Flagrante durante fechamento de venda de entorpecentes na Vila Barros resultou na pris\u00e3o de um homem e na apreens\u00e3o de quase tr\u00eas quilos de maconha. Na madrugada de s\u00e1bado, 1\u00ba de novembro, uma a\u00e7\u00e3o da For\u00e7a T\u00e1tica do 9\u00ba Batalh\u00e3o da Pol\u00edcia Militar resultou na pris\u00e3o em flagrante de um homem por tr\u00e1fico de drogas [&hellip;]<\/p>\n","protected":false},"author":260896548,"featured_media":8383,"comment_status":"open","ping_status":"open","sticky":false,"template":"","format":"standard","meta":{"_crdt_document":"","_monsterinsights_skip_tracking":false,"_monsterinsights_sitenote_active":false,"_monsterinsights_sitenote_note":"","_monsterinsights_sitenote_category":0,"advanced_seo_description":"A Pol\u00edcia Militar prende homem por tr\u00e1fico em Mar\u00edlia, apreendendo quase 3 kg de maconha e evid\u00eancias de crime. Saiba mais!","jetpack_seo_html_title":"Pris\u00e3o em Flagrante por Tr\u00e1fico de Drogas na Vila Barros","jetpack_seo_noindex":false,"_jetpack_newsletter_access":"","_jetpack_dont_email_post_to_subs":false,"_jetpack_newsletter_tier_id":0,"_jetpack_memberships_contains_paywalled_content":false,"_jetpack_memberships_contains_paid_content":false,"footnotes":"","jetpack_publicize_message":"\ud83d\udd34 For\u00e7a T\u00e1tica prende homem por tr\u00e1fico de drogas em Mar\u00edlia.\n\nNa madrugada de s\u00e1bado (1\/11), em uma lanchonete da Vila Barros, a pol\u00edcia flagrou o momento em que o suspeito fechava uma venda de entorpecentes.\nForam apreendidos quase 3 kg de maconha, R$ 6,4 mil em dinheiro, celulares e anota\u00e7\u00f5es do tr\u00e1fico.\n\n\ud83d\udcd6 Leia a mat\u00e9ria completa no site diariodegarca.com\n\n#Tr\u00e1fico #Drogas #Apreens\u00e3o #Pol\u00edciaMilitar #Mar\u00edlia #Seguran\u00e7aP\u00fablica #Flagrante","jetpack_publicize_feature_enabled":true,"jetpack_social_post_already_shared":false,"jetpack_social_options":{"image_generator_settings":{"template":"highway","default_image_id":0,"font":"","enabled":false},"version":2},"_wpas_customize_per_network":false,"jetpack_post_was_ever_published":false},"categories":[683453294,21243],"tags":[],"class_list":["post-8326","post","type-post","status-publish","format-standard","has-post-thumbnail","hentry","category-marilia-cidade","category-seguranca"],"jetpack_publicize_connections":[],"jetpack_featured_media_url":"https:\/\/i0.wp.com\/diariodegarca.com\/wp-content\/uploads\/2025\/11\/WhatsApp-Image-2025-11-03-at-09.46.34.jpeg?fit=1600%2C1200&ssl=1","jetpack_likes_enabled":true,"jetpack_sharing_enabled":true,"jetpack_shortlink":"https:\/\/wp.me\/pgitne-2ai","jetpack-related-posts":[{"id":7848,"url":"https:\/\/diariodegarca.com\/?p=7848","url_meta":{"origin":8326,"position":0},"title":"Apreens\u00e3o de drogas e pris\u00e3o marcam opera\u00e7\u00e3o policial na Vila Barros, em Mar\u00edlia","author":"Andreza Sega","date":"20 de outubro de 2025","format":false,"excerpt":"Adolescente tamb\u00e9m foi apreendido com a dupla, que foi flagrada comercializando entorpecentes em via p\u00fablica. Em uma a\u00e7\u00e3o de patrulhamento de rotina realizada no \u00faltimo s\u00e1bado (18), na Vila Barros, zona norte de Mar\u00edlia, policiais militares da For\u00e7a T\u00e1tica prenderam em flagrante um homem e apreenderam um adolescente por tr\u00e1fico\u2026","rel":"","context":"Em &quot;Mar\u00edlia&quot;","block_context":{"text":"Mar\u00edlia","link":"https:\/\/diariodegarca.com\/?cat=683453294"},"img":{"alt_text":"","src":"https:\/\/i0.wp.com\/diariodegarca.com\/wp-content\/uploads\/2025\/10\/WhatsApp-Image-2025-10-20-at-15.14.20.jpeg?fit=1200%2C676&ssl=1&resize=350%2C200","width":350,"height":200,"srcset":"https:\/\/i0.wp.com\/diariodegarca.com\/wp-content\/uploads\/2025\/10\/WhatsApp-Image-2025-10-20-at-15.14.20.jpeg?fit=1200%2C676&ssl=1&resize=350%2C200 1x, https:\/\/i0.wp.com\/diariodegarca.com\/wp-content\/uploads\/2025\/10\/WhatsApp-Image-2025-10-20-at-15.14.20.jpeg?fit=1200%2C676&ssl=1&resize=525%2C300 1.5x, https:\/\/i0.wp.com\/diariodegarca.com\/wp-content\/uploads\/2025\/10\/WhatsApp-Image-2025-10-20-at-15.14.20.jpeg?fit=1200%2C676&ssl=1&resize=700%2C400 2x, https:\/\/i0.wp.com\/diariodegarca.com\/wp-content\/uploads\/2025\/10\/WhatsApp-Image-2025-10-20-at-15.14.20.jpeg?fit=1200%2C676&ssl=1&resize=1050%2C600 3x"},"classes":[]},{"id":7995,"url":"https:\/\/diariodegarca.com\/?p=7995","url_meta":{"origin":8326,"position":1},"title":"Opera\u00e7\u00e3o apreende 1,5 kg de coca\u00edna e prende homem por tr\u00e1fico em Mar\u00edlia","author":"Di\u00e1rio de Gar\u00e7a","date":"24 de outubro de 2025","format":false,"excerpt":"Suspeito foi flagrado durante fuga em viela da Vila Barros; al\u00e9m das drogas, policiais encontraram dinheiro e anota\u00e7\u00f5es de vendas. Uma a\u00e7\u00e3o de rotina da pol\u00edcia militar na zona norte de Mar\u00edlia resultou na apreens\u00e3o de uma grande quantidade de drogas e na pris\u00e3o de um homem por tr\u00e1fico na\u2026","rel":"","context":"Em &quot;Mar\u00edlia&quot;","block_context":{"text":"Mar\u00edlia","link":"https:\/\/diariodegarca.com\/?cat=683453294"},"img":{"alt_text":"","src":"https:\/\/i0.wp.com\/diariodegarca.com\/wp-content\/uploads\/2025\/10\/WhatsApp-Image-2025-10-21-at-10.58.51.jpeg?fit=1200%2C677&ssl=1&resize=350%2C200","width":350,"height":200,"srcset":"https:\/\/i0.wp.com\/diariodegarca.com\/wp-content\/uploads\/2025\/10\/WhatsApp-Image-2025-10-21-at-10.58.51.jpeg?fit=1200%2C677&ssl=1&resize=350%2C200 1x, https:\/\/i0.wp.com\/diariodegarca.com\/wp-content\/uploads\/2025\/10\/WhatsApp-Image-2025-10-21-at-10.58.51.jpeg?fit=1200%2C677&ssl=1&resize=525%2C300 1.5x, https:\/\/i0.wp.com\/diariodegarca.com\/wp-content\/uploads\/2025\/10\/WhatsApp-Image-2025-10-21-at-10.58.51.jpeg?fit=1200%2C677&ssl=1&resize=700%2C400 2x, https:\/\/i0.wp.com\/diariodegarca.com\/wp-content\/uploads\/2025\/10\/WhatsApp-Image-2025-10-21-at-10.58.51.jpeg?fit=1200%2C677&ssl=1&resize=1050%2C600 3x"},"classes":[]},{"id":3785,"url":"https:\/\/diariodegarca.com\/?p=3785","url_meta":{"origin":8326,"position":2},"title":"Mar\u00edlia: Dois presos por tr\u00e1fico e opera\u00e7\u00e3o conjunta apreende 48 kg de drogas","author":"Di\u00e1rio de Gar\u00e7a","date":"7 de junho de 2025","format":false,"excerpt":"For\u00e7a T\u00e1tica e Canil atuam em a\u00e7\u00f5es distintas, resultando na apreens\u00e3o de entorpecentes e pris\u00f5es O 9\u00ba Batalh\u00e3o de Pol\u00edcia Militar do Interior registrou duas opera\u00e7\u00f5es significativas no combate ao tr\u00e1fico de drogas em Mar\u00edlia. As a\u00e7\u00f5es, realizadas em diferentes locais da cidade, resultaram na pris\u00e3o de suspeitos e na\u2026","rel":"","context":"Em &quot;Mar\u00edlia&quot;","block_context":{"text":"Mar\u00edlia","link":"https:\/\/diariodegarca.com\/?cat=683453294"},"img":{"alt_text":"","src":"","width":0,"height":0},"classes":[]},{"id":8937,"url":"https:\/\/diariodegarca.com\/?p=8937","url_meta":{"origin":8326,"position":3},"title":"Opera\u00e7\u00e3o da PM apreende centenas de por\u00e7\u00f5es de drogas em ponto conhecido de Mar\u00edlia","author":"Andreza Sega","date":"23 de novembro de 2025","format":false,"excerpt":"Flagrante ocorreu no bairro Argolo Ferr\u00e3o ap\u00f3s policiais de For\u00e7a T\u00e1tica identificarem movimenta\u00e7\u00e3o suspeita durante patrulhamento. Na noite do \u00faltimo s\u00e1bado, 22 de novembro, uma a\u00e7\u00e3o da For\u00e7a T\u00e1tica do 9\u00ba Batalh\u00e3o da Pol\u00edcia Militar resultou na apreens\u00e3o de uma grande quantidade de drogas e na pris\u00e3o em flagrante de\u2026","rel":"","context":"Em &quot;Mar\u00edlia&quot;","block_context":{"text":"Mar\u00edlia","link":"https:\/\/diariodegarca.com\/?cat=683453294"},"img":{"alt_text":"","src":"https:\/\/i0.wp.com\/diariodegarca.com\/wp-content\/uploads\/2025\/11\/SnapInsta.to_589032859_18326585248246526_7817288581229629992_n-e1763938203106.jpg?fit=1080%2C760&ssl=1&resize=350%2C200","width":350,"height":200,"srcset":"https:\/\/i0.wp.com\/diariodegarca.com\/wp-content\/uploads\/2025\/11\/SnapInsta.to_589032859_18326585248246526_7817288581229629992_n-e1763938203106.jpg?fit=1080%2C760&ssl=1&resize=350%2C200 1x, https:\/\/i0.wp.com\/diariodegarca.com\/wp-content\/uploads\/2025\/11\/SnapInsta.to_589032859_18326585248246526_7817288581229629992_n-e1763938203106.jpg?fit=1080%2C760&ssl=1&resize=525%2C300 1.5x, https:\/\/i0.wp.com\/diariodegarca.com\/wp-content\/uploads\/2025\/11\/SnapInsta.to_589032859_18326585248246526_7817288581229629992_n-e1763938203106.jpg?fit=1080%2C760&ssl=1&resize=700%2C400 2x, https:\/\/i0.wp.com\/diariodegarca.com\/wp-content\/uploads\/2025\/11\/SnapInsta.to_589032859_18326585248246526_7817288581229629992_n-e1763938203106.jpg?fit=1080%2C760&ssl=1&resize=1050%2C600 3x"},"classes":[]},{"id":7693,"url":"https:\/\/diariodegarca.com\/?p=7693","url_meta":{"origin":8326,"position":4},"title":"Opera\u00e7\u00e3o antidrogas em Mar\u00edlia prende homem e apreende adolescente com entorpecentes","author":"Andreza Sega","date":"15 de outubro de 2025","format":false,"excerpt":"A\u00e7\u00e3o conjunta da For\u00e7a T\u00e1tica e do ROCAM no Jardim Azaleias resultou na apreens\u00e3o de crack, maconha, dry e dinheiro em esp\u00e9cie. Uma opera\u00e7\u00e3o policial direcionada ao combate do tr\u00e1fico de drogas resultou na pris\u00e3o de um homem e na apreens\u00e3o de um adolescente na tarde de ter\u00e7a-feira, dia 14\u2026","rel":"","context":"Em &quot;Mar\u00edlia&quot;","block_context":{"text":"Mar\u00edlia","link":"https:\/\/diariodegarca.com\/?cat=683453294"},"img":{"alt_text":"","src":"https:\/\/i0.wp.com\/diariodegarca.com\/wp-content\/uploads\/2025\/10\/WhatsApp-Image-2025-10-15-at-15.46.18-e1760650988641.jpeg?fit=900%2C552&ssl=1&resize=350%2C200","width":350,"height":200,"srcset":"https:\/\/i0.wp.com\/diariodegarca.com\/wp-content\/uploads\/2025\/10\/WhatsApp-Image-2025-10-15-at-15.46.18-e1760650988641.jpeg?fit=900%2C552&ssl=1&resize=350%2C200 1x, https:\/\/i0.wp.com\/diariodegarca.com\/wp-content\/uploads\/2025\/10\/WhatsApp-Image-2025-10-15-at-15.46.18-e1760650988641.jpeg?fit=900%2C552&ssl=1&resize=525%2C300 1.5x, https:\/\/i0.wp.com\/diariodegarca.com\/wp-content\/uploads\/2025\/10\/WhatsApp-Image-2025-10-15-at-15.46.18-e1760650988641.jpeg?fit=900%2C552&ssl=1&resize=700%2C400 2x"},"classes":[]},{"id":6199,"url":"https:\/\/diariodegarca.com\/?p=6199","url_meta":{"origin":8326,"position":5},"title":"Apreens\u00e3o de quase 27 kg de drogas em Mar\u00edlia termina com duas mulheres presas","author":"Di\u00e1rio de Gar\u00e7a","date":"29 de agosto de 2025","format":false,"excerpt":"Ap\u00f3s persegui\u00e7\u00e3o a suspeita conhecida, equipes da For\u00e7a T\u00e1tica encontram maconha, coca\u00edna e crack escondidos em mata e na resid\u00eancia. Uma a\u00e7\u00e3o de patrulhamento da For\u00e7a T\u00e1tica do 9\u00ba Batalh\u00e3o da Pol\u00edcia Militar resultou na apreens\u00e3o de um grande carregamento de drogas na noite de quinta-feira, 28 de agosto, no\u2026","rel":"","context":"Em &quot;Mar\u00edlia&quot;","block_context":{"text":"Mar\u00edlia","link":"https:\/\/diariodegarca.com\/?cat=683453294"},"img":{"alt_text":"","src":"https:\/\/i0.wp.com\/diariodegarca.com\/wp-content\/uploads\/2025\/08\/snapinsta.to_539508276_18313895875246526_7463652085823765836_n.jpg?fit=1080%2C664&ssl=1&resize=350%2C200","width":350,"height":200,"srcset":"https:\/\/i0.wp.com\/diariodegarca.com\/wp-content\/uploads\/2025\/08\/snapinsta.to_539508276_18313895875246526_7463652085823765836_n.jpg?fit=1080%2C664&ssl=1&resize=350%2C200 1x, https:\/\/i0.wp.com\/diariodegarca.com\/wp-content\/uploads\/2025\/08\/snapinsta.to_539508276_18313895875246526_7463652085823765836_n.jpg?fit=1080%2C664&ssl=1&resize=525%2C300 1.5x, https:\/\/i0.wp.com\/diariodegarca.com\/wp-content\/uploads\/2025\/08\/snapinsta.to_539508276_18313895875246526_7463652085823765836_n.jpg?fit=1080%2C664&ssl=1&resize=700%2C400 2x, https:\/\/i0.wp.com\/diariodegarca.com\/wp-content\/uploads\/2025\/08\/snapinsta.to_539508276_18313895875246526_7463652085823765836_n.jpg?fit=1080%2C664&ssl=1&resize=1050%2C600 3x"},"classes":[]}],"_links":{"self":[{"href":"https:\/\/diariodegarca.com\/index.php?rest_route=\/wp\/v2\/posts\/8326","targetHints":{"allow":["GET"]}}],"collection":[{"href":"https:\/\/diariodegarca.com\/index.php?rest_route=\/wp\/v2\/posts"}],"about":[{"href":"https:\/\/diariodegarca.com\/index.php?rest_route=\/wp\/v2\/types\/post"}],"author":[{"embeddable":true,"href":"https:\/\/diariodegarca.com\/index.php?rest_route=\/wp\/v2\/users\/260896548"}],"replies":[{"embeddable":true,"href":"https:\/\/diariodegarca.com\/index.php?rest_route=%2Fwp%2Fv2%2Fcomments&post=8326"}],"version-history":[{"count":2,"href":"https:\/\/diariodegarca.com\/index.php?rest_route=\/wp\/v2\/posts\/8326\/revisions"}],"predecessor-version":[{"id":8328,"href":"https:\/\/diariodegarca.com\/index.php?rest_route=\/wp\/v2\/posts\/8326\/revisions\/8328"}],"wp:featuredmedia":[{"embeddable":true,"href":"https:\/\/diariodegarca.com\/index.php?rest_route=\/wp\/v2\/media\/8383"}],"wp:attachment":[{"href":"https:\/\/diariodegarca.com\/index.php?rest_route=%2Fwp%2Fv2%2Fmedia&parent=8326"}],"wp:term":[{"taxonomy":"category","embeddable":true,"href":"https:\/\/diariodegarca.com\/index.php?rest_route=%2Fwp%2Fv2%2Fcategories&post=8326"},{"taxonomy":"post_tag","embeddable":true,"href":"https:\/\/diariodegarca.com\/index.php?rest_route=%2Fwp%2Fv2%2Ftags&post=8326"}],"curies":[{"name":"wp","href":"https:\/\/api.w.org\/{rel}","templated":true}]}}