{"id":8344,"date":"2025-11-03T07:57:22","date_gmt":"2025-11-03T10:57:22","guid":{"rendered":"https:\/\/diariodegarca.com\/?p=8344"},"modified":"2025-11-03T07:57:22","modified_gmt":"2025-11-03T10:57:22","slug":"cem-conflitos-elimina-sol-nascente-e-vai-a-final","status":"publish","type":"post","link":"https:\/\/diariodegarca.com\/?p=8344","title":{"rendered":"Cem Conflitos elimina Sol Nascente e vai \u00e0 final!"},"content":{"rendered":"\n<p class=\"wp-block-paragraph\">Em mais um cap\u00edtulo da rivalidade que j\u00e1 virou tradi\u00e7\u00e3o, o Cem Conflitos mostrou que camisa pesa e eliminou o Sol Nascente pelo segundo ano consecutivo, vencendo por 2 a 1 e garantindo vaga na grande final do Municipal. E mais: com a melhor campanha, joga por um empate no pr\u00f3ximo domingo (9) para conquistar o bicampeonato.<\/p>\n\n\n\n<p class=\"wp-block-paragraph\">O duelo foi quente, com arquibancadas fervendo e torcidas apaixonadas empurrando seus times. Aos 10 minutos do segundo tempo, Luiz\u00e3o, zagueiro do Sol Nascente, subiu mais alto e abriu o placar, levando a na\u00e7\u00e3o aurianil \u00e0 loucura.<\/p>\n\n\n\n<p class=\"wp-block-paragraph\">Mas o atual campe\u00e3o n\u00e3o se entregou. Aos 30 minutos, Jhow Mendes soltou a bomba de canhota de fora da \u00e1rea e empatou o jogo com um gola\u00e7o. Com o Sol Nascente se lan\u00e7ando ao ataque, o 100 Conflitos aproveitou os espa\u00e7os e, aos 38, Maicon apareceu como um raio para empurrar para o gol e decretar a virada.<\/p>\n\n\n\n<p class=\"wp-block-paragraph\">Com o apito final, a torcida rubro-negra explodiu em festa. Agora, o foco \u00e9 total na decis\u00e3o: um empate basta para o Cem Conflitos escrever mais uma p\u00e1gina dourada em sua hist\u00f3ria.<\/p>\n\n\n\n<p class=\"wp-block-paragraph\"><\/p>\n\n\n\n<figure class=\"wp-block-gallery has-nested-images columns-default is-cropped wp-block-gallery-1 is-layout-flex wp-block-gallery-is-layout-flex\">\n<figure class=\"wp-block-image size-large\"><img data-recalc-dims=\"1\" loading=\"lazy\" decoding=\"async\" width=\"800\" height=\"534\" data-attachment-id=\"8347\" data-permalink=\"https:\/\/diariodegarca.com\/?attachment_id=8347\" data-orig-file=\"https:\/\/i0.wp.com\/diariodegarca.com\/wp-content\/uploads\/2025\/11\/IMG_4855.jpg?fit=4500%2C3000&amp;ssl=1\" data-orig-size=\"4500,3000\" data-comments-opened=\"1\" data-image-meta=\"{&quot;aperture&quot;:&quot;2.8&quot;,&quot;credit&quot;:&quot;Fabiano Oliveira Gomes&quot;,&quot;camera&quot;:&quot;Canon EOS 7D&quot;,&quot;caption&quot;:&quot;&quot;,&quot;created_timestamp&quot;:&quot;1762075720&quot;,&quot;copyright&quot;:&quot;Fabiano Oliveira Gomes&quot;,&quot;focal_length&quot;:&quot;126&quot;,&quot;iso&quot;:&quot;500&quot;,&quot;shutter_speed&quot;:&quot;0.0008&quot;,&quot;title&quot;:&quot;&quot;,&quot;orientation&quot;:&quot;0&quot;}\" data-image-title=\"IMG_4855\" data-image-description=\"\" data-image-caption=\"\" data-large-file=\"https:\/\/i0.wp.com\/diariodegarca.com\/wp-content\/uploads\/2025\/11\/IMG_4855.jpg?fit=800%2C534&amp;ssl=1\" data-id=\"8347\" src=\"https:\/\/i0.wp.com\/diariodegarca.com\/wp-content\/uploads\/2025\/11\/IMG_4855.jpg?resize=800%2C534&#038;ssl=1\" alt=\"Jogadores de futebol em campo durante uma partida intensa, com um atleta do time rubro-negro se preparando para chutar a bola enquanto advers\u00e1rios se aproximam.\" class=\"wp-image-8347\" srcset=\"https:\/\/i0.wp.com\/diariodegarca.com\/wp-content\/uploads\/2025\/11\/IMG_4855.jpg?resize=1024%2C683&amp;ssl=1 1024w, https:\/\/i0.wp.com\/diariodegarca.com\/wp-content\/uploads\/2025\/11\/IMG_4855.jpg?resize=300%2C200&amp;ssl=1 300w, https:\/\/i0.wp.com\/diariodegarca.com\/wp-content\/uploads\/2025\/11\/IMG_4855.jpg?resize=768%2C512&amp;ssl=1 768w, https:\/\/i0.wp.com\/diariodegarca.com\/wp-content\/uploads\/2025\/11\/IMG_4855.jpg?resize=1536%2C1024&amp;ssl=1 1536w, https:\/\/i0.wp.com\/diariodegarca.com\/wp-content\/uploads\/2025\/11\/IMG_4855.jpg?resize=2048%2C1365&amp;ssl=1 2048w, https:\/\/i0.wp.com\/diariodegarca.com\/wp-content\/uploads\/2025\/11\/IMG_4855.jpg?w=1600&amp;ssl=1 1600w, https:\/\/i0.wp.com\/diariodegarca.com\/wp-content\/uploads\/2025\/11\/IMG_4855.jpg?w=2400&amp;ssl=1 2400w\" sizes=\"auto, (max-width: 800px) 100vw, 800px\" \/><\/figure>\n\n\n\n<figure class=\"wp-block-image size-large\"><img data-recalc-dims=\"1\" loading=\"lazy\" decoding=\"async\" width=\"800\" height=\"534\" data-attachment-id=\"8348\" data-permalink=\"https:\/\/diariodegarca.com\/?attachment_id=8348\" data-orig-file=\"https:\/\/i0.wp.com\/diariodegarca.com\/wp-content\/uploads\/2025\/11\/IMG_4857.jpg?fit=4500%2C3000&amp;ssl=1\" data-orig-size=\"4500,3000\" data-comments-opened=\"1\" data-image-meta=\"{&quot;aperture&quot;:&quot;2.8&quot;,&quot;credit&quot;:&quot;Fabiano Oliveira Gomes&quot;,&quot;camera&quot;:&quot;Canon EOS 7D&quot;,&quot;caption&quot;:&quot;&quot;,&quot;created_timestamp&quot;:&quot;1762075721&quot;,&quot;copyright&quot;:&quot;Fabiano Oliveira Gomes&quot;,&quot;focal_length&quot;:&quot;154&quot;,&quot;iso&quot;:&quot;500&quot;,&quot;shutter_speed&quot;:&quot;0.0008&quot;,&quot;title&quot;:&quot;&quot;,&quot;orientation&quot;:&quot;0&quot;}\" data-image-title=\"IMG_4857\" data-image-description=\"\" data-image-caption=\"\" data-large-file=\"https:\/\/i0.wp.com\/diariodegarca.com\/wp-content\/uploads\/2025\/11\/IMG_4857.jpg?fit=800%2C534&amp;ssl=1\" data-id=\"8348\" src=\"https:\/\/i0.wp.com\/diariodegarca.com\/wp-content\/uploads\/2025\/11\/IMG_4857.jpg?resize=800%2C534&#038;ssl=1\" alt=\"Jogadores de futebol em campo durante um jogo, com um atleta caindo enquanto tenta driblar, outros jogadores em a\u00e7\u00e3o ao fundo.\" class=\"wp-image-8348\" srcset=\"https:\/\/i0.wp.com\/diariodegarca.com\/wp-content\/uploads\/2025\/11\/IMG_4857.jpg?resize=1024%2C683&amp;ssl=1 1024w, https:\/\/i0.wp.com\/diariodegarca.com\/wp-content\/uploads\/2025\/11\/IMG_4857.jpg?resize=300%2C200&amp;ssl=1 300w, https:\/\/i0.wp.com\/diariodegarca.com\/wp-content\/uploads\/2025\/11\/IMG_4857.jpg?resize=768%2C512&amp;ssl=1 768w, https:\/\/i0.wp.com\/diariodegarca.com\/wp-content\/uploads\/2025\/11\/IMG_4857.jpg?resize=1536%2C1024&amp;ssl=1 1536w, https:\/\/i0.wp.com\/diariodegarca.com\/wp-content\/uploads\/2025\/11\/IMG_4857.jpg?resize=2048%2C1365&amp;ssl=1 2048w, https:\/\/i0.wp.com\/diariodegarca.com\/wp-content\/uploads\/2025\/11\/IMG_4857.jpg?w=1600&amp;ssl=1 1600w, https:\/\/i0.wp.com\/diariodegarca.com\/wp-content\/uploads\/2025\/11\/IMG_4857.jpg?w=2400&amp;ssl=1 2400w\" sizes=\"auto, (max-width: 800px) 100vw, 800px\" \/><\/figure>\n\n\n\n<figure class=\"wp-block-image size-large\"><img data-recalc-dims=\"1\" loading=\"lazy\" decoding=\"async\" width=\"800\" height=\"534\" data-attachment-id=\"8349\" data-permalink=\"https:\/\/diariodegarca.com\/?attachment_id=8349\" data-orig-file=\"https:\/\/i0.wp.com\/diariodegarca.com\/wp-content\/uploads\/2025\/11\/IMG_4929.jpg?fit=4500%2C3000&amp;ssl=1\" data-orig-size=\"4500,3000\" data-comments-opened=\"1\" data-image-meta=\"{&quot;aperture&quot;:&quot;2.8&quot;,&quot;credit&quot;:&quot;Fabiano Oliveira Gomes&quot;,&quot;camera&quot;:&quot;Canon EOS 7D&quot;,&quot;caption&quot;:&quot;&quot;,&quot;created_timestamp&quot;:&quot;1762076067&quot;,&quot;copyright&quot;:&quot;Fabiano Oliveira Gomes&quot;,&quot;focal_length&quot;:&quot;118&quot;,&quot;iso&quot;:&quot;500&quot;,&quot;shutter_speed&quot;:&quot;0.0004&quot;,&quot;title&quot;:&quot;&quot;,&quot;orientation&quot;:&quot;0&quot;}\" data-image-title=\"IMG_4929\" data-image-description=\"\" data-image-caption=\"\" data-large-file=\"https:\/\/i0.wp.com\/diariodegarca.com\/wp-content\/uploads\/2025\/11\/IMG_4929.jpg?fit=800%2C534&amp;ssl=1\" data-id=\"8349\" src=\"https:\/\/i0.wp.com\/diariodegarca.com\/wp-content\/uploads\/2025\/11\/IMG_4929.jpg?resize=800%2C534&#038;ssl=1\" alt=\"Jogadores em campo durante um jogo de futebol, com a torcida ao fundo e um gol \u00e0 vista, em meio a um momento emocionante da partida.\" class=\"wp-image-8349\" srcset=\"https:\/\/i0.wp.com\/diariodegarca.com\/wp-content\/uploads\/2025\/11\/IMG_4929.jpg?resize=1024%2C683&amp;ssl=1 1024w, https:\/\/i0.wp.com\/diariodegarca.com\/wp-content\/uploads\/2025\/11\/IMG_4929.jpg?resize=300%2C200&amp;ssl=1 300w, https:\/\/i0.wp.com\/diariodegarca.com\/wp-content\/uploads\/2025\/11\/IMG_4929.jpg?resize=768%2C512&amp;ssl=1 768w, https:\/\/i0.wp.com\/diariodegarca.com\/wp-content\/uploads\/2025\/11\/IMG_4929.jpg?resize=1536%2C1024&amp;ssl=1 1536w, https:\/\/i0.wp.com\/diariodegarca.com\/wp-content\/uploads\/2025\/11\/IMG_4929.jpg?resize=2048%2C1365&amp;ssl=1 2048w, https:\/\/i0.wp.com\/diariodegarca.com\/wp-content\/uploads\/2025\/11\/IMG_4929.jpg?w=1600&amp;ssl=1 1600w, https:\/\/i0.wp.com\/diariodegarca.com\/wp-content\/uploads\/2025\/11\/IMG_4929.jpg?w=2400&amp;ssl=1 2400w\" sizes=\"auto, (max-width: 800px) 100vw, 800px\" \/><\/figure>\n\n\n\n<figure class=\"wp-block-image size-large\"><img data-recalc-dims=\"1\" loading=\"lazy\" decoding=\"async\" width=\"800\" height=\"534\" data-attachment-id=\"8350\" data-permalink=\"https:\/\/diariodegarca.com\/?attachment_id=8350\" data-orig-file=\"https:\/\/i0.wp.com\/diariodegarca.com\/wp-content\/uploads\/2025\/11\/IMG_4945.jpg?fit=4500%2C3000&amp;ssl=1\" data-orig-size=\"4500,3000\" data-comments-opened=\"1\" data-image-meta=\"{&quot;aperture&quot;:&quot;2.8&quot;,&quot;credit&quot;:&quot;Fabiano Oliveira Gomes&quot;,&quot;camera&quot;:&quot;Canon EOS 7D&quot;,&quot;caption&quot;:&quot;&quot;,&quot;created_timestamp&quot;:&quot;1762076116&quot;,&quot;copyright&quot;:&quot;Fabiano Oliveira Gomes&quot;,&quot;focal_length&quot;:&quot;104&quot;,&quot;iso&quot;:&quot;500&quot;,&quot;shutter_speed&quot;:&quot;0.0004&quot;,&quot;title&quot;:&quot;&quot;,&quot;orientation&quot;:&quot;0&quot;}\" data-image-title=\"IMG_4945\" data-image-description=\"\" data-image-caption=\"\" data-large-file=\"https:\/\/i0.wp.com\/diariodegarca.com\/wp-content\/uploads\/2025\/11\/IMG_4945.jpg?fit=800%2C534&amp;ssl=1\" data-id=\"8350\" src=\"https:\/\/i0.wp.com\/diariodegarca.com\/wp-content\/uploads\/2025\/11\/IMG_4945.jpg?resize=800%2C534&#038;ssl=1\" alt=\"Jogadores de futebol em campo, um vestido em camisa rubro-negra e o outro em camisa azul e amarela, correndo atr\u00e1s de uma bola em um gramado molhado.\" class=\"wp-image-8350\" srcset=\"https:\/\/i0.wp.com\/diariodegarca.com\/wp-content\/uploads\/2025\/11\/IMG_4945.jpg?resize=1024%2C683&amp;ssl=1 1024w, https:\/\/i0.wp.com\/diariodegarca.com\/wp-content\/uploads\/2025\/11\/IMG_4945.jpg?resize=300%2C200&amp;ssl=1 300w, https:\/\/i0.wp.com\/diariodegarca.com\/wp-content\/uploads\/2025\/11\/IMG_4945.jpg?resize=768%2C512&amp;ssl=1 768w, https:\/\/i0.wp.com\/diariodegarca.com\/wp-content\/uploads\/2025\/11\/IMG_4945.jpg?resize=1536%2C1024&amp;ssl=1 1536w, https:\/\/i0.wp.com\/diariodegarca.com\/wp-content\/uploads\/2025\/11\/IMG_4945.jpg?resize=2048%2C1365&amp;ssl=1 2048w, https:\/\/i0.wp.com\/diariodegarca.com\/wp-content\/uploads\/2025\/11\/IMG_4945.jpg?w=1600&amp;ssl=1 1600w, https:\/\/i0.wp.com\/diariodegarca.com\/wp-content\/uploads\/2025\/11\/IMG_4945.jpg?w=2400&amp;ssl=1 2400w\" sizes=\"auto, (max-width: 800px) 100vw, 800px\" \/><\/figure>\n<\/figure>\n\n\n\n<p class=\"wp-block-paragraph\">Fotos: Fabiano Oliveira<\/p>\n","protected":false},"excerpt":{"rendered":"<p>Em mais um cap\u00edtulo da rivalidade que j\u00e1 virou tradi\u00e7\u00e3o, o Cem Conflitos mostrou que camisa pesa e eliminou o Sol Nascente pelo segundo ano consecutivo, vencendo por 2 a 1 e garantindo vaga na grande final do Municipal. E mais: com a melhor campanha, joga por um empate no pr\u00f3ximo domingo (9) para conquistar [&hellip;]<\/p>\n","protected":false},"author":260896547,"featured_media":8346,"comment_status":"open","ping_status":"open","sticky":false,"template":"","format":"standard","meta":{"_crdt_document":"","_monsterinsights_skip_tracking":false,"_monsterinsights_sitenote_active":false,"_monsterinsights_sitenote_note":"","_monsterinsights_sitenote_category":0,"advanced_seo_description":"","jetpack_seo_html_title":"","jetpack_seo_noindex":false,"_jetpack_newsletter_access":"","_jetpack_dont_email_post_to_subs":false,"_jetpack_newsletter_tier_id":0,"_jetpack_memberships_contains_paywalled_content":false,"_jetpack_memberships_contains_paid_content":false,"footnotes":"","jetpack_publicize_message":"","jetpack_publicize_feature_enabled":true,"jetpack_social_post_already_shared":true,"jetpack_social_options":{"image_generator_settings":{"template":"fullscreen","default_image_id":0,"font":"","enabled":false},"version":2},"_wpas_customize_per_network":false,"jetpack_post_was_ever_published":false},"categories":[10889,781171664],"tags":[],"class_list":["post-8344","post","type-post","status-publish","format-standard","has-post-thumbnail","hentry","category-esporte","category-garca-cidade"],"jetpack_publicize_connections":[],"jetpack_featured_media_url":"https:\/\/i0.wp.com\/diariodegarca.com\/wp-content\/uploads\/2025\/11\/IMG_5088.jpg?fit=4500%2C3000&ssl=1","jetpack_likes_enabled":true,"jetpack_sharing_enabled":true,"jetpack_shortlink":"https:\/\/wp.me\/pgitne-2aA","jetpack-related-posts":[{"id":5085,"url":"https:\/\/diariodegarca.com\/?p=5085","url_meta":{"origin":8344,"position":0},"title":"Ava\u00ed lan\u00e7a Programa de Recupera\u00e7\u00e3o de Nascentes para preservar recursos h\u00eddricos","author":"Di\u00e1rio de Gar\u00e7a","date":"28 de julho de 2025","format":false,"excerpt":"Projeto convoca comunidade a proteger fontes de \u00e1gua amea\u00e7adas, garantindo vida para o presente e seguran\u00e7a h\u00eddrica para as pr\u00f3ximas gera\u00e7\u00f5es. As nascentes s\u00e3o como veias abertas da terra, por elas corre a \u00e1gua que alimenta rios, sacia a sede da fauna, irriga planta\u00e7\u00f5es e abastece lares. Mas quando secam\u2026","rel":"","context":"Em &quot;Ava\u00ed&quot;","block_context":{"text":"Ava\u00ed","link":"https:\/\/diariodegarca.com\/?cat=1058698"},"img":{"alt_text":"","src":"","width":0,"height":0},"classes":[]},{"id":8354,"url":"https:\/\/diariodegarca.com\/?p=8354","url_meta":{"origin":8344,"position":1},"title":"Inter de Milh\u00f5es faz hist\u00f3ria, elimina o Salec e carimba vaga in\u00e9dita na final do su\u00ed\u00e7o livre","author":"Fabiano Oliveira","date":"3 de novembro de 2025","format":false,"excerpt":"No antigo CT do Gar\u00e7a, o que se viu foi um verdadeiro duelo. De um lado, o tradicional e cascudo Salec, jogando com a vantagem do empate. Do outro, o jovem e atrevido Inter de Milh\u00f5es, que entrou em campo com sangue nos olhos e fez valer o nome: venceu\u2026","rel":"","context":"Em &quot;Esporte&quot;","block_context":{"text":"Esporte","link":"https:\/\/diariodegarca.com\/?cat=10889"},"img":{"alt_text":"","src":"https:\/\/i0.wp.com\/diariodegarca.com\/wp-content\/uploads\/2025\/11\/IMG_6004.jpg?fit=1200%2C800&ssl=1&resize=350%2C200","width":350,"height":200,"srcset":"https:\/\/i0.wp.com\/diariodegarca.com\/wp-content\/uploads\/2025\/11\/IMG_6004.jpg?fit=1200%2C800&ssl=1&resize=350%2C200 1x, https:\/\/i0.wp.com\/diariodegarca.com\/wp-content\/uploads\/2025\/11\/IMG_6004.jpg?fit=1200%2C800&ssl=1&resize=525%2C300 1.5x, https:\/\/i0.wp.com\/diariodegarca.com\/wp-content\/uploads\/2025\/11\/IMG_6004.jpg?fit=1200%2C800&ssl=1&resize=700%2C400 2x, https:\/\/i0.wp.com\/diariodegarca.com\/wp-content\/uploads\/2025\/11\/IMG_6004.jpg?fit=1200%2C800&ssl=1&resize=1050%2C600 3x"},"classes":[]},{"id":10088,"url":"https:\/\/diariodegarca.com\/?p=10088","url_meta":{"origin":8344,"position":2},"title":"Ap\u00f3s furto em com\u00e9rcio, PM prende homem que confessa mais crimes em Gar\u00e7a","author":"Di\u00e1rio de Gar\u00e7a","date":"17 de janeiro de 2026","format":false,"excerpt":"Um homem foi preso em flagrante em Gar\u00e7a, acusado de furto a um com\u00e9rcio. Ele confessou o crime e outros tr\u00eas similares. Todo o dinheiro subtra\u00eddo foi recuperado.","rel":"","context":"Em &quot;Gar\u00e7a&quot;","block_context":{"text":"Gar\u00e7a","link":"https:\/\/diariodegarca.com\/?cat=781171664"},"img":{"alt_text":"","src":"https:\/\/i0.wp.com\/diariodegarca.com\/wp-content\/uploads\/2026\/01\/dinheiro.webp?fit=1200%2C900&ssl=1&resize=350%2C200","width":350,"height":200,"srcset":"https:\/\/i0.wp.com\/diariodegarca.com\/wp-content\/uploads\/2026\/01\/dinheiro.webp?fit=1200%2C900&ssl=1&resize=350%2C200 1x, https:\/\/i0.wp.com\/diariodegarca.com\/wp-content\/uploads\/2026\/01\/dinheiro.webp?fit=1200%2C900&ssl=1&resize=525%2C300 1.5x, https:\/\/i0.wp.com\/diariodegarca.com\/wp-content\/uploads\/2026\/01\/dinheiro.webp?fit=1200%2C900&ssl=1&resize=700%2C400 2x, https:\/\/i0.wp.com\/diariodegarca.com\/wp-content\/uploads\/2026\/01\/dinheiro.webp?fit=1200%2C900&ssl=1&resize=1050%2C600 3x"},"classes":[]},{"id":3349,"url":"https:\/\/diariodegarca.com\/?p=3349","url_meta":{"origin":8344,"position":3},"title":"Vacina\u00e7\u00e3o antirr\u00e1bica no Jardim Sol Nascente, em Gar\u00e7a, neste s\u00e1bado","author":"Di\u00e1rio de Gar\u00e7a","date":"23 de maio de 2025","format":false,"excerpt":"Neste s\u00e1bado,\u00a024 de maio, a regi\u00e3o oeste de\u00a0Gar\u00e7a\u00a0recebe mais uma\u00a0a\u00e7\u00e3o de vacina\u00e7\u00e3o antirr\u00e1bica, desta vez no\u00a0Centro Comunit\u00e1rio do Jardim Sol Nascente, das\u00a014h \u00e0s 17h. Ser\u00e3o disponibilizadas\u00a0150 doses\u00a0para c\u00e3es e gatos, refor\u00e7ando a preven\u00e7\u00e3o contra essa doen\u00e7a grave e fatal. Por que vacinar? A\u00a0raiva\u00a0\u00e9 uma\u00a0zoonose\u00a0que afeta tanto animais quanto humanos, com\u2026","rel":"","context":"Em &quot;Causa animal&quot;","block_context":{"text":"Causa animal","link":"https:\/\/diariodegarca.com\/?cat=26891317"},"img":{"alt_text":"","src":"","width":0,"height":0},"classes":[]},{"id":9065,"url":"https:\/\/diariodegarca.com\/?p=9065","url_meta":{"origin":8344,"position":4},"title":"Pol\u00edcia Militar captura procurado por tr\u00e1fico de drogas no bairro Sol Nascente, em Gar\u00e7a","author":"Andreza Sega","date":"26 de novembro de 2025","format":false,"excerpt":"Homem de 45 anos foi localizado em um bar ap\u00f3s comportamento suspeito durante patrulhamento de rotina na regi\u00e3o. Na tarde da \u00faltima ter\u00e7a-feira, 25 de novembro, uma a\u00e7\u00e3o de patrulhamento de rotina resultou na captura de um homem procurado pela Justi\u00e7a na cidade de Gar\u00e7a. Por volta das 18h48, policiais\u2026","rel":"","context":"Em &quot;Gar\u00e7a&quot;","block_context":{"text":"Gar\u00e7a","link":"https:\/\/diariodegarca.com\/?cat=781171664"},"img":{"alt_text":"","src":"https:\/\/i0.wp.com\/diariodegarca.com\/wp-content\/uploads\/2025\/05\/image_editor_output_image2077395826-17487117885185853874604175010070-e1764161059434.jpg?fit=1080%2C644&ssl=1&resize=350%2C200","width":350,"height":200,"srcset":"https:\/\/i0.wp.com\/diariodegarca.com\/wp-content\/uploads\/2025\/05\/image_editor_output_image2077395826-17487117885185853874604175010070-e1764161059434.jpg?fit=1080%2C644&ssl=1&resize=350%2C200 1x, https:\/\/i0.wp.com\/diariodegarca.com\/wp-content\/uploads\/2025\/05\/image_editor_output_image2077395826-17487117885185853874604175010070-e1764161059434.jpg?fit=1080%2C644&ssl=1&resize=525%2C300 1.5x, https:\/\/i0.wp.com\/diariodegarca.com\/wp-content\/uploads\/2025\/05\/image_editor_output_image2077395826-17487117885185853874604175010070-e1764161059434.jpg?fit=1080%2C644&ssl=1&resize=700%2C400 2x, https:\/\/i0.wp.com\/diariodegarca.com\/wp-content\/uploads\/2025\/05\/image_editor_output_image2077395826-17487117885185853874604175010070-e1764161059434.jpg?fit=1080%2C644&ssl=1&resize=1050%2C600 3x"},"classes":[]},{"id":2877,"url":"https:\/\/diariodegarca.com\/?p=2877","url_meta":{"origin":8344,"position":5},"title":"Adolescente \u00e9 apreendido por suspeita de tr\u00e1fico de drogas em Gar\u00e7a","author":"Di\u00e1rio de Gar\u00e7a","date":"7 de fevereiro de 2025","format":false,"excerpt":"Na noite de quarta-feira, dia 6 de fevereiro, uma equipe de Radiopatrulhamento da Pol\u00edcia Militar apreendeu um adolescente por suspeita de tr\u00e1fico de drogas em Gar\u00e7a. A abordagem ocorreu por volta das 20h, no bairro Jardim Sol Nascente, em local conhecido pela venda de entorpecentes.\u00a0\u00a0Durante a a\u00e7\u00e3o, os policiais avistaram\u2026","rel":"","context":"Em &quot;Brasil&quot;","block_context":{"text":"Brasil","link":"https:\/\/diariodegarca.com\/?cat=38185"},"img":{"alt_text":"","src":"","width":0,"height":0},"classes":[]}],"_links":{"self":[{"href":"https:\/\/diariodegarca.com\/index.php?rest_route=\/wp\/v2\/posts\/8344","targetHints":{"allow":["GET"]}}],"collection":[{"href":"https:\/\/diariodegarca.com\/index.php?rest_route=\/wp\/v2\/posts"}],"about":[{"href":"https:\/\/diariodegarca.com\/index.php?rest_route=\/wp\/v2\/types\/post"}],"author":[{"embeddable":true,"href":"https:\/\/diariodegarca.com\/index.php?rest_route=\/wp\/v2\/users\/260896547"}],"replies":[{"embeddable":true,"href":"https:\/\/diariodegarca.com\/index.php?rest_route=%2Fwp%2Fv2%2Fcomments&post=8344"}],"version-history":[{"count":2,"href":"https:\/\/diariodegarca.com\/index.php?rest_route=\/wp\/v2\/posts\/8344\/revisions"}],"predecessor-version":[{"id":8351,"href":"https:\/\/diariodegarca.com\/index.php?rest_route=\/wp\/v2\/posts\/8344\/revisions\/8351"}],"wp:featuredmedia":[{"embeddable":true,"href":"https:\/\/diariodegarca.com\/index.php?rest_route=\/wp\/v2\/media\/8346"}],"wp:attachment":[{"href":"https:\/\/diariodegarca.com\/index.php?rest_route=%2Fwp%2Fv2%2Fmedia&parent=8344"}],"wp:term":[{"taxonomy":"category","embeddable":true,"href":"https:\/\/diariodegarca.com\/index.php?rest_route=%2Fwp%2Fv2%2Fcategories&post=8344"},{"taxonomy":"post_tag","embeddable":true,"href":"https:\/\/diariodegarca.com\/index.php?rest_route=%2Fwp%2Fv2%2Ftags&post=8344"}],"curies":[{"name":"wp","href":"https:\/\/api.w.org\/{rel}","templated":true}]}}