{"id":8384,"date":"2025-11-03T10:02:43","date_gmt":"2025-11-03T13:02:43","guid":{"rendered":"https:\/\/diariodegarca.com\/?p=8384"},"modified":"2025-11-03T10:17:00","modified_gmt":"2025-11-03T13:17:00","slug":"policia-localiza-motocicleta-furtada-apos-denuncia-anonima-em-marilia","status":"publish","type":"post","link":"https:\/\/diariodegarca.com\/?p=8384","title":{"rendered":"Pol\u00edcia localiza motocicleta furtada ap\u00f3s den\u00fancia an\u00f4nima em Mar\u00edlia"},"content":{"rendered":"\n<p class=\"wp-block-paragraph\"><em>Ve\u00edculo foi encontrado camuflado com entulhos e vegeta\u00e7\u00e3o nos fundos de uma resid\u00eancia; dois homens foram abordados e admitiram participa\u00e7\u00e3o no transporte do bem.<\/em><\/p>\n\n\n\n<p class=\"wp-block-paragraph\">Um trabalho de recupera\u00e7\u00e3o de um ve\u00edculo furtado foi realizado pela Pol\u00edcia Militar na tarde de s\u00e1bado, 1\u00ba de novembro, no bairro Alto do Sobreiro, zona norte de Mar\u00edlia. A a\u00e7\u00e3o, iniciada por volta das 12h50, resultou na localiza\u00e7\u00e3o de uma motocicleta Honda que havia sido roubada.<\/p>\n\n\n\n<p class=\"wp-block-paragraph\">A opera\u00e7\u00e3o teve in\u00edcio ap\u00f3s as equipes de Radiopatrulhamento receberem uma den\u00fancia an\u00f4nima, que apontava o poss\u00edvel local onde a motocicleta estava escondida. Seguindo para o endere\u00e7o informado, os policiais militares abordaram dois indiv\u00edduos presentes no local. Durante a abordagem, os dois homens admitiram ter participado do transporte do ve\u00edculo furtado at\u00e9 aquele ponto.<\/p>\n\n\n\n<p class=\"wp-block-paragraph\">Com o refor\u00e7o de outras viaturas, os policiais realizaram uma busca minuciosa na \u00e1rea. A motocicleta foi encontrada nos fundos de uma resid\u00eancia, onde havia sido intencionalmente camuflada no meio de entulhos e vegeta\u00e7\u00e3o, numa tentativa de dificultar sua visualiza\u00e7\u00e3o.<\/p>\n\n\n\n<p class=\"wp-block-paragraph\">Ap\u00f3s a localiza\u00e7\u00e3o, a ocorr\u00eancia foi registrada na Central de Pol\u00edcia Judici\u00e1ria (CPJ) de Mar\u00edlia. No local, o ve\u00edculo foi devolvido ao seu propriet\u00e1rio. Os dois homens envolvidos foram ouvidos pelas autoridades e, em seguida, liberados. As investiga\u00e7\u00f5es para apurar todos os detalhes do furto e a poss\u00edvel participa\u00e7\u00e3o de outras pessoas no caso continuam a cargo da Pol\u00edcia Civil.<\/p>\n","protected":false},"excerpt":{"rendered":"<p>Ve\u00edculo foi encontrado camuflado com entulhos e vegeta\u00e7\u00e3o nos fundos de uma resid\u00eancia; dois homens foram abordados e admitiram participa\u00e7\u00e3o no transporte do bem. Um trabalho de recupera\u00e7\u00e3o de um ve\u00edculo furtado foi realizado pela Pol\u00edcia Militar na tarde de s\u00e1bado, 1\u00ba de novembro, no bairro Alto do Sobreiro, zona norte de Mar\u00edlia. A a\u00e7\u00e3o, [&hellip;]<\/p>\n","protected":false},"author":260896548,"featured_media":8385,"comment_status":"open","ping_status":"open","sticky":false,"template":"","format":"standard","meta":{"_crdt_document":"","_monsterinsights_skip_tracking":false,"_monsterinsights_sitenote_active":false,"_monsterinsights_sitenote_note":"","_monsterinsights_sitenote_category":0,"advanced_seo_description":"Pol\u00edcia Militar recupera motocicleta furtada em Mar\u00edlia ap\u00f3s den\u00fancia an\u00f4nima; dois homens admitiram participa\u00e7\u00e3o no transporte do ve\u00edculo.","jetpack_seo_html_title":"Pol\u00edcia Recupera Moto Roubada em Mar\u00edlia e Prende Suspeitos","jetpack_seo_noindex":false,"_jetpack_newsletter_access":"","_jetpack_dont_email_post_to_subs":false,"_jetpack_newsletter_tier_id":0,"_jetpack_memberships_contains_paywalled_content":false,"_jetpack_memberships_contains_paid_content":false,"footnotes":"","jetpack_publicize_message":"\ud83c\udfcd\ufe0f A Pol\u00edcia Militar recuperou uma motocicleta furtada que estava escondida no bairro Alto do Sobreiro, em Mar\u00edlia, no s\u00e1bado (1\/11).\n\nA localiza\u00e7\u00e3o foi poss\u00edvel ap\u00f3s uma den\u00fancia an\u00f4nima. No local, dois homens foram abordados e admitiram ter transportado o ve\u00edculo.\n\nA moto foi encontrada camuflada com entulhos e vegeta\u00e7\u00e3o nos fundos de uma casa, em uma tentativa de disfarce. Ap\u00f3s os procedimentos na delegacia, a motocicleta foi restitu\u00edda ao seu dono.\n\n\ud83d\udcd6 Leia a mat\u00e9ria completa em diariodegarca.com\n\n#Mar\u00edlia #Seguran\u00e7aP\u00fablica #Recupera\u00e7\u00e3o #Motocicleta #Pol\u00edciaMilitar #Not\u00edciaDeMar\u00edlia #A\u00e7\u00e3oPolicial #Di\u00e1rioDeGar\u00e7a","jetpack_publicize_feature_enabled":true,"jetpack_social_post_already_shared":false,"jetpack_social_options":{"image_generator_settings":{"template":"highway","default_image_id":0,"font":"","enabled":false},"version":2},"_wpas_customize_per_network":false,"jetpack_post_was_ever_published":false},"categories":[683453294,21243],"tags":[],"class_list":["post-8384","post","type-post","status-publish","format-standard","has-post-thumbnail","hentry","category-marilia-cidade","category-seguranca"],"jetpack_publicize_connections":[],"jetpack_featured_media_url":"https:\/\/i0.wp.com\/diariodegarca.com\/wp-content\/uploads\/2025\/11\/WhatsApp-Image-2025-11-03-at-09.46.23-rotated.jpeg?fit=1280%2C738&ssl=1","jetpack_likes_enabled":true,"jetpack_sharing_enabled":true,"jetpack_shortlink":"https:\/\/wp.me\/pgitne-2be","jetpack-related-posts":[{"id":2807,"url":"https:\/\/diariodegarca.com\/?p=2807","url_meta":{"origin":8384,"position":0},"title":"Mar\u00edlia: Motocicleta furtada \u00e9 recuperada e devolvida ao dono ap\u00f3s den\u00fancia","author":"Di\u00e1rio de Gar\u00e7a","date":"17 de fevereiro de 2025","format":false,"excerpt":"Na noite de domingo, dia 16 de fevereiro, durante a Opera\u00e7\u00e3o Impacto \"Cavalo de A\u00e7o\", uma motocicleta furtada foi localizada e recuperada pela Pol\u00edcia Militar em Mar\u00edlia. A a\u00e7\u00e3o ocorreu por volta das 21h, ap\u00f3s uma den\u00fancia an\u00f4nima sobre um ve\u00edculo sem placa e farol circulando nas proximidades do bairro\u2026","rel":"","context":"Em &quot;Brasil&quot;","block_context":{"text":"Brasil","link":"https:\/\/diariodegarca.com\/?cat=38185"},"img":{"alt_text":"","src":"","width":0,"height":0},"classes":[]},{"id":2797,"url":"https:\/\/diariodegarca.com\/?p=2797","url_meta":{"origin":8384,"position":1},"title":"Tentativa de furto a resid\u00eancia em Gar\u00e7a \u00e9 frustrada pela a\u00e7\u00e3o r\u00e1pida da Pol\u00edcia Militar","author":"Di\u00e1rio de Gar\u00e7a","date":"18 de fevereiro de 2025","format":false,"excerpt":"Na tarde de segunda-feira, dia 18 de fevereiro, por volta das 14h30, uma a\u00e7\u00e3o coordenada da Pol\u00edcia Militar impediu um furto qualificado a uma resid\u00eancia em Gar\u00e7a.\u00a0Os policiais foram acionados via COPOM ap\u00f3s den\u00fancias de que dois homens agiam de forma suspeita no local. De acordo com as investiga\u00e7\u00f5es, um\u2026","rel":"","context":"Em &quot;Brasil&quot;","block_context":{"text":"Brasil","link":"https:\/\/diariodegarca.com\/?cat=38185"},"img":{"alt_text":"","src":"","width":0,"height":0},"classes":[]},{"id":8888,"url":"https:\/\/diariodegarca.com\/?p=8888","url_meta":{"origin":8384,"position":2},"title":"Apreens\u00e3o de moto furtada em Mar\u00edlia leva a dois adolescentes por recepta\u00e7\u00e3o","author":"Andreza Sega","date":"21 de novembro de 2025","format":false,"excerpt":"Durante patrulhamento na regi\u00e3o do Campus Universit\u00e1rio, policiais militares identificaram irregularidades em uma motocicleta e descobriram que o ve\u00edculo tinha registro de furto. Na noite de quinta-feira, 20 de novembro, um patrulhamento intensificado da Pol\u00edcia Militar na avenida Higino Muzi Filho, nas proximidades do Campus Universit\u00e1rio de Mar\u00edlia, resultou na\u2026","rel":"","context":"Em &quot;Mar\u00edlia&quot;","block_context":{"text":"Mar\u00edlia","link":"https:\/\/diariodegarca.com\/?cat=683453294"},"img":{"alt_text":"","src":"https:\/\/i0.wp.com\/diariodegarca.com\/wp-content\/uploads\/2025\/11\/SnapInsta.to_583093198_18326355640246526_4271398319409189268_n.jpg?fit=1080%2C809&ssl=1&resize=350%2C200","width":350,"height":200,"srcset":"https:\/\/i0.wp.com\/diariodegarca.com\/wp-content\/uploads\/2025\/11\/SnapInsta.to_583093198_18326355640246526_4271398319409189268_n.jpg?fit=1080%2C809&ssl=1&resize=350%2C200 1x, https:\/\/i0.wp.com\/diariodegarca.com\/wp-content\/uploads\/2025\/11\/SnapInsta.to_583093198_18326355640246526_4271398319409189268_n.jpg?fit=1080%2C809&ssl=1&resize=525%2C300 1.5x, https:\/\/i0.wp.com\/diariodegarca.com\/wp-content\/uploads\/2025\/11\/SnapInsta.to_583093198_18326355640246526_4271398319409189268_n.jpg?fit=1080%2C809&ssl=1&resize=700%2C400 2x, https:\/\/i0.wp.com\/diariodegarca.com\/wp-content\/uploads\/2025\/11\/SnapInsta.to_583093198_18326355640246526_4271398319409189268_n.jpg?fit=1080%2C809&ssl=1&resize=1050%2C600 3x"},"classes":[]},{"id":6542,"url":"https:\/\/diariodegarca.com\/?p=6542","url_meta":{"origin":8384,"position":3},"title":"Dois s\u00e3o presos em flagrante por furto de fios de cobre no Salgado Filho, em Mar\u00edlia","author":"Di\u00e1rio de Gar\u00e7a","date":"9 de setembro de 2025","format":false,"excerpt":"A\u00e7\u00e3o da Radiopatrulha ocorreu nesta madrugada, ap\u00f3s den\u00fancia an\u00f4nima; suspeitos j\u00e1 tinham passagem pela pol\u00edcia. Na madrugada desta ter\u00e7a-feira, 9 de setembro, uma a\u00e7\u00e3o de rotina da Radiopatrulha resultou na pris\u00e3o em flagrante de dois homens por furto de fios de cobre no bairro Salgado Filho, em Mar\u00edlia. O desfecho\u2026","rel":"","context":"Em &quot;Mar\u00edlia&quot;","block_context":{"text":"Mar\u00edlia","link":"https:\/\/diariodegarca.com\/?cat=683453294"},"img":{"alt_text":"","src":"https:\/\/i0.wp.com\/diariodegarca.com\/wp-content\/uploads\/2025\/09\/5c32aae3-3f4b-4eb3-a0a9-041b8e0c7acb.jpg?fit=675%2C1200&ssl=1&resize=350%2C200","width":350,"height":200,"srcset":"https:\/\/i0.wp.com\/diariodegarca.com\/wp-content\/uploads\/2025\/09\/5c32aae3-3f4b-4eb3-a0a9-041b8e0c7acb.jpg?fit=675%2C1200&ssl=1&resize=350%2C200 1x, https:\/\/i0.wp.com\/diariodegarca.com\/wp-content\/uploads\/2025\/09\/5c32aae3-3f4b-4eb3-a0a9-041b8e0c7acb.jpg?fit=675%2C1200&ssl=1&resize=525%2C300 1.5x"},"classes":[]},{"id":6042,"url":"https:\/\/diariodegarca.com\/?p=6042","url_meta":{"origin":8384,"position":4},"title":"Dois homens s\u00e3o presos em flagrante por tentativa de homic\u00eddio em Tup\u00e3","author":"Di\u00e1rio de Gar\u00e7a","date":"24 de agosto de 2025","format":false,"excerpt":"V\u00edtima foi encontrada inconsciente e sangrando no ch\u00e3o; autores fugiram de carro, mas foram localizados pela PM minutos depois com a arma do crime dentro do ve\u00edculo. Na noite desta s\u00e1bado, 23 de agosto, por volta das 20h40, dois indiv\u00edduos foram presos em flagrante pela Pol\u00edcia Militar do 9\u00ba Batalh\u00e3o\u2026","rel":"","context":"Em &quot;Seguran\u00e7a&quot;","block_context":{"text":"Seguran\u00e7a","link":"https:\/\/diariodegarca.com\/?cat=21243"},"img":{"alt_text":"","src":"https:\/\/i0.wp.com\/diariodegarca.com\/wp-content\/uploads\/2025\/08\/snapinsta.to_539095022_18313350073246526_1019714987667346732_n.webp?fit=1080%2C1080&ssl=1&resize=350%2C200","width":350,"height":200,"srcset":"https:\/\/i0.wp.com\/diariodegarca.com\/wp-content\/uploads\/2025\/08\/snapinsta.to_539095022_18313350073246526_1019714987667346732_n.webp?fit=1080%2C1080&ssl=1&resize=350%2C200 1x, https:\/\/i0.wp.com\/diariodegarca.com\/wp-content\/uploads\/2025\/08\/snapinsta.to_539095022_18313350073246526_1019714987667346732_n.webp?fit=1080%2C1080&ssl=1&resize=525%2C300 1.5x, https:\/\/i0.wp.com\/diariodegarca.com\/wp-content\/uploads\/2025\/08\/snapinsta.to_539095022_18313350073246526_1019714987667346732_n.webp?fit=1080%2C1080&ssl=1&resize=700%2C400 2x, https:\/\/i0.wp.com\/diariodegarca.com\/wp-content\/uploads\/2025\/08\/snapinsta.to_539095022_18313350073246526_1019714987667346732_n.webp?fit=1080%2C1080&ssl=1&resize=1050%2C600 3x"},"classes":[]},{"id":4833,"url":"https:\/\/diariodegarca.com\/?p=4833","url_meta":{"origin":8384,"position":5},"title":"Pol\u00edcia Militar realiza opera\u00e7\u00f5es em Mar\u00edlia e Pompeia","author":"Di\u00e1rio de Gar\u00e7a","date":"20 de julho de 2025","format":false,"excerpt":"A\u00e7\u00f5es resultaram em pris\u00f5es, apreens\u00e3o de drogas e infra\u00e7\u00f5es de tr\u00e2nsito. Com opera\u00e7\u00f5es integradas e patrulhamento ostensivo, as equipes da Pol\u00edcia Militar trabalharam para coibir crimes, fiscalizando o tr\u00e2nsito e na preven\u00e7\u00e3o de situa\u00e7\u00f5es de risco em cidades da regi\u00e3o. Nos \u00faltimos dias, a\u00e7\u00f5es em Pomp\u00e9ia e Mar\u00edlia resultaram em\u2026","rel":"","context":"Em &quot;Fiscaliza\u00e7\u00e3o&quot;","block_context":{"text":"Fiscaliza\u00e7\u00e3o","link":"https:\/\/diariodegarca.com\/?cat=1192752"},"img":{"alt_text":"","src":"","width":0,"height":0},"classes":[]}],"_links":{"self":[{"href":"https:\/\/diariodegarca.com\/index.php?rest_route=\/wp\/v2\/posts\/8384","targetHints":{"allow":["GET"]}}],"collection":[{"href":"https:\/\/diariodegarca.com\/index.php?rest_route=\/wp\/v2\/posts"}],"about":[{"href":"https:\/\/diariodegarca.com\/index.php?rest_route=\/wp\/v2\/types\/post"}],"author":[{"embeddable":true,"href":"https:\/\/diariodegarca.com\/index.php?rest_route=\/wp\/v2\/users\/260896548"}],"replies":[{"embeddable":true,"href":"https:\/\/diariodegarca.com\/index.php?rest_route=%2Fwp%2Fv2%2Fcomments&post=8384"}],"version-history":[{"count":3,"href":"https:\/\/diariodegarca.com\/index.php?rest_route=\/wp\/v2\/posts\/8384\/revisions"}],"predecessor-version":[{"id":8393,"href":"https:\/\/diariodegarca.com\/index.php?rest_route=\/wp\/v2\/posts\/8384\/revisions\/8393"}],"wp:featuredmedia":[{"embeddable":true,"href":"https:\/\/diariodegarca.com\/index.php?rest_route=\/wp\/v2\/media\/8385"}],"wp:attachment":[{"href":"https:\/\/diariodegarca.com\/index.php?rest_route=%2Fwp%2Fv2%2Fmedia&parent=8384"}],"wp:term":[{"taxonomy":"category","embeddable":true,"href":"https:\/\/diariodegarca.com\/index.php?rest_route=%2Fwp%2Fv2%2Fcategories&post=8384"},{"taxonomy":"post_tag","embeddable":true,"href":"https:\/\/diariodegarca.com\/index.php?rest_route=%2Fwp%2Fv2%2Ftags&post=8384"}],"curies":[{"name":"wp","href":"https:\/\/api.w.org\/{rel}","templated":true}]}}