{"id":8458,"date":"2025-11-05T08:26:37","date_gmt":"2025-11-05T11:26:37","guid":{"rendered":"https:\/\/diariodegarca.com\/?p=8458"},"modified":"2025-11-05T08:26:37","modified_gmt":"2025-11-05T11:26:37","slug":"censo-desvenda-nomes-e-sobrenomes-mais-comuns-em-garca","status":"publish","type":"post","link":"https:\/\/diariodegarca.com\/?p=8458","title":{"rendered":"Censo desvenda nomes e sobrenomes mais comuns em Gar\u00e7a"},"content":{"rendered":"\n<p class=\"wp-block-paragraph\"><em>Dados do IBGE mostram que tradi\u00e7\u00e3o e modernidade convivem na escolha dos nomes; Maria e Jos\u00e9 seguem sendo os mais comuns, enquanto &#8216;Silva&#8217; domina como sobrenome, a lista local revela particularidades que contam a hist\u00f3ria da popula\u00e7\u00e3o.<\/em><\/p>\n\n\n\n<p class=\"wp-block-paragraph\">O que os nomes de uma cidade podem dizer sobre sua hist\u00f3ria e sua gente? Tudo. Uma an\u00e1lise exclusiva do <em>Di\u00e1rio de Gar\u00e7a<\/em> aos dados do Censo 2022 do IBGE revela o &#8220;DNA&#8221; da popula\u00e7\u00e3o local, exposto nos nomes e sobrenomes mais comuns. O resultado \u00e9 um retrato fascinante que mistura a tradi\u00e7\u00e3o secular do Brasil com gostos \u00fanicos que definem a identidade garcense. <\/p>\n\n\n\n<p class=\"wp-block-paragraph\"><strong>A hegemonia de Maria e Jos\u00e9<\/strong><\/p>\n\n\n\n<p class=\"wp-block-paragraph\">Tanto em Gar\u00e7a quanto no Brasil, os nomes mais comuns t\u00eam ra\u00edzes profundas na tradi\u00e7\u00e3o judaico-crist\u00e3. No topo do p\u00f3dio,&nbsp;<strong>Maria<\/strong>&nbsp;e&nbsp;<strong>Jos\u00e9<\/strong>&nbsp;reinam absolutos.<\/p>\n\n\n\n<p class=\"wp-block-paragraph\">Entre as mulheres,&nbsp;<strong>Maria<\/strong>&nbsp;\u00e9 um fen\u00f4meno de popularidade. Em Gar\u00e7a, um total de 2.380 mulheres (5,65%) carregam o nome, uma frequ\u00eancia ainda maior do que a m\u00e9dia nacional (6,02%). Na sequ\u00eancia,&nbsp;<strong>Ana<\/strong>&nbsp;aparece como o segundo nome mais comum tanto na cidade (2,35%) quanto no pa\u00eds (1,94%).<\/p>\n\n\n\n<p class=\"wp-block-paragraph\">No universo masculino, a hist\u00f3ria se repete.\u00a0<strong>Jos\u00e9<\/strong>\u00a0lidera a lista em Gar\u00e7a (2,44%) e no Brasil (2,53%), seguido por\u00a0<strong>Jo\u00e3o<\/strong>\u00a0(2,17% na cidade e 1,68% no pa\u00eds). A presen\u00e7a massiva de\u00a0<strong>Antonio, Luiz, Francisco, Carlos e Paulo<\/strong>\u00a0nas duas listas evidencia a for\u00e7a dos nomes cl\u00e1ssicos, herdados de gera\u00e7\u00f5es passadas, na forma\u00e7\u00e3o da identidade brasileira.<\/p>\n\n\n\n<p class=\"wp-block-paragraph\"><strong>Confira as listas dos nomes mais comuns em Gar\u00e7a<\/strong><\/p>\n\n\n\n<p class=\"wp-block-paragraph\"><strong>TOP 20 &#8211; MASCULINO<\/strong><\/p>\n\n\n\n<ol start=\"1\" class=\"wp-block-list\">\n<li>Jose (2,44%)<\/li>\n\n\n\n<li>Joao (2,17%)<\/li>\n\n\n\n<li>Luiz (1,16%)<\/li>\n\n\n\n<li>Antonio (1,11%)<\/li>\n\n\n\n<li>Paulo (0,89%)<\/li>\n\n\n\n<li>Carlos (0,83%)<\/li>\n\n\n\n<li>Pedro (0,82%)<\/li>\n\n\n\n<li>Luis (0,80%)<\/li>\n\n\n\n<li>Marcos (0,78%)<\/li>\n\n\n\n<li>Lucas (0,76%)<\/li>\n\n\n\n<li>Gabriel (0,75%)<\/li>\n\n\n\n<li>Rafael (0,65%)<\/li>\n\n\n\n<li>Fabio (0,52%)<\/li>\n\n\n\n<li>Bruno (0,51%)<\/li>\n\n\n\n<li>Marcelo (0,50%)<\/li>\n\n\n\n<li>Miguel (0,47%)<\/li>\n\n\n\n<li>Leonardo (0,45%)<\/li>\n\n\n\n<li>Matheus (0,44%)<\/li>\n\n\n\n<li>Guilherme (0,42%)<\/li>\n\n\n\n<li>Eduardo (0,41%)<\/li>\n<\/ol>\n\n\n\n<p class=\"wp-block-paragraph\"><strong>TOP 20 &#8211; FEMININO<\/strong><\/p>\n\n\n\n<ol start=\"1\" class=\"wp-block-list\">\n<li>Maria (5,65%)<\/li>\n\n\n\n<li>Ana (2,35%)<\/li>\n\n\n\n<li>Aparecida (0,63%)<\/li>\n\n\n\n<li>Marcia (0,45%)<\/li>\n\n\n\n<li>Adriana (0,41%)<\/li>\n\n\n\n<li>Julia (0,40%)<\/li>\n\n\n\n<li>Vera (0,39%)<\/li>\n\n\n\n<li>Luciana (0,38%)<\/li>\n\n\n\n<li>Amanda (0,38%)<\/li>\n\n\n\n<li>Patricia (0,37%)<\/li>\n\n\n\n<li>Beatriz (0,36%)<\/li>\n\n\n\n<li>Bruna (0,35%)<\/li>\n\n\n\n<li>Juliana (0,34%)<\/li>\n\n\n\n<li>Sonia (0,33%)<\/li>\n\n\n\n<li>Helena (0,33%)<\/li>\n\n\n\n<li>Fernanda (0,33%)<\/li>\n\n\n\n<li>Alice (0,33%)<\/li>\n\n\n\n<li>Aline (0,31%)<\/li>\n\n\n\n<li>Isabela (0,30%)<\/li>\n\n\n\n<li>Laura (0,29%)<\/li>\n<\/ol>\n\n\n\n<p class=\"wp-block-paragraph\"><strong>Gar\u00e7a vs Brasil: onde as listas se diferenciam<\/strong><\/p>\n\n\n\n<p class=\"wp-block-paragraph\">Apesar da semelhan\u00e7a no topo, \u00e9 nas posi\u00e7\u00f5es seguintes que a identidade local de Gar\u00e7a se afirma. Enquanto a lista nacional \u00e9 um retrato do pa\u00eds como um todo, a de Gar\u00e7a mostra nuances espec\u00edficas.<\/p>\n\n\n\n<ul class=\"wp-block-list\">\n<li><strong>Nomes de Gar\u00e7a que n\u00e3o est\u00e3o no Top 20 nacional:<\/strong>\u00a0Na lista feminina,\u00a0<strong>Aparecida<\/strong>\u00a0(3\u00ba),\u00a0<strong>Vera<\/strong>\u00a0(7\u00ba),\u00a0<strong>Luciana<\/strong>\u00a0(8\u00ba),\u00a0<strong>S\u00f4nia<\/strong>\u00a0(14\u00ba) e\u00a0<strong>Helena<\/strong>\u00a0(15\u00ba) s\u00e3o destaques em Gar\u00e7a, mas n\u00e3o figuram entre os 20 mais comuns do Brasil. J\u00e1 entre os homens,\u00a0<strong>F\u00e1bio<\/strong>\u00a0(13\u00ba),\u00a0<strong>Bruno<\/strong>\u00a0(14\u00ba) e\u00a0<strong>Marcelo<\/strong>\u00a0(15\u00ba) t\u00eam uma presen\u00e7a significativamente maior na cidade em compara\u00e7\u00e3o com a m\u00e9dia nacional.<\/li>\n\n\n\n<li><strong>Nomes do Brasil que n\u00e3o s\u00e3o Top 20 em Gar\u00e7a:<\/strong>\u00a0Por outro lado, nomes de forte apelo nacional como\u00a0<strong>Francisca, Antonia, Let\u00edcia, J\u00e9ssica e Sandra<\/strong>\u00a0(no feminino) e\u00a0<strong>Francisco, Davi, Daniel, Gustavo e Felipe<\/strong>\u00a0(no masculino) n\u00e3o alcan\u00e7aram a lista local dos 20 mais, indicando uma prefer\u00eancia regional por outras op\u00e7\u00f5es.<\/li>\n<\/ul>\n\n\n\n<p class=\"wp-block-paragraph\"><strong>Os novos cl\u00e1ssicos<\/strong><\/p>\n\n\n\n<p class=\"wp-block-paragraph\">A conviv\u00eancia entre o tradicional e o moderno \u00e9 vis\u00edvel. Nomes como&nbsp;<strong>Gabriel, Lucas, Rafael, Miguel e Leonardo<\/strong>&nbsp;(masculinos) e&nbsp;<strong>Julia, Amanda, Beatriz, Alice e Laura<\/strong>&nbsp;(femininos) aparecem com for\u00e7a nas duas listas, demonstrando uma tend\u00eancia mais recente que convive com a tradi\u00e7\u00e3o secular de Maria e Jos\u00e9.<\/p>\n\n\n\n<p class=\"wp-block-paragraph\"><strong>O dom\u00ednio dos &#8220;Silva&#8221;<\/strong><\/p>\n\n\n\n<p class=\"wp-block-paragraph\">Se os nomes mostram algumas varia\u00e7\u00f5es, a hegemonia dos sobrenomes \u00e9 ainda mais uniforme. O poderoso&nbsp;<strong>Silva<\/strong>&nbsp;\u00e9 o sobrenome incontest\u00e1vel, representando 11,70% da popula\u00e7\u00e3o de Gar\u00e7a e 16,76% dos brasileiros. A sequ\u00eancia&nbsp;<strong>Santos, Oliveira, Souza e Pereira<\/strong>&nbsp;completa o &#8220;p\u00f3dio de ferro&#8221; tanto na cidade quanto no pa\u00eds, com pequenas varia\u00e7\u00f5es na ordem.<\/p>\n\n\n\n<p class=\"wp-block-paragraph\">Uma diferen\u00e7a curiosa aparece no sobrenome&nbsp;<strong>Lima<\/strong>, que \u00e9 o 7\u00ba mais comum no Brasil, mas aparece em 9\u00ba em Gar\u00e7a. J\u00e1&nbsp;<strong>Alves<\/strong>&nbsp;ocupa a 6\u00aa posi\u00e7\u00e3o na cidade, uma acima da sua coloca\u00e7\u00e3o nacional (8\u00ba).<\/p>\n\n\n\n<p class=\"wp-block-paragraph\"><strong>Confira a lista dos sobrenomes mais comuns em Gar\u00e7a<\/strong><\/p>\n\n\n\n<ol start=\"1\" class=\"wp-block-list\">\n<li>Silva (11,70%)<\/li>\n\n\n\n<li>Santos (8,69%)<\/li>\n\n\n\n<li>Oliveira (5,60%)<\/li>\n\n\n\n<li>Souza (4,79%)<\/li>\n\n\n\n<li>Pereira (3,69%)<\/li>\n\n\n\n<li>Alves (3,16%)<\/li>\n\n\n\n<li>Ferreira (2,88%)<\/li>\n\n\n\n<li>Rodrigues (2,57%)<\/li>\n\n\n\n<li>Lima (2,08%)<\/li>\n\n\n\n<li>Martins (1,90%)<\/li>\n\n\n\n<li>Barbosa (1,63%)<\/li>\n\n\n\n<li>Ribeiro (1,50%)<\/li>\n\n\n\n<li>Lopes (1,44%)<\/li>\n\n\n\n<li>Gomes (1,32%)<\/li>\n\n\n\n<li>Goncalves (1,29%)<\/li>\n\n\n\n<li>Rocha (1,24%)<\/li>\n\n\n\n<li>Almeida (1,20%)<\/li>\n\n\n\n<li>Carvalho (1,20%)<\/li>\n\n\n\n<li>Costa (1,16%)<\/li>\n\n\n\n<li>Soares (1,13%)<\/li>\n<\/ol>\n\n\n\n<p class=\"wp-block-paragraph\">Os dados do Censo 2022 sobre nomes e sobrenomes v\u00e3o al\u00e9m de uma mera curiosidade. Eles s\u00e3o um retrato vivo da hist\u00f3ria, da cultura e das influ\u00eancias que moldam uma popula\u00e7\u00e3o. Gar\u00e7a, como o Brasil, \u00e9 uma terra onde a tradi\u00e7\u00e3o cat\u00f3lica e familiar, representada por Maria e Jos\u00e9, ainda \u00e9 a base. No entanto, a cidade demonstra seu pr\u00f3prio gosto, abra\u00e7ando nomes como Aparecida e F\u00e1bio com mais for\u00e7a que a m\u00e9dia nacional. No fim, a lista \u00e9 um espelho: reflete um povo com ra\u00edzes s\u00f3lidas, mas com uma identidade \u00fanica que merece ser celebrada.<\/p>\n","protected":false},"excerpt":{"rendered":"<p>Dados do IBGE mostram que tradi\u00e7\u00e3o e modernidade convivem na escolha dos nomes; Maria e Jos\u00e9 seguem sendo os mais comuns, enquanto &#8216;Silva&#8217; domina como sobrenome, a lista local revela particularidades que contam a hist\u00f3ria da popula\u00e7\u00e3o. O que os nomes de uma cidade podem dizer sobre sua hist\u00f3ria e sua gente? Tudo. Uma an\u00e1lise [&hellip;]<\/p>\n","protected":false},"author":260896546,"featured_media":8461,"comment_status":"open","ping_status":"open","sticky":false,"template":"","format":"standard","meta":{"_monsterinsights_skip_tracking":false,"advanced_seo_description":"Explore as tend\u00eancias de nomes em Gar\u00e7a e como eles refletem a tradi\u00e7\u00e3o e identidade local em compara\u00e7\u00e3o com o Brasil.","jetpack_seo_html_title":"Os Nomes e Sobrenomes que Contam a Hist\u00f3ria de Gar\u00e7a","jetpack_seo_noindex":false,"jetpack_seo_schema_type":"","_jetpack_newsletter_access":"","_jetpack_dont_email_post_to_subs":false,"_jetpack_newsletter_tier_id":0,"_jetpack_memberships_contains_paywalled_content":false,"_wpcom_ai_launchpad_first_post":false,"_jetpack_feature_clip_id":0,"_jetpack_memberships_contains_paid_content":false,"footnotes":"","jetpack_publicize_message":"\ud83d\udd0e Sabia que em Gar\u00e7a...?\n\nO Censo 2022 acabou de revelar o \"RG\" da nossa cidade! \ud83e\uddd0\ud83d\udcca\n\nAqui, a tradi\u00e7\u00e3o \u00e9 forte: Maria e Jos\u00e9 s\u00e3o os nomes #1, e Silva domina os sobrenomes. Mas a gente tem nossas particularidades:\n\u2705 Aparecida \u00e9 o 3\u00ba nome mais comum entre as mulheres, um marco local!\n\u2705 F\u00e1bio, Bruno e Marcelo tamb\u00e9m se destacam muito mais aqui que no resto do Brasil.\n\nQuer descobrir se seu nome est\u00e1 na lista dos TOP 20 de Gar\u00e7a? A mat\u00e9ria completa, cheia de comparativos e curiosidades, est\u00e1 no site!\n\nCorre l\u00e1 no DiarioDeGarca.com (link na bio!) e descubra o que os nomes contam sobre a nossa identidade! \ud83d\udc47\n\n#Censo2022 #Gar\u00e7a #IBGE #Curiosidades #Nomes #Sobrenomes #Maria #Jos\u00e9 #Silva #DiarioDeGar\u00e7a #SP","jetpack_publicize_feature_enabled":true,"jetpack_social_post_already_shared":false,"jetpack_social_options":{"image_generator_settings":{"template":"highway","default_image_id":0,"font":"","enabled":false},"version":2},"_wpas_customize_per_network":false,"jetpack_post_was_ever_published":false},"categories":[38185,781171664,15011],"tags":[],"class_list":["post-8458","post","type-post","status-publish","format-standard","has-post-thumbnail","hentry","category-brasil","category-garca-cidade","category-pesquisa"],"jetpack_publicize_connections":[],"jetpack_likes_enabled":true,"jetpack_sharing_enabled":true,"jetpack_shortlink":"https:\/\/wp.me\/pgitne-2cq","jetpack-related-posts":[{"id":2908,"url":"https:\/\/diariodegarca.com\/?p=2908","url_meta":{"origin":8458,"position":0},"title":"Quanto ganham os representantes do povo em Gar\u00e7a?","author":"Di\u00e1rio de Gar\u00e7a","date":"3 de fevereiro de 2025","format":false,"excerpt":"Os sal\u00e1rios dos agentes pol\u00edticos variam de acordo com fatores como arrecada\u00e7\u00e3o, popula\u00e7\u00e3o e desafios locais. Para entender melhor como esses valores s\u00e3o definidos, esta s\u00e9rie de reportagens se baseia em dados extra\u00eddos dos portais da transpar\u00eancia e legisla\u00e7\u00f5es municipais. O munic\u00edpio em destaque nesta quinta publica\u00e7\u00e3o \u00e9 Gar\u00e7a. Gar\u00e7a\u2026","rel":"","context":"Em &quot;Brasil&quot;","block_context":{"text":"Brasil","link":"https:\/\/diariodegarca.com\/?cat=38185"},"img":{"alt_text":"","src":"https:\/\/i0.wp.com\/blogger.googleusercontent.com\/img\/b\/R29vZ2xl\/AVvXsEiWxEtVRy8dB5nzuc2Ix99MhyZQdoqsv1NIgv1wOTdkGLjMVMOXegiluacH8Ct_5JBhoszCyRxSQWKvMS6DJOxKA2HUt4CxKoU5DAPgMC6QjZS3ESfnl95XGw8dB5YiDMJIoNGEn9I-Zm3OAs-4gzO-ZCHKKTyczA1s21lB8y0xIDCL5Yd9aUv_hXmSBoc\/w400-h300\/1000192226.jpg?resize=350%2C200&ssl=1","width":350,"height":200},"classes":[]},{"id":2992,"url":"https:\/\/diariodegarca.com\/?p=2992","url_meta":{"origin":8458,"position":1},"title":"Donos da Rua: Bar\u00e3o do Rio Branco","author":"Di\u00e1rio de Gar\u00e7a","date":"20 de janeiro de 2025","format":false,"excerpt":"\u00a0\u00a0Voc\u00ea j\u00e1 parou para pensar que todos os dias passa por ruas que levam o nome de algu\u00e9m? Moramos, trabalhamos e circulamos por ruas nomeadas, muitas vezes em homenagem a pessoas. Tamb\u00e9m \u00e9 comum que esses nomes representem datas hist\u00f3ricas, elementos da fauna ou flora, pa\u00edses ou cidades. Ainda assim,\u2026","rel":"","context":"Em &quot;Brasil&quot;","block_context":{"text":"Brasil","link":"https:\/\/diariodegarca.com\/?cat=38185"},"img":{"alt_text":"","src":"https:\/\/i0.wp.com\/blogger.googleusercontent.com\/img\/b\/R29vZ2xl\/AVvXsEgWO7dw_4bS8Ve17fUDXXldkDRxr8MU7nyVu1ywS8bwzVBCM2YWGPf1tE-lV-cJ7dyl16elhg5NA918aqqNOkJT2Lf5RSL_3pPPESECAr4f0xv-q6OMiYWuTqT7P4KYdyR2XcQuBQ0eWC8LoEyXYCMRCarCJD5oEukt0thK3G0pjpOU5t1fR4SzWIlGZJM\/w457-h282\/Rua%20blog.png?resize=350%2C200&ssl=1","width":350,"height":200},"classes":[]},{"id":2477,"url":"https:\/\/diariodegarca.com\/?p=2477","url_meta":{"origin":8458,"position":2},"title":"Com duas mortes confirmadas pelo Estado, dengue avan\u00e7a de forma descontrolada em Gar\u00e7a","author":"Di\u00e1rio de Gar\u00e7a","date":"3 de abril de 2025","format":false,"excerpt":"A epidemia de dengue em Gar\u00e7a segue avan\u00e7ando rapidamente. No final de fevereiro, a cidade j\u00e1 havia ultrapassado o patamar epid\u00eamico definido pela Organiza\u00e7\u00e3o Mundial da Sa\u00fade (OMS), com uma incid\u00eancia de 495,6 casos por 100 mil habitantes. Em apenas 37 dias, esse n\u00famero disparou para 2.146,6 casos por 100\u2026","rel":"","context":"Em &quot;Brasil&quot;","block_context":{"text":"Brasil","link":"https:\/\/diariodegarca.com\/?cat=38185"},"img":{"alt_text":"","src":"","width":0,"height":0},"classes":[]},{"id":9689,"url":"https:\/\/diariodegarca.com\/?p=9689","url_meta":{"origin":8458,"position":3},"title":"Conflito em UPA de Gar\u00e7a exp\u00f5e crise na sa\u00fade e atrito pol\u00edtico","author":"Di\u00e1rio de Gar\u00e7a","date":"23 de dezembro de 2025","format":false,"excerpt":"Prefeito Jos\u00e9 Alcides Faneco \u00e9 acusado de coagir mun\u00edcipe que, em desespero pela vida do irm\u00e3o, recorreu a um vereador para conseguir vaga em UTI; caso ocorre em meio \u00e0 maior preocupa\u00e7\u00e3o dos garcenses, que \u00e9 a sa\u00fade p\u00fablica Uma situa\u00e7\u00e3o de desespero em uma Unidade de Pronto Atendimento (UPA)\u2026","rel":"","context":"Em &quot;Gar\u00e7a&quot;","block_context":{"text":"Gar\u00e7a","link":"https:\/\/diariodegarca.com\/?cat=781171664"},"img":{"alt_text":"","src":"https:\/\/i0.wp.com\/diariodegarca.com\/wp-content\/uploads\/2025\/12\/upa-garca.jpg?fit=984%2C593&ssl=1&resize=350%2C200","width":350,"height":200,"srcset":"https:\/\/i0.wp.com\/diariodegarca.com\/wp-content\/uploads\/2025\/12\/upa-garca.jpg?fit=984%2C593&ssl=1&resize=350%2C200 1x, https:\/\/i0.wp.com\/diariodegarca.com\/wp-content\/uploads\/2025\/12\/upa-garca.jpg?fit=984%2C593&ssl=1&resize=525%2C300 1.5x, https:\/\/i0.wp.com\/diariodegarca.com\/wp-content\/uploads\/2025\/12\/upa-garca.jpg?fit=984%2C593&ssl=1&resize=700%2C400 2x"},"classes":[]},{"id":8492,"url":"https:\/\/diariodegarca.com\/?p=8492","url_meta":{"origin":8458,"position":4},"title":"C\u00e2mara de Gar\u00e7a debate Or\u00e7amento de R$ 310 milh\u00f5es para 2026 em audi\u00eancia p\u00fablica","author":"Di\u00e1rio de Gar\u00e7a","date":"5 de novembro de 2025","format":false,"excerpt":"Representantes da Prefeitura apresentam a pe\u00e7a or\u00e7ament\u00e1ria e respondem a questionamentos de vereadores sobre sa\u00fade, acessibilidade e reajuste do vale-alimenta\u00e7\u00e3o. Em uma sess\u00e3o aberta \u00e0 popula\u00e7\u00e3o, a C\u00e2mara Municipal de Gar\u00e7a realizou, na \u00faltima ter\u00e7a-feira, 4 de novembro, a Audi\u00eancia P\u00fablica para discutir o Projeto de Lei n\u00ba 81\/2025, a\u2026","rel":"","context":"Em &quot;Gar\u00e7a&quot;","block_context":{"text":"Gar\u00e7a","link":"https:\/\/diariodegarca.com\/?cat=781171664"},"img":{"alt_text":"","src":"https:\/\/i0.wp.com\/diariodegarca.com\/wp-content\/uploads\/2025\/11\/0af045f2-67a0-4341-8778-3f2285948ba6-e1762364838859.png?fit=380%2C215&ssl=1&resize=350%2C200","width":350,"height":200},"classes":[]},{"id":2990,"url":"https:\/\/diariodegarca.com\/?p=2990","url_meta":{"origin":8458,"position":5},"title":"Quanto ganham os representantes do povo em Ocau\u00e7u?","author":"Di\u00e1rio de Gar\u00e7a","date":"20 de janeiro de 2025","format":false,"excerpt":"As remunera\u00e7\u00f5es dos agentes pol\u00edticos variam entre os munic\u00edpios brasileiros, refletindo particularidades como arrecada\u00e7\u00e3o, popula\u00e7\u00e3o e desafios locais. Para esclarecer como esses valores s\u00e3o definidos e praticados, iniciamos uma s\u00e9rie de postagens baseada em dados obtidos nos portais da transpar\u00eancia e legisla\u00e7\u00f5es municipais. O primeiro munic\u00edpio em destaque \u00e9 Ocau\u00e7u,\u2026","rel":"","context":"Em &quot;Brasil&quot;","block_context":{"text":"Brasil","link":"https:\/\/diariodegarca.com\/?cat=38185"},"img":{"alt_text":"","src":"https:\/\/i0.wp.com\/blogger.googleusercontent.com\/img\/b\/R29vZ2xl\/AVvXsEgVI5K7NLesHLFZm632j89tfFHOE0HaGBk6dcWHYal4eSXV5H3j6SpuB6zJ4WWct-4T5eYj_gRwdR4JaY3iSzux5_mam0XwIBMjk5mRRNasTyx2o0OmWl-F7GSIbwdDJd5IX0Sy2RSi2I4rRl_TNvGPSc2f2sX46RBVZdhv2mUV8v8sd4CfExH29X50c3M\/w475-h327\/3711670677769d58a4736e63c72b9776.jpeg?resize=350%2C200&ssl=1","width":350,"height":200},"classes":[]}],"jetpack_featured_media_url":"https:\/\/i0.wp.com\/diariodegarca.com\/wp-content\/uploads\/2025\/11\/desenho-de-colagem-de-pessoas.jpg?fit=4800%2C3200&ssl=1","_links":{"self":[{"href":"https:\/\/diariodegarca.com\/index.php?rest_route=\/wp\/v2\/posts\/8458","targetHints":{"allow":["GET"]}}],"collection":[{"href":"https:\/\/diariodegarca.com\/index.php?rest_route=\/wp\/v2\/posts"}],"about":[{"href":"https:\/\/diariodegarca.com\/index.php?rest_route=\/wp\/v2\/types\/post"}],"author":[{"embeddable":true,"href":"https:\/\/diariodegarca.com\/index.php?rest_route=\/wp\/v2\/users\/260896546"}],"replies":[{"embeddable":true,"href":"https:\/\/diariodegarca.com\/index.php?rest_route=%2Fwp%2Fv2%2Fcomments&post=8458"}],"version-history":[{"count":5,"href":"https:\/\/diariodegarca.com\/index.php?rest_route=\/wp\/v2\/posts\/8458\/revisions"}],"predecessor-version":[{"id":8464,"href":"https:\/\/diariodegarca.com\/index.php?rest_route=\/wp\/v2\/posts\/8458\/revisions\/8464"}],"wp:featuredmedia":[{"embeddable":true,"href":"https:\/\/diariodegarca.com\/index.php?rest_route=\/wp\/v2\/media\/8461"}],"wp:attachment":[{"href":"https:\/\/diariodegarca.com\/index.php?rest_route=%2Fwp%2Fv2%2Fmedia&parent=8458"}],"wp:term":[{"taxonomy":"category","embeddable":true,"href":"https:\/\/diariodegarca.com\/index.php?rest_route=%2Fwp%2Fv2%2Fcategories&post=8458"},{"taxonomy":"post_tag","embeddable":true,"href":"https:\/\/diariodegarca.com\/index.php?rest_route=%2Fwp%2Fv2%2Ftags&post=8458"}],"curies":[{"name":"wp","href":"https:\/\/api.w.org\/{rel}","templated":true}]}}