{"id":8478,"date":"2025-11-05T09:39:52","date_gmt":"2025-11-05T12:39:52","guid":{"rendered":"https:\/\/diariodegarca.com\/?p=8478"},"modified":"2025-11-05T09:39:52","modified_gmt":"2025-11-05T12:39:52","slug":"cia-estavel-de-danca-de-bauru-leva-releitura-contemporanea-de-carmen-a-galia","status":"publish","type":"post","link":"https:\/\/diariodegarca.com\/?p=8478","title":{"rendered":"Cia Est\u00e1vel de Dan\u00e7a de Bauru leva releitura contempor\u00e2nea de &#8220;Carmen&#8221; a G\u00e1lia"},"content":{"rendered":"\n<p class=\"wp-block-paragraph\"><em>Espet\u00e1culo gratuito, com coreografia de Arilton Assun\u00e7\u00e3o, promove uma fus\u00e3o de arte, movimento e emo\u00e7\u00e3o no anfiteatro da Secretaria de Educa\u00e7\u00e3o no s\u00e1bado, dia 8 de novembro.<\/em><\/p>\n\n\n\n<p class=\"wp-block-paragraph\">A cidade de G\u00e1lia se prepara para uma noite especial de dan\u00e7a no<strong> s\u00e1bado, 8 de novembro<\/strong>. A Companhia Est\u00e1vel de Dan\u00e7a de Bauru apresenta o espet\u00e1culo &#8220;<strong>Carmen<\/strong>&#8220;, uma ousada e contempor\u00e2nea releitura da c\u00e9lebre \u00f3pera de Georges Bizet. Com coreografia assinada por Arilton Assun\u00e7\u00e3o, a apresenta\u00e7\u00e3o, que tem <strong>entrada gratuita<\/strong>, acontece <strong>\u00e0s 20h, no Anfiteatro da Secretaria de Educa\u00e7\u00e3o<\/strong>.<\/p>\n\n\n\n<p class=\"wp-block-paragraph\">A produ\u00e7\u00e3o promete transportar o p\u00fablico para o universo intenso e dram\u00e1tico da cigana Carmen, mas sob uma nova perspectiva, explorando a linguagem da dan\u00e7a para narrar uma hist\u00f3ria de paix\u00e3o, liberdade e destino.<\/p>\n\n\n\n<p class=\"wp-block-paragraph\"><strong>Sinopse do Espet\u00e1culo<\/strong><br>A obra reconta a trag\u00e9dia da cigana livre e sedutora Carmen, do soldado Don Jos\u00e9, por quem ela se interessa, e do famoso toureiro Escamillo. A trama, originalmente uma \u00f3pera, ganha vida atrav\u00e9s do corpo e do movimento dos bailarinos. A coreografia de Arilton Assun\u00e7\u00e3o captura a ess\u00eancia da narrativa (os ci\u00fames, a trai\u00e7\u00e3o, o desejo e o conflito entre o amor e a liberdade), traduzindo-a em uma linguagem c\u00eanica moderna e cheia de vigor. A apresenta\u00e7\u00e3o \u00e9 um convite para revisitar um cl\u00e1ssico sob um olhar fresco e din\u00e2mico.<\/p>\n\n\n\n<p class=\"wp-block-paragraph\"><strong>Trajet\u00f3ria<\/strong><br>O espet\u00e1culo &#8220;Carmen&#8221; n\u00e3o \u00e9 uma estreia absoluta, mas consolida um trabalho de sucesso. Sua primeira montagem pela companhia foi em 2019, no Teatro Municipal de Bauru, e, desde ent\u00e3o, a produ\u00e7\u00e3o percorreu dezenas de cidades do estado, levando cultura e dan\u00e7a de qualidade a diversos p\u00fablicos. A apresenta\u00e7\u00e3o em G\u00e1lia integra essa itiner\u00e2ncia, fomentando a circula\u00e7\u00e3o de bens culturais na regi\u00e3o.<\/p>\n\n\n\n<p class=\"wp-block-paragraph\">O evento \u00e9 uma realiza\u00e7\u00e3o da Companhia Est\u00e1vel de Dan\u00e7a de Bauru, com apoio fundamental da Secretaria Municipal de Cultura de Bauru e da Secretaria de Cultura, Desenvolvimento Econ\u00f4mico e Turismo de G\u00e1lia.<\/p>\n\n\n\n<p class=\"wp-block-paragraph\"><strong>Ficha t\u00e9cnica:<\/strong><\/p>\n\n\n\n<ul class=\"wp-block-list\">\n<li><strong>Coreografia:<\/strong>\u00a0Arilton Assun\u00e7\u00e3o<\/li>\n\n\n\n<li><strong>Dire\u00e7\u00e3o Geral e Produ\u00e7\u00e3o:<\/strong>\u00a0Sivaldo Camargo<\/li>\n\n\n\n<li><strong>M\u00fasicas:<\/strong>\u00a0Georges Bizet<\/li>\n\n\n\n<li><strong>Elenco:<\/strong>\u00a0Beatriz Lopes, Damaris Brandt, Ester Cano, Eduarda Bodo, Livia Simoes, Marcela Victoria, Vitoria Toledo, Sophia Dias e Vict\u00f3ria Carorine.<\/li>\n<\/ul>\n","protected":false},"excerpt":{"rendered":"<p>Espet\u00e1culo gratuito, com coreografia de Arilton Assun\u00e7\u00e3o, promove uma fus\u00e3o de arte, movimento e emo\u00e7\u00e3o no anfiteatro da Secretaria de Educa\u00e7\u00e3o no s\u00e1bado, dia 8 de novembro. A cidade de G\u00e1lia se prepara para uma noite especial de dan\u00e7a no s\u00e1bado, 8 de novembro. A Companhia Est\u00e1vel de Dan\u00e7a de Bauru apresenta o espet\u00e1culo &#8220;Carmen&#8220;, [&hellip;]<\/p>\n","protected":false},"author":260896548,"featured_media":8479,"comment_status":"open","ping_status":"open","sticky":false,"template":"","format":"standard","meta":{"_monsterinsights_skip_tracking":false,"advanced_seo_description":"No dia 8 de novembro, n\u00e3o perca o espet\u00e1culo gratuito 'Carmen' da Companhia Est\u00e1vel de Dan\u00e7a de Bauru no Anfiteatro de G\u00e1lia, \u00e0s 20h.","jetpack_seo_html_title":"Espet\u00e1culo Carmen em G\u00e1lia: dan\u00e7a gratuita e contempor\u00e2nea","jetpack_seo_noindex":false,"jetpack_seo_schema_type":"","_jetpack_newsletter_access":"","_jetpack_dont_email_post_to_subs":false,"_jetpack_newsletter_tier_id":0,"_jetpack_memberships_contains_paywalled_content":false,"_wpcom_ai_launchpad_first_post":false,"_jetpack_feature_clip_id":0,"_jetpack_memberships_contains_paid_content":false,"footnotes":"","jetpack_publicize_message":"\ud83c\udfad \"Carmen\" em G\u00e1lia: dan\u00e7a cl\u00e1ssica com linguagem contempor\u00e2nea\n\nG\u00e1lia recebe a Companhia Estavel de Dan\u00e7a de Bauru com seu aclamado espet\u00e1culo \"Carmen\". Em uma releitura moderna da \u00f3pera de Bizet, a coreografia de Arilton Assun\u00e7\u00e3o traduz paix\u00e3o, drama e liberdade atrav\u00e9s da linguagem universal da dan\u00e7a.\n\nA apresenta\u00e7\u00e3o consolida um trabalho de sucesso que j\u00e1 percorreu dezenas de cidades, sempre com entrada gratuita, fortalecendo a cultura no estado de S\u00e3o Paulo.\n\n\nAcesse a mat\u00e9ria em nosso site.\n\ud83d\udc49 Leia mais em: diariodegarca.com\n\n#Carmen #CompanhiaEst\u00e1velDeDan\u00e7a #CulturaEmG\u00e1lia #Dan\u00e7aContempor\u00e2nea #Espet\u00e1culoGratuito #CulturaSP #ArteQueTransforma #PrefeituradeG\u00e1lia #AgendaCultural","jetpack_publicize_feature_enabled":true,"jetpack_social_post_already_shared":false,"jetpack_social_options":{"image_generator_settings":{"template":"highway","default_image_id":0,"font":"","enabled":false},"version":2},"_wpas_customize_per_network":false,"jetpack_post_was_ever_published":false},"categories":[2367,1600904,2432],"tags":[],"class_list":["post-8478","post","type-post","status-publish","format-standard","has-post-thumbnail","hentry","category-cultura","category-galia","category-teatro"],"jetpack_publicize_connections":[],"jetpack_likes_enabled":true,"jetpack_sharing_enabled":true,"jetpack_shortlink":"https:\/\/wp.me\/pgitne-2cK","jetpack-related-posts":[{"id":7087,"url":"https:\/\/diariodegarca.com\/?p=7087","url_meta":{"origin":8478,"position":0},"title":"Espet\u00e1culo &#8220;Voltei&#8221; traz drama esp\u00edrita baseado em obra de Chico Xavier para o teatro em G\u00e1lia","author":"Di\u00e1rio de Gar\u00e7a","date":"24 de setembro de 2025","format":false,"excerpt":"Adapta\u00e7\u00e3o da hist\u00f3ria do Irm\u00e3o Jacob, que aborda reden\u00e7\u00e3o e reencarna\u00e7\u00e3o, ser\u00e1 encenada em setembro com entrada solid\u00e1ria. A cidade de G\u00e1lia se prepara para receber uma tocante montagem teatral sobre vida, desafios e reden\u00e7\u00e3o. O espet\u00e1culo \"A Hist\u00f3ria do Irm\u00e3o Jacob\", baseado na obra \"Voltei\", psicografada pelo m\u00e9dium Chico\u2026","rel":"","context":"Em &quot;Cultura&quot;","block_context":{"text":"Cultura","link":"https:\/\/diariodegarca.com\/?cat=2367"},"img":{"alt_text":"","src":"https:\/\/i0.wp.com\/diariodegarca.com\/wp-content\/uploads\/2025\/09\/SnapInsta.to_548885564_17856005859525060_165221768376429072_n.jpg?fit=1080%2C608&ssl=1&resize=350%2C200","width":350,"height":200,"srcset":"https:\/\/i0.wp.com\/diariodegarca.com\/wp-content\/uploads\/2025\/09\/SnapInsta.to_548885564_17856005859525060_165221768376429072_n.jpg?fit=1080%2C608&ssl=1&resize=350%2C200 1x, https:\/\/i0.wp.com\/diariodegarca.com\/wp-content\/uploads\/2025\/09\/SnapInsta.to_548885564_17856005859525060_165221768376429072_n.jpg?fit=1080%2C608&ssl=1&resize=525%2C300 1.5x, https:\/\/i0.wp.com\/diariodegarca.com\/wp-content\/uploads\/2025\/09\/SnapInsta.to_548885564_17856005859525060_165221768376429072_n.jpg?fit=1080%2C608&ssl=1&resize=700%2C400 2x, https:\/\/i0.wp.com\/diariodegarca.com\/wp-content\/uploads\/2025\/09\/SnapInsta.to_548885564_17856005859525060_165221768376429072_n.jpg?fit=1080%2C608&ssl=1&resize=1050%2C600 3x"},"classes":[]},{"id":8171,"url":"https:\/\/diariodegarca.com\/?p=8171","url_meta":{"origin":8478,"position":1},"title":"EMCA apresenta espet\u00e1culo de ballet baseado em &#8220;Alice no Pa\u00eds das Maravilhas&#8221;","author":"Andreza Sega","date":"28 de outubro de 2025","format":false,"excerpt":"Cl\u00e1ssico atemporal de Lewis Carroll ganha vida nos palcos de Gar\u00e7a com coreografias da Escola Municipal de Cultura Art\u00edstica; ingressos j\u00e1 est\u00e3o \u00e0 venda. A Escola Municipal de Cultura Art\u00edstica \u201cAm\u00e9lio \u2018Nan\u00e1\u2019 Zancop\u00e9\u201d (EMCA) anuncia uma viagem ao mundo da fantasia com seu espet\u00e1culo de ballet baseado no cl\u00e1ssico \"Alice\u2026","rel":"","context":"Em &quot;Cultura&quot;","block_context":{"text":"Cultura","link":"https:\/\/diariodegarca.com\/?cat=2367"},"img":{"alt_text":"","src":"https:\/\/i0.wp.com\/diariodegarca.com\/wp-content\/uploads\/2025\/10\/353527-alice-no-pais-das-maravilhas-conheca-950x0-2-e1761684025216.jpg?fit=652%2C402&ssl=1&resize=350%2C200","width":350,"height":200,"srcset":"https:\/\/i0.wp.com\/diariodegarca.com\/wp-content\/uploads\/2025\/10\/353527-alice-no-pais-das-maravilhas-conheca-950x0-2-e1761684025216.jpg?fit=652%2C402&ssl=1&resize=350%2C200 1x, https:\/\/i0.wp.com\/diariodegarca.com\/wp-content\/uploads\/2025\/10\/353527-alice-no-pais-das-maravilhas-conheca-950x0-2-e1761684025216.jpg?fit=652%2C402&ssl=1&resize=525%2C300 1.5x"},"classes":[]},{"id":8759,"url":"https:\/\/diariodegarca.com\/?p=8759","url_meta":{"origin":8478,"position":2},"title":"Caixa Preta Cia. de Teatro estreia \u201c\u00c9 Guerra!\u201d em Gar\u00e7a","author":"Andreza Sega","date":"16 de novembro de 2025","format":false,"excerpt":"Espet\u00e1culo que mescla dan\u00e7a e grotesco para investigar os ciclos hist\u00f3ricos da guerra, de Canudos a Gaza, tem \u00fanica apresenta\u00e7\u00e3o no Teatro Municipal. A Caixa Preta Companhia de Teatro sobe ao palco do Teatro Municipal Sala Miguel M\u00f4nico no dia 29 de novembro, s\u00e1bado, \u00e0s 20h, para a estreia do\u2026","rel":"","context":"Em &quot;Cultura&quot;","block_context":{"text":"Cultura","link":"https:\/\/diariodegarca.com\/?cat=2367"},"img":{"alt_text":"","src":"https:\/\/i0.wp.com\/diariodegarca.com\/wp-content\/uploads\/2025\/11\/SnapInsta.to_579508898_17953106292022924_5496280584050905999_n-e1763141893790.jpg?fit=1080%2C627&ssl=1&resize=350%2C200","width":350,"height":200,"srcset":"https:\/\/i0.wp.com\/diariodegarca.com\/wp-content\/uploads\/2025\/11\/SnapInsta.to_579508898_17953106292022924_5496280584050905999_n-e1763141893790.jpg?fit=1080%2C627&ssl=1&resize=350%2C200 1x, https:\/\/i0.wp.com\/diariodegarca.com\/wp-content\/uploads\/2025\/11\/SnapInsta.to_579508898_17953106292022924_5496280584050905999_n-e1763141893790.jpg?fit=1080%2C627&ssl=1&resize=525%2C300 1.5x, https:\/\/i0.wp.com\/diariodegarca.com\/wp-content\/uploads\/2025\/11\/SnapInsta.to_579508898_17953106292022924_5496280584050905999_n-e1763141893790.jpg?fit=1080%2C627&ssl=1&resize=700%2C400 2x, https:\/\/i0.wp.com\/diariodegarca.com\/wp-content\/uploads\/2025\/11\/SnapInsta.to_579508898_17953106292022924_5496280584050905999_n-e1763141893790.jpg?fit=1080%2C627&ssl=1&resize=1050%2C600 3x"},"classes":[]},{"id":5777,"url":"https:\/\/diariodegarca.com\/?p=5777","url_meta":{"origin":8478,"position":3},"title":"Alunos de G\u00e1lia vivem dia de cultura e divers\u00e3o em Len\u00e7\u00f3is Paulista","author":"Di\u00e1rio de Gar\u00e7a","date":"19 de agosto de 2025","format":false,"excerpt":"Estudantes dos 5\u00ba anos assistem a pe\u00e7a teatral e aproveitam passeio em shopping, em atividade promovida pela Prefeitura. No \u00faltimo domingo, 17 de agosto, alunos dos 5\u00ba anos das escolas municipais de G\u00e1lia viveram um dia repleto de cultura e entretenimento em Len\u00e7\u00f3is Paulista e Bauru. A iniciativa, organizada pela\u2026","rel":"","context":"Em &quot;Bauru&quot;","block_context":{"text":"Bauru","link":"https:\/\/diariodegarca.com\/?cat=1357691"},"img":{"alt_text":"","src":"https:\/\/i0.wp.com\/diariodegarca.com\/wp-content\/uploads\/2025\/08\/535245352_1171195878376192_6426283589480026177_n.jpg?fit=1200%2C900&ssl=1&resize=350%2C200","width":350,"height":200,"srcset":"https:\/\/i0.wp.com\/diariodegarca.com\/wp-content\/uploads\/2025\/08\/535245352_1171195878376192_6426283589480026177_n.jpg?fit=1200%2C900&ssl=1&resize=350%2C200 1x, https:\/\/i0.wp.com\/diariodegarca.com\/wp-content\/uploads\/2025\/08\/535245352_1171195878376192_6426283589480026177_n.jpg?fit=1200%2C900&ssl=1&resize=525%2C300 1.5x, https:\/\/i0.wp.com\/diariodegarca.com\/wp-content\/uploads\/2025\/08\/535245352_1171195878376192_6426283589480026177_n.jpg?fit=1200%2C900&ssl=1&resize=700%2C400 2x, https:\/\/i0.wp.com\/diariodegarca.com\/wp-content\/uploads\/2025\/08\/535245352_1171195878376192_6426283589480026177_n.jpg?fit=1200%2C900&ssl=1&resize=1050%2C600 3x"},"classes":[]},{"id":4773,"url":"https:\/\/diariodegarca.com\/?p=4773","url_meta":{"origin":8478,"position":4},"title":"G\u00e1lia promove sess\u00e3o de cinema gratuito nas f\u00e9rias escolares","author":"Di\u00e1rio de Gar\u00e7a","date":"17 de julho de 2025","format":false,"excerpt":"Evento acontece amanh\u00e3, dia 18, no anfiteatro da Secretaria de Educa\u00e7\u00e3o com a exibi\u00e7\u00e3o de filmes infantis. A crian\u00e7ada de f\u00e9rias e com tempo livre ganha uma \u00f3tima op\u00e7\u00e3o de divers\u00e3o em G\u00e1lia. Nesta\u00a0quinta-feira, 18 de julho, a partir das\u00a014h, acontecer\u00e1 uma\u00a0sess\u00e3o de cinema gratuita\u00a0no anfiteatro da Secretaria de Educa\u00e7\u00e3o,\u2026","rel":"","context":"Em &quot;Cultura&quot;","block_context":{"text":"Cultura","link":"https:\/\/diariodegarca.com\/?cat=2367"},"img":{"alt_text":"","src":"","width":0,"height":0},"classes":[]},{"id":8474,"url":"https:\/\/diariodegarca.com\/?p=8474","url_meta":{"origin":8478,"position":5},"title":"EMCA apresenta &#8220;Cronos &#8211; Le Cirque du Temps&#8221;, um espet\u00e1culo que desafia a passagem do tempo","author":"Andreza Sega","date":"5 de novembro de 2025","format":false,"excerpt":"Espet\u00e1culo \u00fanico acontece no dia 08 de novembro, no Teatro Municipal de Gar\u00e7a, prometendo uma viagem acrob\u00e1tica entre o passado e o futuro. A Escola Municipal de Cultura e Arte (EMCA) prepara uma atra\u00e7\u00e3o imperd\u00edvel para os amantes das artes c\u00eanicas: o espet\u00e1culo de circo \"Cronos - Le Cirque du\u2026","rel":"","context":"Em &quot;Cultura&quot;","block_context":{"text":"Cultura","link":"https:\/\/diariodegarca.com\/?cat=2367"},"img":{"alt_text":"","src":"https:\/\/i0.wp.com\/diariodegarca.com\/wp-content\/uploads\/2025\/11\/pintura-digital-de-um-relogio-antigo.jpg?fit=1200%2C800&ssl=1&resize=350%2C200","width":350,"height":200,"srcset":"https:\/\/i0.wp.com\/diariodegarca.com\/wp-content\/uploads\/2025\/11\/pintura-digital-de-um-relogio-antigo.jpg?fit=1200%2C800&ssl=1&resize=350%2C200 1x, https:\/\/i0.wp.com\/diariodegarca.com\/wp-content\/uploads\/2025\/11\/pintura-digital-de-um-relogio-antigo.jpg?fit=1200%2C800&ssl=1&resize=525%2C300 1.5x, https:\/\/i0.wp.com\/diariodegarca.com\/wp-content\/uploads\/2025\/11\/pintura-digital-de-um-relogio-antigo.jpg?fit=1200%2C800&ssl=1&resize=700%2C400 2x, https:\/\/i0.wp.com\/diariodegarca.com\/wp-content\/uploads\/2025\/11\/pintura-digital-de-um-relogio-antigo.jpg?fit=1200%2C800&ssl=1&resize=1050%2C600 3x"},"classes":[]}],"jetpack_featured_media_url":"https:\/\/i0.wp.com\/diariodegarca.com\/wp-content\/uploads\/2025\/11\/carmen-cia-bauru.jpeg?fit=960%2C640&ssl=1","_links":{"self":[{"href":"https:\/\/diariodegarca.com\/index.php?rest_route=\/wp\/v2\/posts\/8478","targetHints":{"allow":["GET"]}}],"collection":[{"href":"https:\/\/diariodegarca.com\/index.php?rest_route=\/wp\/v2\/posts"}],"about":[{"href":"https:\/\/diariodegarca.com\/index.php?rest_route=\/wp\/v2\/types\/post"}],"author":[{"embeddable":true,"href":"https:\/\/diariodegarca.com\/index.php?rest_route=\/wp\/v2\/users\/260896548"}],"replies":[{"embeddable":true,"href":"https:\/\/diariodegarca.com\/index.php?rest_route=%2Fwp%2Fv2%2Fcomments&post=8478"}],"version-history":[{"count":3,"href":"https:\/\/diariodegarca.com\/index.php?rest_route=\/wp\/v2\/posts\/8478\/revisions"}],"predecessor-version":[{"id":8482,"href":"https:\/\/diariodegarca.com\/index.php?rest_route=\/wp\/v2\/posts\/8478\/revisions\/8482"}],"wp:featuredmedia":[{"embeddable":true,"href":"https:\/\/diariodegarca.com\/index.php?rest_route=\/wp\/v2\/media\/8479"}],"wp:attachment":[{"href":"https:\/\/diariodegarca.com\/index.php?rest_route=%2Fwp%2Fv2%2Fmedia&parent=8478"}],"wp:term":[{"taxonomy":"category","embeddable":true,"href":"https:\/\/diariodegarca.com\/index.php?rest_route=%2Fwp%2Fv2%2Fcategories&post=8478"},{"taxonomy":"post_tag","embeddable":true,"href":"https:\/\/diariodegarca.com\/index.php?rest_route=%2Fwp%2Fv2%2Ftags&post=8478"}],"curies":[{"name":"wp","href":"https:\/\/api.w.org\/{rel}","templated":true}]}}