{"id":8531,"date":"2025-11-07T14:05:08","date_gmt":"2025-11-07T17:05:08","guid":{"rendered":"https:\/\/diariodegarca.com\/?p=8531"},"modified":"2025-11-07T14:05:08","modified_gmt":"2025-11-07T17:05:08","slug":"emca-encena-obra-de-brecht-em-aquele-que-diz-sim-aquele-que-diz-nao","status":"publish","type":"post","link":"https:\/\/diariodegarca.com\/?p=8531","title":{"rendered":"EMCA encena obra de Brecht em \u201cAquele que Diz SIM &#8211; Aquele que Diz N\u00c3O\u201d"},"content":{"rendered":"\n<p class=\"wp-block-paragraph\"><em>Espet\u00e1culo que coloca o p\u00fablico em reflex\u00e3o sobre normas sociais e \u00e9tica acontece no Teatro Municipal de Gar\u00e7a no dia 15 de novembro.<\/em><\/p>\n\n\n\n<p class=\"wp-block-paragraph\">A Escola Municipal de Cultura e Art\u00edstica (EMCA) apresenta, por meio de seu grupo de teatro intermedi\u00e1rio, o instigante espet\u00e1culo\u00a0<strong>\u201cAquele que Diz SIM &#8211; Aquele que Diz N\u00c3O\u201d<\/strong>, com texto do renomado dramaturgo alem\u00e3o Bertolt Brecht. A montagem, sob a dire\u00e7\u00e3o de Rachel Trambaloli, sobe ao palco do Teatro Municipal de Gar\u00e7a no dia\u00a0<strong>15 de novembro, \u00e0s 20h<\/strong>.<\/p>\n\n\n\n<p class=\"wp-block-paragraph\">A pe\u00e7a promove um experimento dram\u00e1tico caracter\u00edstico do teatro brechtiano, convidando a plateia a uma postura cr\u00edtica e reflexiva, longe da simples catarse emocional.<\/p>\n\n\n\n<p class=\"wp-block-paragraph\"><strong>Uma jornada de vida ou morte<\/strong><\/p>\n\n\n\n<p class=\"wp-block-paragraph\">A trama apresenta um contexto de urg\u00eancia e conflito moral. Uma grave epidemia assola uma cidade, e um jovem estudante decide unir-se a uma perigosa expedi\u00e7\u00e3o atrav\u00e9s das montanhas, liderada por seu professor. Seu objetivo \u00e9 encontrar um rem\u00e9dio para salvar sua m\u00e3e, que est\u00e1 doente.<\/p>\n\n\n\n<p class=\"wp-block-paragraph\">Durante a jornada, extenuante e cheia de perigos, o pr\u00f3prio jovem adoece gravemente. Sua condi\u00e7\u00e3o o torna um obst\u00e1culo para a miss\u00e3o do grupo, que precisa prosseguir com rapidez para salvar a popula\u00e7\u00e3o. Neste momento de tens\u00e3o, entra em cena uma antiga e implac\u00e1vel tradi\u00e7\u00e3o de seu povo: para o bem coletivo, todo membro debilitado deve ser abandonado no vale para morrer sozinho, garantindo o sucesso da expedi\u00e7\u00e3o.<\/p>\n\n\n\n<p class=\"wp-block-paragraph\"><strong>A obedi\u00eancia cega versus a consci\u00eancia individual<\/strong><\/p>\n\n\n\n<p class=\"wp-block-paragraph\">O cerne do espet\u00e1culo est\u00e1 no questionamento desta lei cruel. A narrativa bifurca-se, explorando as duas respostas poss\u00edveis: a aceita\u00e7\u00e3o da norma (\u201cAquele que Diz Sim\u201d) e a rebeldia contra ela (\u201cAquele que Diz N\u00e3o\u201d). A pe\u00e7a n\u00e3o oferece respostas f\u00e1ceis, mas provoca o p\u00fablico com uma discuss\u00e3o essencial:&nbsp;<strong>At\u00e9 que ponto devemos acatar as normas sociais e quando \u00e9 nosso direito, e dever, dizer \u201cn\u00e3o\u201d a elas em nome de uma moral mais justa e humana?<\/strong><\/p>\n\n\n\n<p class=\"wp-block-paragraph\">Brecht, com sua genialidade, coloca em xeque a conformidade e destaca a necessidade de repensar a realidade a partir de novas experi\u00eancias e perspectivas.<\/p>\n\n\n\n<p class=\"wp-block-paragraph\">Os ingressos, no valor de\u00a0<strong>R$ 10,00 cada<\/strong>, j\u00e1 est\u00e3o \u00e0 venda na secretaria da EMCA, localizada na rua 27 de Dezembro, 10. A organiza\u00e7\u00e3o informa que aceita diversas formas de pagamento, incluindo PIX, cart\u00e3o de cr\u00e9dito e d\u00e9bito, facilitando o acesso do p\u00fablico.<\/p>\n","protected":false},"excerpt":{"rendered":"<p>Espet\u00e1culo que coloca o p\u00fablico em reflex\u00e3o sobre normas sociais e \u00e9tica acontece no Teatro Municipal de Gar\u00e7a no dia 15 de novembro. A Escola Municipal de Cultura e Art\u00edstica (EMCA) apresenta, por meio de seu grupo de teatro intermedi\u00e1rio, o instigante espet\u00e1culo\u00a0\u201cAquele que Diz SIM &#8211; Aquele que Diz N\u00c3O\u201d, com texto do renomado [&hellip;]<\/p>\n","protected":false},"author":260896548,"featured_media":8534,"comment_status":"open","ping_status":"open","sticky":false,"template":"","format":"standard","meta":{"_crdt_document":"","_monsterinsights_skip_tracking":false,"_monsterinsights_sitenote_active":false,"_monsterinsights_sitenote_note":"","_monsterinsights_sitenote_category":0,"advanced_seo_description":"N\u00e3o perca 'Aquele que Diz SIM - Aquele que Diz N\u00c3O' no Teatro Municipal de Gar\u00e7a, dia 15 de novembro. Uma reflex\u00e3o sobre normas sociais e \u00e9tica.","jetpack_seo_html_title":"Espet\u00e1culo de Brecht no Teatro Municipal de Gar\u00e7a - 15 Nov","jetpack_seo_noindex":false,"_jetpack_newsletter_access":"","_jetpack_dont_email_post_to_subs":false,"_jetpack_newsletter_tier_id":0,"_jetpack_memberships_contains_paywalled_content":false,"_jetpack_memberships_contains_paid_content":false,"footnotes":"","jetpack_publicize_message":"","jetpack_publicize_feature_enabled":true,"jetpack_social_post_already_shared":false,"jetpack_social_options":{"image_generator_settings":{"template":"highway","default_image_id":0,"font":"","enabled":false},"version":2},"_wpas_customize_per_network":false,"jetpack_post_was_ever_published":false},"categories":[2367,781171664,2432],"tags":[],"class_list":["post-8531","post","type-post","status-publish","format-standard","has-post-thumbnail","hentry","category-cultura","category-garca-cidade","category-teatro"],"jetpack_publicize_connections":[],"jetpack_featured_media_url":"https:\/\/i0.wp.com\/diariodegarca.com\/wp-content\/uploads\/2025\/11\/silhueta-de-grupo-de-pessoas-na-colina.jpg?fit=5407%2C3605&ssl=1","jetpack_likes_enabled":true,"jetpack_sharing_enabled":true,"jetpack_shortlink":"https:\/\/wp.me\/pgitne-2dB","jetpack-related-posts":[{"id":8256,"url":"https:\/\/diariodegarca.com\/?p=8256","url_meta":{"origin":8531,"position":0},"title":"Espet\u00e1culo &#8220;A Tartaruga&#8221; investigar\u00e1 os limites da paix\u00e3o no Teatro Municipal de Gar\u00e7a","author":"Andreza Sega","date":"30 de outubro de 2025","format":false,"excerpt":"Pe\u00e7a da EMCA, com dire\u00e7\u00e3o de Rachel Trambaiolli, mergulha na hist\u00f3ria de um casal cuja rela\u00e7\u00e3o id\u00edlica se transforma em uma trag\u00e9dia \u00edntima, tendo uma tartaruga como testemunha silenciosa do conflito. O que acontece quando o amor intenso e ca\u00f3tico atinge um ponto sem volta? \u00c9 essa pergunta perturbadora que\u2026","rel":"","context":"Em &quot;Cultura&quot;","block_context":{"text":"Cultura","link":"https:\/\/diariodegarca.com\/?cat=2367"},"img":{"alt_text":"","src":"https:\/\/i0.wp.com\/diariodegarca.com\/wp-content\/uploads\/2025\/10\/569939351_1164542445024373_4665786054749843958_n-e1761848449825.png?fit=828%2C628&ssl=1&resize=350%2C200","width":350,"height":200,"srcset":"https:\/\/i0.wp.com\/diariodegarca.com\/wp-content\/uploads\/2025\/10\/569939351_1164542445024373_4665786054749843958_n-e1761848449825.png?fit=828%2C628&ssl=1&resize=350%2C200 1x, https:\/\/i0.wp.com\/diariodegarca.com\/wp-content\/uploads\/2025\/10\/569939351_1164542445024373_4665786054749843958_n-e1761848449825.png?fit=828%2C628&ssl=1&resize=525%2C300 1.5x, https:\/\/i0.wp.com\/diariodegarca.com\/wp-content\/uploads\/2025\/10\/569939351_1164542445024373_4665786054749843958_n-e1761848449825.png?fit=828%2C628&ssl=1&resize=700%2C400 2x"},"classes":[]},{"id":7952,"url":"https:\/\/diariodegarca.com\/?p=7952","url_meta":{"origin":8531,"position":1},"title":"Cia Caixa Preta movimenta novembro com trilogia teatral gratuita e pagante em Gar\u00e7a","author":"Andreza Sega","date":"26 de outubro de 2025","format":false,"excerpt":"Programa\u00e7\u00e3o no espa\u00e7o da companhia e no Teatro Municipal traz os cl\u00e1ssicos \"Bodas de Sangue\", \"Guerra\" e \"As Velhas Fiandeiras\", com ingressos a pre\u00e7os populares. A cena cultural de Gar\u00e7a recebe uma programa\u00e7\u00e3o especial neste m\u00eas de novembro. A\u00a0Cia Caixa Preta, cia formada por alunos da EMCA,\u00a0preparou uma s\u00e9rie de\u2026","rel":"","context":"Em &quot;Cultura&quot;","block_context":{"text":"Cultura","link":"https:\/\/diariodegarca.com\/?cat=2367"},"img":{"alt_text":"","src":"https:\/\/i0.wp.com\/diariodegarca.com\/wp-content\/uploads\/2025\/10\/SnapInsta.to_401174774_736974854919266_2866464449115890226_n-e1761247864610.jpg?fit=1080%2C722&ssl=1&resize=350%2C200","width":350,"height":200,"srcset":"https:\/\/i0.wp.com\/diariodegarca.com\/wp-content\/uploads\/2025\/10\/SnapInsta.to_401174774_736974854919266_2866464449115890226_n-e1761247864610.jpg?fit=1080%2C722&ssl=1&resize=350%2C200 1x, https:\/\/i0.wp.com\/diariodegarca.com\/wp-content\/uploads\/2025\/10\/SnapInsta.to_401174774_736974854919266_2866464449115890226_n-e1761247864610.jpg?fit=1080%2C722&ssl=1&resize=525%2C300 1.5x, https:\/\/i0.wp.com\/diariodegarca.com\/wp-content\/uploads\/2025\/10\/SnapInsta.to_401174774_736974854919266_2866464449115890226_n-e1761247864610.jpg?fit=1080%2C722&ssl=1&resize=700%2C400 2x, https:\/\/i0.wp.com\/diariodegarca.com\/wp-content\/uploads\/2025\/10\/SnapInsta.to_401174774_736974854919266_2866464449115890226_n-e1761247864610.jpg?fit=1080%2C722&ssl=1&resize=1050%2C600 3x"},"classes":[]},{"id":8474,"url":"https:\/\/diariodegarca.com\/?p=8474","url_meta":{"origin":8531,"position":2},"title":"EMCA apresenta &#8220;Cronos &#8211; Le Cirque du Temps&#8221;, um espet\u00e1culo que desafia a passagem do tempo","author":"Andreza Sega","date":"5 de novembro de 2025","format":false,"excerpt":"Espet\u00e1culo \u00fanico acontece no dia 08 de novembro, no Teatro Municipal de Gar\u00e7a, prometendo uma viagem acrob\u00e1tica entre o passado e o futuro. A Escola Municipal de Cultura e Arte (EMCA) prepara uma atra\u00e7\u00e3o imperd\u00edvel para os amantes das artes c\u00eanicas: o espet\u00e1culo de circo \"Cronos - Le Cirque du\u2026","rel":"","context":"Em &quot;Cultura&quot;","block_context":{"text":"Cultura","link":"https:\/\/diariodegarca.com\/?cat=2367"},"img":{"alt_text":"","src":"https:\/\/i0.wp.com\/diariodegarca.com\/wp-content\/uploads\/2025\/11\/pintura-digital-de-um-relogio-antigo.jpg?fit=1200%2C800&ssl=1&resize=350%2C200","width":350,"height":200,"srcset":"https:\/\/i0.wp.com\/diariodegarca.com\/wp-content\/uploads\/2025\/11\/pintura-digital-de-um-relogio-antigo.jpg?fit=1200%2C800&ssl=1&resize=350%2C200 1x, https:\/\/i0.wp.com\/diariodegarca.com\/wp-content\/uploads\/2025\/11\/pintura-digital-de-um-relogio-antigo.jpg?fit=1200%2C800&ssl=1&resize=525%2C300 1.5x, https:\/\/i0.wp.com\/diariodegarca.com\/wp-content\/uploads\/2025\/11\/pintura-digital-de-um-relogio-antigo.jpg?fit=1200%2C800&ssl=1&resize=700%2C400 2x, https:\/\/i0.wp.com\/diariodegarca.com\/wp-content\/uploads\/2025\/11\/pintura-digital-de-um-relogio-antigo.jpg?fit=1200%2C800&ssl=1&resize=1050%2C600 3x"},"classes":[]},{"id":8759,"url":"https:\/\/diariodegarca.com\/?p=8759","url_meta":{"origin":8531,"position":3},"title":"Caixa Preta Cia. de Teatro estreia \u201c\u00c9 Guerra!\u201d em Gar\u00e7a","author":"Andreza Sega","date":"16 de novembro de 2025","format":false,"excerpt":"Espet\u00e1culo que mescla dan\u00e7a e grotesco para investigar os ciclos hist\u00f3ricos da guerra, de Canudos a Gaza, tem \u00fanica apresenta\u00e7\u00e3o no Teatro Municipal. A Caixa Preta Companhia de Teatro sobe ao palco do Teatro Municipal Sala Miguel M\u00f4nico no dia 29 de novembro, s\u00e1bado, \u00e0s 20h, para a estreia do\u2026","rel":"","context":"Em &quot;Cultura&quot;","block_context":{"text":"Cultura","link":"https:\/\/diariodegarca.com\/?cat=2367"},"img":{"alt_text":"","src":"https:\/\/i0.wp.com\/diariodegarca.com\/wp-content\/uploads\/2025\/11\/SnapInsta.to_579508898_17953106292022924_5496280584050905999_n-e1763141893790.jpg?fit=1080%2C627&ssl=1&resize=350%2C200","width":350,"height":200,"srcset":"https:\/\/i0.wp.com\/diariodegarca.com\/wp-content\/uploads\/2025\/11\/SnapInsta.to_579508898_17953106292022924_5496280584050905999_n-e1763141893790.jpg?fit=1080%2C627&ssl=1&resize=350%2C200 1x, https:\/\/i0.wp.com\/diariodegarca.com\/wp-content\/uploads\/2025\/11\/SnapInsta.to_579508898_17953106292022924_5496280584050905999_n-e1763141893790.jpg?fit=1080%2C627&ssl=1&resize=525%2C300 1.5x, https:\/\/i0.wp.com\/diariodegarca.com\/wp-content\/uploads\/2025\/11\/SnapInsta.to_579508898_17953106292022924_5496280584050905999_n-e1763141893790.jpg?fit=1080%2C627&ssl=1&resize=700%2C400 2x, https:\/\/i0.wp.com\/diariodegarca.com\/wp-content\/uploads\/2025\/11\/SnapInsta.to_579508898_17953106292022924_5496280584050905999_n-e1763141893790.jpg?fit=1080%2C627&ssl=1&resize=1050%2C600 3x"},"classes":[]},{"id":8182,"url":"https:\/\/diariodegarca.com\/?p=8182","url_meta":{"origin":8531,"position":4},"title":"Cia Caixa Preta encena a trag\u00e9dia flamenca de &#8220;Bodas de Sangue&#8221; em Gar\u00e7a","author":"Andreza Sega","date":"2 de novembro de 2025","format":false,"excerpt":"Espet\u00e1culo gratuito no dia 6 de novembro na EMCA une a for\u00e7a do texto de Lorca com a linguagem do cinema de Carlos Saura, utilizando m\u00e1scaras expressivas e sonoplastia ao vivo para narrar um drama de honra, desejo e morte. A Cia Caixa Preta de Teatro prepara-se para apresentar uma\u2026","rel":"","context":"Em &quot;Cultura&quot;","block_context":{"text":"Cultura","link":"https:\/\/diariodegarca.com\/?cat=2367"},"img":{"alt_text":"","src":"https:\/\/i0.wp.com\/diariodegarca.com\/wp-content\/uploads\/2025\/10\/SnapInsta.to_401174774_736974854919266_2866464449115890226_n-e1761247864610.jpg?fit=1080%2C722&ssl=1&resize=350%2C200","width":350,"height":200,"srcset":"https:\/\/i0.wp.com\/diariodegarca.com\/wp-content\/uploads\/2025\/10\/SnapInsta.to_401174774_736974854919266_2866464449115890226_n-e1761247864610.jpg?fit=1080%2C722&ssl=1&resize=350%2C200 1x, https:\/\/i0.wp.com\/diariodegarca.com\/wp-content\/uploads\/2025\/10\/SnapInsta.to_401174774_736974854919266_2866464449115890226_n-e1761247864610.jpg?fit=1080%2C722&ssl=1&resize=525%2C300 1.5x, https:\/\/i0.wp.com\/diariodegarca.com\/wp-content\/uploads\/2025\/10\/SnapInsta.to_401174774_736974854919266_2866464449115890226_n-e1761247864610.jpg?fit=1080%2C722&ssl=1&resize=700%2C400 2x, https:\/\/i0.wp.com\/diariodegarca.com\/wp-content\/uploads\/2025\/10\/SnapInsta.to_401174774_736974854919266_2866464449115890226_n-e1761247864610.jpg?fit=1080%2C722&ssl=1&resize=1050%2C600 3x"},"classes":[]},{"id":6805,"url":"https:\/\/diariodegarca.com\/?p=6805","url_meta":{"origin":8531,"position":5},"title":"EMCA apresenta &#8220;Sons da Primavera&#8221; no Teatro Municipal de Gar\u00e7a","author":"Di\u00e1rio de Gar\u00e7a","date":"16 de setembro de 2025","format":false,"excerpt":"Evento, que une m\u00fasica e dan\u00e7a, acontece no dia 20 de setembro. Ingressos antecipados na secretaria da escola por R$ 5,00. A Escola Municipal de Cultura Art\u00edstica (EMCA) Am\u00e1lio Nan\u00e1 Zancop\u00e9 prepara sua pr\u00f3xima montagem para celebrar a nova esta\u00e7\u00e3o. Intitulado \u201cSons da Primavera\u201d, o espet\u00e1culo promete uma noite que\u2026","rel":"","context":"Em &quot;Cultura&quot;","block_context":{"text":"Cultura","link":"https:\/\/diariodegarca.com\/?cat=2367"},"img":{"alt_text":"","src":"https:\/\/i0.wp.com\/diariodegarca.com\/wp-content\/uploads\/2025\/09\/dancarina-de-bale-elegante-em-vestido-de-seda-realizando-graciosamente-gerado-por-ia.jpg?fit=1200%2C686&ssl=1&resize=350%2C200","width":350,"height":200,"srcset":"https:\/\/i0.wp.com\/diariodegarca.com\/wp-content\/uploads\/2025\/09\/dancarina-de-bale-elegante-em-vestido-de-seda-realizando-graciosamente-gerado-por-ia.jpg?fit=1200%2C686&ssl=1&resize=350%2C200 1x, https:\/\/i0.wp.com\/diariodegarca.com\/wp-content\/uploads\/2025\/09\/dancarina-de-bale-elegante-em-vestido-de-seda-realizando-graciosamente-gerado-por-ia.jpg?fit=1200%2C686&ssl=1&resize=525%2C300 1.5x, https:\/\/i0.wp.com\/diariodegarca.com\/wp-content\/uploads\/2025\/09\/dancarina-de-bale-elegante-em-vestido-de-seda-realizando-graciosamente-gerado-por-ia.jpg?fit=1200%2C686&ssl=1&resize=700%2C400 2x, https:\/\/i0.wp.com\/diariodegarca.com\/wp-content\/uploads\/2025\/09\/dancarina-de-bale-elegante-em-vestido-de-seda-realizando-graciosamente-gerado-por-ia.jpg?fit=1200%2C686&ssl=1&resize=1050%2C600 3x"},"classes":[]}],"_links":{"self":[{"href":"https:\/\/diariodegarca.com\/index.php?rest_route=\/wp\/v2\/posts\/8531","targetHints":{"allow":["GET"]}}],"collection":[{"href":"https:\/\/diariodegarca.com\/index.php?rest_route=\/wp\/v2\/posts"}],"about":[{"href":"https:\/\/diariodegarca.com\/index.php?rest_route=\/wp\/v2\/types\/post"}],"author":[{"embeddable":true,"href":"https:\/\/diariodegarca.com\/index.php?rest_route=\/wp\/v2\/users\/260896548"}],"replies":[{"embeddable":true,"href":"https:\/\/diariodegarca.com\/index.php?rest_route=%2Fwp%2Fv2%2Fcomments&post=8531"}],"version-history":[{"count":2,"href":"https:\/\/diariodegarca.com\/index.php?rest_route=\/wp\/v2\/posts\/8531\/revisions"}],"predecessor-version":[{"id":8535,"href":"https:\/\/diariodegarca.com\/index.php?rest_route=\/wp\/v2\/posts\/8531\/revisions\/8535"}],"wp:featuredmedia":[{"embeddable":true,"href":"https:\/\/diariodegarca.com\/index.php?rest_route=\/wp\/v2\/media\/8534"}],"wp:attachment":[{"href":"https:\/\/diariodegarca.com\/index.php?rest_route=%2Fwp%2Fv2%2Fmedia&parent=8531"}],"wp:term":[{"taxonomy":"category","embeddable":true,"href":"https:\/\/diariodegarca.com\/index.php?rest_route=%2Fwp%2Fv2%2Fcategories&post=8531"},{"taxonomy":"post_tag","embeddable":true,"href":"https:\/\/diariodegarca.com\/index.php?rest_route=%2Fwp%2Fv2%2Ftags&post=8531"}],"curies":[{"name":"wp","href":"https:\/\/api.w.org\/{rel}","templated":true}]}}