{"id":8609,"date":"2025-11-10T11:12:31","date_gmt":"2025-11-10T14:12:31","guid":{"rendered":"https:\/\/diariodegarca.com\/?p=8609"},"modified":"2025-11-10T11:12:31","modified_gmt":"2025-11-10T14:12:31","slug":"curso-em-pirajui-ensina-cardapio-completo-para-um-natal-saboroso-e-diferenciado","status":"publish","type":"post","link":"https:\/\/diariodegarca.com\/?p=8609","title":{"rendered":"Curso em Piraju\u00ed ensina card\u00e1pio completo para um Natal saboroso e diferenciado"},"content":{"rendered":"\n<p class=\"wp-block-paragraph\"><em>Com duas turmas e card\u00e1pios distintos, iniciativa qualifica participantes com receitas que v\u00e3o desde pratos principais at\u00e9 sobremesas t\u00edpicas da ceia.<\/em><\/p>\n\n\n\n<p class=\"wp-block-paragraph\">Moradores de Piraju\u00ed ter\u00e3o a oportunidade de aprender a preparar receitas exclusivas para as festas de fim de ano. A Secretaria Municipal de Assist\u00eancia Social est\u00e1 com inscri\u00e7\u00f5es abertas para o &#8220;Curso de Receitas Natalinas&#8221;, que ser\u00e1 realizado na Cozinhalimento.<\/p>\n\n\n\n<p class=\"wp-block-paragraph\">As vagas s\u00e3o limitadas e as inscri\u00e7\u00f5es devem ser feitas de forma antecipada na sede da Secretaria de Assist\u00eancia Social, localizada na Pra\u00e7a Dr. Pedro da Rocha Braga, 116, no Centro.<\/p>\n\n\n\n<p class=\"wp-block-paragraph\">O curso foi dividido em duas turmas, cada uma com um card\u00e1pio completo e espec\u00edfico. A Turma 1, que ocorre no per\u00edodo da manh\u00e3, das 9h \u00e0s 12h, ensinar\u00e1 a preparar uma sele\u00e7\u00e3o que inclui caponata de berinjela, risoto de ma\u00e7\u00e3 verde, frango assado com crosta de ervas, farofa de cereja e bolo de frutas secas.<\/p>\n\n\n\n<p class=\"wp-block-paragraph\">J\u00e1 a Turma 2, no turno da tarde, das 13h \u00e0s 17h, ter\u00e1 um foco em outras iguarias. Os participantes aprender\u00e3o as receitas de salada tropical, lombo recheado com damasco, arroz com manga e nozes, a sobremesa beals e a rosca natalina. <\/p>\n\n\n\n<p class=\"wp-block-paragraph\">A proposta \u00e9 oferecer op\u00e7\u00f5es para que os alunos possam montar uma ceia diversificada e criativa, al\u00e9m da oportunidade de qualifica\u00e7\u00e3o que poder\u00e1 gerar renda extra aos participantes.<\/p>\n","protected":false},"excerpt":{"rendered":"<p>Com duas turmas e card\u00e1pios distintos, iniciativa qualifica participantes com receitas que v\u00e3o desde pratos principais at\u00e9 sobremesas t\u00edpicas da ceia. Moradores de Piraju\u00ed ter\u00e3o a oportunidade de aprender a preparar receitas exclusivas para as festas de fim de ano. A Secretaria Municipal de Assist\u00eancia Social est\u00e1 com inscri\u00e7\u00f5es abertas para o &#8220;Curso de Receitas [&hellip;]<\/p>\n","protected":false},"author":260896548,"featured_media":8612,"comment_status":"open","ping_status":"open","sticky":false,"template":"","format":"standard","meta":{"_crdt_document":"","_monsterinsights_skip_tracking":false,"_monsterinsights_sitenote_active":false,"_monsterinsights_sitenote_note":"","_monsterinsights_sitenote_category":0,"advanced_seo_description":"Aprenda receitas exclusivas para as festas de fim de ano no curso de Natal em Piraju\u00ed. Inscri\u00e7\u00f5es abertas, vagas limitadas!","jetpack_seo_html_title":"Curso de Receitas Natalinas em Piraju\u00ed: inscreva-se presencialmente","jetpack_seo_noindex":false,"_jetpack_newsletter_access":"","_jetpack_dont_email_post_to_subs":false,"_jetpack_newsletter_tier_id":0,"_jetpack_memberships_contains_paywalled_content":false,"_jetpack_memberships_contains_paid_content":false,"footnotes":"","jetpack_publicize_message":"\ud83c\udf84 Piraju\u00ed promove curso que ensina a preparar a ceia natalina completa \n\nEst\u00e3o abertas as inscri\u00e7\u00f5es para o Curso de Receitas Natalinas em Piraju\u00ed. A iniciativa oferece duas turmas com card\u00e1pios recheados de pratos sofisticados.\n\nVagas limitadas e inscri\u00e7\u00f5es devem ser feitas de forma presencial.\n\nA mat\u00e9ria completa, com o card\u00e1pio de cada turma, est\u00e1 no link da nossa bio!\n\ud83d\udc49 Leia mais em: diariodegarca.com\n\n#Piraju\u00ed #ReceitasNatalinas #Culin\u00e1ria #CursoGratuito #Natal #CeiaDeNatal #Assist\u00eanciaSocial\n\n","jetpack_publicize_feature_enabled":true,"jetpack_social_post_already_shared":false,"jetpack_social_options":{"image_generator_settings":{"template":"highway","default_image_id":0,"font":"","enabled":false},"version":2},"_wpas_customize_per_network":false,"jetpack_post_was_ever_published":false},"categories":[36947,7442,1704,9145932,115166],"tags":[],"class_list":["post-8609","post","type-post","status-publish","format-standard","has-post-thumbnail","hentry","category-curso","category-empreendedorismo","category-gastronomia","category-pirajui","category-presencial"],"jetpack_publicize_connections":[],"jetpack_featured_media_url":"https:\/\/i0.wp.com\/diariodegarca.com\/wp-content\/uploads\/2025\/11\/familia-de-tiro-medio-cozinhando-pizza-deliciosa.jpg?fit=7990%2C5327&ssl=1","jetpack_likes_enabled":true,"jetpack_sharing_enabled":true,"jetpack_shortlink":"https:\/\/wp.me\/pgitne-2eR","jetpack-related-posts":[{"id":7748,"url":"https:\/\/diariodegarca.com\/?p=7748","url_meta":{"origin":8609,"position":0},"title":"Curso do Sebrae em G\u00e1lia ensina a produzir e comercializar panetones e doces natalinos","author":"Di\u00e1rio de Gar\u00e7a","date":"16 de outubro de 2025","format":false,"excerpt":"Iniciativa gratuita busca capacitar empreendedores e gerar renda extra durante a temporada de fim de ano. A proximidade do Natal traz consigo uma oportunidade de neg\u00f3cio saborosa e lucrativa. Para capacitar empreendedores e interessados em aproveitar essa demanda sazonal, o Sebrae, em parceria Prefeitura de G\u00e1lia, por meio das secretarias\u2026","rel":"","context":"Em &quot;Curso&quot;","block_context":{"text":"Curso","link":"https:\/\/diariodegarca.com\/?cat=36947"},"img":{"alt_text":"","src":"https:\/\/i0.wp.com\/diariodegarca.com\/wp-content\/uploads\/2025\/10\/comida-e-presentes-de-natal-de-alto-angulo.jpg?fit=1200%2C800&ssl=1&resize=350%2C200","width":350,"height":200,"srcset":"https:\/\/i0.wp.com\/diariodegarca.com\/wp-content\/uploads\/2025\/10\/comida-e-presentes-de-natal-de-alto-angulo.jpg?fit=1200%2C800&ssl=1&resize=350%2C200 1x, https:\/\/i0.wp.com\/diariodegarca.com\/wp-content\/uploads\/2025\/10\/comida-e-presentes-de-natal-de-alto-angulo.jpg?fit=1200%2C800&ssl=1&resize=525%2C300 1.5x, https:\/\/i0.wp.com\/diariodegarca.com\/wp-content\/uploads\/2025\/10\/comida-e-presentes-de-natal-de-alto-angulo.jpg?fit=1200%2C800&ssl=1&resize=700%2C400 2x, https:\/\/i0.wp.com\/diariodegarca.com\/wp-content\/uploads\/2025\/10\/comida-e-presentes-de-natal-de-alto-angulo.jpg?fit=1200%2C800&ssl=1&resize=1050%2C600 3x"},"classes":[]},{"id":4317,"url":"https:\/\/diariodegarca.com\/?p=4317","url_meta":{"origin":8609,"position":1},"title":"Curso B\u00e1sico de Libras online: inscri\u00e7\u00f5es abertas no dia 1\u00ba de julho","author":"Di\u00e1rio de Gar\u00e7a","date":"30 de junho de 2025","format":false,"excerpt":"Aulas online e gratuitas com professores surdos; vagas limitadas para todo o pa\u00eds A\u00a0Secretaria de Estado dos Direitos da Pessoa com Defici\u00eancia (SEDPcD), por meio da\u00a0Escola da Inclus\u00e3o, abrir\u00e1 nesta\u00a0ter\u00e7a-feira, dia 1\u00ba de julho, \u00e0s\u00a010h, as inscri\u00e7\u00f5es para o\u00a0Curso B\u00e1sico de Libras. Com\u00a070 vagas por turma, a forma\u00e7\u00e3o \u00e9\u00a0gratuita, online\u2026","rel":"","context":"Em &quot;Curso&quot;","block_context":{"text":"Curso","link":"https:\/\/diariodegarca.com\/?cat=36947"},"img":{"alt_text":"","src":"","width":0,"height":0},"classes":[]},{"id":4195,"url":"https:\/\/diariodegarca.com\/?p=4195","url_meta":{"origin":8609,"position":2},"title":"Gar\u00e7a abre inscri\u00e7\u00f5es para cursos gratuitos de qualifica\u00e7\u00e3o em arte e dan\u00e7a","author":"Di\u00e1rio de Gar\u00e7a","date":"24 de junho de 2025","format":false,"excerpt":"Programa CULTSP PRO, do Estado de S\u00e3o Paulo, oferece 80 vagas para docentes, artistas e t\u00e9cnicos em parceria com a EMCA A Secretaria de Cultura, Economia e Ind\u00fastria Criativa do Estado de S\u00e3o Paulo est\u00e1 com inscri\u00e7\u00f5es abertas para cursos de qualifica\u00e7\u00e3o voltados aos profissionais e interessados na doc\u00eancia de\u2026","rel":"","context":"Em &quot;Cultura&quot;","block_context":{"text":"Cultura","link":"https:\/\/diariodegarca.com\/?cat=2367"},"img":{"alt_text":"","src":"","width":0,"height":0},"classes":[]},{"id":5844,"url":"https:\/\/diariodegarca.com\/?p=5844","url_meta":{"origin":8609,"position":3},"title":"INMET oferece curso gratuito para forma\u00e7\u00e3o de Observadores Meteorol\u00f3gicos","author":"Di\u00e1rio de Gar\u00e7a","date":"21 de agosto de 2025","format":false,"excerpt":"Capacita\u00e7\u00e3o EaD, com 20 horas de dura\u00e7\u00e3o, \u00e9 uma parceria com ENAGRO, MAPA, SDI e UnB e visa capacitar o p\u00fablico geral para uma das atividades fundamentais da ci\u00eancia atmosf\u00e9rica. O Instituto Nacional de Meteorologia (INMET) deu in\u00edcio \u00e0 terceira edi\u00e7\u00e3o do curso a dist\u00e2ncia \"Forma\u00e7\u00e3o de Observador Meteorol\u00f3gico\". A\u2026","rel":"","context":"Em &quot;Curso&quot;","block_context":{"text":"Curso","link":"https:\/\/diariodegarca.com\/?cat=36947"},"img":{"alt_text":"","src":"https:\/\/i0.wp.com\/diariodegarca.com\/wp-content\/uploads\/2025\/08\/mulher-sorridente-segurando-um-guarda-chuva-e-uma-folha.jpg?fit=1200%2C1050&ssl=1&resize=350%2C200","width":350,"height":200,"srcset":"https:\/\/i0.wp.com\/diariodegarca.com\/wp-content\/uploads\/2025\/08\/mulher-sorridente-segurando-um-guarda-chuva-e-uma-folha.jpg?fit=1200%2C1050&ssl=1&resize=350%2C200 1x, https:\/\/i0.wp.com\/diariodegarca.com\/wp-content\/uploads\/2025\/08\/mulher-sorridente-segurando-um-guarda-chuva-e-uma-folha.jpg?fit=1200%2C1050&ssl=1&resize=525%2C300 1.5x, https:\/\/i0.wp.com\/diariodegarca.com\/wp-content\/uploads\/2025\/08\/mulher-sorridente-segurando-um-guarda-chuva-e-uma-folha.jpg?fit=1200%2C1050&ssl=1&resize=700%2C400 2x, https:\/\/i0.wp.com\/diariodegarca.com\/wp-content\/uploads\/2025\/08\/mulher-sorridente-segurando-um-guarda-chuva-e-uma-folha.jpg?fit=1200%2C1050&ssl=1&resize=1050%2C600 3x"},"classes":[]},{"id":6252,"url":"https:\/\/diariodegarca.com\/?p=6252","url_meta":{"origin":8609,"position":4},"title":"Estado promove curso gratuito e online de libras com professores surdos","author":"Di\u00e1rio de Gar\u00e7a","date":"1 de setembro de 2025","format":false,"excerpt":"Inscri\u00e7\u00f5es para as oito turmas do programa da Escola da Inclus\u00e3o acontecem na ter\u00e7a, \u00e0s 10h. A Secretaria de Estado dos Direitos da Pessoa com Defici\u00eancia de S\u00e3o Paulo (SEDPcD) abre, a partir das 10h desta ter\u00e7a-feira, 2 de setembro, as inscri\u00e7\u00f5es para uma nova edi\u00e7\u00e3o do Curso B\u00e1sico de\u2026","rel":"","context":"Em &quot;Curso&quot;","block_context":{"text":"Curso","link":"https:\/\/diariodegarca.com\/?cat=36947"},"img":{"alt_text":"","src":"https:\/\/i0.wp.com\/diariodegarca.com\/wp-content\/uploads\/2025\/09\/sala-de-aula-virtual-e-espaco-de-estudo.jpg?fit=1200%2C799&ssl=1&resize=350%2C200","width":350,"height":200,"srcset":"https:\/\/i0.wp.com\/diariodegarca.com\/wp-content\/uploads\/2025\/09\/sala-de-aula-virtual-e-espaco-de-estudo.jpg?fit=1200%2C799&ssl=1&resize=350%2C200 1x, https:\/\/i0.wp.com\/diariodegarca.com\/wp-content\/uploads\/2025\/09\/sala-de-aula-virtual-e-espaco-de-estudo.jpg?fit=1200%2C799&ssl=1&resize=525%2C300 1.5x, https:\/\/i0.wp.com\/diariodegarca.com\/wp-content\/uploads\/2025\/09\/sala-de-aula-virtual-e-espaco-de-estudo.jpg?fit=1200%2C799&ssl=1&resize=700%2C400 2x, https:\/\/i0.wp.com\/diariodegarca.com\/wp-content\/uploads\/2025\/09\/sala-de-aula-virtual-e-espaco-de-estudo.jpg?fit=1200%2C799&ssl=1&resize=1050%2C600 3x"},"classes":[]},{"id":2756,"url":"https:\/\/diariodegarca.com\/?p=2756","url_meta":{"origin":8609,"position":5},"title":"Gar\u00e7a oferece curso gratuito de pizzas artesanais com t\u00e9cnicas profissionais","author":"Di\u00e1rio de Gar\u00e7a","date":"25 de fevereiro de 2025","format":false,"excerpt":"\u00a0\u00a0 A Prefeitura de Gar\u00e7a, por meio da Secretaria de Desenvolvimento Econ\u00f4mico e Turismo, em parceria com o SEBRAE, abre inscri\u00e7\u00f5es para o curso \u201cPrepare e venda pizzas doces e salgadas\u201d, uma oportunidade para empreendedores e entusiastas da gastronomia dominarem t\u00e9cnicas de produ\u00e7\u00e3o, seguran\u00e7a alimentar e gest\u00e3o de neg\u00f3cios.\u00a0Com aulas\u2026","rel":"","context":"Em &quot;Brasil&quot;","block_context":{"text":"Brasil","link":"https:\/\/diariodegarca.com\/?cat=38185"},"img":{"alt_text":"","src":"","width":0,"height":0},"classes":[]}],"_links":{"self":[{"href":"https:\/\/diariodegarca.com\/index.php?rest_route=\/wp\/v2\/posts\/8609","targetHints":{"allow":["GET"]}}],"collection":[{"href":"https:\/\/diariodegarca.com\/index.php?rest_route=\/wp\/v2\/posts"}],"about":[{"href":"https:\/\/diariodegarca.com\/index.php?rest_route=\/wp\/v2\/types\/post"}],"author":[{"embeddable":true,"href":"https:\/\/diariodegarca.com\/index.php?rest_route=\/wp\/v2\/users\/260896548"}],"replies":[{"embeddable":true,"href":"https:\/\/diariodegarca.com\/index.php?rest_route=%2Fwp%2Fv2%2Fcomments&post=8609"}],"version-history":[{"count":3,"href":"https:\/\/diariodegarca.com\/index.php?rest_route=\/wp\/v2\/posts\/8609\/revisions"}],"predecessor-version":[{"id":8613,"href":"https:\/\/diariodegarca.com\/index.php?rest_route=\/wp\/v2\/posts\/8609\/revisions\/8613"}],"wp:featuredmedia":[{"embeddable":true,"href":"https:\/\/diariodegarca.com\/index.php?rest_route=\/wp\/v2\/media\/8612"}],"wp:attachment":[{"href":"https:\/\/diariodegarca.com\/index.php?rest_route=%2Fwp%2Fv2%2Fmedia&parent=8609"}],"wp:term":[{"taxonomy":"category","embeddable":true,"href":"https:\/\/diariodegarca.com\/index.php?rest_route=%2Fwp%2Fv2%2Fcategories&post=8609"},{"taxonomy":"post_tag","embeddable":true,"href":"https:\/\/diariodegarca.com\/index.php?rest_route=%2Fwp%2Fv2%2Ftags&post=8609"}],"curies":[{"name":"wp","href":"https:\/\/api.w.org\/{rel}","templated":true}]}}