{"id":8626,"date":"2025-11-10T14:57:59","date_gmt":"2025-11-10T17:57:59","guid":{"rendered":"https:\/\/diariodegarca.com\/?p=8626"},"modified":"2025-11-10T14:57:59","modified_gmt":"2025-11-10T17:57:59","slug":"drama-baseado-em-historia-de-superacao-e-futebol-americano-sera-exibido-em-marilia","status":"publish","type":"post","link":"https:\/\/diariodegarca.com\/?p=8626","title":{"rendered":"Drama baseado em hist\u00f3ria de supera\u00e7\u00e3o e futebol americano ser\u00e1 exibido em Mar\u00edlia"},"content":{"rendered":"\n<p class=\"wp-block-paragraph\"><em>Trabalhadores de um porto formam equipe improv\u00e1vel para campeonato em filme chin\u00eas que celebra perseveran\u00e7a; sess\u00e3o gratuita do Pontos MIS acontece na quinta-feira no CCM.<\/em><\/p>\n\n\n\n<p class=\"wp-block-paragraph\">Uma hist\u00f3ria real de perseveran\u00e7a e uni\u00e3o al\u00e9m da cultura chega a Mar\u00edlia atrav\u00e9s da 10\u00aa Mostra de Cinema Chin\u00eas. O filme\u00a0<strong>&#8220;Impacto&#8221;<\/strong>\u00a0ser\u00e1 exibido gratuitamente na cidade, <strong>no dia 13 de novembro, \u00e0s 20h, <\/strong>na <strong>Sala de Proje\u00e7\u00e3o do CCM <\/strong>&#8220;Em\u00eddio Pedutti Filho&#8221;, piso superior, na avenida Sampaio Vidal, 245, Centro de <strong>Mar\u00edlia<\/strong>. O drama apresentando ao p\u00fablico uma narrativa inspiradora sobre trabalhadores comuns que desafiam todas as probabilidades para realizar um sonho incomum.<\/p>\n\n\n\n<p class=\"wp-block-paragraph\">Dirigido por Qiangsheng Huang, com 108 minutos de dura\u00e7\u00e3o, o drama \u00e9 baseado em eventos reais ocorridos na cidade de Chongqing, onde um grupo de oper\u00e1rios portu\u00e1rios decide formar uma equipe de futebol americano (esporte ainda pouco popular na China) para participar de um campeonato local. Sem experi\u00eancia pr\u00e9via, equipamentos adequados ou treinamento formal, esses homens enfrentam n\u00e3o apenas as dificuldades t\u00e9cnicas do esporte, mas tamb\u00e9m seus pr\u00f3prios desafios pessoais e profissionais.<\/p>\n\n\n\n<p class=\"wp-block-paragraph\">Atrav\u00e9s da uni\u00e3o e determina\u00e7\u00e3o, o filme mostra como pessoas comuns podem transformar realidades e alcan\u00e7ar objetivos aparentemente imposs\u00edveis, tornando-se uma met\u00e1fora poderosa sobre trabalho em equipe e resili\u00eancia.<\/p>\n\n\n\n<p class=\"wp-block-paragraph\">Por tratar de temas complexos e se tratar de uma hora legendada, a classifica\u00e7\u00e3o est\u00e1 em 12 anos. A entrada \u00e9 totalmente gratuita e n\u00e3o requer retirada antecipada de convites, bastando comparecer no dia e local indicados com 15 minutos de anteced\u00eancia.<\/p>\n\n\n\n<p class=\"wp-block-paragraph\">A sess\u00e3o \u00e9 uma realiza\u00e7\u00e3o da Mostra de Cinema Chin\u00eas em parceria com o Pontos MIS (Museu da Imagem e do Som) e a Secretaria Municipal de Cultura de Mar\u00edlia, fortalecendo o acesso \u00e0 produ\u00e7\u00e3o cinematogr\u00e1fica internacional na regi\u00e3o.<\/p>\n","protected":false},"excerpt":{"rendered":"<p>Trabalhadores de um porto formam equipe improv\u00e1vel para campeonato em filme chin\u00eas que celebra perseveran\u00e7a; sess\u00e3o gratuita do Pontos MIS acontece na quinta-feira no CCM. Uma hist\u00f3ria real de perseveran\u00e7a e uni\u00e3o al\u00e9m da cultura chega a Mar\u00edlia atrav\u00e9s da 10\u00aa Mostra de Cinema Chin\u00eas. O filme\u00a0&#8220;Impacto&#8221;\u00a0ser\u00e1 exibido gratuitamente na cidade, no dia 13 de [&hellip;]<\/p>\n","protected":false},"author":260896548,"featured_media":8627,"comment_status":"open","ping_status":"open","sticky":false,"template":"","format":"standard","meta":{"_crdt_document":"","_monsterinsights_skip_tracking":false,"_monsterinsights_sitenote_active":false,"_monsterinsights_sitenote_note":"","_monsterinsights_sitenote_category":0,"advanced_seo_description":"Assista ao filme chin\u00eas 'Impacto' em Mar\u00edlia: uma hist\u00f3ria inspiradora sobre perseveran\u00e7a e equipe no dia 13 de novembro, entrada gratuita.","jetpack_seo_html_title":"Filme 'Impacto': perseveran\u00e7a e uni\u00e3o em drama do cinema chin\u00eas","jetpack_seo_noindex":false,"_jetpack_newsletter_access":"","_jetpack_dont_email_post_to_subs":false,"_jetpack_newsletter_tier_id":0,"_jetpack_memberships_contains_paywalled_content":false,"_jetpack_memberships_contains_paid_content":false,"footnotes":"","jetpack_publicize_message":"\ud83c\udfc8 Cinema gratuito em Mar\u00edlia: hist\u00f3ria real de supera\u00e7\u00e3o ser\u00e1 exibida na quinta\n\nQue tal conhecer uma incr\u00edvel hist\u00f3ria baseada em fatos reais? O Pontos MIS apresenta \"Impacto\", drama chin\u00eas sobre trabalhadores de um porto que formam um time de futebol americano contra todas as expectativas.\n\nA mat\u00e9ria completa est\u00e1 no nosso site! \ud83d\udcf2 \ud83d\udc49 diariodegarca.com\n\n#CinemaPontosMIS #MostraDeCinemaChin\u00eas #Impacto #CinemaGratuito #Mar\u00edlia #CulturaEmMar\u00edlia #FutebolAmericano #Hist\u00f3riaReal #Supera\u00e7\u00e3o","jetpack_publicize_feature_enabled":true,"jetpack_social_post_already_shared":false,"jetpack_social_options":{"image_generator_settings":{"template":"highway","default_image_id":0,"font":"","enabled":false},"version":2},"_wpas_customize_per_network":false,"jetpack_post_was_ever_published":false},"categories":[597,2367,683453294],"tags":[],"class_list":["post-8626","post","type-post","status-publish","format-standard","has-post-thumbnail","hentry","category-cinema","category-cultura","category-marilia-cidade"],"jetpack_publicize_connections":[],"jetpack_featured_media_url":"https:\/\/i0.wp.com\/diariodegarca.com\/wp-content\/uploads\/2025\/11\/impacto-drama-chines.webp?fit=1160%2C653&ssl=1","jetpack_likes_enabled":true,"jetpack_sharing_enabled":true,"jetpack_shortlink":"https:\/\/wp.me\/pgitne-2f8","jetpack-related-posts":[{"id":8470,"url":"https:\/\/diariodegarca.com\/?p=8470","url_meta":{"origin":8626,"position":0},"title":"&#8220;O Amor de Mumu&#8221;: drama sobre pai surdo e filha ter\u00e1 exibi\u00e7\u00e3o em Mar\u00edlia e Gar\u00e7a","author":"Andreza Sega","date":"5 de novembro de 2025","format":false,"excerpt":"Filme que explora os limites da comunica\u00e7\u00e3o e a for\u00e7a dos la\u00e7os familiares ser\u00e1 exibido pelo Pontos MIS; sess\u00f5es gratuitas acontecem nessa semana. Um drama sens\u00edvel que mergulha na complexidade da comunica\u00e7\u00e3o e nos sacrif\u00edcios pela fam\u00edlia. \u00c9 com esta premissa que o filme chin\u00eas\u00a0\"O Amor de Mu Mu\"\u00a0integra a\u2026","rel":"","context":"Em &quot;Cinema&quot;","block_context":{"text":"Cinema","link":"https:\/\/diariodegarca.com\/?cat=597"},"img":{"alt_text":"","src":"https:\/\/i0.wp.com\/diariodegarca.com\/wp-content\/uploads\/2025\/11\/o-amor-de-mumu.jpg?fit=1200%2C679&ssl=1&resize=350%2C200","width":350,"height":200,"srcset":"https:\/\/i0.wp.com\/diariodegarca.com\/wp-content\/uploads\/2025\/11\/o-amor-de-mumu.jpg?fit=1200%2C679&ssl=1&resize=350%2C200 1x, https:\/\/i0.wp.com\/diariodegarca.com\/wp-content\/uploads\/2025\/11\/o-amor-de-mumu.jpg?fit=1200%2C679&ssl=1&resize=525%2C300 1.5x, https:\/\/i0.wp.com\/diariodegarca.com\/wp-content\/uploads\/2025\/11\/o-amor-de-mumu.jpg?fit=1200%2C679&ssl=1&resize=700%2C400 2x, https:\/\/i0.wp.com\/diariodegarca.com\/wp-content\/uploads\/2025\/11\/o-amor-de-mumu.jpg?fit=1200%2C679&ssl=1&resize=1050%2C600 3x"},"classes":[]},{"id":5302,"url":"https:\/\/diariodegarca.com\/?p=5302","url_meta":{"origin":8626,"position":1},"title":"&#8220;O Vendedor de Sonhos&#8221; chega a Mar\u00edlia em sess\u00e3o gratuita do Pontos MIS","author":"Di\u00e1rio de Gar\u00e7a","date":"6 de agosto de 2025","format":false,"excerpt":"Programa democratiza acesso ao cinema e exibe drama nacional nesta quinta (7) no Complexo Cultural Braz Al\u00e9cio. A cultura mariliense ganha destaque nesta quinta-feira, 7 de agosto, com a exibi\u00e7\u00e3o do filme nacional\u00a0\"O Vendedor de Sonhos\", baseado no livro do autor Augusto Cury de mesmo nome. A sess\u00e3o gratuita acontece\u2026","rel":"","context":"Em &quot;Cultura&quot;","block_context":{"text":"Cultura","link":"https:\/\/diariodegarca.com\/?cat=2367"},"img":{"alt_text":"","src":"https:\/\/i0.wp.com\/diariodegarca.com\/wp-content\/uploads\/2025\/08\/460043.jpg-r_1920_1080-f_jpg-q_x-xxyxx.jpg.jpg?fit=1200%2C784&ssl=1&resize=350%2C200","width":350,"height":200,"srcset":"https:\/\/i0.wp.com\/diariodegarca.com\/wp-content\/uploads\/2025\/08\/460043.jpg-r_1920_1080-f_jpg-q_x-xxyxx.jpg.jpg?fit=1200%2C784&ssl=1&resize=350%2C200 1x, https:\/\/i0.wp.com\/diariodegarca.com\/wp-content\/uploads\/2025\/08\/460043.jpg-r_1920_1080-f_jpg-q_x-xxyxx.jpg.jpg?fit=1200%2C784&ssl=1&resize=525%2C300 1.5x, https:\/\/i0.wp.com\/diariodegarca.com\/wp-content\/uploads\/2025\/08\/460043.jpg-r_1920_1080-f_jpg-q_x-xxyxx.jpg.jpg?fit=1200%2C784&ssl=1&resize=700%2C400 2x, https:\/\/i0.wp.com\/diariodegarca.com\/wp-content\/uploads\/2025\/08\/460043.jpg-r_1920_1080-f_jpg-q_x-xxyxx.jpg.jpg?fit=1200%2C784&ssl=1&resize=1050%2C600 3x"},"classes":[]},{"id":5423,"url":"https:\/\/diariodegarca.com\/?p=5423","url_meta":{"origin":8626,"position":2},"title":"&#8220;Unclenching the Fists&#8221;: Drama premiado \u00e9 atra\u00e7\u00e3o gratuita no Clube de Cinema de Mar\u00edlia","author":"Di\u00e1rio de Gar\u00e7a","date":"8 de agosto de 2025","format":false,"excerpt":"Filme russo vencedor em Cannes retrata luta por liberdade em fam\u00edlia marcada por controle e trauma Neste s\u00e1bado, 9 de agosto, o\u00a0Clube de Cinema de Mar\u00edlia (CCM)\u00a0exibe\u00a0Unclenching the Fists\u00a0(2021), drama russo premiado no Festival de Cannes. Com ingressos gratuitos, a sess\u00e3o acontece \u00e0s 20h no espa\u00e7o cultural da avenida Sampaio\u2026","rel":"","context":"Em &quot;Cinema&quot;","block_context":{"text":"Cinema","link":"https:\/\/diariodegarca.com\/?cat=597"},"img":{"alt_text":"","src":"https:\/\/i0.wp.com\/diariodegarca.com\/wp-content\/uploads\/2025\/08\/25unclenching-the-fists-review-pkvl-superjumbo.jpg?fit=1200%2C799&ssl=1&resize=350%2C200","width":350,"height":200,"srcset":"https:\/\/i0.wp.com\/diariodegarca.com\/wp-content\/uploads\/2025\/08\/25unclenching-the-fists-review-pkvl-superjumbo.jpg?fit=1200%2C799&ssl=1&resize=350%2C200 1x, https:\/\/i0.wp.com\/diariodegarca.com\/wp-content\/uploads\/2025\/08\/25unclenching-the-fists-review-pkvl-superjumbo.jpg?fit=1200%2C799&ssl=1&resize=525%2C300 1.5x, https:\/\/i0.wp.com\/diariodegarca.com\/wp-content\/uploads\/2025\/08\/25unclenching-the-fists-review-pkvl-superjumbo.jpg?fit=1200%2C799&ssl=1&resize=700%2C400 2x, https:\/\/i0.wp.com\/diariodegarca.com\/wp-content\/uploads\/2025\/08\/25unclenching-the-fists-review-pkvl-superjumbo.jpg?fit=1200%2C799&ssl=1&resize=1050%2C600 3x"},"classes":[]},{"id":6265,"url":"https:\/\/diariodegarca.com\/?p=6265","url_meta":{"origin":8626,"position":3},"title":"Mar\u00edlia exibe sess\u00e3o gratuita de &#8220;Crep\u00fasculo dos Deuses&#8221; pelo programa Pontos MIS","author":"Di\u00e1rio de Gar\u00e7a","date":"2 de setembro de 2025","format":false,"excerpt":"Exibi\u00e7\u00e3o do drama sat\u00edrico de Billy Wilder ocorre em 3 de setembro, no Complexo Cultural \"Braz Al\u00e9cio\", com entrada franca. O projeto\u00a0Pontos MIS\u00a0(Museu da Imagem e do Som) traz, em sess\u00e3o gratuita o aclamado filme\u00a0\"Crep\u00fasculo dos Deuses\"\u00a0(1950), obra-prima do diretor Billy Wilder. A exibi\u00e7\u00e3o est\u00e1 marcada para amanh\u00e3, quarta-feira, 3\u2026","rel":"","context":"Em &quot;Cinema&quot;","block_context":{"text":"Cinema","link":"https:\/\/diariodegarca.com\/?cat=597"},"img":{"alt_text":"","src":"https:\/\/i0.wp.com\/diariodegarca.com\/wp-content\/uploads\/2025\/09\/r.jpg?fit=800%2C592&ssl=1&resize=350%2C200","width":350,"height":200,"srcset":"https:\/\/i0.wp.com\/diariodegarca.com\/wp-content\/uploads\/2025\/09\/r.jpg?fit=800%2C592&ssl=1&resize=350%2C200 1x, https:\/\/i0.wp.com\/diariodegarca.com\/wp-content\/uploads\/2025\/09\/r.jpg?fit=800%2C592&ssl=1&resize=525%2C300 1.5x, https:\/\/i0.wp.com\/diariodegarca.com\/wp-content\/uploads\/2025\/09\/r.jpg?fit=800%2C592&ssl=1&resize=700%2C400 2x"},"classes":[]},{"id":2465,"url":"https:\/\/diariodegarca.com\/?p=2465","url_meta":{"origin":8626,"position":4},"title":"Clube de Cinema de Mar\u00edlia exibe produ\u00e7\u00f5es premiadas com entrada gratuita no fim de semana","author":"Di\u00e1rio de Gar\u00e7a","date":"5 de abril de 2025","format":false,"excerpt":"O Clube de Cinema de Mar\u00edlia (CCM) promove neste final de semana duas sess\u00f5es gratuitas com filmes premiados e aclamados pela cr\u00edtica. As exibi\u00e7\u00f5es acontecem no s\u00e1bado (05\/04) e no domingo (06\/04), sempre \u00e0s 20h, no espa\u00e7o localizado na Avenida Sampaio Vidal, 245 \u2014 com entrada pelo Museu de Paleontologia.\u2026","rel":"","context":"Em &quot;Brasil&quot;","block_context":{"text":"Brasil","link":"https:\/\/diariodegarca.com\/?cat=38185"},"img":{"alt_text":"","src":"","width":0,"height":0},"classes":[]},{"id":5195,"url":"https:\/\/diariodegarca.com\/?p=5195","url_meta":{"origin":8626,"position":5},"title":"Clube de Cinema de Mar\u00edlia exibe &#8220;Dem\u00eancia&#8221; e &#8220;Carrington&#8221; neste fim de semana","author":"Di\u00e1rio de Gar\u00e7a","date":"31 de julho de 2025","format":false,"excerpt":"Mostra gratuita traz obras marcantes do cinema brasileiro e internacional. Neste fim de semana, o\u00a0Clube de Cinema de Mar\u00edlia (CCM)\u00a0promove duas sess\u00f5es especiais gratuitas, celebrando a diversidade cinematogr\u00e1fica com obras que exploram temas como loucura, paix\u00e3o e identidade. Com curadoria de\u00a0Fab\u00edola Cunha, as exibi\u00e7\u00f5es acontecem no s\u00e1bado, dia 2 de\u2026","rel":"","context":"Em &quot;Cultura&quot;","block_context":{"text":"Cultura","link":"https:\/\/diariodegarca.com\/?cat=2367"},"img":{"alt_text":"","src":"https:\/\/i0.wp.com\/diariodegarca.com\/wp-content\/uploads\/2025\/07\/carrington-1.jpg?fit=791%2C515&ssl=1&resize=350%2C200","width":350,"height":200,"srcset":"https:\/\/i0.wp.com\/diariodegarca.com\/wp-content\/uploads\/2025\/07\/carrington-1.jpg?fit=791%2C515&ssl=1&resize=350%2C200 1x, https:\/\/i0.wp.com\/diariodegarca.com\/wp-content\/uploads\/2025\/07\/carrington-1.jpg?fit=791%2C515&ssl=1&resize=525%2C300 1.5x, https:\/\/i0.wp.com\/diariodegarca.com\/wp-content\/uploads\/2025\/07\/carrington-1.jpg?fit=791%2C515&ssl=1&resize=700%2C400 2x"},"classes":[]}],"_links":{"self":[{"href":"https:\/\/diariodegarca.com\/index.php?rest_route=\/wp\/v2\/posts\/8626","targetHints":{"allow":["GET"]}}],"collection":[{"href":"https:\/\/diariodegarca.com\/index.php?rest_route=\/wp\/v2\/posts"}],"about":[{"href":"https:\/\/diariodegarca.com\/index.php?rest_route=\/wp\/v2\/types\/post"}],"author":[{"embeddable":true,"href":"https:\/\/diariodegarca.com\/index.php?rest_route=\/wp\/v2\/users\/260896548"}],"replies":[{"embeddable":true,"href":"https:\/\/diariodegarca.com\/index.php?rest_route=%2Fwp%2Fv2%2Fcomments&post=8626"}],"version-history":[{"count":3,"href":"https:\/\/diariodegarca.com\/index.php?rest_route=\/wp\/v2\/posts\/8626\/revisions"}],"predecessor-version":[{"id":8630,"href":"https:\/\/diariodegarca.com\/index.php?rest_route=\/wp\/v2\/posts\/8626\/revisions\/8630"}],"wp:featuredmedia":[{"embeddable":true,"href":"https:\/\/diariodegarca.com\/index.php?rest_route=\/wp\/v2\/media\/8627"}],"wp:attachment":[{"href":"https:\/\/diariodegarca.com\/index.php?rest_route=%2Fwp%2Fv2%2Fmedia&parent=8626"}],"wp:term":[{"taxonomy":"category","embeddable":true,"href":"https:\/\/diariodegarca.com\/index.php?rest_route=%2Fwp%2Fv2%2Fcategories&post=8626"},{"taxonomy":"post_tag","embeddable":true,"href":"https:\/\/diariodegarca.com\/index.php?rest_route=%2Fwp%2Fv2%2Ftags&post=8626"}],"curies":[{"name":"wp","href":"https:\/\/api.w.org\/{rel}","templated":true}]}}