{"id":8633,"date":"2025-11-10T17:39:15","date_gmt":"2025-11-10T20:39:15","guid":{"rendered":"https:\/\/diariodegarca.com\/?p=8633"},"modified":"2025-11-10T17:39:15","modified_gmt":"2025-11-10T20:39:15","slug":"julio-mesquita-recebe-oficina-gratuita-de-bonecos-de-mamulengos-na-terca-feira","status":"publish","type":"post","link":"https:\/\/diariodegarca.com\/?p=8633","title":{"rendered":"J\u00falio Mesquita recebe oficina gratuita de Bonecos de Mamulengos na ter\u00e7a-feira"},"content":{"rendered":"\n<p class=\"wp-block-paragraph\"><em>Atividade com o artista Vin\u00edcius Alexandre, o Guita, encerra a programa\u00e7\u00e3o do projeto Alinhavando Redes de Bibliotecas na cidade, promovendo uma imers\u00e3o nas tradi\u00e7\u00f5es da cultura popular.<\/em><\/p>\n\n\n\n<p class=\"wp-block-paragraph\">A cena cultural de\u00a0<strong>J\u00falio Mesquita<\/strong>\u00a0recebe, nesta ter\u00e7a-feira, <strong>18 de novembro<\/strong>,<strong> \u00e0s 8h30,<\/strong> uma atividade  especial que resgata uma das mais ricas tradi\u00e7\u00f5es do imagin\u00e1rio brasileiro: a\u00a0<strong>Oficina de Bonecos de Mamulengos com Materiais Naturais<\/strong>. A a\u00e7\u00e3o, conduzida pelo artista multidisciplinar\u00a0<strong>Vin\u00edcius Alexandre, o Guita<\/strong>, marca o encerramento das atividades do projeto\u00a0<strong>Alinhavando Redes de Bibliotecas &#8211; Corredor Cultural<\/strong>\u00a0na cidade, e \u00e9 voltada para arte-educadores, professores, fam\u00edlias e crian\u00e7as.<\/p>\n\n\n\n<p class=\"wp-block-paragraph\">A oficina, que \u00e9 totalmente gratuita, vai al\u00e9m da simples confec\u00e7\u00e3o de brinquedos. \u00c9 uma jornada sensorial que entrela\u00e7a\u00a0<strong>m\u00fasica, causos e a t\u00e9cnica ancestral<\/strong>\u00a0do teatro de bonecos popular, elementos l\u00fadicos que ajudam no aprendizado de forma leve e empactante. Os participantes s\u00e3o guiados em um mergulho nas &#8220;brasilidades&#8221;, explorando as diversas possibilidades de brincar e se expressar. Ao final, cada pessoa ter\u00e1 constru\u00eddo o seu pr\u00f3prio mamulengo, levando para casa n\u00e3o apenas um brinquedo, mas um fragmento da mem\u00f3ria cultural viva.<\/p>\n\n\n\n<p class=\"wp-block-paragraph\"><strong>Sobre o <strong>Alinhavando Redes<\/strong><\/strong><\/p>\n\n\n\n<p class=\"wp-block-paragraph\">A oficina integra o projeto\u00a0<strong>Alinhavando Redes de Bibliotecas<\/strong>, e ser\u00e1 ministrada por Vin\u00edcius Alexandre, conhecido no meio art\u00edstico como\u00a0<strong>Guita<\/strong>, um guardi\u00e3o das tradi\u00e7\u00f5es. Ator, diretor, bonequeiro, m\u00fasico e figurinista, sua trajet\u00f3ria est\u00e1 ligada \u00e0 cultura popular desde 2011. Benzedeiro e brincante, ele \u00e9 fundador da folia de reis V\u00e9u de Maria e integra a Cia Bambol\u00ea. Como aprendiz de grandes mestres do mamulengo, atua na Cia Babau Fu\u00e1, dedicando-se a transmitir esses saberes por meio de viv\u00eancias e espet\u00e1culos, inclusive em unidades do Sesc S\u00e3o Paulo.<\/p>\n\n\n\n<p class=\"wp-block-paragraph\">O\u00a0<strong>Alinhavando Redes de Bibliotecas<\/strong>\u00a0\u00e9 um projeto cultural e din\u00e2mico que percorreu nove cidades (sendo elas: Ara\u00e7atuba, Cafel\u00e2ndia, Getulina, Guai\u00e7ara, Guaimb\u00ea, <strong>J\u00falio Mesquita<\/strong>, Lins, Promiss\u00e3o e Sabino), realizando mais de 40 atividades gratuitas. O objetivo central \u00e9 valoriza\u00e7\u00e3o das bibliotecas municipais, transformando-as em polos din\u00e2micos de conviv\u00eancia, leitura e produ\u00e7\u00e3o cultural, refor\u00e7ando o acesso \u00e0 arte e a integra\u00e7\u00e3o entre os munic\u00edpios.<\/p>\n\n\n\n<p class=\"wp-block-paragraph\">A realiza\u00e7\u00e3o \u00e9 do coletivo\u00a0<strong>Alinhavando Redes Culturais<\/strong>, com recursos do\u00a0<strong>ProAC<\/strong>\u00a0(Programa de A\u00e7\u00e3o Cultural do Governo do Estado de S\u00e3o Paulo) e apoio das prefeituras locais. <\/p>\n","protected":false},"excerpt":{"rendered":"<p>Atividade com o artista Vin\u00edcius Alexandre, o Guita, encerra a programa\u00e7\u00e3o do projeto Alinhavando Redes de Bibliotecas na cidade, promovendo uma imers\u00e3o nas tradi\u00e7\u00f5es da cultura popular. A cena cultural de\u00a0J\u00falio Mesquita\u00a0recebe, nesta ter\u00e7a-feira, 18 de novembro, \u00e0s 8h30, uma atividade especial que resgata uma das mais ricas tradi\u00e7\u00f5es do imagin\u00e1rio brasileiro: a\u00a0Oficina de Bonecos [&hellip;]<\/p>\n","protected":false},"author":260896548,"featured_media":8638,"comment_status":"open","ping_status":"open","sticky":false,"template":"","format":"standard","meta":{"_monsterinsights_skip_tracking":false,"advanced_seo_description":"Participe da Oficina de Bonecos de Mamulengos com Vin\u00edcius Alexandre e mergulhe nas tradi\u00e7\u00f5es da cultura popular em J\u00falio Mesquita!","jetpack_seo_html_title":"Oficina de Mamulengos: Arte e Cultura Popular em J\u00falio Mesquita","jetpack_seo_noindex":false,"jetpack_seo_schema_type":"","_jetpack_newsletter_access":"","_jetpack_dont_email_post_to_subs":false,"_jetpack_newsletter_tier_id":0,"_jetpack_memberships_contains_paywalled_content":false,"_wpcom_ai_launchpad_first_post":false,"_jetpack_feature_clip_id":0,"_jetpack_memberships_contains_paid_content":false,"footnotes":"","jetpack_publicize_message":"J\u00falio Mesquita recebe oficina gratuita de Bonecos de Mamulengos na ter\u00e7a-feira\n\nAmanh\u00e3 (18\/11), a Biblioteca Municipal de J\u00falio Mesquita promover\u00e1 a Oficina de Bonecos de Mamulengos, com o artista Guita, pelo projeto Alinhavando Redes de Bibliotecas.\nA atividade \u00e9 gratuita e voltada para professores, familiares e artistas educadores. Os participantes ser\u00e3o convidados a colocando a m\u00e3o na massa para criar seus pr\u00f3prios bonecos com materiais naturais, ao som de m\u00fasica e causos tradicionais. \n\n\u2728 Confira a mat\u00e9ria completa em diariodegarca.com (link na bio)\n\n\ud83d\udcf2 Siga o @alinhavandoredes nas redes sociais.\n\n#AlinhavandoRedes #CulturaPopular #Mamulengo #J\u00falioMesquita #OficinaGratuita #TeatroDeBonecos #CulturaSP #ProAC #BibliotecaMunicipal","jetpack_publicize_feature_enabled":true,"jetpack_social_post_already_shared":false,"jetpack_social_options":{"image_generator_settings":{"template":"highway","default_image_id":0,"font":"","enabled":false},"version":2},"_wpas_customize_per_network":false,"jetpack_post_was_ever_published":false},"categories":[2367,36947,5925410,115166],"tags":[],"class_list":["post-8633","post","type-post","status-publish","format-standard","has-post-thumbnail","hentry","category-cultura","category-curso","category-julio-mesquita","category-presencial"],"jetpack_publicize_connections":[],"jetpack_likes_enabled":true,"jetpack_sharing_enabled":true,"jetpack_shortlink":"https:\/\/wp.me\/pgitne-2ff","jetpack-related-posts":[{"id":3057,"url":"https:\/\/diariodegarca.com\/?p=3057","url_meta":{"origin":8633,"position":0},"title":"Semana do MEI em J\u00falio Mesquita oferece curso presencial para impulsionar neg\u00f3cios","author":"Di\u00e1rio de Gar\u00e7a","date":"21 de maio de 2025","format":false,"excerpt":"Evento gratuito oferecido pelo Sebrae e Prefeitura traz dicas pr\u00e1ticas para atrair mais clientes e refor\u00e7a a import\u00e2ncia da regulariza\u00e7\u00e3o antes do prazo da declara\u00e7\u00e3o anual. A Prefeitura de J\u00falio Mesquita e o Sebrae promovem, no dia\u00a028 de maio, o curso presencial\u00a0\u201cFa\u00e7a a divulga\u00e7\u00e3o certa e atraia mais clientes!\u201d, direcionado\u2026","rel":"","context":"Em &quot;Curso&quot;","block_context":{"text":"Curso","link":"https:\/\/diariodegarca.com\/?cat=36947"},"img":{"alt_text":"","src":"","width":0,"height":0},"classes":[]},{"id":2586,"url":"https:\/\/diariodegarca.com\/?p=2586","url_meta":{"origin":8633,"position":1},"title":"J\u00falio Mesquita oferece curso gratuito de fabrica\u00e7\u00e3o de ovos de P\u00e1scoa e bombons","author":"Di\u00e1rio de Gar\u00e7a","date":"20 de mar\u00e7o de 2025","format":false,"excerpt":"A Prefeitura de J\u00falio Mesquita, em parceria com o SEBRAE, abriu inscri\u00e7\u00f5es para um curso gratuito e presencial de fabrica\u00e7\u00e3o de ovos de P\u00e1scoa e bombons. A capacita\u00e7\u00e3o \u00e9 uma oportunidade para quem deseja aprender novas habilidades e aumentar a renda com a venda de chocolates durante o per\u00edodo pascal.\u2026","rel":"","context":"Em &quot;Brasil&quot;","block_context":{"text":"Brasil","link":"https:\/\/diariodegarca.com\/?cat=38185"},"img":{"alt_text":"","src":"","width":0,"height":0},"classes":[]},{"id":6092,"url":"https:\/\/diariodegarca.com\/?p=6092","url_meta":{"origin":8633,"position":2},"title":"Opera\u00e7\u00e3o em J\u00falio Mesquita prende homem e apreende adolescente procurados","author":"Di\u00e1rio de Gar\u00e7a","date":"26 de agosto de 2025","format":false,"excerpt":"A\u00e7\u00f5es ocorreram em dois endere\u00e7os durante a madrugada; conduzidos foram levados para delegacia de cidade vizinha para evitar aglomera\u00e7\u00f5es e seguem \u00e0 disposi\u00e7\u00e3o da Justi\u00e7a. Na madrugada desta ter\u00e7a-feira, 26 de agosto, uma opera\u00e7\u00e3o coordenada entre a Pol\u00edcia Militar e a Pol\u00edcia Civil cumpriu mandados judiciais na cidade de J\u00falio\u2026","rel":"","context":"Em &quot;\u00c1lvaro de Carvalho&quot;","block_context":{"text":"\u00c1lvaro de Carvalho","link":"https:\/\/diariodegarca.com\/?cat=29815376"},"img":{"alt_text":"","src":"https:\/\/i0.wp.com\/diariodegarca.com\/wp-content\/uploads\/2025\/08\/ce5e5446-8082-4801-818b-2b2704dcf14a.jpg?fit=1200%2C541&ssl=1&resize=350%2C200","width":350,"height":200,"srcset":"https:\/\/i0.wp.com\/diariodegarca.com\/wp-content\/uploads\/2025\/08\/ce5e5446-8082-4801-818b-2b2704dcf14a.jpg?fit=1200%2C541&ssl=1&resize=350%2C200 1x, https:\/\/i0.wp.com\/diariodegarca.com\/wp-content\/uploads\/2025\/08\/ce5e5446-8082-4801-818b-2b2704dcf14a.jpg?fit=1200%2C541&ssl=1&resize=525%2C300 1.5x, https:\/\/i0.wp.com\/diariodegarca.com\/wp-content\/uploads\/2025\/08\/ce5e5446-8082-4801-818b-2b2704dcf14a.jpg?fit=1200%2C541&ssl=1&resize=700%2C400 2x, https:\/\/i0.wp.com\/diariodegarca.com\/wp-content\/uploads\/2025\/08\/ce5e5446-8082-4801-818b-2b2704dcf14a.jpg?fit=1200%2C541&ssl=1&resize=1050%2C600 3x"},"classes":[]},{"id":7822,"url":"https:\/\/diariodegarca.com\/?p=7822","url_meta":{"origin":8633,"position":3},"title":"Unesp de Mar\u00edlia sedia sua primeira Feira Liter\u00e1ria com programa\u00e7\u00e3o gratuita e diversa","author":"Andreza Sega","date":"19 de outubro de 2025","format":false,"excerpt":"FLUM acontece de 20 a 24 de outubro com encontros com autores, oficinas, apresenta\u00e7\u00f5es art\u00edsticas e feira de livros, promovendo um mergulho na literatura e na cultura. A cidade de Mar\u00edlia se prepara para um evento in\u00e9dito no calend\u00e1rio cultural: a I\u00aa Feira Liter\u00e1ria da Unesp de Mar\u00edlia (FLUM). Idealizada\u2026","rel":"","context":"Em &quot;Cultura&quot;","block_context":{"text":"Cultura","link":"https:\/\/diariodegarca.com\/?cat=2367"},"img":{"alt_text":"","src":"https:\/\/i0.wp.com\/diariodegarca.com\/wp-content\/uploads\/2025\/10\/SnapInsta.to_559022118_17852756655552482_1011928393818577363_n-e1760968979571.jpg?fit=1080%2C750&ssl=1&resize=350%2C200","width":350,"height":200,"srcset":"https:\/\/i0.wp.com\/diariodegarca.com\/wp-content\/uploads\/2025\/10\/SnapInsta.to_559022118_17852756655552482_1011928393818577363_n-e1760968979571.jpg?fit=1080%2C750&ssl=1&resize=350%2C200 1x, https:\/\/i0.wp.com\/diariodegarca.com\/wp-content\/uploads\/2025\/10\/SnapInsta.to_559022118_17852756655552482_1011928393818577363_n-e1760968979571.jpg?fit=1080%2C750&ssl=1&resize=525%2C300 1.5x, https:\/\/i0.wp.com\/diariodegarca.com\/wp-content\/uploads\/2025\/10\/SnapInsta.to_559022118_17852756655552482_1011928393818577363_n-e1760968979571.jpg?fit=1080%2C750&ssl=1&resize=700%2C400 2x, https:\/\/i0.wp.com\/diariodegarca.com\/wp-content\/uploads\/2025\/10\/SnapInsta.to_559022118_17852756655552482_1011928393818577363_n-e1760968979571.jpg?fit=1080%2C750&ssl=1&resize=1050%2C600 3x"},"classes":[]},{"id":10250,"url":"https:\/\/diariodegarca.com\/?p=10250","url_meta":{"origin":8633,"position":4},"title":"For\u00e7a T\u00e1tica prende pai e filho procurados pela Justi\u00e7a em J\u00falio Mesquita","author":"Di\u00e1rio de Gar\u00e7a","date":"26 de janeiro de 2026","format":false,"excerpt":"Mandados de pris\u00e3o por tr\u00e1fico de drogas e les\u00e3o corporal foram cumpridos ap\u00f3s abordagem policial na cidade do interior paulista. Em uma opera\u00e7\u00e3o policial na tarde da \u00faltima sexta-feira, 23 de janeiro, a For\u00e7a T\u00e1tica da 4\u00aa Companhia da Pol\u00edcia Militar cumpriu dois mandados de pris\u00e3o e retirou de circula\u00e7\u00e3o\u2026","rel":"","context":"Em &quot;J\u00falio Mesquita&quot;","block_context":{"text":"J\u00falio Mesquita","link":"https:\/\/diariodegarca.com\/?cat=5925410"},"img":{"alt_text":"","src":"https:\/\/i0.wp.com\/diariodegarca.com\/wp-content\/uploads\/2026\/01\/criminal-handcuffs.jpg?fit=1200%2C800&ssl=1&resize=350%2C200","width":350,"height":200,"srcset":"https:\/\/i0.wp.com\/diariodegarca.com\/wp-content\/uploads\/2026\/01\/criminal-handcuffs.jpg?fit=1200%2C800&ssl=1&resize=350%2C200 1x, https:\/\/i0.wp.com\/diariodegarca.com\/wp-content\/uploads\/2026\/01\/criminal-handcuffs.jpg?fit=1200%2C800&ssl=1&resize=525%2C300 1.5x, https:\/\/i0.wp.com\/diariodegarca.com\/wp-content\/uploads\/2026\/01\/criminal-handcuffs.jpg?fit=1200%2C800&ssl=1&resize=700%2C400 2x, https:\/\/i0.wp.com\/diariodegarca.com\/wp-content\/uploads\/2026\/01\/criminal-handcuffs.jpg?fit=1200%2C800&ssl=1&resize=1050%2C600 3x"},"classes":[]},{"id":5830,"url":"https:\/\/diariodegarca.com\/?p=5830","url_meta":{"origin":8633,"position":5},"title":"J\u00falio Mesquita oferece curso presencial e gratuito de Mec\u00e2nica de Motos","author":"Di\u00e1rio de Gar\u00e7a","date":"22 de agosto de 2025","format":false,"excerpt":"Iniciativa do Fundo Social de SP, em parceria com a prefeitura, oferece qualifica\u00e7\u00e3o profissional para maiores de 18 anos, visando a inser\u00e7\u00e3o no mercado de trabalho e o empreendedorismo. A cidade de J\u00falio Mesquita foi inclu\u00edda no roteiro do programa \u201cCaminho da Capacita\u00e7\u00e3o \u2013 Transformando vidas com educa\u00e7\u00e3o e oportunidades\u201d.\u2026","rel":"","context":"Em &quot;Curso&quot;","block_context":{"text":"Curso","link":"https:\/\/diariodegarca.com\/?cat=36947"},"img":{"alt_text":"","src":"https:\/\/i0.wp.com\/diariodegarca.com\/wp-content\/uploads\/2025\/08\/moto-personalizada-em-pe-na-oficina.jpg?fit=1200%2C800&ssl=1&resize=350%2C200","width":350,"height":200,"srcset":"https:\/\/i0.wp.com\/diariodegarca.com\/wp-content\/uploads\/2025\/08\/moto-personalizada-em-pe-na-oficina.jpg?fit=1200%2C800&ssl=1&resize=350%2C200 1x, https:\/\/i0.wp.com\/diariodegarca.com\/wp-content\/uploads\/2025\/08\/moto-personalizada-em-pe-na-oficina.jpg?fit=1200%2C800&ssl=1&resize=525%2C300 1.5x, https:\/\/i0.wp.com\/diariodegarca.com\/wp-content\/uploads\/2025\/08\/moto-personalizada-em-pe-na-oficina.jpg?fit=1200%2C800&ssl=1&resize=700%2C400 2x, https:\/\/i0.wp.com\/diariodegarca.com\/wp-content\/uploads\/2025\/08\/moto-personalizada-em-pe-na-oficina.jpg?fit=1200%2C800&ssl=1&resize=1050%2C600 3x"},"classes":[]}],"jetpack_featured_media_url":"https:\/\/i0.wp.com\/diariodegarca.com\/wp-content\/uploads\/2025\/11\/Oficina-de-bonecos-de-mamulengos_Vinicius-Andrade-credito_divulgacao-2-e1762806867976.jpg?fit=4032%2C2250&ssl=1","_links":{"self":[{"href":"https:\/\/diariodegarca.com\/index.php?rest_route=\/wp\/v2\/posts\/8633","targetHints":{"allow":["GET"]}}],"collection":[{"href":"https:\/\/diariodegarca.com\/index.php?rest_route=\/wp\/v2\/posts"}],"about":[{"href":"https:\/\/diariodegarca.com\/index.php?rest_route=\/wp\/v2\/types\/post"}],"author":[{"embeddable":true,"href":"https:\/\/diariodegarca.com\/index.php?rest_route=\/wp\/v2\/users\/260896548"}],"replies":[{"embeddable":true,"href":"https:\/\/diariodegarca.com\/index.php?rest_route=%2Fwp%2Fv2%2Fcomments&post=8633"}],"version-history":[{"count":5,"href":"https:\/\/diariodegarca.com\/index.php?rest_route=\/wp\/v2\/posts\/8633\/revisions"}],"predecessor-version":[{"id":8639,"href":"https:\/\/diariodegarca.com\/index.php?rest_route=\/wp\/v2\/posts\/8633\/revisions\/8639"}],"wp:featuredmedia":[{"embeddable":true,"href":"https:\/\/diariodegarca.com\/index.php?rest_route=\/wp\/v2\/media\/8638"}],"wp:attachment":[{"href":"https:\/\/diariodegarca.com\/index.php?rest_route=%2Fwp%2Fv2%2Fmedia&parent=8633"}],"wp:term":[{"taxonomy":"category","embeddable":true,"href":"https:\/\/diariodegarca.com\/index.php?rest_route=%2Fwp%2Fv2%2Fcategories&post=8633"},{"taxonomy":"post_tag","embeddable":true,"href":"https:\/\/diariodegarca.com\/index.php?rest_route=%2Fwp%2Fv2%2Ftags&post=8633"}],"curies":[{"name":"wp","href":"https:\/\/api.w.org\/{rel}","templated":true}]}}