{"id":8640,"date":"2025-11-11T10:56:02","date_gmt":"2025-11-11T13:56:02","guid":{"rendered":"https:\/\/diariodegarca.com\/?p=8640"},"modified":"2025-11-11T10:56:02","modified_gmt":"2025-11-11T13:56:02","slug":"camara-de-garca-debate-aumento-para-servidores-projetos-de-lei-e-seguranca-viaria","status":"publish","type":"post","link":"https:\/\/diariodegarca.com\/?p=8640","title":{"rendered":"C\u00e2mara de Gar\u00e7a debate aumento para servidores, projetos de lei e seguran\u00e7a vi\u00e1ria"},"content":{"rendered":"\n<p class=\"wp-block-paragraph\"><em>Requerimentos sobre vale-alimenta\u00e7\u00e3o natalino e uniformiza\u00e7\u00e3o de servidores dominaram os debates; projetos sobre autismo e doa\u00e7\u00e3o de animais avan\u00e7am, enquanto proposta sobre arboriza\u00e7\u00e3o urbana \u00e9 adiada.<\/em><\/p>\n\n\n\n<p class=\"wp-block-paragraph\">Em uma sess\u00e3o ordin\u00e1ria marcada por debates sobre benef\u00edcios aos servidores p\u00fablicos e propostas de interesse social, a C\u00e2mara Municipal de Gar\u00e7a aprovou a tramita\u00e7\u00e3o de novos projetos de lei e encaminhou v\u00e1rios requerimentos ao Poder Executivo. A 37\u00aa Sess\u00e3o Ordin\u00e1ria de 2025, presidida por Raquel Sartori (PL), tamb\u00e9m homenageou iniciativas comunit\u00e1rias e de discutiu sobre infraestrutura urbana.<\/p>\n\n\n\n<p class=\"wp-block-paragraph\"><strong>Projetos de Lei em tramita\u00e7\u00e3o<\/strong><br>Tr\u00eas novos projetos de lei foram admitidos para an\u00e1lise pelas comiss\u00f5es permanentes da Casa. De autoria do vereador Leandro Marinho (Novo), o\u00a0<strong>PL n\u00ba 89\/2025<\/strong>\u00a0prop\u00f5e a implementa\u00e7\u00e3o de triagem precoce para diagn\u00f3stico de Transtorno do Espectro Autista (TEA) e outras defici\u00eancias em crian\u00e7as no munic\u00edpio.<\/p>\n\n\n\n<p class=\"wp-block-paragraph\">J\u00e1 o\u00a0<strong>PL n\u00ba 90\/2025<\/strong>, do vereador Paulo Andr\u00e9 Faneco (Novo), visa criar uma central virtual para doa\u00e7\u00f5es de c\u00e3es e gatos nos canais oficiais do munic\u00edpio. O terceiro projeto,\u00a0<strong>PL n\u00ba 91\/2025<\/strong>, de autoria do Poder Executivo, busca autorizar a abertura de cr\u00e9dito especial no valor de R$ 14.034,12 para quitar obriga\u00e7\u00f5es municipais junto ao CIVAP (Cons\u00f3rcio Intermunicipal do Vale do Paranapanema).<\/p>\n\n\n\n<p class=\"wp-block-paragraph\"><strong>Vota\u00e7\u00e3o e adiamento<\/strong><br>Dois projetos de lei foram levados \u00e0 discuss\u00e3o e vota\u00e7\u00e3o. O\u00a0<strong>PL n\u00ba 83\/2025<\/strong>, tamb\u00e9m de Leandro, que altera o C\u00f3digo de Prote\u00e7\u00e3o ao Verde para tornar obrigat\u00f3rio o plantio e manuten\u00e7\u00e3o de \u00e1rvores em lotes urbanos, foi\u00a0<strong>adiado por tr\u00eas semanas<\/strong>\u00a0a pedido do pr\u00f3prio autor.<\/p>\n\n\n\n<p class=\"wp-block-paragraph\">Em contraste, o&nbsp;<strong>PL n\u00ba 85\/2025<\/strong>, de autoria da Mesa Diretora, que define o edif\u00edcio-sede da C\u00e2mara Municipal, foi&nbsp;<strong>aprovado por unanimidade<\/strong>.<\/p>\n\n\n\n<p class=\"wp-block-paragraph\"><strong>Benef\u00edcios aos Servidores<\/strong><br>O tema que mais gerou pronunciamentos foi a situa\u00e7\u00e3o dos servidores p\u00fablicos. O vereador\u00a0<strong>Marquinho Moreira (Republicanos)<\/strong>\u00a0foi o porta-voz das demandas, apresentando dois requerimentos espec\u00edficos.<\/p>\n\n\n\n<p class=\"wp-block-paragraph\">O\u00a0<strong>Requerimento 1320\/2025<\/strong>\u00a0questiona a Prefeitura sobre a possibilidade de conceder\u00a0<strong>aumento no vale-alimenta\u00e7\u00e3o de dezembro<\/strong>, popularmente conhecido como &#8220;vale natalino&#8221;. Ao justificar a solicita\u00e7\u00e3o, Marquinho citou o di\u00e1logo com os funcion\u00e1rios p\u00fablicos.\u00a0<em>&#8220;Os servidores come\u00e7am a procurar os vereadores, atrav\u00e9s do WhatsApp, pessoalmente, local. O servidor tem contato de todos, acredito que j\u00e1 deva estar procurando os vereadores perguntando a\u00ed do Vale Natalino&#8221;<\/em>.<\/p>\n\n\n\n<p class=\"wp-block-paragraph\">Ele tamb\u00e9m abordou o aumento recente do benef\u00edcio, mas defendeu que o valor atual ainda \u00e9 baixo.\u00a0<em>&#8220;R$ 600,00 eu vejo que o Vale Alimenta\u00e7\u00e3o, se tivesse atualizado l\u00e1 de tr\u00e1s, presidente, hoje era para estar no m\u00ednimo R$ 1.000,00. O Vale Alimenta\u00e7\u00e3o do servidor, que aumentaria muito o poder de compra&#8221;<\/em>. O vereador revelou que j\u00e1 conversou com o prefeito sobre o assunto e aguarda um posicionamento ap\u00f3s o fechamento das contas municipais.<\/p>\n\n\n\n<p class=\"wp-block-paragraph\">Em seguida, com o\u00a0<strong>Requerimento 1322\/2025<\/strong>, Marquinho solicitou informa\u00e7\u00f5es sobre a\u00a0<strong>distribui\u00e7\u00e3o de uniformes para os servidores municipais<\/strong>. Ele descreveu a situa\u00e7\u00e3o atual como problem\u00e1tica para os trabalhadores.\u00a0<em>&#8220;Encontrei o servidor e falei, &#8216;eu preciso comprar duas cal\u00e7as&#8217;. Comprar duas cal\u00e7as na loja, porque a\u00ed eu preciso trabalhar amanh\u00e3'&#8221;<\/em>. O parlamentar argumentou que a falta de uniformes sobrecarrega financeiramente o funcionalismo e pediu agilidade da administra\u00e7\u00e3o para resolver a quest\u00e3o.<\/p>\n\n\n\n<p class=\"wp-block-paragraph\"><strong>Infraestrutura urbana e seguran\u00e7a vi\u00e1ria<\/strong><br>Diversos vereadores apresentaram pedidos de melhorias para a cidade. <strong>Adhemar Kemp Marcondes de Moura (Republicanos)<\/strong> solicitou a\u00a0<strong>instala\u00e7\u00e3o de redutor de velocidade<\/strong> na rua Luiz Valsec\u00a0(Req. 1304\/2025) e reparos na pavimenta\u00e7\u00e3o da rua Deputada Manuel Joaquim Fernandes (Req. 1306\/2025).<\/p>\n\n\n\n<p class=\"wp-block-paragraph\"><strong>Verinha Venda Seca (DC)<\/strong> tamb\u00e9m ingressou com requerimento (1324\/2025) pedindo um <strong>redutor de velocidade<\/strong> na rua Pastor L\u00e1zaro Gomes Foz, no Jardim Frei Aur\u00e9lio. A seguran\u00e7a no tr\u00e2nsito foi ainda tema de Leandro, que solicitou a\u00a0<strong>instala\u00e7\u00e3o de um sem\u00e1foro<\/strong> no cruzamento da rua Santo Ant\u00f4nio com a Avenida Presidente Vargas\u00a0(Req. 1332\/2025) e de um <strong>redutor de velocidade<\/strong> pr\u00f3ximo \u00e0 rotat\u00f3ria da FAEF (Req. 1329\/2025), este \u00faltimo devido ao &#8220;grande fluxo de ve\u00edculos em alta velocidade&#8221;.<\/p>\n\n\n\n<p class=\"wp-block-paragraph\"><strong>Transpar\u00eancia na sa\u00fade<\/strong><br>A \u00e1rea da sa\u00fade foi alvo de questionamentos. Adhemar requisitou informa\u00e7\u00f5es sobre a\u00a0<strong>previs\u00e3o de instala\u00e7\u00e3o de um novo aparelho de raio-x na UPA<\/strong>\u00a0(Req. 1307\/2025). J\u00e1 o Sargento Neri (PL) pediu \u00e0 Prefeitura e \u00e0 AHBB (Associa\u00e7\u00e3o Hospitalar Beneficente do Brasil) que informem\u00a0<strong>os valores repassados \u00e0 entidade nos \u00faltimos tr\u00eas meses<\/strong>\u00a0referentes ao termo de colabora\u00e7\u00e3o (Req. 1327\/2025), buscando transpar\u00eancia nos repasses p\u00fablicos.<\/p>\n\n\n\n<p class=\"wp-block-paragraph\"><strong>A\u00e7\u00f5es comunit\u00e1rias<\/strong><br>Um dos momentos mais simb\u00f3licos da sess\u00e3o foi a entrega de um voto de congratula\u00e7\u00f5es e aplausos ao\u00a0<strong>Grupo Amigos do Off-Road de Gar\u00e7a<\/strong> e ao <strong>Jipe Clube de Mar\u00edlia<\/strong>. O requerimento (1323\/2025), de autoria de Paulo Andr\u00e9, reconheceu a realiza\u00e7\u00e3o de um evento beneficente em prol da APAE no dia 1\u00ba de novembro.<\/p>\n\n\n\n<p class=\"wp-block-paragraph\">Paulo destacou o car\u00e1ter solid\u00e1rio da iniciativa.\u00a0<em>&#8220;A a\u00e7\u00e3o conjunta dos dois grupos evidencia o poder transformador da uni\u00e3o entre esporte, lazer e responsabilidade social, deixando um exemplo de empatia, cidadania e envolvimento comunit\u00e1rio digno de reconhecimento p\u00fablico&#8221;<\/em>. Dirigindo-se aos organizadores presentes, completou:\u00a0<em>&#8220;Eu acho que a maior recompensa que voc\u00eas tiveram, sem d\u00favida, foi o sorriso das crian\u00e7as&#8221;<\/em>. A sess\u00e3o foi brevemente suspensa para a entrega simb\u00f3lica da mo\u00e7\u00e3o.<\/p>\n\n\n\n<p class=\"wp-block-paragraph\">Outras homenagens foram aprovadas, incluindo votos de aplausos para o professor Dudu e a Secretaria de Esportes pela conquista de um t\u00edtulo no futebol sub-10, para a equipe Resili\u00eancia Esportes, e para o senhor Yoslovis Rodrigues Bofill, pelos servi\u00e7os prestados na coordena\u00e7\u00e3o m\u00e9dica da UPA.<\/p>\n\n\n\n<p class=\"wp-block-paragraph\">Ap\u00f3s a leitura e aprova\u00e7\u00e3o global de todos os requerimentos, o vereador Lico (PP) utilizou o grande expediente para parabenizar as equipes &#8220;Sem Conflitos&#8221;, campe\u00e3, e &#8220;Inter de Milh\u00f5es&#8221;, vice-campe\u00e3, da final do Campeonato Su\u00ed\u00e7o Livre, encerrando os trabalhos da noite.<\/p>\n","protected":false},"excerpt":{"rendered":"<p>Requerimentos sobre vale-alimenta\u00e7\u00e3o natalino e uniformiza\u00e7\u00e3o de servidores dominaram os debates; projetos sobre autismo e doa\u00e7\u00e3o de animais avan\u00e7am, enquanto proposta sobre arboriza\u00e7\u00e3o urbana \u00e9 adiada. Em uma sess\u00e3o ordin\u00e1ria marcada por debates sobre benef\u00edcios aos servidores p\u00fablicos e propostas de interesse social, a C\u00e2mara Municipal de Gar\u00e7a aprovou a tramita\u00e7\u00e3o de novos projetos de [&hellip;]<\/p>\n","protected":false},"author":260896548,"featured_media":8425,"comment_status":"open","ping_status":"open","sticky":false,"template":"","format":"standard","meta":{"_crdt_document":"","_monsterinsights_skip_tracking":false,"_monsterinsights_sitenote_active":false,"_monsterinsights_sitenote_note":"","_monsterinsights_sitenote_category":0,"advanced_seo_description":"A C\u00e2mara Municipal de Gar\u00e7a aprovou novos projetos sociais e discutiu melhorias para os servidores em sua 37\u00aa Sess\u00e3o Ordin\u00e1ria de 2025.","jetpack_seo_html_title":"C\u00e2mara Municipal de Gar\u00e7a Debate Vale-Alimenta\u00e7\u00e3o e Projetos","jetpack_seo_noindex":false,"_jetpack_newsletter_access":"","_jetpack_dont_email_post_to_subs":false,"_jetpack_newsletter_tier_id":0,"_jetpack_memberships_contains_paywalled_content":false,"_jetpack_memberships_contains_paid_content":false,"footnotes":"","jetpack_publicize_message":"\ud83d\udccd C\u00e2mara de Gar\u00e7a debate aumento para servidores, projetos de lei e seguran\u00e7a vi\u00e1ria\n\nA C\u00e2mara de Gar\u00e7a teve uma sess\u00e3o movimentada nesta semana. Os principais destaques foram:\n\ud83d\udccb Novos Projetos: Avan\u00e7aram propostas para triagem precoce de autismo em crian\u00e7as e cria\u00e7\u00e3o de um site central para doa\u00e7\u00e3o de c\u00e3es e gatos.\n\ud83d\udcb0 Aumento para Servidores: Foi solicitado \u00e0 prefeitura um posicionamento sobre o aumento do vale-alimenta\u00e7\u00e3o de dezembro dos servidores municipais.\n\ud83d\udc55 Uniformiza\u00e7\u00e3o: Outro requerimento pede informa\u00e7\u00f5es sobre a distribui\u00e7\u00e3o de uniformes para os funcion\u00e1rios p\u00fablicos.\n\ud83d\udee3\ufe0f Tr\u00e2nsito e Infraestrutura: Diversos vereadores pediram melhorias, como redutores de velocidade em v\u00e1rias regi\u00f5es e a instala\u00e7\u00e3o de um sem\u00e1foro na rua Santo Ant\u00f4nio com a av. Presidente Vargas.\n\n\ud83d\udcd6 Leia a cobertura completa em: diariodegarca.com\n\n#C\u00e2maraMunicipal #Gar\u00e7a #Pol\u00edtica #Vereadores #ServidoresP\u00fablicos #APAE #Transito #Sa\u00fade","jetpack_publicize_feature_enabled":true,"jetpack_social_post_already_shared":false,"jetpack_social_options":{"image_generator_settings":{"template":"highway","default_image_id":0,"font":"","enabled":false},"version":2},"_wpas_customize_per_network":false,"jetpack_post_was_ever_published":false},"categories":[781171664,781171847],"tags":[],"class_list":["post-8640","post","type-post","status-publish","format-standard","has-post-thumbnail","hentry","category-garca-cidade","category-politica"],"jetpack_publicize_connections":[],"jetpack_featured_media_url":"https:\/\/i0.wp.com\/diariodegarca.com\/wp-content\/uploads\/2025\/11\/camara.jpg?fit=2048%2C1369&ssl=1","jetpack_likes_enabled":true,"jetpack_sharing_enabled":true,"jetpack_shortlink":"https:\/\/wp.me\/pgitne-2fm","jetpack-related-posts":[{"id":8239,"url":"https:\/\/diariodegarca.com\/?p=8239","url_meta":{"origin":8640,"position":0},"title":"Sess\u00e3o na C\u00e2mara de Gar\u00e7a tem debate acirrado sobre \u00e9tica e transporte p\u00fablico","author":"Di\u00e1rio de Gar\u00e7a","date":"30 de outubro de 2025","format":false,"excerpt":"Em meio a aprova\u00e7\u00f5es de projetos e indica\u00e7\u00f5es de melhorias urbanas, a 35\u00aa Sess\u00e3o Ordin\u00e1ria de 2025 foi marcada por um embate entre vereadores sobre alega\u00e7\u00f5es de cortesia m\u00e9dica e por discuss\u00f5es aprofundadas sobre o futuro do transporte p\u00fablico municipal. A 35\u00aa Sess\u00e3o Ordin\u00e1ria da C\u00e2mara Municipal de Gar\u00e7a, ocorrida\u2026","rel":"","context":"Em &quot;Gar\u00e7a&quot;","block_context":{"text":"Gar\u00e7a","link":"https:\/\/diariodegarca.com\/?cat=781171664"},"img":{"alt_text":"","src":"https:\/\/i0.wp.com\/diariodegarca.com\/wp-content\/uploads\/2025\/10\/camara.jpg?fit=1080%2C694&ssl=1&resize=350%2C200","width":350,"height":200,"srcset":"https:\/\/i0.wp.com\/diariodegarca.com\/wp-content\/uploads\/2025\/10\/camara.jpg?fit=1080%2C694&ssl=1&resize=350%2C200 1x, https:\/\/i0.wp.com\/diariodegarca.com\/wp-content\/uploads\/2025\/10\/camara.jpg?fit=1080%2C694&ssl=1&resize=525%2C300 1.5x, https:\/\/i0.wp.com\/diariodegarca.com\/wp-content\/uploads\/2025\/10\/camara.jpg?fit=1080%2C694&ssl=1&resize=700%2C400 2x, https:\/\/i0.wp.com\/diariodegarca.com\/wp-content\/uploads\/2025\/10\/camara.jpg?fit=1080%2C694&ssl=1&resize=1050%2C600 3x"},"classes":[]},{"id":8814,"url":"https:\/\/diariodegarca.com\/?p=8814","url_meta":{"origin":8640,"position":1},"title":"C\u00e2mara de Gar\u00e7a aprova doa\u00e7\u00f5es de terrenos para empresas e discute sa\u00fade p\u00fablica","author":"Andreza Sega","date":"18 de novembro de 2025","format":false,"excerpt":"Vereadores destinam \u00e1reas do Distrito Empresarial a empresas, aprovam cr\u00e9dito extra para o CIVAT e travam discuss\u00f5es sobre sa\u00fade p\u00fablica, seguran\u00e7a e investimentos conquistados para o munic\u00edpio. Em uma sess\u00e3o com todos os vereadores presentes, a C\u00e2mara Municipal de Gar\u00e7a realizou sua 38\u00aa Sess\u00e3o Ordin\u00e1ria de 2025. A pauta foi\u2026","rel":"","context":"Em &quot;Gar\u00e7a&quot;","block_context":{"text":"Gar\u00e7a","link":"https:\/\/diariodegarca.com\/?cat=781171664"},"img":{"alt_text":"","src":"https:\/\/i0.wp.com\/diariodegarca.com\/wp-content\/uploads\/2025\/11\/camara.jpg?fit=1200%2C802&ssl=1&resize=350%2C200","width":350,"height":200,"srcset":"https:\/\/i0.wp.com\/diariodegarca.com\/wp-content\/uploads\/2025\/11\/camara.jpg?fit=1200%2C802&ssl=1&resize=350%2C200 1x, https:\/\/i0.wp.com\/diariodegarca.com\/wp-content\/uploads\/2025\/11\/camara.jpg?fit=1200%2C802&ssl=1&resize=525%2C300 1.5x, https:\/\/i0.wp.com\/diariodegarca.com\/wp-content\/uploads\/2025\/11\/camara.jpg?fit=1200%2C802&ssl=1&resize=700%2C400 2x, https:\/\/i0.wp.com\/diariodegarca.com\/wp-content\/uploads\/2025\/11\/camara.jpg?fit=1200%2C802&ssl=1&resize=1050%2C600 3x"},"classes":[]},{"id":9316,"url":"https:\/\/diariodegarca.com\/?p=9316","url_meta":{"origin":8640,"position":2},"title":"Sa\u00fade, sal\u00e1rios e obras: C\u00e2mara de Gar\u00e7a aprovou s\u00e9rie de cobran\u00e7as ao Executivo na \u00faltima sess\u00e3o","author":"Andreza Sega","date":"4 de dezembro de 2025","format":false,"excerpt":"Sess\u00e3o ordin\u00e1ria aprovou 25 requerimentos que questionam atraso no pagamento de m\u00e9dicos, falta de profissional no CAPS, reajuste do vale alimenta\u00e7\u00e3o dos servidores e andamento de obras; Assuntos foram tratados antes do Grande Expediente, onde o foco foi o transporte p\u00fablico. A 40\u00aa Sess\u00e3o Ordin\u00e1ria da C\u00e2mara Municipal de Gar\u00e7a,\u2026","rel":"","context":"Em &quot;Gar\u00e7a&quot;","block_context":{"text":"Gar\u00e7a","link":"https:\/\/diariodegarca.com\/?cat=781171664"},"img":{"alt_text":"","src":"https:\/\/i0.wp.com\/diariodegarca.com\/wp-content\/uploads\/2025\/12\/25debb5b-1c3d-4d21-a1b3-2dbced9d835e-e1764848540974.png?fit=374%2C206&ssl=1&resize=350%2C200","width":350,"height":200},"classes":[]},{"id":8421,"url":"https:\/\/diariodegarca.com\/?p=8421","url_meta":{"origin":8640,"position":3},"title":"C\u00e2mara de Gar\u00e7a debate finan\u00e7as da educa\u00e7\u00e3o e aprova projetos em sess\u00e3o movimentada","author":"Andreza Sega","date":"4 de novembro de 2025","format":false,"excerpt":"Secret\u00e1ria da Fazenda presta contas sobre recursos do FUNDEB e alerta para a necessidade de complemento com verbas pr\u00f3prias; vereadores aprovam PEO e uma s\u00e9rie de requerimentos sobre transporte, seguran\u00e7a e melhorias urbanas. A 36\u00aa Sess\u00e3o Ordin\u00e1ria da C\u00e2mara Municipal de Gar\u00e7a, realizada no dia 3 de novembro, foi marcada\u2026","rel":"","context":"Em &quot;Gar\u00e7a&quot;","block_context":{"text":"Gar\u00e7a","link":"https:\/\/diariodegarca.com\/?cat=781171664"},"img":{"alt_text":"","src":"https:\/\/i0.wp.com\/diariodegarca.com\/wp-content\/uploads\/2025\/11\/camara.jpg?fit=1200%2C802&ssl=1&resize=350%2C200","width":350,"height":200,"srcset":"https:\/\/i0.wp.com\/diariodegarca.com\/wp-content\/uploads\/2025\/11\/camara.jpg?fit=1200%2C802&ssl=1&resize=350%2C200 1x, https:\/\/i0.wp.com\/diariodegarca.com\/wp-content\/uploads\/2025\/11\/camara.jpg?fit=1200%2C802&ssl=1&resize=525%2C300 1.5x, https:\/\/i0.wp.com\/diariodegarca.com\/wp-content\/uploads\/2025\/11\/camara.jpg?fit=1200%2C802&ssl=1&resize=700%2C400 2x, https:\/\/i0.wp.com\/diariodegarca.com\/wp-content\/uploads\/2025\/11\/camara.jpg?fit=1200%2C802&ssl=1&resize=1050%2C600 3x"},"classes":[]},{"id":9551,"url":"https:\/\/diariodegarca.com\/?p=9551","url_meta":{"origin":8640,"position":4},"title":"C\u00e2mara de Gar\u00e7a encerra ano com debates sobre \u00e1gua, reciclagem e \u00e9tica legislativa","author":"Andreza Sega","date":"16 de dezembro de 2025","format":false,"excerpt":"Em sess\u00e3o ordin\u00e1ria e extraordin\u00e1ria, vereadores aprovaram projetos de doa\u00e7\u00e3o de terrenos, melhorias ambientais e cr\u00e9dito para entidade assistencial, al\u00e9m de discutirem problemas cr\u00f4nicos de infraestrutura. A 42\u00aa Sess\u00e3o Ordin\u00e1ria da C\u00e2mara Municipal de Gar\u00e7a, realizada na \u00faltima segunda-feira, 15 de dezembro, marcou o encerramento dos trabalhos legislativos deste ano.\u2026","rel":"","context":"Em &quot;Gar\u00e7a&quot;","block_context":{"text":"Gar\u00e7a","link":"https:\/\/diariodegarca.com\/?cat=781171664"},"img":{"alt_text":"","src":"https:\/\/i0.wp.com\/diariodegarca.com\/wp-content\/uploads\/2025\/12\/camara-42.jpg?fit=687%2C349&ssl=1&resize=350%2C200","width":350,"height":200,"srcset":"https:\/\/i0.wp.com\/diariodegarca.com\/wp-content\/uploads\/2025\/12\/camara-42.jpg?fit=687%2C349&ssl=1&resize=350%2C200 1x, https:\/\/i0.wp.com\/diariodegarca.com\/wp-content\/uploads\/2025\/12\/camara-42.jpg?fit=687%2C349&ssl=1&resize=525%2C300 1.5x"},"classes":[]},{"id":9463,"url":"https:\/\/diariodegarca.com\/?p=9463","url_meta":{"origin":8640,"position":5},"title":"C\u00e2mara de Gar\u00e7a aprova pol\u00eamicos reajustes para servidores","author":"Andreza Sega","date":"10 de dezembro de 2025","format":false,"excerpt":"Em sess\u00e3o marcada por debates acalorados, vereadores chancelam aumento de 5% no vale-alimenta\u00e7\u00e3o e criam aux\u00edlio-sa\u00fade de R$ 630 para aposentados, ignorando parecer jur\u00eddico. Procurador da Casa \u00e9 alvo de cr\u00edticas e corregedor anuncia apura\u00e7\u00e3o. A 41\u00aa Sess\u00e3o Ordin\u00e1ria da C\u00e2mara Municipal de Gar\u00e7a, na noite de segunda-feira, 8 de\u2026","rel":"","context":"Em &quot;Gar\u00e7a&quot;","block_context":{"text":"Gar\u00e7a","link":"https:\/\/diariodegarca.com\/?cat=781171664"},"img":{"alt_text":"","src":"https:\/\/i0.wp.com\/diariodegarca.com\/wp-content\/uploads\/2025\/12\/bate-boca.jpg?fit=838%2C409&ssl=1&resize=350%2C200","width":350,"height":200,"srcset":"https:\/\/i0.wp.com\/diariodegarca.com\/wp-content\/uploads\/2025\/12\/bate-boca.jpg?fit=838%2C409&ssl=1&resize=350%2C200 1x, https:\/\/i0.wp.com\/diariodegarca.com\/wp-content\/uploads\/2025\/12\/bate-boca.jpg?fit=838%2C409&ssl=1&resize=525%2C300 1.5x, https:\/\/i0.wp.com\/diariodegarca.com\/wp-content\/uploads\/2025\/12\/bate-boca.jpg?fit=838%2C409&ssl=1&resize=700%2C400 2x"},"classes":[]}],"_links":{"self":[{"href":"https:\/\/diariodegarca.com\/index.php?rest_route=\/wp\/v2\/posts\/8640","targetHints":{"allow":["GET"]}}],"collection":[{"href":"https:\/\/diariodegarca.com\/index.php?rest_route=\/wp\/v2\/posts"}],"about":[{"href":"https:\/\/diariodegarca.com\/index.php?rest_route=\/wp\/v2\/types\/post"}],"author":[{"embeddable":true,"href":"https:\/\/diariodegarca.com\/index.php?rest_route=\/wp\/v2\/users\/260896548"}],"replies":[{"embeddable":true,"href":"https:\/\/diariodegarca.com\/index.php?rest_route=%2Fwp%2Fv2%2Fcomments&post=8640"}],"version-history":[{"count":2,"href":"https:\/\/diariodegarca.com\/index.php?rest_route=\/wp\/v2\/posts\/8640\/revisions"}],"predecessor-version":[{"id":8642,"href":"https:\/\/diariodegarca.com\/index.php?rest_route=\/wp\/v2\/posts\/8640\/revisions\/8642"}],"wp:featuredmedia":[{"embeddable":true,"href":"https:\/\/diariodegarca.com\/index.php?rest_route=\/wp\/v2\/media\/8425"}],"wp:attachment":[{"href":"https:\/\/diariodegarca.com\/index.php?rest_route=%2Fwp%2Fv2%2Fmedia&parent=8640"}],"wp:term":[{"taxonomy":"category","embeddable":true,"href":"https:\/\/diariodegarca.com\/index.php?rest_route=%2Fwp%2Fv2%2Fcategories&post=8640"},{"taxonomy":"post_tag","embeddable":true,"href":"https:\/\/diariodegarca.com\/index.php?rest_route=%2Fwp%2Fv2%2Ftags&post=8640"}],"curies":[{"name":"wp","href":"https:\/\/api.w.org\/{rel}","templated":true}]}}