{"id":8643,"date":"2025-11-11T14:03:53","date_gmt":"2025-11-11T17:03:53","guid":{"rendered":"https:\/\/diariodegarca.com\/?p=8643"},"modified":"2025-11-11T14:03:53","modified_gmt":"2025-11-11T17:03:53","slug":"apae-de-garca-abre-processo-seletivo-com-vagas-para-professor-psicologo-e-monitor","status":"publish","type":"post","link":"https:\/\/diariodegarca.com\/?p=8643","title":{"rendered":"APAE de Gar\u00e7a abre Processo Seletivo com vagas para professor, psic\u00f3logo e monitor"},"content":{"rendered":"\n<p class=\"wp-block-paragraph\"><em>Institui\u00e7\u00e3o busca profissionais qualificados e com perfil humanizado para compor sua equipe; curr\u00edculos devem ser entregues entre 12 e 14 de novembro.<\/em><\/p>\n\n\n\n<p class=\"wp-block-paragraph\">A APAE de Gar\u00e7a est\u00e1 com um Processo Seletivo aberto para preenchimento de tr\u00eas vagas em sua equipe. As oportunidades s\u00e3o para os cargos de <strong>Professor, Psic\u00f3logo e Monitor<\/strong>. Os interessados <strong>devem entregar seus curr\u00edculos presencialmente na sede da institui\u00e7\u00e3o<\/strong>, localizada na rua Tapaj\u00f3s, 213, no Bairro Cascata, <strong>nos dias 12, 13 e 14 de novembro, no hor\u00e1rio das 8h \u00e0s 11h e das 13h \u00e0s 16h<\/strong>.<\/p>\n\n\n\n<p class=\"wp-block-paragraph\">A institui\u00e7\u00e3o, que atua h\u00e1 anos na cidade prestando assist\u00eancia e promovendo a inclus\u00e3o de pessoas com defici\u00eancia, busca profissionais alinhados \u00e0 sua miss\u00e3o, valorizando n\u00e3o apenas a qualifica\u00e7\u00e3o t\u00e9cnica, mas tamb\u00e9m caracter\u00edsticas como empatia, pro atividade e trabalho em equipe.<\/p>\n\n\n\n<p class=\"wp-block-paragraph\">Confira os detalhes de cada vaga:<\/p>\n\n\n\n<p class=\"wp-block-paragraph\"><strong>Professor<\/strong><br>O candidato deve possuir Licenciatura em Pedagogia e P\u00f3s-gradua\u00e7\u00e3o em Educa\u00e7\u00e3o Especial com \u00eanfase em Defici\u00eancia Intelectual (D.I.) e M\u00faltiplas, sendo aceito o curso em andamento ou j\u00e1 conclu\u00eddo. Entre as habilidades comportamentais, a APAE busca por empatia, sensibilidade e pro atividade. A fun\u00e7\u00e3o exigir\u00e1 conhecimento em planejamento e adapta\u00e7\u00e3o de atividades pedag\u00f3gicas.<\/p>\n\n\n\n<p class=\"wp-block-paragraph\"><strong>Psic\u00f3logo<\/strong><br>Para esta vaga, \u00e9 exigida Gradua\u00e7\u00e3o completa em Psicologia com diploma reconhecido pelo MEC, al\u00e9m de registro profissional ativo no CRP. O profissional deve ter empatia, escuta ativa e boa comunica\u00e7\u00e3o, saber trabalhar em equipe, ter habilidades para o planejamento e elabora\u00e7\u00e3o de relat\u00f3rios e atuar na promo\u00e7\u00e3o de grupos de apoio.<\/p>\n\n\n\n<p class=\"wp-block-paragraph\"><strong>Monitor<\/strong><br>A vaga exige Ensino M\u00e9dio completo. Ter curso de Cuidador, em andamento ou conclu\u00eddo, ser\u00e1 considerado um diferencial. O perfil desejado inclui ser ativo, \u00e9tico, com boa comunica\u00e7\u00e3o, saber trabalhar em equipe e ser comprometido com as fun\u00e7\u00f5es.<\/p>\n\n\n\n<p class=\"wp-block-paragraph\">A APAE Gar\u00e7a refor\u00e7a que o processo seletivo \u00e9 uma oportunidade para profissionais que desejam atuar em um ambiente din\u00e2mico e com prop\u00f3sito, contribuindo diretamente para o desenvolvimento e bem-estar dos atendidos pela entidade.<\/p>\n","protected":false},"excerpt":{"rendered":"<p>Institui\u00e7\u00e3o busca profissionais qualificados e com perfil humanizado para compor sua equipe; curr\u00edculos devem ser entregues entre 12 e 14 de novembro. A APAE de Gar\u00e7a est\u00e1 com um Processo Seletivo aberto para preenchimento de tr\u00eas vagas em sua equipe. As oportunidades s\u00e3o para os cargos de Professor, Psic\u00f3logo e Monitor. Os interessados devem entregar [&hellip;]<\/p>\n","protected":false},"author":260896548,"featured_media":7419,"comment_status":"open","ping_status":"open","sticky":false,"template":"","format":"standard","meta":{"_crdt_document":"","_monsterinsights_skip_tracking":false,"_monsterinsights_sitenote_active":false,"_monsterinsights_sitenote_note":"","_monsterinsights_sitenote_category":0,"advanced_seo_description":"APAE Gar\u00e7a abre Processo Seletivo para Professor, Psic\u00f3logo e Monitor. Entregue seu curr\u00edculo de 12 a 14 de novembro e fa\u00e7a a diferen\u00e7a!","jetpack_seo_html_title":"APAE Gar\u00e7a abre vagas para professor, psic\u00f3logo e monitor","jetpack_seo_noindex":false,"_jetpack_newsletter_access":"","_jetpack_dont_email_post_to_subs":false,"_jetpack_newsletter_tier_id":0,"_jetpack_memberships_contains_paywalled_content":false,"_jetpack_memberships_contains_paid_content":false,"footnotes":"","jetpack_publicize_message":"A APAE de Gar\u00e7a est\u00e1 com sele\u00e7\u00e3o aberta\n\nA institui\u00e7\u00e3o busca profissionais para as vagas de:\n\u25b6\ufe0f Professor (com p\u00f3s em Educa\u00e7\u00e3o Especial)\n\u25b6\ufe0f Psic\u00f3logo (com CRP ativo)\n\u25b6\ufe0f Monitor (curso de cuidador \u00e9 diferencial)\n\nOs curr\u00edculos devem ser entregues de 12 a 14\/11, das 8h \u00e0s 11h e das 13h \u00e0s 16h, na institui\u00e7\u00e3o.\n\n\nA mat\u00e9ria completa est\u00e1 no site Di\u00e1rio de Gar\u00e7a!\n\ud83d\udc49 Leia mais em: diariodegarca.com\n\n#Apae #Gar\u00e7a #Vagas #Emprego #Professor #Psic\u00f3logo #Monitor #ProcessoSeletivo","jetpack_publicize_feature_enabled":true,"jetpack_social_post_already_shared":false,"jetpack_social_options":{"image_generator_settings":{"template":"highway","default_image_id":0,"font":"","enabled":false},"version":2},"_wpas_customize_per_network":false,"jetpack_post_was_ever_published":false},"categories":[781171664,1085867,496224],"tags":[],"class_list":["post-8643","post","type-post","status-publish","format-standard","has-post-thumbnail","hentry","category-garca-cidade","category-processo-seletivo","category-vagas"],"jetpack_publicize_connections":[],"jetpack_featured_media_url":"https:\/\/i0.wp.com\/diariodegarca.com\/wp-content\/uploads\/2025\/10\/concurso-jovem-encaracolada-segurando-documentos.jpg?fit=5760%2C3840&ssl=1","jetpack_likes_enabled":true,"jetpack_sharing_enabled":true,"jetpack_shortlink":"https:\/\/wp.me\/pgitne-2fp","jetpack-related-posts":[{"id":4862,"url":"https:\/\/diariodegarca.com\/?p=4862","url_meta":{"origin":8643,"position":0},"title":"APAE abre processo seletivo para professor com foco em Educa\u00e7\u00e3o Especial","author":"Di\u00e1rio de Gar\u00e7a","date":"20 de julho de 2025","format":false,"excerpt":"Inscri\u00e7\u00f5es ocorrem no dia 21 de julho; candidatos devem ter forma\u00e7\u00e3o em Pedagogia e p\u00f3s-gradua\u00e7\u00e3o em Educa\u00e7\u00e3o Inclusiva. A APAE Gar\u00e7a est\u00e1 com vagas abertas para professor(a) em seu quadro de colaboradores. O processo seletivo exige forma\u00e7\u00e3o espec\u00edfica e disponibilidade para atuar no turno da tarde, al\u00e9m de participa\u00e7\u00e3o em\u2026","rel":"","context":"Em &quot;Gar\u00e7a&quot;","block_context":{"text":"Gar\u00e7a","link":"https:\/\/diariodegarca.com\/?cat=781171664"},"img":{"alt_text":"","src":"https:\/\/i0.wp.com\/diariodegarca.com\/wp-content\/uploads\/2025\/07\/jovem-fazendo-terapia-da-fala-com-criancas.jpg?fit=1200%2C800&ssl=1&resize=350%2C200","width":350,"height":200,"srcset":"https:\/\/i0.wp.com\/diariodegarca.com\/wp-content\/uploads\/2025\/07\/jovem-fazendo-terapia-da-fala-com-criancas.jpg?fit=1200%2C800&ssl=1&resize=350%2C200 1x, https:\/\/i0.wp.com\/diariodegarca.com\/wp-content\/uploads\/2025\/07\/jovem-fazendo-terapia-da-fala-com-criancas.jpg?fit=1200%2C800&ssl=1&resize=525%2C300 1.5x, https:\/\/i0.wp.com\/diariodegarca.com\/wp-content\/uploads\/2025\/07\/jovem-fazendo-terapia-da-fala-com-criancas.jpg?fit=1200%2C800&ssl=1&resize=700%2C400 2x, https:\/\/i0.wp.com\/diariodegarca.com\/wp-content\/uploads\/2025\/07\/jovem-fazendo-terapia-da-fala-com-criancas.jpg?fit=1200%2C800&ssl=1&resize=1050%2C600 3x"},"classes":[]},{"id":3502,"url":"https:\/\/diariodegarca.com\/?p=3502","url_meta":{"origin":8643,"position":1},"title":"Patronato Juvenil Garcense abre inscri\u00e7\u00f5es para profissionais de nutri\u00e7\u00e3o e m\u00fasica","author":"Di\u00e1rio de Gar\u00e7a","date":"28 de maio de 2025","format":false,"excerpt":"Processo seletivo simplificado busca profissionais qualificados para atuar imediatamente; prazo para envio de curr\u00edculos vai at\u00e9 30 de maio. O Patronato Juvenil Garcense anunciou a abertura de mais dois processos seletivos simplificados para contrata\u00e7\u00e3o imediata. As vagas s\u00e3o para profissionais de\u00a0Nutri\u00e7\u00e3o\u00a0e\u00a0M\u00fasica, cada uma com requisitos espec\u00edficos. Os selecionados atuar\u00e3o em\u2026","rel":"","context":"Em &quot;Cultura&quot;","block_context":{"text":"Cultura","link":"https:\/\/diariodegarca.com\/?cat=2367"},"img":{"alt_text":"","src":"","width":0,"height":0},"classes":[]},{"id":6149,"url":"https:\/\/diariodegarca.com\/?p=6149","url_meta":{"origin":8643,"position":2},"title":"Maria Leonor abre processo seletivo para forma\u00e7\u00e3o de cadastro de reserva","author":"Di\u00e1rio de Gar\u00e7a","date":"28 de agosto de 2025","format":false,"excerpt":"Oportunidades s\u00e3o para Auxiliar de Limpeza, Pajem e Facilitadores de Oficinas de Dan\u00e7a, Futebol e Nata\u00e7\u00e3o; curr\u00edculos devem ser entregues presencialmente at\u00e9 sexta. A Diretoria da Associa\u00e7\u00e3o Brasileira das Franciscanas de Gar\u00e7a, por meio do Centro de Conviv\u00eancia Maria Leonor, divulgou a abertura do\u00a0Processo Seletivo 002\/2025. O objetivo principal \u00e9\u2026","rel":"","context":"Em &quot;Gar\u00e7a&quot;","block_context":{"text":"Gar\u00e7a","link":"https:\/\/diariodegarca.com\/?cat=781171664"},"img":{"alt_text":"","src":"https:\/\/i0.wp.com\/diariodegarca.com\/wp-content\/uploads\/2025\/08\/duas-colegiais-jogadoras-de-polo-aquatico-ouvindo-professora-ao-lado-da-piscina-divirta-se-brinque-e-mergulhe-em-uma-piscina-azul.jpg?fit=1200%2C800&ssl=1&resize=350%2C200","width":350,"height":200,"srcset":"https:\/\/i0.wp.com\/diariodegarca.com\/wp-content\/uploads\/2025\/08\/duas-colegiais-jogadoras-de-polo-aquatico-ouvindo-professora-ao-lado-da-piscina-divirta-se-brinque-e-mergulhe-em-uma-piscina-azul.jpg?fit=1200%2C800&ssl=1&resize=350%2C200 1x, https:\/\/i0.wp.com\/diariodegarca.com\/wp-content\/uploads\/2025\/08\/duas-colegiais-jogadoras-de-polo-aquatico-ouvindo-professora-ao-lado-da-piscina-divirta-se-brinque-e-mergulhe-em-uma-piscina-azul.jpg?fit=1200%2C800&ssl=1&resize=525%2C300 1.5x, https:\/\/i0.wp.com\/diariodegarca.com\/wp-content\/uploads\/2025\/08\/duas-colegiais-jogadoras-de-polo-aquatico-ouvindo-professora-ao-lado-da-piscina-divirta-se-brinque-e-mergulhe-em-uma-piscina-azul.jpg?fit=1200%2C800&ssl=1&resize=700%2C400 2x, https:\/\/i0.wp.com\/diariodegarca.com\/wp-content\/uploads\/2025\/08\/duas-colegiais-jogadoras-de-polo-aquatico-ouvindo-professora-ao-lado-da-piscina-divirta-se-brinque-e-mergulhe-em-uma-piscina-azul.jpg?fit=1200%2C800&ssl=1&resize=1050%2C600 3x"},"classes":[]},{"id":7659,"url":"https:\/\/diariodegarca.com\/?p=7659","url_meta":{"origin":8643,"position":3},"title":"Fatec Gar\u00e7a abre inscri\u00e7\u00f5es para professor de banco de dados em processo seletivo","author":"Andreza Sega","date":"14 de outubro de 2025","format":false,"excerpt":"Oportunidade \u00e9 para atuar como Professor de Laborat\u00f3rio; candidatos t\u00eam at\u00e9 23 de outubro para se inscreverem via site da institui\u00e7\u00e3o. A Fatec (Faculdade de Tecnologia) de Gar\u00e7a est\u00e1 com as inscri\u00e7\u00f5es abertas para um processo seletivo simplificado destinado \u00e0 contrata\u00e7\u00e3o de um Professor de Ensino Superior. A vaga \u00e9\u2026","rel":"","context":"Em &quot;Gar\u00e7a&quot;","block_context":{"text":"Gar\u00e7a","link":"https:\/\/diariodegarca.com\/?cat=781171664"},"img":{"alt_text":"","src":"https:\/\/i0.wp.com\/diariodegarca.com\/wp-content\/uploads\/2025\/10\/executivo-posando-no-escritorio-com-um-tablet-digital.jpg?fit=1200%2C801&ssl=1&resize=350%2C200","width":350,"height":200,"srcset":"https:\/\/i0.wp.com\/diariodegarca.com\/wp-content\/uploads\/2025\/10\/executivo-posando-no-escritorio-com-um-tablet-digital.jpg?fit=1200%2C801&ssl=1&resize=350%2C200 1x, https:\/\/i0.wp.com\/diariodegarca.com\/wp-content\/uploads\/2025\/10\/executivo-posando-no-escritorio-com-um-tablet-digital.jpg?fit=1200%2C801&ssl=1&resize=525%2C300 1.5x, https:\/\/i0.wp.com\/diariodegarca.com\/wp-content\/uploads\/2025\/10\/executivo-posando-no-escritorio-com-um-tablet-digital.jpg?fit=1200%2C801&ssl=1&resize=700%2C400 2x, https:\/\/i0.wp.com\/diariodegarca.com\/wp-content\/uploads\/2025\/10\/executivo-posando-no-escritorio-com-um-tablet-digital.jpg?fit=1200%2C801&ssl=1&resize=1050%2C600 3x"},"classes":[]},{"id":9822,"url":"https:\/\/diariodegarca.com\/?p=9822","url_meta":{"origin":8643,"position":4},"title":"Maria Leonor abre sele\u00e7\u00e3o para Professor de Educa\u00e7\u00e3o B\u00e1sica em Gar\u00e7a","author":"Di\u00e1rio de Gar\u00e7a","date":"6 de janeiro de 2026","format":false,"excerpt":"Processo Seletivo 001\/2026 recebe curr\u00edculos nos dias 7 e 9 de janeiro; candidatos devem ter licenciatura em Pedagogia e disponibilidade para carga hor\u00e1ria de 25 horas semanais. O Centro de Conviv\u00eancia Maria Leonor, administrado pela Associa\u00e7\u00e3o Brasileira das Franciscanas de Gar\u00e7a, divulgou edital para o Processo Seletivo 001\/2026, visando a\u2026","rel":"","context":"Em &quot;Educa\u00e7\u00e3o&quot;","block_context":{"text":"Educa\u00e7\u00e3o","link":"https:\/\/diariodegarca.com\/?cat=17964"},"img":{"alt_text":"","src":"https:\/\/i0.wp.com\/diariodegarca.com\/wp-content\/uploads\/2026\/01\/Centro-de-Convivencia-Maria-Leonor-e1767734573755.jpg?fit=518%2C370&ssl=1&resize=350%2C200","width":350,"height":200},"classes":[]},{"id":3558,"url":"https:\/\/diariodegarca.com\/?p=3558","url_meta":{"origin":8643,"position":5},"title":"Prefeitura de Vera Cruz abre inscri\u00e7\u00f5es para processo seletivo de estagi\u00e1rios","author":"Di\u00e1rio de Gar\u00e7a","date":"29 de maio de 2025","format":false,"excerpt":"Cadastro reserva oferece oportunidades em 14 cursos de n\u00edvel superior e t\u00e9cnico; bolsas variam de R$ 540 a R$ 650 mensais. A\u00a0Prefeitura do Munic\u00edpio de Vera Cruz-SP, em parceria com o\u00a0CIEE (Centro de Integra\u00e7\u00e3o Empresa-Escola), divulgou o\u00a0Edital n\u00ba 01\/2025\u00a0para forma\u00e7\u00e3o de cadastro reserva de estagi\u00e1rios. As inscri\u00e7\u00f5es est\u00e3o abertas de\u00a027\u2026","rel":"","context":"Em &quot;Est\u00e1gio&quot;","block_context":{"text":"Est\u00e1gio","link":"https:\/\/diariodegarca.com\/?cat=64915"},"img":{"alt_text":"","src":"","width":0,"height":0},"classes":[]}],"_links":{"self":[{"href":"https:\/\/diariodegarca.com\/index.php?rest_route=\/wp\/v2\/posts\/8643","targetHints":{"allow":["GET"]}}],"collection":[{"href":"https:\/\/diariodegarca.com\/index.php?rest_route=\/wp\/v2\/posts"}],"about":[{"href":"https:\/\/diariodegarca.com\/index.php?rest_route=\/wp\/v2\/types\/post"}],"author":[{"embeddable":true,"href":"https:\/\/diariodegarca.com\/index.php?rest_route=\/wp\/v2\/users\/260896548"}],"replies":[{"embeddable":true,"href":"https:\/\/diariodegarca.com\/index.php?rest_route=%2Fwp%2Fv2%2Fcomments&post=8643"}],"version-history":[{"count":2,"href":"https:\/\/diariodegarca.com\/index.php?rest_route=\/wp\/v2\/posts\/8643\/revisions"}],"predecessor-version":[{"id":8645,"href":"https:\/\/diariodegarca.com\/index.php?rest_route=\/wp\/v2\/posts\/8643\/revisions\/8645"}],"wp:featuredmedia":[{"embeddable":true,"href":"https:\/\/diariodegarca.com\/index.php?rest_route=\/wp\/v2\/media\/7419"}],"wp:attachment":[{"href":"https:\/\/diariodegarca.com\/index.php?rest_route=%2Fwp%2Fv2%2Fmedia&parent=8643"}],"wp:term":[{"taxonomy":"category","embeddable":true,"href":"https:\/\/diariodegarca.com\/index.php?rest_route=%2Fwp%2Fv2%2Fcategories&post=8643"},{"taxonomy":"post_tag","embeddable":true,"href":"https:\/\/diariodegarca.com\/index.php?rest_route=%2Fwp%2Fv2%2Ftags&post=8643"}],"curies":[{"name":"wp","href":"https:\/\/api.w.org\/{rel}","templated":true}]}}