{"id":8661,"date":"2025-11-11T17:34:09","date_gmt":"2025-11-11T20:34:09","guid":{"rendered":"https:\/\/diariodegarca.com\/?p=8661"},"modified":"2025-11-11T17:34:09","modified_gmt":"2025-11-11T20:34:09","slug":"tentativa-de-furto-em-comercio-de-marilia-termina-com-prisao-em-flagrante","status":"publish","type":"post","link":"https:\/\/diariodegarca.com\/?p=8661","title":{"rendered":"Tentativa de furto em com\u00e9rcio de Mar\u00edlia termina com pris\u00e3o em flagrante"},"content":{"rendered":"\n<p class=\"wp-block-paragraph\"><em>Propriet\u00e1rio flagrou a\u00e7\u00e3o criminosa; policiais chegaram rapidamente e prenderam suspeito com objetos furtados no bairro Palmital.<\/em><\/p>\n\n\n\n<p class=\"wp-block-paragraph\">Na manh\u00e3 desta ter\u00e7a-feira, 11 de novembro, por volta das 10h20, um homem foi preso em flagrante ap\u00f3s tentar furtar itens de um estabelecimento comercial no bairro Palmital, em Mar\u00edlia. A a\u00e7\u00e3o r\u00e1pida do Radiopatrulhamento da Pol\u00edcia Militar impediu que o crime fosse consumado.<\/p>\n\n\n\n<p class=\"wp-block-paragraph\">De acordo com as informa\u00e7\u00f5es, os policiais foram acionados para atender a uma ocorr\u00eancia em andamento. Ao chegarem ao local, o propriet\u00e1rio do com\u00e9rcio informou que o criminoso ainda estava dentro do im\u00f3vel. Imediatamente, as equipes montaram um cerco no quarteir\u00e3o e conseguiram capturar o indiv\u00edduo, que estava de posse de um aspirador de p\u00f3, um aparelho de DVD e uma c\u00e2mera de monitoramento, pertencentes \u00e0 v\u00edtima.<\/p>\n\n\n\n<p class=\"wp-block-paragraph\">O suspeito foi conduzido \u00e0 Central de Pol\u00edcia Judici\u00e1ria de Mar\u00edlia, onde a ocorr\u00eancia foi registrada. Ele permaneceu preso, aguardando a realiza\u00e7\u00e3o de audi\u00eancia de cust\u00f3dia para definir sua situa\u00e7\u00e3o legal.<\/p>\n","protected":false},"excerpt":{"rendered":"<p>Propriet\u00e1rio flagrou a\u00e7\u00e3o criminosa; policiais chegaram rapidamente e prenderam suspeito com objetos furtados no bairro Palmital. Na manh\u00e3 desta ter\u00e7a-feira, 11 de novembro, por volta das 10h20, um homem foi preso em flagrante ap\u00f3s tentar furtar itens de um estabelecimento comercial no bairro Palmital, em Mar\u00edlia. A a\u00e7\u00e3o r\u00e1pida do Radiopatrulhamento da Pol\u00edcia Militar impediu [&hellip;]<\/p>\n","protected":false},"author":260896548,"featured_media":8662,"comment_status":"open","ping_status":"open","sticky":false,"template":"","format":"standard","meta":{"_crdt_document":"","_monsterinsights_skip_tracking":false,"_monsterinsights_sitenote_active":false,"_monsterinsights_sitenote_note":"","_monsterinsights_sitenote_category":0,"advanced_seo_description":"Homem \u00e9 preso em flagrante ap\u00f3s tentativa de furto em Mar\u00edlia. A\u00e7\u00e3o r\u00e1pida da Pol\u00edcia Militar evita crime no bairro Palmital.","jetpack_seo_html_title":"Homem preso em flagrante por furto em com\u00e9rcio em Mar\u00edlia","jetpack_seo_noindex":false,"_jetpack_newsletter_access":"","_jetpack_dont_email_post_to_subs":false,"_jetpack_newsletter_tier_id":0,"_jetpack_memberships_contains_paywalled_content":false,"_jetpack_memberships_contains_paid_content":false,"footnotes":"","jetpack_publicize_message":"Na manh\u00e3 desta ter\u00e7a (11\/11), a Pol\u00edcia Militar prendeu um homem por tentativa de furto a um com\u00e9rcio no bairro Palmital, em Mar\u00edlia. O suspeito foi flagrado no local com objetos como aspirador de p\u00f3, aparelho de DVD e c\u00e2mera de monitoramento. A a\u00e7\u00e3o r\u00e1pida das equipes evitou o crime e o autor foi encaminhado para a Central de Pol\u00edcia Judici\u00e1ria, onde aguardou audi\u00eancia de cust\u00f3dia.\n\n\ud83d\udcd6 Leia a mat\u00e9ria completa em: diariodegarca.com\n\n#Seguran\u00e7aP\u00fablica #CombateAoCrime #Pris\u00e3oEmFlagrante #Mar\u00edlia #Not\u00edciasDeMar\u00edlia #A\u00e7\u00e3oPolicial #Radiopatrulhamento","jetpack_publicize_feature_enabled":true,"jetpack_social_post_already_shared":false,"jetpack_social_options":{"image_generator_settings":{"template":"highway","default_image_id":0,"font":"","enabled":false},"version":2},"_wpas_customize_per_network":false,"jetpack_post_was_ever_published":false},"categories":[683453294,21243],"tags":[],"class_list":["post-8661","post","type-post","status-publish","format-standard","has-post-thumbnail","hentry","category-marilia-cidade","category-seguranca"],"jetpack_publicize_connections":[],"jetpack_featured_media_url":"https:\/\/i0.wp.com\/diariodegarca.com\/wp-content\/uploads\/2025\/11\/WhatsApp-Image-2025-11-11-at-16.51.19.jpeg?fit=733%2C814&ssl=1","jetpack_likes_enabled":true,"jetpack_sharing_enabled":true,"jetpack_shortlink":"https:\/\/wp.me\/pgitne-2fH","jetpack-related-posts":[{"id":6542,"url":"https:\/\/diariodegarca.com\/?p=6542","url_meta":{"origin":8661,"position":0},"title":"Dois s\u00e3o presos em flagrante por furto de fios de cobre no Salgado Filho, em Mar\u00edlia","author":"Di\u00e1rio de Gar\u00e7a","date":"9 de setembro de 2025","format":false,"excerpt":"A\u00e7\u00e3o da Radiopatrulha ocorreu nesta madrugada, ap\u00f3s den\u00fancia an\u00f4nima; suspeitos j\u00e1 tinham passagem pela pol\u00edcia. Na madrugada desta ter\u00e7a-feira, 9 de setembro, uma a\u00e7\u00e3o de rotina da Radiopatrulha resultou na pris\u00e3o em flagrante de dois homens por furto de fios de cobre no bairro Salgado Filho, em Mar\u00edlia. O desfecho\u2026","rel":"","context":"Em &quot;Mar\u00edlia&quot;","block_context":{"text":"Mar\u00edlia","link":"https:\/\/diariodegarca.com\/?cat=683453294"},"img":{"alt_text":"","src":"https:\/\/i0.wp.com\/diariodegarca.com\/wp-content\/uploads\/2025\/09\/5c32aae3-3f4b-4eb3-a0a9-041b8e0c7acb.jpg?fit=675%2C1200&ssl=1&resize=350%2C200","width":350,"height":200,"srcset":"https:\/\/i0.wp.com\/diariodegarca.com\/wp-content\/uploads\/2025\/09\/5c32aae3-3f4b-4eb3-a0a9-041b8e0c7acb.jpg?fit=675%2C1200&ssl=1&resize=350%2C200 1x, https:\/\/i0.wp.com\/diariodegarca.com\/wp-content\/uploads\/2025\/09\/5c32aae3-3f4b-4eb3-a0a9-041b8e0c7acb.jpg?fit=675%2C1200&ssl=1&resize=525%2C300 1.5x"},"classes":[]},{"id":7319,"url":"https:\/\/diariodegarca.com\/?p=7319","url_meta":{"origin":8661,"position":1},"title":"Dupla \u00e9 presa em flagrante ao furtar fios de com\u00e9rcio em Mar\u00edlia","author":"Andreza Sega","date":"30 de setembro de 2025","format":false,"excerpt":"Criminosos foram surpreendidos pela Pol\u00edcia na Avenida da Saudade carregando os fios de energia que haviam cortado do estabelecimento. Na noite de segunda-feira, 29 de setembro, uma a\u00e7\u00e3o r\u00e1pida do Radiopatrulhamento resultou na pris\u00e3o em flagrante de dois homens por furto de fios de energia. O crime ocorria em um\u2026","rel":"","context":"Em &quot;Mar\u00edlia&quot;","block_context":{"text":"Mar\u00edlia","link":"https:\/\/diariodegarca.com\/?cat=683453294"},"img":{"alt_text":"","src":"https:\/\/i0.wp.com\/diariodegarca.com\/wp-content\/uploads\/2025\/09\/SnapInsta.to_557284503_18317962429246526_8846112243355305333_n.jpg?fit=899%2C1124&ssl=1&resize=350%2C200","width":350,"height":200,"srcset":"https:\/\/i0.wp.com\/diariodegarca.com\/wp-content\/uploads\/2025\/09\/SnapInsta.to_557284503_18317962429246526_8846112243355305333_n.jpg?fit=899%2C1124&ssl=1&resize=350%2C200 1x, https:\/\/i0.wp.com\/diariodegarca.com\/wp-content\/uploads\/2025\/09\/SnapInsta.to_557284503_18317962429246526_8846112243355305333_n.jpg?fit=899%2C1124&ssl=1&resize=525%2C300 1.5x, https:\/\/i0.wp.com\/diariodegarca.com\/wp-content\/uploads\/2025\/09\/SnapInsta.to_557284503_18317962429246526_8846112243355305333_n.jpg?fit=899%2C1124&ssl=1&resize=700%2C400 2x"},"classes":[]},{"id":10055,"url":"https:\/\/diariodegarca.com\/?p=10055","url_meta":{"origin":8661,"position":2},"title":"Monitoramento leva \u00e0 pris\u00e3o de suspeito de furtos em s\u00e9rie em Gar\u00e7a","author":"Di\u00e1rio de Gar\u00e7a","date":"13 de janeiro de 2026","format":false,"excerpt":"Homem foi preso em flagrante ap\u00f3s furto em padaria e confessou s\u00e9rie de crimes na cidade, incluindo roubos a estabelecimentos, \u00f3rg\u00e3o p\u00fablico e resid\u00eancias. Na madrugada desta ter\u00e7a-feira, 13 de janeiro, um homem foi preso em flagrante pela Pol\u00edcia Militar, suspeito de cometer uma s\u00e9rie de furtos em Gar\u00e7a. A\u2026","rel":"","context":"Em &quot;Gar\u00e7a&quot;","block_context":{"text":"Gar\u00e7a","link":"https:\/\/diariodegarca.com\/?cat=781171664"},"img":{"alt_text":"","src":"https:\/\/i0.wp.com\/diariodegarca.com\/wp-content\/uploads\/2026\/01\/SnapInsta.to_561908263_18319438843246526_1816024880825141096_n-e1761515366631.jpg?fit=1080%2C716&ssl=1&resize=350%2C200","width":350,"height":200,"srcset":"https:\/\/i0.wp.com\/diariodegarca.com\/wp-content\/uploads\/2026\/01\/SnapInsta.to_561908263_18319438843246526_1816024880825141096_n-e1761515366631.jpg?fit=1080%2C716&ssl=1&resize=350%2C200 1x, https:\/\/i0.wp.com\/diariodegarca.com\/wp-content\/uploads\/2026\/01\/SnapInsta.to_561908263_18319438843246526_1816024880825141096_n-e1761515366631.jpg?fit=1080%2C716&ssl=1&resize=525%2C300 1.5x, https:\/\/i0.wp.com\/diariodegarca.com\/wp-content\/uploads\/2026\/01\/SnapInsta.to_561908263_18319438843246526_1816024880825141096_n-e1761515366631.jpg?fit=1080%2C716&ssl=1&resize=700%2C400 2x, https:\/\/i0.wp.com\/diariodegarca.com\/wp-content\/uploads\/2026\/01\/SnapInsta.to_561908263_18319438843246526_1816024880825141096_n-e1761515366631.jpg?fit=1080%2C716&ssl=1&resize=1050%2C600 3x"},"classes":[]},{"id":4159,"url":"https:\/\/diariodegarca.com\/?p=4159","url_meta":{"origin":8661,"position":3},"title":"A\u00e7\u00f5es policiais prendem suspeitos por roubo, furto e tr\u00e1fico em cidades da regi\u00e3o","author":"Di\u00e1rio de Gar\u00e7a","date":"23 de junho de 2025","format":false,"excerpt":"Em opera\u00e7\u00f5es realizadas no fim de semana, policiais militares do 9\u00ba Batalh\u00e3o do Interior prenderam criminosos em flagrante em Mar\u00edlia, Pomp\u00e9ia e Tup\u00e3; drogas, ve\u00edculo furtado e objetos roubados foram apreendidos. No \u00faltimo fim de semana, o\u00a09\u00ba Batalh\u00e3o de Pol\u00edcia Militar do Interior\u00a0registrou ocorr\u00eancias em diferentes cidades da regi\u00e3o, resultando\u2026","rel":"","context":"Em &quot;Mar\u00edlia&quot;","block_context":{"text":"Mar\u00edlia","link":"https:\/\/diariodegarca.com\/?cat=683453294"},"img":{"alt_text":"","src":"https:\/\/i0.wp.com\/diariodegarca.com\/wp-content\/uploads\/2025\/06\/503566608_18306010942246526_8008225824564545424_n-e1764161649475.webp?fit=1080%2C733&ssl=1&resize=350%2C200","width":350,"height":200,"srcset":"https:\/\/i0.wp.com\/diariodegarca.com\/wp-content\/uploads\/2025\/06\/503566608_18306010942246526_8008225824564545424_n-e1764161649475.webp?fit=1080%2C733&ssl=1&resize=350%2C200 1x, https:\/\/i0.wp.com\/diariodegarca.com\/wp-content\/uploads\/2025\/06\/503566608_18306010942246526_8008225824564545424_n-e1764161649475.webp?fit=1080%2C733&ssl=1&resize=525%2C300 1.5x, https:\/\/i0.wp.com\/diariodegarca.com\/wp-content\/uploads\/2025\/06\/503566608_18306010942246526_8008225824564545424_n-e1764161649475.webp?fit=1080%2C733&ssl=1&resize=700%2C400 2x, https:\/\/i0.wp.com\/diariodegarca.com\/wp-content\/uploads\/2025\/06\/503566608_18306010942246526_8008225824564545424_n-e1764161649475.webp?fit=1080%2C733&ssl=1&resize=1050%2C600 3x"},"classes":[]},{"id":2455,"url":"https:\/\/diariodegarca.com\/?p=2455","url_meta":{"origin":8661,"position":4},"title":"Homem \u00e9 preso em flagrante por furto de ve\u00edculo em Mar\u00edlia","author":"Di\u00e1rio de Gar\u00e7a","date":"6 de abril de 2025","format":false,"excerpt":"Na noite de s\u00e1bado, dia 5 de abril, equipes do Radiopatrulhamento do 9\u00ba Batalh\u00e3o de Pol\u00edcia Militar do Interior prenderam em flagrante um homem acusado de furtar um ve\u00edculo em Mar\u00edlia. O carro foi recuperado e devolvido ao propriet\u00e1rio horas ap\u00f3s o crime.\u00a0\u00a0O caso ocorreu por volta das 22h, ap\u00f3s\u2026","rel":"","context":"Em &quot;Brasil&quot;","block_context":{"text":"Brasil","link":"https:\/\/diariodegarca.com\/?cat=38185"},"img":{"alt_text":"","src":"","width":0,"height":0},"classes":[]},{"id":6562,"url":"https:\/\/diariodegarca.com\/?p=6562","url_meta":{"origin":8661,"position":5},"title":"Trio \u00e9 flagrado tentando furtar baterias de empresa em \u00c1lvaro de Carvalho","author":"Di\u00e1rio de Gar\u00e7a","date":"10 de setembro de 2025","format":false,"excerpt":"A\u00e7\u00e3o policial se baseou em informa\u00e7\u00f5es e imagens do momento da tentativa de crime. Ve\u00edculo utilizado e um dos suspeitos foram conduzidos \u00e0 delegacia. Um flagrante de tentativa de furto foi registrado na madrugada desta quarta-feira, 10 de setembro, pela Pol\u00edcia Militar, resultando na pris\u00e3o de um homem. O caso\u2026","rel":"","context":"Em &quot;\u00c1lvaro de Carvalho&quot;","block_context":{"text":"\u00c1lvaro de Carvalho","link":"https:\/\/diariodegarca.com\/?cat=29815376"},"img":{"alt_text":"","src":"https:\/\/i0.wp.com\/diariodegarca.com\/wp-content\/uploads\/2025\/09\/a4af1d2b-50b4-4602-aaf2-fd670822d499.jpg?fit=900%2C1200&ssl=1&resize=350%2C200","width":350,"height":200,"srcset":"https:\/\/i0.wp.com\/diariodegarca.com\/wp-content\/uploads\/2025\/09\/a4af1d2b-50b4-4602-aaf2-fd670822d499.jpg?fit=900%2C1200&ssl=1&resize=350%2C200 1x, https:\/\/i0.wp.com\/diariodegarca.com\/wp-content\/uploads\/2025\/09\/a4af1d2b-50b4-4602-aaf2-fd670822d499.jpg?fit=900%2C1200&ssl=1&resize=525%2C300 1.5x, https:\/\/i0.wp.com\/diariodegarca.com\/wp-content\/uploads\/2025\/09\/a4af1d2b-50b4-4602-aaf2-fd670822d499.jpg?fit=900%2C1200&ssl=1&resize=700%2C400 2x"},"classes":[]}],"_links":{"self":[{"href":"https:\/\/diariodegarca.com\/index.php?rest_route=\/wp\/v2\/posts\/8661","targetHints":{"allow":["GET"]}}],"collection":[{"href":"https:\/\/diariodegarca.com\/index.php?rest_route=\/wp\/v2\/posts"}],"about":[{"href":"https:\/\/diariodegarca.com\/index.php?rest_route=\/wp\/v2\/types\/post"}],"author":[{"embeddable":true,"href":"https:\/\/diariodegarca.com\/index.php?rest_route=\/wp\/v2\/users\/260896548"}],"replies":[{"embeddable":true,"href":"https:\/\/diariodegarca.com\/index.php?rest_route=%2Fwp%2Fv2%2Fcomments&post=8661"}],"version-history":[{"count":2,"href":"https:\/\/diariodegarca.com\/index.php?rest_route=\/wp\/v2\/posts\/8661\/revisions"}],"predecessor-version":[{"id":8664,"href":"https:\/\/diariodegarca.com\/index.php?rest_route=\/wp\/v2\/posts\/8661\/revisions\/8664"}],"wp:featuredmedia":[{"embeddable":true,"href":"https:\/\/diariodegarca.com\/index.php?rest_route=\/wp\/v2\/media\/8662"}],"wp:attachment":[{"href":"https:\/\/diariodegarca.com\/index.php?rest_route=%2Fwp%2Fv2%2Fmedia&parent=8661"}],"wp:term":[{"taxonomy":"category","embeddable":true,"href":"https:\/\/diariodegarca.com\/index.php?rest_route=%2Fwp%2Fv2%2Fcategories&post=8661"},{"taxonomy":"post_tag","embeddable":true,"href":"https:\/\/diariodegarca.com\/index.php?rest_route=%2Fwp%2Fv2%2Ftags&post=8661"}],"curies":[{"name":"wp","href":"https:\/\/api.w.org\/{rel}","templated":true}]}}