{"id":8743,"date":"2025-11-14T11:45:45","date_gmt":"2025-11-14T14:45:45","guid":{"rendered":"https:\/\/diariodegarca.com\/?p=8743"},"modified":"2025-11-14T11:45:45","modified_gmt":"2025-11-14T14:45:45","slug":"alem-da-consciencia-ecologica-em-fernao-sustentabilidade-gera-economia-no-iptu","status":"publish","type":"post","link":"https:\/\/diariodegarca.com\/?p=8743","title":{"rendered":"Al\u00e9m da consci\u00eancia ecol\u00f3gica: em Fern\u00e3o, sustentabilidade gera economia no IPTU"},"content":{"rendered":"\n<p class=\"wp-block-paragraph\"><em>Programa &#8220;IPTU Verde&#8221; transforma pr\u00e1ticas ambientais em desconto direto no imposto; moradores que adotam medidas como reuso de \u00e1gua e energia solar podem reduzir em at\u00e9 25% o valor a pagar. Prazo para solicitar o benef\u00edcio em 2025 termina em 23 de dezembro.<\/em><\/p>\n\n\n\n<p class=\"wp-block-paragraph\">O engajamento nas causas ambientais \u00e9 uma necessidade geral. Diminuir o descarte de res\u00edduos e incentivar medidas que economizem \u00e1gua \u00e9 preciso. Mais do que falar na necessidade de cuidar de nosso planeta, a cidade de Fern\u00e3o tem adotado medidas que fazem com que a popula\u00e7\u00e3o queira aderir a uma mentalidade ecol\u00f3gica visando um benef\u00edcio direto: desconto no IPTU.<\/p>\n\n\n\n<p class=\"wp-block-paragraph\">Institu\u00edda em 2018, a\u00a0<strong><a href=\"https:\/\/www.fernao.sp.gov.br\/legislacao\/download-lei\/1197\/\" data-type=\"link\" data-id=\"https:\/\/www.fernao.sp.gov.br\/legislacao\/download-lei\/1197\/\">Lei n\u00ba 925<\/a><\/strong>\u00a0cria o programa\u00a0<strong>\u201c<a href=\"https:\/\/www.fernao.sp.gov.br\/legislacao\/download-lei\/1197\/\" data-type=\"link\" data-id=\"https:\/\/www.fernao.sp.gov.br\/legislacao\/download-lei\/1197\/\">IPTU Verde<\/a>\u201d<\/strong>, trazendo vantagens concretas aos moradores que se tornam aliados do meio ambiente. Por\u00e9m, os fern\u00e3onses devem ficar atentos: o prazo para garantir o desconto no pr\u00f3ximo ano vence no dia\u00a0<strong>23 de dezembro<\/strong>, podendo significar uma redu\u00e7\u00e3o de at\u00e9\u00a0<strong>25%<\/strong>\u00a0no valor do imposto.<\/p>\n\n\n\n<p class=\"wp-block-paragraph\"><strong>Da capta\u00e7\u00e3o de chuva ao lixo recicl\u00e1vel: o que vale desconto?<\/strong><\/p>\n\n\n\n<p class=\"wp-block-paragraph\">O programa listar as a\u00e7\u00f5es sustent\u00e1veis que s\u00e3o recompensadas. Os descontos s\u00e3o cumulativos, ou seja, somam-se \u00e0 medida que mais itens s\u00e3o atendidos no im\u00f3vel. A lei divide os benef\u00edcios em duas categorias principais:<\/p>\n\n\n\n<ul class=\"wp-block-list\">\n<li><strong>Desconto de 3% por item:<\/strong>\u00a0para quem instala sistema de\u00a0<strong>capta\u00e7\u00e3o de \u00e1gua da chuva<\/strong>, possui sistema de\u00a0<strong>reuso de \u00e1gua<\/strong>, constr\u00f3i\u00a0<strong>cal\u00e7adas ecol\u00f3gicas<\/strong>\u00a0com espa\u00e7o para \u00e1rvores ou faz a\u00a0<strong>separa\u00e7\u00e3o e destina\u00e7\u00e3o correta<\/strong>\u00a0de res\u00edduos recicl\u00e1veis e de constru\u00e7\u00e3o civil.<\/li>\n\n\n\n<li><strong>Desconto de 4% por item:<\/strong>\u00a0para a instala\u00e7\u00e3o de\u00a0<strong>aquecedor solar hidr\u00e1ulico<\/strong>, utiliza\u00e7\u00e3o de\u00a0<strong>materiais sustent\u00e1veis<\/strong>\u00a0na constru\u00e7\u00e3o (com comprova\u00e7\u00e3o) e manuten\u00e7\u00e3o de\u00a0<strong>\u00e1reas perme\u00e1veis<\/strong>\u00a0no terreno, com cultivo de esp\u00e9cies nativas e cobertura vegetal.<\/li>\n<\/ul>\n\n\n\n<p class=\"wp-block-paragraph\">O grande incentivo \u00e9 o desconto m\u00e1ximo: ao cumprir&nbsp;<strong>seis ou mais<\/strong>&nbsp;dessas medidas, o contribuinte garante a redu\u00e7\u00e3o de 25% no IPTU.<\/p>\n\n\n\n<p class=\"wp-block-paragraph\"><strong>Como garantir o seu desconto verde<\/strong><\/p>\n\n\n\n<p class=\"wp-block-paragraph\">Obter o benef\u00edcio exige que o morador cumpra algumas etapas. Em primeiro lugar, \u00e9 obrigat\u00f3rio estar\u00a0<strong>com os tributos municipais em dia<\/strong> quando solicitar o desconto.<\/p>\n\n\n\n<p class=\"wp-block-paragraph\">Em seguida, \u00e9 necess\u00e1rio&nbsp;<strong>protocolar um pedido na Prefeitura Municipal de Fern\u00e3o<\/strong>&nbsp;at\u00e9 o dia 23 de dezembro de 2024, destinado ao desconto que valer\u00e1 para o IPTU de 2025. O pedido deve ser justificado e acompanhado de documentos que comprovem as medidas ambientais adotadas.<\/p>\n\n\n\n<p class=\"wp-block-paragraph\">Ap\u00f3s o protocolo, uma equipe t\u00e9cnica da prefeitura far\u00e1 uma\u00a0<strong>vistoria no im\u00f3vel<\/strong>\u00a0para confirmar que as a\u00e7\u00f5es est\u00e3o de acordo com o previsto em lei. Sendo aprovado, o desconto \u00e9 aplicado pela Secretaria Municipal de Fazenda e o contribuinte ainda recebe um\u00a0<strong>selo de &#8220;Amigo do Meio Ambiente&#8221;<\/strong>\u00a0para ostentar em sua propriedade.<\/p>\n\n\n\n<p class=\"wp-block-paragraph\"><strong>Benef\u00edcio \u00e9 anual e exige compromisso cont\u00ednuo<\/strong><\/p>\n\n\n\n<p class=\"wp-block-paragraph\">Os fern\u00e3onses que j\u00e1 usufruem do IPTU Verde precisam ficar atentos: o benef\u00edcio&nbsp;<strong>n\u00e3o \u00e9 autom\u00e1tico e deve ser renovado anualmente<\/strong>. A mesma data de 23 de dezembro vale para a renova\u00e7\u00e3o.<\/p>\n\n\n\n<p class=\"wp-block-paragraph\">Al\u00e9m disso, a prefeitura realiza&nbsp;<strong>fiscaliza\u00e7\u00f5es trimestrais<\/strong>&nbsp;para assegurar que as pr\u00e1ticas sustent\u00e1veis continuam sendo mantidas. Se um contribuinte for flagrado descumprindo as regras que lhe garantiram o desconto, ele ser\u00e1 notificado e ter\u00e1 15 dias para se regularizar. Caso contr\u00e1rio, perder\u00e1 o direito ao incentivo pelos pr\u00f3ximos dois anos.<\/p>\n\n\n\n<p class=\"wp-block-paragraph\">A lei completa da&nbsp;<strong>Lei n\u00ba 925\/2018<\/strong>, que institui o IPTU Verde no munic\u00edpio de Fern\u00e3o, est\u00e1 dispon\u00edvel para consulta no link abaixo:<br><a href=\"https:\/\/www.fernao.sp.gov.br\/legislacao\/download-lei\/1197\/\" target=\"_blank\" rel=\"noreferrer noopener\"><strong>Acesse a Lei na \u00cdntegra<\/strong><\/a><\/p>\n","protected":false},"excerpt":{"rendered":"<p>Programa &#8220;IPTU Verde&#8221; transforma pr\u00e1ticas ambientais em desconto direto no imposto; moradores que adotam medidas como reuso de \u00e1gua e energia solar podem reduzir em at\u00e9 25% o valor a pagar. Prazo para solicitar o benef\u00edcio em 2025 termina em 23 de dezembro. O engajamento nas causas ambientais \u00e9 uma necessidade geral. Diminuir o descarte [&hellip;]<\/p>\n","protected":false},"author":260896548,"featured_media":8749,"comment_status":"open","ping_status":"open","sticky":false,"template":"","format":"standard","meta":{"_monsterinsights_skip_tracking":false,"advanced_seo_description":"Descubra como o programa IPTU Verde em Fern\u00e3o permite descontos de at\u00e9 25% no imposto para pr\u00e1ticas sustent\u00e1veis. Solicite at\u00e9 23\/12!","jetpack_seo_html_title":"Como garantir at\u00e9 25% de desconto no IPTU Verde em 2025","jetpack_seo_noindex":false,"jetpack_seo_schema_type":"","_jetpack_newsletter_access":"","_jetpack_dont_email_post_to_subs":false,"_jetpack_newsletter_tier_id":0,"_jetpack_memberships_contains_paywalled_content":false,"_wpcom_ai_launchpad_first_post":false,"_jetpack_feature_clip_id":0,"_jetpack_memberships_contains_paid_content":false,"footnotes":"","jetpack_publicize_message":"\ud83d\udc9a\ud83c\udf0d Em Fern\u00e3o, ser sustent\u00e1vel \u00e9 mais do que uma atitude: d\u00e1 desconto! \ud83c\udf0d\ud83d\udc9a\n\nA cidade prova que cuidar do planeta e economizar podem andar juntos. Com o programa #IPTUVerde, medidas ecol\u00f3gicas no seu im\u00f3vel se transformam em redu\u00e7\u00e3o no imposto.\n\n\u2728 Como funciona?\n\u2705 Captar \u00e1gua da chuva, reutilizar \u00e1gua e separar o lixo recicl\u00e1vel valem 3% de desconto cada.\n\u2705 Ter aquecimento solar, usar materiais sustent\u00e1veis e manter \u00e1rea verde valem 4% cada.\n\u2705 Cumpra 6 itens ou mais e ganhe 25% DE DESCONTO no IPTU!\n\nQuer saber todos os detalhes e como participar?\n\ud83d\udc49 A mat\u00e9ria completa est\u00e1 no diariodegarca.com!\n\n#Fern\u00e3oSP #MeioAmbiente #Sustentabilidade #IPTUVerde #Ecoincentivo #ConscienciaEcologica #MoradiaSustentavel","jetpack_publicize_feature_enabled":true,"jetpack_social_post_already_shared":false,"jetpack_social_options":{"image_generator_settings":{"template":"highway","default_image_id":0,"font":"","enabled":false},"version":2},"_wpas_customize_per_network":false,"jetpack_post_was_ever_published":false},"categories":[7386895,15243],"tags":[],"class_list":["post-8743","post","type-post","status-publish","format-standard","has-post-thumbnail","hentry","category-fernao","category-meio-ambiente"],"jetpack_publicize_connections":[],"jetpack_likes_enabled":true,"jetpack_sharing_enabled":true,"jetpack_shortlink":"https:\/\/wp.me\/pgitne-2h1","jetpack-related-posts":[{"id":4562,"url":"https:\/\/diariodegarca.com\/?p=4562","url_meta":{"origin":8743,"position":0},"title":"Curso gratuito ensina t\u00e9cnicas de cultivo de maracuj\u00e1 em Fern\u00e3o","author":"Di\u00e1rio de Gar\u00e7a","date":"8 de julho de 2025","format":false,"excerpt":"Capacita\u00e7\u00e3o, oferecida em parceria entre CATI e Prefeitura de Fern\u00e3o, visa melhorar a produtividade e pr\u00e1ticas ambientais para produtores locais. A Prefeitura de Fern\u00e3o, em parceria com a Coordenadoria de Assist\u00eancia T\u00e9cnica Integral (CATI), promove no pr\u00f3ximo dia 11 de julho o curso\u00a0\"Cultivo de Maracuj\u00e1 e Sustentabilidade\". O evento, gratuito\u2026","rel":"","context":"Em &quot;Curso&quot;","block_context":{"text":"Curso","link":"https:\/\/diariodegarca.com\/?cat=36947"},"img":{"alt_text":"","src":"https:\/\/i0.wp.com\/diariodegarca.com\/wp-content\/uploads\/2025\/07\/linda-passiflora-de-petalas-roxas-com-folhas-verdes.jpg?fit=1200%2C900&ssl=1&resize=350%2C200","width":350,"height":200,"srcset":"https:\/\/i0.wp.com\/diariodegarca.com\/wp-content\/uploads\/2025\/07\/linda-passiflora-de-petalas-roxas-com-folhas-verdes.jpg?fit=1200%2C900&ssl=1&resize=350%2C200 1x, https:\/\/i0.wp.com\/diariodegarca.com\/wp-content\/uploads\/2025\/07\/linda-passiflora-de-petalas-roxas-com-folhas-verdes.jpg?fit=1200%2C900&ssl=1&resize=525%2C300 1.5x, https:\/\/i0.wp.com\/diariodegarca.com\/wp-content\/uploads\/2025\/07\/linda-passiflora-de-petalas-roxas-com-folhas-verdes.jpg?fit=1200%2C900&ssl=1&resize=700%2C400 2x, https:\/\/i0.wp.com\/diariodegarca.com\/wp-content\/uploads\/2025\/07\/linda-passiflora-de-petalas-roxas-com-folhas-verdes.jpg?fit=1200%2C900&ssl=1&resize=1050%2C600 3x"},"classes":[]},{"id":2642,"url":"https:\/\/diariodegarca.com\/?p=2642","url_meta":{"origin":8743,"position":1},"title":"Sa\u00fade de Fern\u00e3o far\u00e1 a\u00e7\u00e3o de preven\u00e7\u00e3o e busca ativa de pacientes com tuberculose","author":"Di\u00e1rio de Gar\u00e7a","date":"12 de mar\u00e7o de 2025","format":false,"excerpt":"Homem tossindo (cr\u00e9ditos da imagem Freepik) A Prefeitura Municipal de Fern\u00e3o, por meio da Secretaria Municipal de Sa\u00fade, realizar\u00e1 uma campanha de busca ativa da tuberculose entre os dias 17 e 31 de mar\u00e7o. A iniciativa visa identificar casos da doen\u00e7a precocemente, garantindo tratamento adequado e reduzindo a transmiss\u00e3o na\u2026","rel":"","context":"Em &quot;Brasil&quot;","block_context":{"text":"Brasil","link":"https:\/\/diariodegarca.com\/?cat=38185"},"img":{"alt_text":"","src":"","width":0,"height":0},"classes":[]},{"id":5613,"url":"https:\/\/diariodegarca.com\/?p=5613","url_meta":{"origin":8743,"position":2},"title":"Alvinl\u00e2ndia, Fern\u00e3o e Vera Cruz oferecem curso gratuito de &#8220;Banho e Tosa&#8221;","author":"Di\u00e1rio de Gar\u00e7a","date":"15 de agosto de 2025","format":false,"excerpt":"Iniciativa do Fundo Social de SP qualifica pessoas e gera novas oportunidades no mercado pet em ambas as cidades. As cidades de Alvinl\u00e2ndia, Fern\u00e3o e\u00a0Vera Cruz\u00a0est\u00e3o com inscri\u00e7\u00f5es abertas para o\u00a0curso gratuito de Banho e Tosa \u2013 Pet de Pequeno e M\u00e9dio Porte, uma parceria entre as prefeituras municipais e\u2026","rel":"","context":"Em &quot;Alvinl\u00e2ndia&quot;","block_context":{"text":"Alvinl\u00e2ndia","link":"https:\/\/diariodegarca.com\/?cat=32102633"},"img":{"alt_text":"","src":"https:\/\/i0.wp.com\/diariodegarca.com\/wp-content\/uploads\/2025\/08\/yorkshire-terrier-recebendo-procedimento-no-salao-de-beleza-jovem-mulher-de-camiseta-branca-aparando-um-cachorrinho-yorkshire-terrier-filhote-cortando-o-cabelo-com-uma-maquina-de-barbear.jpg?fit=1200%2C800&ssl=1&resize=350%2C200","width":350,"height":200,"srcset":"https:\/\/i0.wp.com\/diariodegarca.com\/wp-content\/uploads\/2025\/08\/yorkshire-terrier-recebendo-procedimento-no-salao-de-beleza-jovem-mulher-de-camiseta-branca-aparando-um-cachorrinho-yorkshire-terrier-filhote-cortando-o-cabelo-com-uma-maquina-de-barbear.jpg?fit=1200%2C800&ssl=1&resize=350%2C200 1x, https:\/\/i0.wp.com\/diariodegarca.com\/wp-content\/uploads\/2025\/08\/yorkshire-terrier-recebendo-procedimento-no-salao-de-beleza-jovem-mulher-de-camiseta-branca-aparando-um-cachorrinho-yorkshire-terrier-filhote-cortando-o-cabelo-com-uma-maquina-de-barbear.jpg?fit=1200%2C800&ssl=1&resize=525%2C300 1.5x, https:\/\/i0.wp.com\/diariodegarca.com\/wp-content\/uploads\/2025\/08\/yorkshire-terrier-recebendo-procedimento-no-salao-de-beleza-jovem-mulher-de-camiseta-branca-aparando-um-cachorrinho-yorkshire-terrier-filhote-cortando-o-cabelo-com-uma-maquina-de-barbear.jpg?fit=1200%2C800&ssl=1&resize=700%2C400 2x, https:\/\/i0.wp.com\/diariodegarca.com\/wp-content\/uploads\/2025\/08\/yorkshire-terrier-recebendo-procedimento-no-salao-de-beleza-jovem-mulher-de-camiseta-branca-aparando-um-cachorrinho-yorkshire-terrier-filhote-cortando-o-cabelo-com-uma-maquina-de-barbear.jpg?fit=1200%2C800&ssl=1&resize=1050%2C600 3x"},"classes":[]},{"id":8679,"url":"https:\/\/diariodegarca.com\/?p=8679","url_meta":{"origin":8743,"position":3},"title":"Isen\u00e7\u00e3o de IPTU no Munic\u00edpio de Gar\u00e7a","author":"Maria Thereza S. Pereira","date":"12 de novembro de 2025","format":false,"excerpt":"Propriet\u00e1rios de pequenos recursos e portadores de doen\u00e7as graves podem solicitar isen\u00e7\u00e3o de IPTU at\u00e9 o final de novembro em Gar\u00e7a. A isen\u00e7\u00e3o \u00e9 destinada a quem cumprir requisitos espec\u00edficos, como ter um \u00fanico im\u00f3vel e renda familiar limitada. Documentos comprobat\u00f3rios devem ser apresentados para a concess\u00e3o da isen\u00e7\u00e3o.","rel":"","context":"Em &quot;Finan\u00e7as&quot;","block_context":{"text":"Finan\u00e7as","link":"https:\/\/diariodegarca.com\/?cat=185853"},"img":{"alt_text":"","src":"https:\/\/i0.wp.com\/diariodegarca.com\/wp-content\/uploads\/2025\/11\/freepik__casa-pequena-white-stucco-walls-red-clay-roof-fron__34207.png?fit=1024%2C1024&ssl=1&resize=350%2C200","width":350,"height":200,"srcset":"https:\/\/i0.wp.com\/diariodegarca.com\/wp-content\/uploads\/2025\/11\/freepik__casa-pequena-white-stucco-walls-red-clay-roof-fron__34207.png?fit=1024%2C1024&ssl=1&resize=350%2C200 1x, https:\/\/i0.wp.com\/diariodegarca.com\/wp-content\/uploads\/2025\/11\/freepik__casa-pequena-white-stucco-walls-red-clay-roof-fron__34207.png?fit=1024%2C1024&ssl=1&resize=525%2C300 1.5x, https:\/\/i0.wp.com\/diariodegarca.com\/wp-content\/uploads\/2025\/11\/freepik__casa-pequena-white-stucco-walls-red-clay-roof-fron__34207.png?fit=1024%2C1024&ssl=1&resize=700%2C400 2x"},"classes":[]},{"id":9550,"url":"https:\/\/diariodegarca.com\/?p=9550","url_meta":{"origin":8743,"position":4},"title":"Programa Emprega Fern\u00e3o: inscri\u00e7\u00f5es abertas para oportunidades de inclus\u00e3o social","author":"Di\u00e1rio de Gar\u00e7a","date":"15 de dezembro de 2025","format":false,"excerpt":"Secretaria Municipal de Desenvolvimento Social de Fern\u00e3o recebe cadastros de 15 a 19 de dezembro; objetivo \u00e9 gerar ocupa\u00e7\u00e3o para a popula\u00e7\u00e3o local. A Prefeitura de Fern\u00e3o, por meio da Secretaria Municipal de Desenvolvimento Social, est\u00e1 com as inscri\u00e7\u00f5es abertas para o Programa Emprega Fern\u00e3o. A iniciativa, institu\u00edda pelo Decreto\u2026","rel":"","context":"Em &quot;Fern\u00e3o&quot;","block_context":{"text":"Fern\u00e3o","link":"https:\/\/diariodegarca.com\/?cat=7386895"},"img":{"alt_text":"","src":"https:\/\/i0.wp.com\/diariodegarca.com\/wp-content\/uploads\/2025\/12\/trabalhadores-corporativos-fazendo-brainstorming-juntos.jpg?fit=1200%2C800&ssl=1&resize=350%2C200","width":350,"height":200,"srcset":"https:\/\/i0.wp.com\/diariodegarca.com\/wp-content\/uploads\/2025\/12\/trabalhadores-corporativos-fazendo-brainstorming-juntos.jpg?fit=1200%2C800&ssl=1&resize=350%2C200 1x, https:\/\/i0.wp.com\/diariodegarca.com\/wp-content\/uploads\/2025\/12\/trabalhadores-corporativos-fazendo-brainstorming-juntos.jpg?fit=1200%2C800&ssl=1&resize=525%2C300 1.5x, https:\/\/i0.wp.com\/diariodegarca.com\/wp-content\/uploads\/2025\/12\/trabalhadores-corporativos-fazendo-brainstorming-juntos.jpg?fit=1200%2C800&ssl=1&resize=700%2C400 2x, https:\/\/i0.wp.com\/diariodegarca.com\/wp-content\/uploads\/2025\/12\/trabalhadores-corporativos-fazendo-brainstorming-juntos.jpg?fit=1200%2C800&ssl=1&resize=1050%2C600 3x"},"classes":[]},{"id":4189,"url":"https:\/\/diariodegarca.com\/?p=4189","url_meta":{"origin":8743,"position":5},"title":"Prefeitura de Fern\u00e3o avalia implanta\u00e7\u00e3o de linha intermunicipal de \u00f4nibus","author":"Di\u00e1rio de Gar\u00e7a","date":"23 de junho de 2025","format":false,"excerpt":"Pesquisa em andamento coleta dados sobre demanda por transporte coletivo entre Fern\u00e3o, Duartina, G\u00e1lia e Gar\u00e7a A\u00a0Prefeitura de Fern\u00e3o\u00a0iniciou um estudo para avaliar a\u00a0viabilidade t\u00e9cnica e econ\u00f4mica\u00a0de uma nova linha de \u00f4nibus ligando o munic\u00edpio a cidades vizinhas. O projeto, em fase preliminar, est\u00e1 sendo conduzido em parceria com uma\u2026","rel":"","context":"Em &quot;Fern\u00e3o&quot;","block_context":{"text":"Fern\u00e3o","link":"https:\/\/diariodegarca.com\/?cat=7386895"},"img":{"alt_text":"","src":"https:\/\/i0.wp.com\/diariodegarca.com\/wp-content\/uploads\/2025\/06\/fernao.jpg?fit=651%2C434&ssl=1&resize=350%2C200","width":350,"height":200,"srcset":"https:\/\/i0.wp.com\/diariodegarca.com\/wp-content\/uploads\/2025\/06\/fernao.jpg?fit=651%2C434&ssl=1&resize=350%2C200 1x, https:\/\/i0.wp.com\/diariodegarca.com\/wp-content\/uploads\/2025\/06\/fernao.jpg?fit=651%2C434&ssl=1&resize=525%2C300 1.5x"},"classes":[]}],"jetpack_featured_media_url":"https:\/\/i0.wp.com\/diariodegarca.com\/wp-content\/uploads\/2025\/11\/contrastando-texturas-ao-ar-livre.jpg?fit=6000%2C4000&ssl=1","_links":{"self":[{"href":"https:\/\/diariodegarca.com\/index.php?rest_route=\/wp\/v2\/posts\/8743","targetHints":{"allow":["GET"]}}],"collection":[{"href":"https:\/\/diariodegarca.com\/index.php?rest_route=\/wp\/v2\/posts"}],"about":[{"href":"https:\/\/diariodegarca.com\/index.php?rest_route=\/wp\/v2\/types\/post"}],"author":[{"embeddable":true,"href":"https:\/\/diariodegarca.com\/index.php?rest_route=\/wp\/v2\/users\/260896548"}],"replies":[{"embeddable":true,"href":"https:\/\/diariodegarca.com\/index.php?rest_route=%2Fwp%2Fv2%2Fcomments&post=8743"}],"version-history":[{"count":6,"href":"https:\/\/diariodegarca.com\/index.php?rest_route=\/wp\/v2\/posts\/8743\/revisions"}],"predecessor-version":[{"id":8750,"href":"https:\/\/diariodegarca.com\/index.php?rest_route=\/wp\/v2\/posts\/8743\/revisions\/8750"}],"wp:featuredmedia":[{"embeddable":true,"href":"https:\/\/diariodegarca.com\/index.php?rest_route=\/wp\/v2\/media\/8749"}],"wp:attachment":[{"href":"https:\/\/diariodegarca.com\/index.php?rest_route=%2Fwp%2Fv2%2Fmedia&parent=8743"}],"wp:term":[{"taxonomy":"category","embeddable":true,"href":"https:\/\/diariodegarca.com\/index.php?rest_route=%2Fwp%2Fv2%2Fcategories&post=8743"},{"taxonomy":"post_tag","embeddable":true,"href":"https:\/\/diariodegarca.com\/index.php?rest_route=%2Fwp%2Fv2%2Ftags&post=8743"}],"curies":[{"name":"wp","href":"https:\/\/api.w.org\/{rel}","templated":true}]}}