{"id":8777,"date":"2025-11-17T17:49:07","date_gmt":"2025-11-17T20:49:07","guid":{"rendered":"https:\/\/diariodegarca.com\/?p=8777"},"modified":"2025-11-17T17:49:07","modified_gmt":"2025-11-17T20:49:07","slug":"policia-recupera-produtos-furtados-e-identifica-tres-envolvidos-em-marilia","status":"publish","type":"post","link":"https:\/\/diariodegarca.com\/?p=8777","title":{"rendered":"Pol\u00edcia recupera produtos furtados e identifica tr\u00eas envolvidos em Mar\u00edlia"},"content":{"rendered":"\n<p class=\"wp-block-paragraph\"><em>A\u00e7\u00e3o do 9\u00ba Batalh\u00e3o da PM resultou na localiza\u00e7\u00e3o dos suspeitos e na apreens\u00e3o de itens como aspirador de p\u00f3, caixa de som profissional e rodas de carro.<\/em><\/p>\n\n\n\n<p class=\"wp-block-paragraph\">Em uma a\u00e7\u00e3o realizada na tarde de quinta-feira, 13 de novembro, equipes do 9\u00ba Batalh\u00e3o de Pol\u00edcia Militar do Interior cumpriram com sucesso uma dilig\u00eancia que resultou na identifica\u00e7\u00e3o dos autores de um furto ocorrido dois dias antes, na cidade de Mar\u00edlia.<\/p>\n\n\n\n<p class=\"wp-block-paragraph\">Com base em informa\u00e7\u00f5es obtidas, os policiais militares direcionaram as buscas para a regi\u00e3o do Jardim Continental. A opera\u00e7\u00e3o permitiu localizar e identificar dois homens diretamente envolvidos no crime. Durante a a\u00e7\u00e3o, os agentes tamb\u00e9m identificaram um terceiro indiv\u00edduo, que havia adquirido um dos produtos que haviam sido subtra\u00eddos.<\/p>\n\n\n\n<p class=\"wp-block-paragraph\">Diversos itens foram recuperados com os envolvidos. Entre os objetos apreendidos estavam um aspirador de p\u00f3, uma roda de carro com pneu, diversas camisetas, uma caixa de som profissional, um botij\u00e3o de g\u00e1s, t\u00eanis e celulares.<\/p>\n\n\n\n<p class=\"wp-block-paragraph\">Ap\u00f3s a a\u00e7\u00e3o bem-sucedida, a ocorr\u00eancia foi formalizada na Central de Pol\u00edcia Judici\u00e1ria de Mar\u00edlia. Os tr\u00eas homens identificados foram conduzidos \u00e0 delegacia para prestarem depoimento. Eles foram ouvidos e, posteriormente, liberados. Os produtos recuperados permaneceram sob cust\u00f3dia das autoridades.<\/p>\n","protected":false},"excerpt":{"rendered":"<p>A\u00e7\u00e3o do 9\u00ba Batalh\u00e3o da PM resultou na localiza\u00e7\u00e3o dos suspeitos e na apreens\u00e3o de itens como aspirador de p\u00f3, caixa de som profissional e rodas de carro. Em uma a\u00e7\u00e3o realizada na tarde de quinta-feira, 13 de novembro, equipes do 9\u00ba Batalh\u00e3o de Pol\u00edcia Militar do Interior cumpriram com sucesso uma dilig\u00eancia que resultou [&hellip;]<\/p>\n","protected":false},"author":260896548,"featured_media":8779,"comment_status":"open","ping_status":"open","sticky":false,"template":"","format":"standard","meta":{"_crdt_document":"","_monsterinsights_skip_tracking":false,"_monsterinsights_sitenote_active":false,"_monsterinsights_sitenote_note":"","_monsterinsights_sitenote_category":0,"advanced_seo_description":"A\u00e7\u00e3o do 9\u00ba Batalh\u00e3o da PM em Mar\u00edlia resulta na recupera\u00e7\u00e3o de itens furtados e identifica\u00e7\u00e3o de suspeitos, garantindo a seguran\u00e7a da comunidade.","jetpack_seo_html_title":"PM encontra suspeitos de furto e recupera objetos em Mar\u00edlia","jetpack_seo_noindex":false,"_jetpack_newsletter_access":"","_jetpack_dont_email_post_to_subs":false,"_jetpack_newsletter_tier_id":0,"_jetpack_memberships_contains_paywalled_content":false,"_jetpack_memberships_contains_paid_content":false,"footnotes":"","jetpack_publicize_message":"Em uma a\u00e7\u00e3o realizada na \u00faltima quinta-feira (13\/11), a Pol\u00edcia Militar de Mar\u00edlia identificou os respons\u00e1veis por um furto ocorrido no dia 11 de novembro.\n\nA dilig\u00eancia, concentrada no Jardim Continental, resultou na localiza\u00e7\u00e3o de dois homens diretamente ligados ao crime e na identifica\u00e7\u00e3o de um terceiro que havia comprado um dos itens furtados.\n\nDiversos produtos foram recuperados, incluindo um aspirador de p\u00f3, uma caixa de som profissional, uma roda de carro, t\u00eanis e celulares. \n\nPara ler a mat\u00e9ria completa, acesse o link na nossa bio ou visite diariodegarca.com.\n\n#Pol\u00edciaMilitar #Seguran\u00e7aP\u00fablica #Mar\u00edlia #Furtos #A\u00e7\u00e3oPolicial #Recupera\u00e7\u00e3oDeProdutos #9\u00baBPMI #Not\u00edciaDeMar\u00edlia","jetpack_publicize_feature_enabled":true,"jetpack_social_post_already_shared":false,"jetpack_social_options":{"image_generator_settings":{"template":"highway","default_image_id":0,"font":"","enabled":false},"version":2},"_wpas_customize_per_network":false,"jetpack_post_was_ever_published":false},"categories":[683453294,21243],"tags":[],"class_list":["post-8777","post","type-post","status-publish","format-standard","has-post-thumbnail","hentry","category-marilia-cidade","category-seguranca"],"jetpack_publicize_connections":[],"jetpack_featured_media_url":"https:\/\/i0.wp.com\/diariodegarca.com\/wp-content\/uploads\/2025\/11\/WhatsApp-Image-2024-11-21-at-10.14.26.jpeg?fit=1280%2C853&ssl=1","jetpack_likes_enabled":true,"jetpack_sharing_enabled":true,"jetpack_shortlink":"https:\/\/wp.me\/pgitne-2hz","jetpack-related-posts":[{"id":2502,"url":"https:\/\/diariodegarca.com\/?p=2502","url_meta":{"origin":8777,"position":0},"title":"Ve\u00edculo furtado \u00e9 recuperado pela Pol\u00edcia Militar em Mar\u00edlia","author":"Di\u00e1rio de Gar\u00e7a","date":"1 de abril de 2025","format":false,"excerpt":"\u00a0Na noite desta segunda-feira, dia 31 mar\u00e7o, o 9\u00ba Batalh\u00e3o de Pol\u00edcia Militar do Interior recuperou um ve\u00edculo VW\/Gol que havia sido furtado no centro de Mar\u00edlia. De acordo com a v\u00edtima, o carro havia sido estacionado na Avenida Jo\u00e3o Ramalho e, ao retornar, n\u00e3o foi mais encontrado no local.O\u2026","rel":"","context":"Em &quot;Brasil&quot;","block_context":{"text":"Brasil","link":"https:\/\/diariodegarca.com\/?cat=38185"},"img":{"alt_text":"","src":"https:\/\/i0.wp.com\/blogger.googleusercontent.com\/img\/b\/R29vZ2xl\/AVvXsEingEeA7rMtqMSePbNg0emTl5UeL9elBch1CBDUCu1-qeL4PPZ5snb8-naQdLiFQZtCcDx0OmOwMFPQacdO4arjy1f2yjs22PlFp-qpHkrfx-z0JcviunRdbkgY6vmaqep5_ktewxuDw6cUytMcBTc1TvpCXSBGq8GlplaytDRAbiPBWFU8chW9VgxXTdc\/s320\/Snapins.ai_487829516_18296813314246526_8736871270303271895_n_1080.jpg?resize=350%2C200&ssl=1","width":350,"height":200},"classes":[]},{"id":6213,"url":"https:\/\/diariodegarca.com\/?p=6213","url_meta":{"origin":8777,"position":1},"title":"Opera\u00e7\u00e3o da PM apreende drogas, equipamentos de tr\u00e1fico e p\u00e9s de maconha em Mar\u00edlia","author":"Di\u00e1rio de Gar\u00e7a","date":"31 de agosto de 2025","format":false,"excerpt":"Dois homens foram ouvidos e liberados ap\u00f3s abordagem a um entregador de lanches revelar plantio da erva em vaso e quintal. Na tarde de sexta-feira, 29 de agosto, uma a\u00e7\u00e3o de rotina do 9\u00b0 Batalh\u00e3o de Pol\u00edcia Militar do Interior resultou na apreens\u00e3o de drogas, equipamentos utilizados para a venda\u2026","rel":"","context":"Em &quot;Mar\u00edlia&quot;","block_context":{"text":"Mar\u00edlia","link":"https:\/\/diariodegarca.com\/?cat=683453294"},"img":{"alt_text":"","src":"https:\/\/i0.wp.com\/diariodegarca.com\/wp-content\/uploads\/2025\/08\/img-20250830-wa00312398655373237250706.jpg?fit=1200%2C675&ssl=1&resize=350%2C200","width":350,"height":200,"srcset":"https:\/\/i0.wp.com\/diariodegarca.com\/wp-content\/uploads\/2025\/08\/img-20250830-wa00312398655373237250706.jpg?fit=1200%2C675&ssl=1&resize=350%2C200 1x, https:\/\/i0.wp.com\/diariodegarca.com\/wp-content\/uploads\/2025\/08\/img-20250830-wa00312398655373237250706.jpg?fit=1200%2C675&ssl=1&resize=525%2C300 1.5x, https:\/\/i0.wp.com\/diariodegarca.com\/wp-content\/uploads\/2025\/08\/img-20250830-wa00312398655373237250706.jpg?fit=1200%2C675&ssl=1&resize=700%2C400 2x, https:\/\/i0.wp.com\/diariodegarca.com\/wp-content\/uploads\/2025\/08\/img-20250830-wa00312398655373237250706.jpg?fit=1200%2C675&ssl=1&resize=1050%2C600 3x"},"classes":[]},{"id":2691,"url":"https:\/\/diariodegarca.com\/?p=2691","url_meta":{"origin":8777,"position":2},"title":"Pol\u00edcia Militar prende trio por estelionato em Mar\u00edlia ap\u00f3s den\u00fancia an\u00f4nima e persegui\u00e7\u00e3o dram\u00e1tica","author":"Di\u00e1rio de Gar\u00e7a","date":"6 de mar\u00e7o de 2025","format":false,"excerpt":"Em uma a\u00e7\u00e3o r\u00e1pida e eficiente, policiais militares do 9\u00ba Batalh\u00e3o do Interior prenderam tr\u00eas indiv\u00edduos envolvidos em um esquema de estelionato na cidade de Mar\u00edlia. O caso, que teve in\u00edcio ap\u00f3s uma den\u00fancia an\u00f4nima via 190, revelou uma pr\u00e1tica criminosa que vem vitimando moradores da regi\u00e3o.\u00a0\u00a0 De acordo com\u2026","rel":"","context":"Em &quot;Brasil&quot;","block_context":{"text":"Brasil","link":"https:\/\/diariodegarca.com\/?cat=38185"},"img":{"alt_text":"","src":"","width":0,"height":0},"classes":[]},{"id":2218,"url":"https:\/\/diariodegarca.com\/?p=2218","url_meta":{"origin":8777,"position":3},"title":"Policiais prendem tr\u00eas homens por furto e recepta\u00e7\u00e3o de gado em Mar\u00edlia","author":"Di\u00e1rio de Gar\u00e7a","date":"2 de maio de 2025","format":false,"excerpt":"Na noite de quinta-feira, 1\u00b0 de maio, agentes do 9\u00ba Batalh\u00e3o de Pol\u00edcia Militar do Interior prenderam tr\u00eas homens acusados de furto e recepta\u00e7\u00e3o de gado na cidade de Mar\u00edlia. A a\u00e7\u00e3o ocorreu ap\u00f3s informa\u00e7\u00f5es de que dois suspeitos, envolvidos em um furto de animais dias antes, estariam em um\u2026","rel":"","context":"Em &quot;Brasil&quot;","block_context":{"text":"Brasil","link":"https:\/\/diariodegarca.com\/?cat=38185"},"img":{"alt_text":"","src":"","width":0,"height":0},"classes":[]},{"id":3719,"url":"https:\/\/diariodegarca.com\/?p=3719","url_meta":{"origin":8777,"position":4},"title":"Pol\u00edcia Militar prende suspeitos de crimes graves em Gar\u00e7a e Mar\u00edlia","author":"Di\u00e1rio de Gar\u00e7a","date":"4 de junho de 2025","format":false,"excerpt":"Opera\u00e7\u00f5es do 9\u00ba BPM\/I resultam na captura de foragidos e apreens\u00e3o de drogas em a\u00e7\u00f5es distintas A Pol\u00edcia Militar do Interior, por meio do 9\u00ba Batalh\u00e3o, tem atuado de forma incisiva no combate ao crime nas cidades de sua jurisdi\u00e7\u00e3o. Com patrulhamentos ostensivos e abordagens estrat\u00e9gicas, as equipes t\u00eam garantido\u2026","rel":"","context":"Em &quot;Gar\u00e7a&quot;","block_context":{"text":"Gar\u00e7a","link":"https:\/\/diariodegarca.com\/?cat=781171664"},"img":{"alt_text":"","src":"","width":0,"height":0},"classes":[]},{"id":4724,"url":"https:\/\/diariodegarca.com\/?p=4724","url_meta":{"origin":8777,"position":5},"title":"PM prende suspeitos por furto e tr\u00e1fico, e celebra anivers\u00e1rio de crian\u00e7a em a\u00e7\u00e3o social","author":"Di\u00e1rio de Gar\u00e7a","date":"16 de julho de 2025","format":false,"excerpt":"Opera\u00e7\u00f5es em Gar\u00e7a, Tup\u00e3 e Mar\u00edlia resultaram em pris\u00f5es, enquanto PMs realizam sonho de menino em festa de anivers\u00e1rio. Confira as principais a\u00e7\u00f5es que ocorreram em Gar\u00e7a e regi\u00e3o nos \u00faltimos dias: Dois presos por furto em abordagens policiais em Gar\u00e7a e Tup\u00e3 Na tarde de ter\u00e7a-feira, dia 15 de\u2026","rel":"","context":"Em &quot;Gar\u00e7a&quot;","block_context":{"text":"Gar\u00e7a","link":"https:\/\/diariodegarca.com\/?cat=781171664"},"img":{"alt_text":"","src":"","width":0,"height":0},"classes":[]}],"_links":{"self":[{"href":"https:\/\/diariodegarca.com\/index.php?rest_route=\/wp\/v2\/posts\/8777","targetHints":{"allow":["GET"]}}],"collection":[{"href":"https:\/\/diariodegarca.com\/index.php?rest_route=\/wp\/v2\/posts"}],"about":[{"href":"https:\/\/diariodegarca.com\/index.php?rest_route=\/wp\/v2\/types\/post"}],"author":[{"embeddable":true,"href":"https:\/\/diariodegarca.com\/index.php?rest_route=\/wp\/v2\/users\/260896548"}],"replies":[{"embeddable":true,"href":"https:\/\/diariodegarca.com\/index.php?rest_route=%2Fwp%2Fv2%2Fcomments&post=8777"}],"version-history":[{"count":2,"href":"https:\/\/diariodegarca.com\/index.php?rest_route=\/wp\/v2\/posts\/8777\/revisions"}],"predecessor-version":[{"id":8780,"href":"https:\/\/diariodegarca.com\/index.php?rest_route=\/wp\/v2\/posts\/8777\/revisions\/8780"}],"wp:featuredmedia":[{"embeddable":true,"href":"https:\/\/diariodegarca.com\/index.php?rest_route=\/wp\/v2\/media\/8779"}],"wp:attachment":[{"href":"https:\/\/diariodegarca.com\/index.php?rest_route=%2Fwp%2Fv2%2Fmedia&parent=8777"}],"wp:term":[{"taxonomy":"category","embeddable":true,"href":"https:\/\/diariodegarca.com\/index.php?rest_route=%2Fwp%2Fv2%2Fcategories&post=8777"},{"taxonomy":"post_tag","embeddable":true,"href":"https:\/\/diariodegarca.com\/index.php?rest_route=%2Fwp%2Fv2%2Ftags&post=8777"}],"curies":[{"name":"wp","href":"https:\/\/api.w.org\/{rel}","templated":true}]}}