{"id":8800,"date":"2025-11-17T18:35:28","date_gmt":"2025-11-17T21:35:28","guid":{"rendered":"https:\/\/diariodegarca.com\/?p=8800"},"modified":"2025-11-17T18:35:28","modified_gmt":"2025-11-17T21:35:28","slug":"oficina-gratuita-ensina-o-passo-a-passo-para-criar-roteiros-de-podcasts-de-impacto","status":"publish","type":"post","link":"https:\/\/diariodegarca.com\/?p=8800","title":{"rendered":"Oficina gratuita ensina o passo a passo para criar roteiros de podcasts de impacto"},"content":{"rendered":"\n<p class=\"wp-block-paragraph\"><em>Ministrada pelo experiente jornalista Rodrigo Alves, capacita\u00e7\u00e3o online da BibliON ocorre em seis dias, entre novembro e dezembro, e \u00e9 voltada para iniciantes e quem deseja aprimorar t\u00e9cnicas na narrativa sonora.<\/em><\/p>\n\n\n\n<p class=\"wp-block-paragraph\">Para quem sonha em criar um podcast cativante, mas esbarra na dificuldade de estruturar uma boa hist\u00f3ria, uma oportunidade se abre no calend\u00e1rio de cursos gratuitos. A BibliON, biblioteca digital da Cultura SP, promove a &#8220;<strong>Oficina: Escrita de Roteiro para Podcast<\/strong>&#8220;, que promete guiar os participantes por todo o m\u00e9todo de cria\u00e7\u00e3o, da organiza\u00e7\u00e3o do material \u00e0s t\u00e9cnicas para prender a aten\u00e7\u00e3o do ouvinte.<\/p>\n\n\n\n<p class=\"wp-block-paragraph\">A oficina ser\u00e1 ministrada pelo jornalista\u00a0<strong>Rodrigo Alves<\/strong>, um profissional com 27 anos de estrada e expert em narrativa sonora. Ele \u00e9 a mente por tr\u00e1s de projetos aclamados como o podcast &#8220;Vida de Jornalista&#8221;, al\u00e9m de diretor e roteirista de &#8220;Tramas Coloniais&#8221; e &#8220;Rio Mem\u00f3rias&#8221;. Sua vasta experi\u00eancia ser\u00e1 canalizada para ensinar como gerar ritmo, imers\u00e3o e surpresa em um roteiro de \u00e1udio.<\/p>\n\n\n\n<p class=\"wp-block-paragraph\">A capacita\u00e7\u00e3o \u00e9 recomendada para quem deseja dar os primeiros passos no universo dos podcasts ou para aqueles que buscam refinar sua t\u00e9cnica. A atividade \u00e9 online, com transmiss\u00e3o ao vivo pelo YouTube da BibliON, e ocorrer\u00e1 em seis encontros:&nbsp;<strong>26, 27 e 28 de novembro, e 2, 4 e 5 de dezembro<\/strong>, sempre das 19h \u00e0s 21h, totalizando uma carga hor\u00e1ria de 12 horas.<\/p>\n\n\n\n<p class=\"wp-block-paragraph\"><strong>Como Participar<\/strong><\/p>\n\n\n\n<p class=\"wp-block-paragraph\">As inscri\u00e7\u00f5es s\u00e3o gratuitas e devem ser realizadas online enquanto houver vagas. O link de acesso ao curso ser\u00e1 enviado posteriormente ao e-mail cadastrado, por isso a organiza\u00e7\u00e3o recomenda que os inscritos verifiquem a validade do endere\u00e7o eletr\u00f4nico e fiquem atentos \u00e0 caixa de entrada. Participantes com pelo menos 75% de presen\u00e7a receber\u00e3o certificado.<\/p>\n\n\n\n<p class=\"wp-block-paragraph\">Para aqueles com necessidades de acessibilidade, a solicita\u00e7\u00e3o deve ser feita com at\u00e9 sete dias de anteced\u00eancia para o e-mail\u00a0<a href=\"mailto:programas@biblion.org.br\">programas@biblion.org.br<\/a>.<\/p>\n\n\n\n<p class=\"wp-block-paragraph\"><strong>\ud83d\udd17 Inscri\u00e7\u00f5es gratuitas (vagas limitadas):<\/strong><br><strong><a href=\"https:\/\/cadastro.siseb.org.br\/biblion\/inscrito\/novo\" target=\"_blank\" rel=\"noreferrer noopener\">https:\/\/cadastro.siseb.org.br\/biblion\/inscrito\/novo<\/a><\/strong><\/p>\n","protected":false},"excerpt":{"rendered":"<p>Ministrada pelo experiente jornalista Rodrigo Alves, capacita\u00e7\u00e3o online da BibliON ocorre em seis dias, entre novembro e dezembro, e \u00e9 voltada para iniciantes e quem deseja aprimorar t\u00e9cnicas na narrativa sonora. Para quem sonha em criar um podcast cativante, mas esbarra na dificuldade de estruturar uma boa hist\u00f3ria, uma oportunidade se abre no calend\u00e1rio de [&hellip;]<\/p>\n","protected":false},"author":260896548,"featured_media":8801,"comment_status":"open","ping_status":"open","sticky":false,"template":"","format":"standard","meta":{"_crdt_document":"","_monsterinsights_skip_tracking":false,"_monsterinsights_sitenote_active":false,"_monsterinsights_sitenote_note":"","_monsterinsights_sitenote_category":0,"advanced_seo_description":"Participe da Oficina de Escrita de Roteiro para Podcast da BibliON e aprenda com Rodrigo Alves a criar hist\u00f3rias envolventes em \u00e1udio.","jetpack_seo_html_title":"Oficina de Roteiro para Podcast: Inscri\u00e7\u00f5es Abertas Gratuitas","jetpack_seo_noindex":false,"_jetpack_newsletter_access":"","_jetpack_dont_email_post_to_subs":false,"_jetpack_newsletter_tier_id":0,"_jetpack_memberships_contains_paywalled_content":false,"_jetpack_memberships_contains_paid_content":false,"footnotes":"","jetpack_publicize_message":"\ud83c\udfa7 Do papel para o \u00e1udio:oficina gratuita ir\u00e1 ensinar como dominar a arte de contar hist\u00f3rias em podcasts. \n\n\ud83d\udd17 Clique no link da bio para garantir sua vaga!\n\nQuer todos os detalhes? A mat\u00e9ria completa est\u00e1 no nosso site.\n\n#diariodegarca #OficinaDePodcast #Podcast #RoteiroParaPodcast #CursoGratuito #CulturaSP #BibliON #NarrativaSonora","jetpack_publicize_feature_enabled":true,"jetpack_social_post_already_shared":false,"jetpack_social_options":{"image_generator_settings":{"template":"highway","default_image_id":0,"font":"","enabled":false},"version":2},"_wpas_customize_per_network":false,"jetpack_post_was_ever_published":false},"categories":[2367,36947,2366,91066845],"tags":[],"class_list":["post-8800","post","type-post","status-publish","format-standard","has-post-thumbnail","hentry","category-cultura","category-curso","category-eventos","category-online-curso"],"jetpack_publicize_connections":[],"jetpack_featured_media_url":"https:\/\/i0.wp.com\/diariodegarca.com\/wp-content\/uploads\/2025\/11\/Rodrigo-Alves-e1763415102121.webp?fit=1405%2C1020&ssl=1","jetpack_likes_enabled":true,"jetpack_sharing_enabled":true,"jetpack_shortlink":"https:\/\/wp.me\/pgitne-2hW","jetpack-related-posts":[{"id":2216,"url":"https:\/\/diariodegarca.com\/?p=2216","url_meta":{"origin":8800,"position":0},"title":"Oficina gratuita ensina editora\u00e7\u00e3o independente de livros","author":"Di\u00e1rio de Gar\u00e7a","date":"2 de maio de 2025","format":false,"excerpt":"A BibliOn abre inscri\u00e7\u00f5es para a Oficina - Editora\u00e7\u00e3o Independente de Livros, ministrada pelo autor, editor e artes\u00e3o Fred Caju. O curso, totalmente gratuito, acontecer\u00e1 nos dias 6, 8, 13, 15, 20 e 22 de maio, sempre das 15h \u00e0s 17h, totalizando 12 horas de forma\u00e7\u00e3o. A oficina oferece um\u2026","rel":"","context":"Em &quot;Brasil&quot;","block_context":{"text":"Brasil","link":"https:\/\/diariodegarca.com\/?cat=38185"},"img":{"alt_text":"","src":"","width":0,"height":0},"classes":[]},{"id":2190,"url":"https:\/\/diariodegarca.com\/?p=2190","url_meta":{"origin":8800,"position":1},"title":"Oficina online ensina t\u00e9cnicas de roteiro desde a jornada do her\u00f3i at\u00e9 a inova\u00e7\u00e3o da &#034;fic\u00e7\u00e3o de bolsa&#034;","author":"Di\u00e1rio de Gar\u00e7a","date":"6 de maio de 2025","format":false,"excerpt":"De 12 a 23 de maio, aspirantes a roteiristas e entusiastas da escrita criativa ter\u00e3o a oportunidade de mergulhar no universo da constru\u00e7\u00e3o narrativa com a Oficina Online \"A Cria\u00e7\u00e3o do Roteiro \u2013 da Fic\u00e7\u00e3o Cl\u00e1ssica \u00e0 Fic\u00e7\u00e3o de Bolsa\". Ministrada pela experiente roteirista Natalia Piserni, a atividade ocorre \u00e0s\u2026","rel":"","context":"Em &quot;Brasil&quot;","block_context":{"text":"Brasil","link":"https:\/\/diariodegarca.com\/?cat=38185"},"img":{"alt_text":"","src":"","width":0,"height":0},"classes":[]},{"id":4683,"url":"https:\/\/diariodegarca.com\/?p=4683","url_meta":{"origin":8800,"position":2},"title":"Oficina gratuita ensina estrat\u00e9gias de marketing para escritores","author":"Di\u00e1rio de Gar\u00e7a","date":"14 de julho de 2025","format":false,"excerpt":"Ministrada por Lilian Cardoso, especialista em divulga\u00e7\u00e3o liter\u00e1ria, atividade online abordar\u00e1 desde constru\u00e7\u00e3o de marca pessoal at\u00e9 uso de redes sociais para promo\u00e7\u00e3o de obras. A\u00a0BibliON, biblioteca digital da Cultura SP gerida pela SP Leituras, promove entre os dias\u00a021 e 25 de julho\u00a0a oficina online e gratuita\u00a0\"Marketing para Escritores\". Com\u2026","rel":"","context":"Em &quot;Cultura&quot;","block_context":{"text":"Cultura","link":"https:\/\/diariodegarca.com\/?cat=2367"},"img":{"alt_text":"","src":"","width":0,"height":0},"classes":[]},{"id":2736,"url":"https:\/\/diariodegarca.com\/?p=2736","url_meta":{"origin":8800,"position":3},"title":"Inscric\u00f5es para oficina online &#034;Meu Primeiro Livro&#034; com Alexandre Alliatti","author":"Di\u00e1rio de Gar\u00e7a","date":"27 de fevereiro de 2025","format":false,"excerpt":"Para quem sonha em ver seu primeiro livro publicado, a oficina \"Meu Primeiro Livro\", ministrada pelo escritor Alexandre Alliatti, surge como uma oportunidade \u00fanica. A atividade ocorrer\u00e1 \u00e0s segundas e quartas-feiras, de 10 a 26 de mar\u00e7o, das 15h \u00e0s 17h, e promete oferecer um mergulho pr\u00e1tico e te\u00f3rico no\u2026","rel":"","context":"Em &quot;Brasil&quot;","block_context":{"text":"Brasil","link":"https:\/\/diariodegarca.com\/?cat=38185"},"img":{"alt_text":"","src":"","width":0,"height":0},"classes":[]},{"id":2643,"url":"https:\/\/diariodegarca.com\/?p=2643","url_meta":{"origin":8800,"position":4},"title":"Gar\u00e7a ter\u00e1 oficina gratuita de roteiros para cinema com Luiz Pavan","author":"Di\u00e1rio de Gar\u00e7a","date":"12 de mar\u00e7o de 2025","format":false,"excerpt":"Arte sobre a oficina produzida por SECULT No pr\u00f3ximo dia 16 de mar\u00e7o, a cidade de Gar\u00e7a receber\u00e1 a oficina \"Da Ideia ao Roteiro\", ministrada pelo renomado Luiz Pavan.\u00a0A atividade, que \u00e9 gratuita e voltada para participantes a partir de 14 anos, ocorrer\u00e1 \u00e0s 13h na Audiovideoteca da Biblioteca P\u00fablica\u2026","rel":"","context":"Em &quot;Brasil&quot;","block_context":{"text":"Brasil","link":"https:\/\/diariodegarca.com\/?cat=38185"},"img":{"alt_text":"","src":"","width":0,"height":0},"classes":[]},{"id":8483,"url":"https:\/\/diariodegarca.com\/?p=8483","url_meta":{"origin":8800,"position":5},"title":"Universo Young Adult \u00e9 tema de palestra online e gratuita com autor e roteirista Felipe Cabral","author":"Andreza Sega","date":"6 de novembro de 2025","format":false,"excerpt":"Evento promovido pela biblioteca digital BibliON vai explorar os subg\u00eaneros, personagens e a relev\u00e2ncia cultural da literatura que conquistou milh\u00f5es de leitores. A literatura Young Adult (YA), g\u00eanero que conquistou leitores de todas as idades ao abordar temas intensos e atuais com linguagem acess\u00edvel, ser\u00e1 o foco de uma palestra\u2026","rel":"","context":"Em &quot;Cultura&quot;","block_context":{"text":"Cultura","link":"https:\/\/diariodegarca.com\/?cat=2367"},"img":{"alt_text":"","src":"https:\/\/i0.wp.com\/diariodegarca.com\/wp-content\/uploads\/2025\/11\/foto-Narrativas-Young-Adult-Felipe-Cabral-e1762347333977.jpg?fit=1200%2C903&ssl=1&resize=350%2C200","width":350,"height":200,"srcset":"https:\/\/i0.wp.com\/diariodegarca.com\/wp-content\/uploads\/2025\/11\/foto-Narrativas-Young-Adult-Felipe-Cabral-e1762347333977.jpg?fit=1200%2C903&ssl=1&resize=350%2C200 1x, https:\/\/i0.wp.com\/diariodegarca.com\/wp-content\/uploads\/2025\/11\/foto-Narrativas-Young-Adult-Felipe-Cabral-e1762347333977.jpg?fit=1200%2C903&ssl=1&resize=525%2C300 1.5x, https:\/\/i0.wp.com\/diariodegarca.com\/wp-content\/uploads\/2025\/11\/foto-Narrativas-Young-Adult-Felipe-Cabral-e1762347333977.jpg?fit=1200%2C903&ssl=1&resize=700%2C400 2x, https:\/\/i0.wp.com\/diariodegarca.com\/wp-content\/uploads\/2025\/11\/foto-Narrativas-Young-Adult-Felipe-Cabral-e1762347333977.jpg?fit=1200%2C903&ssl=1&resize=1050%2C600 3x"},"classes":[]}],"_links":{"self":[{"href":"https:\/\/diariodegarca.com\/index.php?rest_route=\/wp\/v2\/posts\/8800","targetHints":{"allow":["GET"]}}],"collection":[{"href":"https:\/\/diariodegarca.com\/index.php?rest_route=\/wp\/v2\/posts"}],"about":[{"href":"https:\/\/diariodegarca.com\/index.php?rest_route=\/wp\/v2\/types\/post"}],"author":[{"embeddable":true,"href":"https:\/\/diariodegarca.com\/index.php?rest_route=\/wp\/v2\/users\/260896548"}],"replies":[{"embeddable":true,"href":"https:\/\/diariodegarca.com\/index.php?rest_route=%2Fwp%2Fv2%2Fcomments&post=8800"}],"version-history":[{"count":2,"href":"https:\/\/diariodegarca.com\/index.php?rest_route=\/wp\/v2\/posts\/8800\/revisions"}],"predecessor-version":[{"id":8803,"href":"https:\/\/diariodegarca.com\/index.php?rest_route=\/wp\/v2\/posts\/8800\/revisions\/8803"}],"wp:featuredmedia":[{"embeddable":true,"href":"https:\/\/diariodegarca.com\/index.php?rest_route=\/wp\/v2\/media\/8801"}],"wp:attachment":[{"href":"https:\/\/diariodegarca.com\/index.php?rest_route=%2Fwp%2Fv2%2Fmedia&parent=8800"}],"wp:term":[{"taxonomy":"category","embeddable":true,"href":"https:\/\/diariodegarca.com\/index.php?rest_route=%2Fwp%2Fv2%2Fcategories&post=8800"},{"taxonomy":"post_tag","embeddable":true,"href":"https:\/\/diariodegarca.com\/index.php?rest_route=%2Fwp%2Fv2%2Ftags&post=8800"}],"curies":[{"name":"wp","href":"https:\/\/api.w.org\/{rel}","templated":true}]}}