{"id":8842,"date":"2025-11-19T12:29:38","date_gmt":"2025-11-19T15:29:38","guid":{"rendered":"https:\/\/diariodegarca.com\/?p=8842"},"modified":"2025-11-19T12:29:38","modified_gmt":"2025-11-19T15:29:38","slug":"a-equiparacao-legal-entre-os-crimes-de-racismo-e-injuria-racial","status":"publish","type":"post","link":"https:\/\/diariodegarca.com\/?p=8842","title":{"rendered":"A equipara\u00e7\u00e3o legal entre os crimes de Racismo e Inj\u00faria Racial"},"content":{"rendered":"\n<p class=\"wp-block-paragraph\">O crime de racismo est\u00e1 previsto na <strong>Lei n\u00ba 7.716\/1989<\/strong>, destinada \u00e0 prote\u00e7\u00e3o de uma coletividade de indiv\u00edduos. Seu objetivo \u00e9 combater pr\u00e1ticas discriminat\u00f3rias que restrinjam ou impe\u00e7am o exerc\u00edcio de direitos de um grupo social inteiro, com base em ra\u00e7a, cor, etnia, religi\u00e3o ou proced\u00eancia nacional.<br>Por atingir a sociedade de forma mais ampla, trata-se de crime inafian\u00e7\u00e1vel, imprescrit\u00edvel e de a\u00e7\u00e3o penal p\u00fablica incondicionada, ou seja, sua apura\u00e7\u00e3o independe de representa\u00e7\u00e3o da v\u00edtima.<\/p>\n\n\n\n<p class=\"wp-block-paragraph\">Exemplos de racismo:<\/p>\n\n\n\n<ul class=\"wp-block-list\">\n<li>Proibir a entrada de pessoas negras em um estabelecimento comercial ou clube, em raz\u00e3o da cor.<\/li>\n\n\n\n<li>Negar emprego ou impedir promo\u00e7\u00e3o funcional de candidato ou funcion\u00e1rio em raz\u00e3o da etnia ou origem.<\/li>\n\n\n\n<li>Praticar, induzir ou incitar discrimina\u00e7\u00e3o ou preconceito por meios de comunica\u00e7\u00e3o, como disseminar mensagens de \u00f3dio racial que atinjam um grupo inteiro.<\/li>\n<\/ul>\n\n\n\n<p class=\"wp-block-paragraph\"><strong>A equipara\u00e7\u00e3o da inj\u00faria racial ao crime de racismo pela Lei n\u00ba 14.532\/2023<\/strong><\/p>\n\n\n\n<p class=\"wp-block-paragraph\">Historicamente, a inj\u00faria racial consistia em ofensa dirigida a uma pessoa espec\u00edfica, utilizando elementos referentes \u00e0 ra\u00e7a, cor, etnia, religi\u00e3o ou proced\u00eancia nacional, afetando sua honra subjetiva \u2014 e n\u00e3o todo um grupo social.<\/p>\n\n\n\n<p class=\"wp-block-paragraph\">Com a promulga\u00e7\u00e3o da Lei n\u00ba 14.532\/2023, a conduta de injuriar algu\u00e9m com tais elementos passou a integrar a Lei de Crimes Raciais (Lei n\u00ba 7.716\/1989).<br>Assim, a inj\u00faria racial foi equiparada ao crime de racismo, passando a compartilhar suas caracter\u00edsticas mais severas como a <strong>imprescritibilidade, inafian\u00e7abilidade e pena de reclus\u00e3o de 2 a 5 anos.<\/strong><\/p>\n\n\n\n<p class=\"wp-block-paragraph\">Essa equipara\u00e7\u00e3o reconhece que a inj\u00faria racial \u00e9 uma das manifesta\u00e7\u00f5es mais frequentes do racismo estrutural no Brasil, raz\u00e3o pela qual recebeu maior gravidade jur\u00eddica.<\/p>\n\n\n\n<p class=\"wp-block-paragraph\">Exemplos de inj\u00faria racial:<\/p>\n\n\n\n<ul class=\"wp-block-list\">\n<li>Chamar uma pessoa de \u201cmacaco\u201d ou utilizar outro termo pejorativo de cunho racial durante uma discuss\u00e3o.<\/li>\n\n\n\n<li>Ofender a dignidade de um colega de trabalho com express\u00f5es depreciativas relacionadas \u00e0 cor ou etnia.<\/li>\n<\/ul>\n\n\n\n<p class=\"wp-block-paragraph\"><strong>Responsabilidade penal e civil<\/strong><\/p>\n\n\n\n<p class=\"wp-block-paragraph\">Tanto o racismo quanto a inj\u00faria racial geram, al\u00e9m da responsabiliza\u00e7\u00e3o penal, a responsabilidade civil. Assim, o agressor pode ser condenado a <strong>indenizar a v\u00edtima por danos morais<\/strong>, considerando-se fatores como:<\/p>\n\n\n\n<ul class=\"wp-block-list\">\n<li>gravidade da ofensa;<\/li>\n\n\n\n<li>repercuss\u00e3o do fato;<\/li>\n\n\n\n<li>condi\u00e7\u00e3o econ\u00f4mica do ofensor;<\/li>\n\n\n\n<li>provas apresentadas (v\u00eddeos, testemunhas, prints, B.O. etc.).<\/li>\n<\/ul>\n\n\n\n<p class=\"wp-block-paragraph\">Os tribunais brasileiros t\u00eam fixado valores que variam conforme o caso concreto, podendo ir desde quantias mais moderadas at\u00e9 indeniza\u00e7\u00f5es expressivas em situa\u00e7\u00f5es de maior preju\u00edzo ou ampla repercuss\u00e3o social.<\/p>\n\n\n\n<p class=\"wp-block-paragraph\"><strong>Reflex\u00e3o no Dia da Consci\u00eancia Negra<\/strong><\/p>\n\n\n\n<p class=\"wp-block-paragraph\">\u00c0s v\u00e9speras do Dia da Consci\u00eancia Negra,<strong> <\/strong>celebrado em 20 de novembro, refor\u00e7a-se a necessidade de reflex\u00e3o sobre a resist\u00eancia hist\u00f3rica da popula\u00e7\u00e3o negra no Brasil. Mais do que uma data comemorativa, trata-se de um convite para que toda a sociedade se engaje ativamente na promo\u00e7\u00e3o da igualdade racial e no combate firme e cont\u00ednuo ao racismo, em todas as suas formas.<\/p>\n\n\n\n<p class=\"wp-block-paragraph\">Saiba mais:<\/p>\n\n\n\n<p class=\"wp-block-paragraph\"><a href=\"https:\/\/www.planalto.gov.br\/ccivil_03\/Leis\/L7716.htm\">L7716<\/a><\/p>\n\n\n\n<p class=\"wp-block-paragraph\"><a href=\"https:\/\/www.planalto.gov.br\/ccivil_03\/_Ato2023-2026\/2023\/Lei\/L14532.htm\">L14532<\/a><\/p>\n\n\n\n<p class=\"wp-block-paragraph\"><\/p>\n","protected":false},"excerpt":{"rendered":"<p>O crime de racismo est\u00e1 previsto na Lei n\u00ba 7.716\/1989, destinada \u00e0 prote\u00e7\u00e3o de uma coletividade de indiv\u00edduos. Seu objetivo \u00e9 combater pr\u00e1ticas discriminat\u00f3rias que restrinjam ou impe\u00e7am o exerc\u00edcio de direitos de um grupo social inteiro, com base em ra\u00e7a, cor, etnia, religi\u00e3o ou proced\u00eancia nacional.Por atingir a sociedade de forma mais ampla, trata-se [&hellip;]<\/p>\n","protected":false},"author":260896549,"featured_media":8846,"comment_status":"open","ping_status":"open","sticky":false,"template":"","format":"standard","meta":{"_crdt_document":"","_monsterinsights_skip_tracking":false,"_monsterinsights_sitenote_active":false,"_monsterinsights_sitenote_note":"","_monsterinsights_sitenote_category":0,"advanced_seo_description":"Entenda como a Lei n\u00ba 7.716\/1989 combate o racismo e a nova Lei n\u00ba 14.532\/2023 equipara a inj\u00faria racial a este crime inafian\u00e7\u00e1vel.","jetpack_seo_html_title":"Entenda o Crime de Racismo e suas Implica\u00e7\u00f5es Legais","jetpack_seo_noindex":false,"_jetpack_newsletter_access":"","_jetpack_dont_email_post_to_subs":false,"_jetpack_newsletter_tier_id":0,"_jetpack_memberships_contains_paywalled_content":false,"_jetpack_memberships_contains_paid_content":false,"footnotes":"","jetpack_publicize_message":"","jetpack_publicize_feature_enabled":true,"jetpack_social_post_already_shared":false,"jetpack_social_options":{"image_generator_settings":{"template":"highway","default_image_id":0,"font":"","enabled":false},"version":2},"_wpas_customize_per_network":false,"jetpack_post_was_ever_published":false},"categories":[38185,781171857],"tags":[],"class_list":["post-8842","post","type-post","status-publish","format-standard","has-post-thumbnail","hentry","category-brasil","category-juridico"],"jetpack_publicize_connections":[],"jetpack_featured_media_url":"https:\/\/i0.wp.com\/diariodegarca.com\/wp-content\/uploads\/2025\/11\/maos-multirraciais-se-juntando-e1763575712115.jpg?fit=4022%2C3437&ssl=1","jetpack_likes_enabled":true,"jetpack_sharing_enabled":true,"jetpack_shortlink":"https:\/\/wp.me\/pgitne-2iC","jetpack-related-posts":[{"id":4060,"url":"https:\/\/diariodegarca.com\/?p=4060","url_meta":{"origin":8842,"position":0},"title":"Junho Arco-\u00edris: m\u00eas do orgulho LGBTQIA+ e a luta contra a homofobia e a transfobia","author":"Di\u00e1rio de Gar\u00e7a","date":"19 de junho de 2025","format":false,"excerpt":"Campanha internacional celebra diversidade, promove respeito e alerta para viol\u00eancias sofridas pela comunidade LGBTQIA+. Entenda o significado, a import\u00e2ncia e como combater a discrimina\u00e7\u00e3o. O\u00a0M\u00eas Internacional do Orgulho LGBTQIA+, conhecido como\u00a0Junho Arco-\u00cdris, \u00e9 um per\u00edodo dedicado \u00e0\u00a0visibilidade, celebra\u00e7\u00e3o e luta\u00a0pelos direitos da comunidade. A data marca a\u00a0Rebeli\u00e3o de Stonewall\u00a0(1969), nos\u2026","rel":"","context":"Em &quot;Brasil&quot;","block_context":{"text":"Brasil","link":"https:\/\/diariodegarca.com\/?cat=38185"},"img":{"alt_text":"","src":"https:\/\/i0.wp.com\/diariodegarca.com\/wp-content\/uploads\/2025\/06\/retrato-de-pessoas-com-arco-iris-colorido-de-seus-pensamentos-e-cerebro-em-fundo-azul.jpg?fit=673%2C1200&ssl=1&resize=350%2C200","width":350,"height":200,"srcset":"https:\/\/i0.wp.com\/diariodegarca.com\/wp-content\/uploads\/2025\/06\/retrato-de-pessoas-com-arco-iris-colorido-de-seus-pensamentos-e-cerebro-em-fundo-azul.jpg?fit=673%2C1200&ssl=1&resize=350%2C200 1x, https:\/\/i0.wp.com\/diariodegarca.com\/wp-content\/uploads\/2025\/06\/retrato-de-pessoas-com-arco-iris-colorido-de-seus-pensamentos-e-cerebro-em-fundo-azul.jpg?fit=673%2C1200&ssl=1&resize=525%2C300 1.5x"},"classes":[]},{"id":9002,"url":"https:\/\/diariodegarca.com\/?p=9002","url_meta":{"origin":8842,"position":1},"title":"Indeniza\u00e7\u00e3o por Danos Morais na Lei Maria da Penha: um Direito que Fortalece a Prote\u00e7\u00e3o da Mulher","author":"Maria Thereza S. Pereira","date":"25 de novembro de 2025","format":false,"excerpt":"A Lei n\u00ba 11.340\/2006, ao estabelecer um sistema jur\u00eddico pr\u00f3prio para o enfrentamento da viol\u00eancia dom\u00e9stica e familiar contra a mulher, adotou a diretriz da prote\u00e7\u00e3o integral da v\u00edtima. Essa prote\u00e7\u00e3o abrange medidas de urg\u00eancia, instrumentos de responsabiliza\u00e7\u00e3o penal e o direito \u00e0 repara\u00e7\u00e3o civil pelos danos decorrentes da viol\u00eancia,\u2026","rel":"","context":"Em &quot;Brasil&quot;","block_context":{"text":"Brasil","link":"https:\/\/diariodegarca.com\/?cat=38185"},"img":{"alt_text":"","src":"https:\/\/i0.wp.com\/diariodegarca.com\/wp-content\/uploads\/2025\/11\/retrato-de-uma-juiza-para-o-dia-internacional-das-juizas.jpg?fit=1200%2C820&ssl=1&resize=350%2C200","width":350,"height":200,"srcset":"https:\/\/i0.wp.com\/diariodegarca.com\/wp-content\/uploads\/2025\/11\/retrato-de-uma-juiza-para-o-dia-internacional-das-juizas.jpg?fit=1200%2C820&ssl=1&resize=350%2C200 1x, https:\/\/i0.wp.com\/diariodegarca.com\/wp-content\/uploads\/2025\/11\/retrato-de-uma-juiza-para-o-dia-internacional-das-juizas.jpg?fit=1200%2C820&ssl=1&resize=525%2C300 1.5x, https:\/\/i0.wp.com\/diariodegarca.com\/wp-content\/uploads\/2025\/11\/retrato-de-uma-juiza-para-o-dia-internacional-das-juizas.jpg?fit=1200%2C820&ssl=1&resize=700%2C400 2x, https:\/\/i0.wp.com\/diariodegarca.com\/wp-content\/uploads\/2025\/11\/retrato-de-uma-juiza-para-o-dia-internacional-das-juizas.jpg?fit=1200%2C820&ssl=1&resize=1050%2C600 3x"},"classes":[]},{"id":10022,"url":"https:\/\/diariodegarca.com\/?p=10022","url_meta":{"origin":8842,"position":2},"title":"Minist\u00e9rio da Justi\u00e7a cria sistema nacional \u00fanico de informa\u00e7\u00f5es criminais e padroniza reconhecimento de pessoas","author":"Di\u00e1rio de Gar\u00e7a","date":"10 de janeiro de 2026","format":false,"excerpt":"Portarias assinadas por Ricardo Lewandowski estabelecem base nacional para certid\u00f5es criminais e novas regras para evitar erros judiciais em investiga\u00e7\u00f5es policiais O Minist\u00e9rio da Justi\u00e7a e Seguran\u00e7a P\u00fablica deu um passo na reorganiza\u00e7\u00e3o e padroniza\u00e7\u00e3o do uso de informa\u00e7\u00f5es criminais no pa\u00eds. Na segunda-feira, 5 de janeiro, foram assinadas duas\u2026","rel":"","context":"Em &quot;Seguran\u00e7a&quot;","block_context":{"text":"Seguran\u00e7a","link":"https:\/\/diariodegarca.com\/?cat=21243"},"img":{"alt_text":"","src":"https:\/\/i0.wp.com\/diariodegarca.com\/wp-content\/uploads\/2026\/01\/Ministerio-da-Justica.jpg?fit=760%2C508&ssl=1&resize=350%2C200","width":350,"height":200,"srcset":"https:\/\/i0.wp.com\/diariodegarca.com\/wp-content\/uploads\/2026\/01\/Ministerio-da-Justica.jpg?fit=760%2C508&ssl=1&resize=350%2C200 1x, https:\/\/i0.wp.com\/diariodegarca.com\/wp-content\/uploads\/2026\/01\/Ministerio-da-Justica.jpg?fit=760%2C508&ssl=1&resize=525%2C300 1.5x, https:\/\/i0.wp.com\/diariodegarca.com\/wp-content\/uploads\/2026\/01\/Ministerio-da-Justica.jpg?fit=760%2C508&ssl=1&resize=700%2C400 2x"},"classes":[]},{"id":7998,"url":"https:\/\/diariodegarca.com\/?p=7998","url_meta":{"origin":8842,"position":3},"title":"Jovem \u00e9 preso ap\u00f3s furtar carro para &#8220;levantar dinheiro na biqueira&#8221; em Tup\u00e3","author":"Andreza Sega","date":"24 de outubro de 2025","format":false,"excerpt":"A\u00e7\u00e3o r\u00e1pida da Pol\u00edcia Militar resultou na recupera\u00e7\u00e3o do ve\u00edculo e na pris\u00e3o em flagrante do suspeito, que confessou o crime e ainda deu o motivo por comet\u00ea-lo. Policiais militares do 9\u00ba Batalh\u00e3o de Pol\u00edcia Militar do Interior prenderam, na manh\u00e3 da \u00faltima quarta-feira, 22 de outubro, um jovem por\u2026","rel":"","context":"Em &quot;Seguran\u00e7a&quot;","block_context":{"text":"Seguran\u00e7a","link":"https:\/\/diariodegarca.com\/?cat=21243"},"img":{"alt_text":"","src":"https:\/\/i0.wp.com\/diariodegarca.com\/wp-content\/uploads\/2025\/10\/SnapInsta.to_566388917_18321822625246526_4398518118625135480_n-e1761326777909.jpg?fit=1080%2C742&ssl=1&resize=350%2C200","width":350,"height":200,"srcset":"https:\/\/i0.wp.com\/diariodegarca.com\/wp-content\/uploads\/2025\/10\/SnapInsta.to_566388917_18321822625246526_4398518118625135480_n-e1761326777909.jpg?fit=1080%2C742&ssl=1&resize=350%2C200 1x, https:\/\/i0.wp.com\/diariodegarca.com\/wp-content\/uploads\/2025\/10\/SnapInsta.to_566388917_18321822625246526_4398518118625135480_n-e1761326777909.jpg?fit=1080%2C742&ssl=1&resize=525%2C300 1.5x, https:\/\/i0.wp.com\/diariodegarca.com\/wp-content\/uploads\/2025\/10\/SnapInsta.to_566388917_18321822625246526_4398518118625135480_n-e1761326777909.jpg?fit=1080%2C742&ssl=1&resize=700%2C400 2x, https:\/\/i0.wp.com\/diariodegarca.com\/wp-content\/uploads\/2025\/10\/SnapInsta.to_566388917_18321822625246526_4398518118625135480_n-e1761326777909.jpg?fit=1080%2C742&ssl=1&resize=1050%2C600 3x"},"classes":[]},{"id":2491,"url":"https:\/\/diariodegarca.com\/?p=2491","url_meta":{"origin":8842,"position":4},"title":"Abril Azul: M\u00eas de Conscientiza\u00e7\u00e3o sobre o Autismo","author":"Di\u00e1rio de Gar\u00e7a","date":"2 de abril de 2025","format":false,"excerpt":"O\u00a0Abril Azul\u00a0\u00e9 uma campanha mundial dedicada \u00e0\u00a0conscientiza\u00e7\u00e3o sobre o Transtorno do Espectro Autista (TEA), com o objetivo de\u00a0promover informa\u00e7\u00e3o, combater preconceitos e incentivar a inclus\u00e3o\u00a0de pessoas autistas na sociedade. A cor azul, escolhida como s\u00edmbolo da campanha, remete \u00e0 maior preval\u00eancia do diagn\u00f3stico em meninos, embora o autismo tamb\u00e9m ocorra\u2026","rel":"","context":"Em &quot;Brasil&quot;","block_context":{"text":"Brasil","link":"https:\/\/diariodegarca.com\/?cat=38185"},"img":{"alt_text":"","src":"https:\/\/i0.wp.com\/blogger.googleusercontent.com\/img\/b\/R29vZ2xl\/AVvXsEglMof9KlCQ_2Ym6XzO9o4byD2V3osh16j0-4E1jYKUeuFPZiAtSVOvBPI_ic9luIb6ySK3J-R9lY6vDAoexJmwzN25ljYrEaOogIgx-VzRv7vBWNeScXVr2ApuRoNtR0zh0Q95bdXUbnuelJx0tFjSOsGieARfMHLJyqGyA2b6FYZ5Ak3t7qYcfPCAyGo\/s320\/Abril%20azul%20conscientiza%C3%A7%C3%A3o%20sobre%20autismo%20moderno%20e%20azul%20Post%20do%20instagram.png?resize=350%2C200&ssl=1","width":350,"height":200},"classes":[]},{"id":5682,"url":"https:\/\/diariodegarca.com\/?p=5682","url_meta":{"origin":8842,"position":5},"title":"&#8220;Agosto Lil\u00e1s&#8221; leva conscientiza\u00e7\u00e3o sobre viol\u00eancia dom\u00e9stica a Lup\u00e9rcio, G\u00e1lia e Gar\u00e7a","author":"Di\u00e1rio de Gar\u00e7a","date":"15 de agosto de 2025","format":false,"excerpt":"Palestras da Pol\u00edcia Militar e da Pol\u00edcia Civil orientam mulheres sobre o aplicativo SOS Mulher; Opera\u00e7\u00e3o Shamar prende 8 homens por crimes de viol\u00eancia ou relacionados a pens\u00e3o aliment\u00edcia na regi\u00e3o. Nos munic\u00edpios de Lup\u00e9rcio e G\u00e1lia, a Pol\u00edcia Militar, representada pelos comandantes Subtenente PM Rog\u00e9rio Mecenero e 1\u00ba Sgt\u2026","rel":"","context":"Em &quot;Campanha mensal&quot;","block_context":{"text":"Campanha mensal","link":"https:\/\/diariodegarca.com\/?cat=582590134"},"img":{"alt_text":"","src":"https:\/\/i0.wp.com\/diariodegarca.com\/wp-content\/uploads\/2025\/08\/whatsapp-image-2025-08-15-at-17.47.04.jpeg?fit=1080%2C1074&ssl=1&resize=350%2C200","width":350,"height":200,"srcset":"https:\/\/i0.wp.com\/diariodegarca.com\/wp-content\/uploads\/2025\/08\/whatsapp-image-2025-08-15-at-17.47.04.jpeg?fit=1080%2C1074&ssl=1&resize=350%2C200 1x, https:\/\/i0.wp.com\/diariodegarca.com\/wp-content\/uploads\/2025\/08\/whatsapp-image-2025-08-15-at-17.47.04.jpeg?fit=1080%2C1074&ssl=1&resize=525%2C300 1.5x, https:\/\/i0.wp.com\/diariodegarca.com\/wp-content\/uploads\/2025\/08\/whatsapp-image-2025-08-15-at-17.47.04.jpeg?fit=1080%2C1074&ssl=1&resize=700%2C400 2x, https:\/\/i0.wp.com\/diariodegarca.com\/wp-content\/uploads\/2025\/08\/whatsapp-image-2025-08-15-at-17.47.04.jpeg?fit=1080%2C1074&ssl=1&resize=1050%2C600 3x"},"classes":[]}],"_links":{"self":[{"href":"https:\/\/diariodegarca.com\/index.php?rest_route=\/wp\/v2\/posts\/8842","targetHints":{"allow":["GET"]}}],"collection":[{"href":"https:\/\/diariodegarca.com\/index.php?rest_route=\/wp\/v2\/posts"}],"about":[{"href":"https:\/\/diariodegarca.com\/index.php?rest_route=\/wp\/v2\/types\/post"}],"author":[{"embeddable":true,"href":"https:\/\/diariodegarca.com\/index.php?rest_route=\/wp\/v2\/users\/260896549"}],"replies":[{"embeddable":true,"href":"https:\/\/diariodegarca.com\/index.php?rest_route=%2Fwp%2Fv2%2Fcomments&post=8842"}],"version-history":[{"count":4,"href":"https:\/\/diariodegarca.com\/index.php?rest_route=\/wp\/v2\/posts\/8842\/revisions"}],"predecessor-version":[{"id":8847,"href":"https:\/\/diariodegarca.com\/index.php?rest_route=\/wp\/v2\/posts\/8842\/revisions\/8847"}],"wp:featuredmedia":[{"embeddable":true,"href":"https:\/\/diariodegarca.com\/index.php?rest_route=\/wp\/v2\/media\/8846"}],"wp:attachment":[{"href":"https:\/\/diariodegarca.com\/index.php?rest_route=%2Fwp%2Fv2%2Fmedia&parent=8842"}],"wp:term":[{"taxonomy":"category","embeddable":true,"href":"https:\/\/diariodegarca.com\/index.php?rest_route=%2Fwp%2Fv2%2Fcategories&post=8842"},{"taxonomy":"post_tag","embeddable":true,"href":"https:\/\/diariodegarca.com\/index.php?rest_route=%2Fwp%2Fv2%2Ftags&post=8842"}],"curies":[{"name":"wp","href":"https:\/\/api.w.org\/{rel}","templated":true}]}}