{"id":9026,"date":"2025-11-25T15:05:48","date_gmt":"2025-11-25T18:05:48","guid":{"rendered":"https:\/\/diariodegarca.com\/?p=9026"},"modified":"2025-11-25T15:05:48","modified_gmt":"2025-11-25T18:05:48","slug":"rotary-club-de-garca-real-homenageia-grupo-escoteiro-pelos-101-anos-do-escotismo-no-brasil","status":"publish","type":"post","link":"https:\/\/diariodegarca.com\/?p=9026","title":{"rendered":"Rotary Club de Gar\u00e7a Real homenageia Grupo Escoteiro pelos 101 anos do escotismo no Brasil"},"content":{"rendered":"\n<p class=\"wp-block-paragraph\"><em>Certificado de Reconhecimento destaca a forma\u00e7\u00e3o de jovens l\u00edderes e o servi\u00e7o \u00e0 comunidade prestado pelo grupo 203\/SP.<\/em><\/p>\n\n\n\n<p class=\"wp-block-paragraph\">Em celebra\u00e7\u00e3o aos 101 anos do Escotismo no Brasil, o Grupo Escoteiro Santo Ant\u00f4nio de Gar\u00e7a (203\/SP) foi agraciado com um Certificado de Reconhecimento pelo Rotary Club de Gar\u00e7a Real. A homenagem, ocorrida no dia 6 de novembro, refor\u00e7a publicamente o valor do movimento escoteiro na cidade.<\/p>\n\n\n\n<p class=\"wp-block-paragraph\">O certificado, concedido pelo Distrito 4510 do Rotary, foi assinado pela presidente do clube para a gest\u00e3o 2025-26, Elaine de Oliveira C\u00e2ndido, e pelo secret\u00e1rio Cezar Panzeti. O documento expressa o &#8220;profundo respeito e gratid\u00e3o&#8221; do Rotary pelo trabalho desenvolvido pela Uni\u00e3o dos Escoteiros do Brasil (UEB).<\/p>\n\n\n\n<p class=\"wp-block-paragraph\">No certificado h\u00e1 destaque a contribui\u00e7\u00e3o do escotismo na forma\u00e7\u00e3o de &#8220;jovens l\u00edderes, cidad\u00e3os \u00e9ticos e comprometidos com o servi\u00e7o \u00e0 comunidade&#8221;, reconhecendo as &#8220;marcas positivas por onde passam&#8221; ao longo de mais de um s\u00e9culo de atua\u00e7\u00e3o no pa\u00eds.<\/p>\n\n\n\n<figure class=\"wp-block-image size-large\"><img data-recalc-dims=\"1\" loading=\"lazy\" decoding=\"async\" width=\"800\" height=\"800\" data-attachment-id=\"9032\" data-permalink=\"https:\/\/diariodegarca.com\/?attachment_id=9032\" data-orig-file=\"https:\/\/i0.wp.com\/diariodegarca.com\/wp-content\/uploads\/2025\/11\/SnapInsta.to_581417611_18100544131775850_4486949584019687299_n.webp?fit=1080%2C1080&amp;ssl=1\" data-orig-size=\"1080,1080\" data-comments-opened=\"1\" data-image-meta=\"{&quot;aperture&quot;:&quot;0&quot;,&quot;credit&quot;:&quot;&quot;,&quot;camera&quot;:&quot;&quot;,&quot;caption&quot;:&quot;&quot;,&quot;created_timestamp&quot;:&quot;0&quot;,&quot;copyright&quot;:&quot;&quot;,&quot;focal_length&quot;:&quot;0&quot;,&quot;iso&quot;:&quot;0&quot;,&quot;shutter_speed&quot;:&quot;0&quot;,&quot;title&quot;:&quot;&quot;,&quot;orientation&quot;:&quot;0&quot;}\" data-image-title=\"rotary &amp;#8211; escoteiros\" data-image-description=\"\" data-image-caption=\"\" data-large-file=\"https:\/\/i0.wp.com\/diariodegarca.com\/wp-content\/uploads\/2025\/11\/SnapInsta.to_581417611_18100544131775850_4486949584019687299_n.webp?fit=800%2C800&amp;ssl=1\" src=\"https:\/\/i0.wp.com\/diariodegarca.com\/wp-content\/uploads\/2025\/11\/SnapInsta.to_581417611_18100544131775850_4486949584019687299_n.webp?resize=800%2C800&#038;ssl=1\" alt=\"Certificado de Reconhecimento do Grupo Escoteiro Santo Ant\u00f4nio de Gar\u00e7a, apresentado pelo Rotary Club de Gar\u00e7a Real, com um martelo e um sino ao lado, em uma mesa com toalha xadrez.\" class=\"wp-image-9032\" srcset=\"https:\/\/i0.wp.com\/diariodegarca.com\/wp-content\/uploads\/2025\/11\/SnapInsta.to_581417611_18100544131775850_4486949584019687299_n.webp?resize=1024%2C1024&amp;ssl=1 1024w, https:\/\/i0.wp.com\/diariodegarca.com\/wp-content\/uploads\/2025\/11\/SnapInsta.to_581417611_18100544131775850_4486949584019687299_n.webp?resize=300%2C300&amp;ssl=1 300w, https:\/\/i0.wp.com\/diariodegarca.com\/wp-content\/uploads\/2025\/11\/SnapInsta.to_581417611_18100544131775850_4486949584019687299_n.webp?resize=150%2C150&amp;ssl=1 150w, https:\/\/i0.wp.com\/diariodegarca.com\/wp-content\/uploads\/2025\/11\/SnapInsta.to_581417611_18100544131775850_4486949584019687299_n.webp?resize=768%2C768&amp;ssl=1 768w, https:\/\/i0.wp.com\/diariodegarca.com\/wp-content\/uploads\/2025\/11\/SnapInsta.to_581417611_18100544131775850_4486949584019687299_n.webp?w=1080&amp;ssl=1 1080w\" sizes=\"auto, (max-width: 800px) 100vw, 800px\" \/><\/figure>\n","protected":false},"excerpt":{"rendered":"<p>Certificado de Reconhecimento destaca a forma\u00e7\u00e3o de jovens l\u00edderes e o servi\u00e7o \u00e0 comunidade prestado pelo grupo 203\/SP. Em celebra\u00e7\u00e3o aos 101 anos do Escotismo no Brasil, o Grupo Escoteiro Santo Ant\u00f4nio de Gar\u00e7a (203\/SP) foi agraciado com um Certificado de Reconhecimento pelo Rotary Club de Gar\u00e7a Real. A homenagem, ocorrida no dia 6 de [&hellip;]<\/p>\n","protected":false},"author":260896548,"featured_media":9031,"comment_status":"open","ping_status":"open","sticky":false,"template":"","format":"standard","meta":{"_crdt_document":"","_monsterinsights_skip_tracking":false,"_monsterinsights_sitenote_active":false,"_monsterinsights_sitenote_note":"","_monsterinsights_sitenote_category":0,"advanced_seo_description":"O Grupo Escoteiro Santo Ant\u00f4nio de Gar\u00e7a \u00e9 reconhecido pelo Rotary Club por sua contribui\u00e7\u00e3o na forma\u00e7\u00e3o de jovens l\u00edderes e no servi\u00e7o \u00e0 comunidade.","jetpack_seo_html_title":"Grupo Escoteiro 203\/SP Recebe Certificado de Reconhecimento","jetpack_seo_noindex":false,"_jetpack_newsletter_access":"","_jetpack_dont_email_post_to_subs":false,"_jetpack_newsletter_tier_id":0,"_jetpack_memberships_contains_paywalled_content":false,"_jetpack_memberships_contains_paid_content":false,"footnotes":"","jetpack_publicize_message":"Rotary Club homenageia Grupo Escoteiro de Gar\u00e7a com Certificado de Reconhecimento \u269c\n\nEm novembro, o 203\/SP Grupo Escoteiro Santo Ant\u00f4nio recebeu uma homenagem p\u00fablica do Rotary Club de Gar\u00e7a Real. O certificado celebra os 101 anos do Escotismo no Brasil e reconhece o trabalho do grupo local na forma\u00e7\u00e3o de jovens l\u00edderes e cidad\u00e3os \u00e9ticos, comprometidos com o servi\u00e7o \u00e0 comunidade.\n\n\ud83d\udc49 Leia a mat\u00e9ria em: diariodegarca.com\n\n#EscoteirosDeGarca #RotaryGarcaReal #GrupoSantoAntonio #Homenagem #Servi\u00e7o\u00c0Comunidade #Gar\u00e7aSP","jetpack_publicize_feature_enabled":true,"jetpack_social_post_already_shared":false,"jetpack_social_options":{"image_generator_settings":{"template":"highway","default_image_id":0,"font":"","enabled":false},"version":2},"_wpas_customize_per_network":false,"jetpack_post_was_ever_published":false},"categories":[781171849,781171664],"tags":[],"class_list":["post-9026","post","type-post","status-publish","format-standard","has-post-thumbnail","hentry","category-causa-social","category-garca-cidade"],"jetpack_publicize_connections":[],"jetpack_featured_media_url":"https:\/\/i0.wp.com\/diariodegarca.com\/wp-content\/uploads\/2025\/11\/SnapInsta.to_581560214_18100544068775850_3945709654918337854_n-e1764093814938.webp?fit=1080%2C680&ssl=1","jetpack_likes_enabled":true,"jetpack_sharing_enabled":true,"jetpack_shortlink":"https:\/\/wp.me\/pgitne-2lA","jetpack-related-posts":[{"id":8152,"url":"https:\/\/diariodegarca.com\/?p=8152","url_meta":{"origin":9026,"position":0},"title":"Rotary Club de Gar\u00e7a Real promove venda de yakisoba em apoio a causas sociais","author":"Andreza Sega","date":"28 de outubro de 2025","format":false,"excerpt":"Bilhetes para o prato japon\u00eas j\u00e1 est\u00e3o \u00e0 venda, a retirada est\u00e1 marcada para o dia 29 de novembro. Toda a renda ser\u00e1 revertida para iniciativas de impacto social. O Rotary Club de Gar\u00e7a Real est\u00e1 mobilizando a comunidade em torno de mais uma a\u00e7\u00e3o beneficente: a venda de bilhetes\u2026","rel":"","context":"Em &quot;Causa social&quot;","block_context":{"text":"Causa social","link":"https:\/\/diariodegarca.com\/?cat=781171849"},"img":{"alt_text":"","src":"https:\/\/i0.wp.com\/diariodegarca.com\/wp-content\/uploads\/2025\/10\/macarrao-com-carne-e-legumes-na-mesa-preta-rotated.jpg?fit=1200%2C900&ssl=1&resize=350%2C200","width":350,"height":200,"srcset":"https:\/\/i0.wp.com\/diariodegarca.com\/wp-content\/uploads\/2025\/10\/macarrao-com-carne-e-legumes-na-mesa-preta-rotated.jpg?fit=1200%2C900&ssl=1&resize=350%2C200 1x, https:\/\/i0.wp.com\/diariodegarca.com\/wp-content\/uploads\/2025\/10\/macarrao-com-carne-e-legumes-na-mesa-preta-rotated.jpg?fit=1200%2C900&ssl=1&resize=525%2C300 1.5x, https:\/\/i0.wp.com\/diariodegarca.com\/wp-content\/uploads\/2025\/10\/macarrao-com-carne-e-legumes-na-mesa-preta-rotated.jpg?fit=1200%2C900&ssl=1&resize=700%2C400 2x, https:\/\/i0.wp.com\/diariodegarca.com\/wp-content\/uploads\/2025\/10\/macarrao-com-carne-e-legumes-na-mesa-preta-rotated.jpg?fit=1200%2C900&ssl=1&resize=1050%2C600 3x"},"classes":[]},{"id":6630,"url":"https:\/\/diariodegarca.com\/?p=6630","url_meta":{"origin":9026,"position":1},"title":"Rotary Club de Gar\u00e7a promove sess\u00e3o dupla de cinema com &#8220;Wicked&#8221; e &#8220;Premoni\u00e7\u00e3o 6&#8221;","author":"Di\u00e1rio de Gar\u00e7a","date":"12 de setembro de 2025","format":false,"excerpt":"Projeto Cineract exibe dois grandes sucessos do cinema no Teatro Municipal Miguel M\u00f4nico no domingo, com entrada solid\u00e1ria de 1kg de alimento n\u00e3o perec\u00edvel. O Rotary Club de Gar\u00e7a retoma seu projeto de exibi\u00e7\u00e3o de filmes, o\u00a0Cineract, com uma programa\u00e7\u00e3o diversificada para agradar a todos os gostos. No pr\u00f3ximo domingo,\u2026","rel":"","context":"Em &quot;Cinema&quot;","block_context":{"text":"Cinema","link":"https:\/\/diariodegarca.com\/?cat=597"},"img":{"alt_text":"","src":"https:\/\/i0.wp.com\/diariodegarca.com\/wp-content\/uploads\/2025\/09\/42a79fa0-a73d-11ef-a4fe-a3e9a6c5d640.jpg.webp?fit=640%2C359&ssl=1&resize=350%2C200","width":350,"height":200,"srcset":"https:\/\/i0.wp.com\/diariodegarca.com\/wp-content\/uploads\/2025\/09\/42a79fa0-a73d-11ef-a4fe-a3e9a6c5d640.jpg.webp?fit=640%2C359&ssl=1&resize=350%2C200 1x, https:\/\/i0.wp.com\/diariodegarca.com\/wp-content\/uploads\/2025\/09\/42a79fa0-a73d-11ef-a4fe-a3e9a6c5d640.jpg.webp?fit=640%2C359&ssl=1&resize=525%2C300 1.5x"},"classes":[]},{"id":7796,"url":"https:\/\/diariodegarca.com\/?p=7796","url_meta":{"origin":9026,"position":2},"title":"Bingo da solidariedade: divers\u00e3o e pr\u00eamios em apoio aos projetos do Lar Meimei em Gar\u00e7a","author":"Andreza Sega","date":"17 de outubro de 2025","format":false,"excerpt":"Evento no dia 8 de novembro, organizado pela Casa da Amizade com apoio do Rotary, vai arrecadar fundos para projetos desenvolvidos pela institui\u00e7\u00e3o, que h\u00e1 seis d\u00e9cadas transforma vidas no munic\u00edpio. Um evento que combina divers\u00e3o, a possibilidade de ganhar pr\u00eamios em dinheiro e, o mais importante, a chance de\u2026","rel":"","context":"Em &quot;Causa social&quot;","block_context":{"text":"Causa social","link":"https:\/\/diariodegarca.com\/?cat=781171849"},"img":{"alt_text":"","src":"https:\/\/i0.wp.com\/diariodegarca.com\/wp-content\/uploads\/2025\/10\/pessoas-jogando-bingo-juntas.jpg?fit=1200%2C800&ssl=1&resize=350%2C200","width":350,"height":200,"srcset":"https:\/\/i0.wp.com\/diariodegarca.com\/wp-content\/uploads\/2025\/10\/pessoas-jogando-bingo-juntas.jpg?fit=1200%2C800&ssl=1&resize=350%2C200 1x, https:\/\/i0.wp.com\/diariodegarca.com\/wp-content\/uploads\/2025\/10\/pessoas-jogando-bingo-juntas.jpg?fit=1200%2C800&ssl=1&resize=525%2C300 1.5x, https:\/\/i0.wp.com\/diariodegarca.com\/wp-content\/uploads\/2025\/10\/pessoas-jogando-bingo-juntas.jpg?fit=1200%2C800&ssl=1&resize=700%2C400 2x, https:\/\/i0.wp.com\/diariodegarca.com\/wp-content\/uploads\/2025\/10\/pessoas-jogando-bingo-juntas.jpg?fit=1200%2C800&ssl=1&resize=1050%2C600 3x"},"classes":[]},{"id":7788,"url":"https:\/\/diariodegarca.com\/?p=7788","url_meta":{"origin":9026,"position":3},"title":"Campanha de Polio busca reverter baixa ades\u00e3o \u00e0 vacina que previne paralisia infantil","author":"Andreza Sega","date":"17 de outubro de 2025","format":false,"excerpt":"Com apenas 74,44% do p\u00fablico-alvo vacinado, Gar\u00e7a est\u00e1 longe da meta de 95%; especialistas alertam para o risco de retorno de uma doen\u00e7a que pode ser fatal e deixar sequelas permanentes. A amea\u00e7a silenciosa da poliomielite, uma doen\u00e7a que o Brasil n\u00e3o v\u00ea circular desde 1994, paira sobre as cidades\u2026","rel":"","context":"Em &quot;Gar\u00e7a&quot;","block_context":{"text":"Gar\u00e7a","link":"https:\/\/diariodegarca.com\/?cat=781171664"},"img":{"alt_text":"","src":"https:\/\/i0.wp.com\/diariodegarca.com\/wp-content\/uploads\/2025\/10\/SnapInsta.to_467464732_1324459098713664_7762351577158532793_n-e1760795389194.jpg?fit=1080%2C750&ssl=1&resize=350%2C200","width":350,"height":200,"srcset":"https:\/\/i0.wp.com\/diariodegarca.com\/wp-content\/uploads\/2025\/10\/SnapInsta.to_467464732_1324459098713664_7762351577158532793_n-e1760795389194.jpg?fit=1080%2C750&ssl=1&resize=350%2C200 1x, https:\/\/i0.wp.com\/diariodegarca.com\/wp-content\/uploads\/2025\/10\/SnapInsta.to_467464732_1324459098713664_7762351577158532793_n-e1760795389194.jpg?fit=1080%2C750&ssl=1&resize=525%2C300 1.5x, https:\/\/i0.wp.com\/diariodegarca.com\/wp-content\/uploads\/2025\/10\/SnapInsta.to_467464732_1324459098713664_7762351577158532793_n-e1760795389194.jpg?fit=1080%2C750&ssl=1&resize=700%2C400 2x, https:\/\/i0.wp.com\/diariodegarca.com\/wp-content\/uploads\/2025\/10\/SnapInsta.to_467464732_1324459098713664_7762351577158532793_n-e1760795389194.jpg?fit=1080%2C750&ssl=1&resize=1050%2C600 3x"},"classes":[]},{"id":8095,"url":"https:\/\/diariodegarca.com\/?p=8095","url_meta":{"origin":9026,"position":4},"title":"Piramba Jetflex re\u00fane ciclistas em Gar\u00e7a com competi\u00e7\u00f5es acirradas e a\u00e7\u00f5es sociais","author":"Andreza Sega","date":"27 de outubro de 2025","format":false,"excerpt":"Evento esportivo movimentou a cidade com provas de mountain bike para atletas profissionais e amadores, al\u00e9m de bazar e pra\u00e7a de alimenta\u00e7\u00e3o beneficente, ado\u00e7\u00e3o de animais e shows de rock. O \u00faltimo final de semana foi de esporte e solidariedade ao redor da Concha Ac\u00fastica Maestro Geraldo Moises e do\u2026","rel":"","context":"Em &quot;Esporte&quot;","block_context":{"text":"Esporte","link":"https:\/\/diariodegarca.com\/?cat=10889"},"img":{"alt_text":"","src":"https:\/\/i0.wp.com\/diariodegarca.com\/wp-content\/uploads\/2025\/10\/WhatsApp-Image-2025-10-27-at-19.33.36.jpeg?fit=1200%2C800&ssl=1&resize=350%2C200","width":350,"height":200,"srcset":"https:\/\/i0.wp.com\/diariodegarca.com\/wp-content\/uploads\/2025\/10\/WhatsApp-Image-2025-10-27-at-19.33.36.jpeg?fit=1200%2C800&ssl=1&resize=350%2C200 1x, https:\/\/i0.wp.com\/diariodegarca.com\/wp-content\/uploads\/2025\/10\/WhatsApp-Image-2025-10-27-at-19.33.36.jpeg?fit=1200%2C800&ssl=1&resize=525%2C300 1.5x, https:\/\/i0.wp.com\/diariodegarca.com\/wp-content\/uploads\/2025\/10\/WhatsApp-Image-2025-10-27-at-19.33.36.jpeg?fit=1200%2C800&ssl=1&resize=700%2C400 2x, https:\/\/i0.wp.com\/diariodegarca.com\/wp-content\/uploads\/2025\/10\/WhatsApp-Image-2025-10-27-at-19.33.36.jpeg?fit=1200%2C800&ssl=1&resize=1050%2C600 3x"},"classes":[]},{"id":8809,"url":"https:\/\/diariodegarca.com\/?p=8809","url_meta":{"origin":9026,"position":5},"title":"Vereadora Elaine Oliveira anuncia mais de R$ 1 milh\u00e3o para Gar\u00e7a e reage a tentativas de intimida\u00e7\u00e3o pol\u00edtica","author":"Andreza Sega","date":"18 de novembro de 2025","format":false,"excerpt":"Durante discurso na C\u00e2mara, parlamentar do PSD destacou sua atua\u00e7\u00e3o independente, revelou den\u00fancias an\u00f4nimas direcionadas contra ela e classificou as a\u00e7\u00f5es como retalia\u00e7\u00e3o pol\u00edtica. Em um pronunciamento firme na 38\u00aa Sess\u00e3o Ordin\u00e1ria da C\u00e2mara Municipal de Gar\u00e7a, a vereadora Elaine Oliveira (PSD) anunciou a conquista de mais de R$ 1\u2026","rel":"","context":"Em &quot;Gar\u00e7a&quot;","block_context":{"text":"Gar\u00e7a","link":"https:\/\/diariodegarca.com\/?cat=781171664"},"img":{"alt_text":"","src":"https:\/\/i0.wp.com\/diariodegarca.com\/wp-content\/uploads\/2025\/11\/WhatsApp-Image-2025-11-18-at-13.15.53.jpeg?fit=1200%2C858&ssl=1&resize=350%2C200","width":350,"height":200,"srcset":"https:\/\/i0.wp.com\/diariodegarca.com\/wp-content\/uploads\/2025\/11\/WhatsApp-Image-2025-11-18-at-13.15.53.jpeg?fit=1200%2C858&ssl=1&resize=350%2C200 1x, https:\/\/i0.wp.com\/diariodegarca.com\/wp-content\/uploads\/2025\/11\/WhatsApp-Image-2025-11-18-at-13.15.53.jpeg?fit=1200%2C858&ssl=1&resize=525%2C300 1.5x, https:\/\/i0.wp.com\/diariodegarca.com\/wp-content\/uploads\/2025\/11\/WhatsApp-Image-2025-11-18-at-13.15.53.jpeg?fit=1200%2C858&ssl=1&resize=700%2C400 2x, https:\/\/i0.wp.com\/diariodegarca.com\/wp-content\/uploads\/2025\/11\/WhatsApp-Image-2025-11-18-at-13.15.53.jpeg?fit=1200%2C858&ssl=1&resize=1050%2C600 3x"},"classes":[]}],"_links":{"self":[{"href":"https:\/\/diariodegarca.com\/index.php?rest_route=\/wp\/v2\/posts\/9026","targetHints":{"allow":["GET"]}}],"collection":[{"href":"https:\/\/diariodegarca.com\/index.php?rest_route=\/wp\/v2\/posts"}],"about":[{"href":"https:\/\/diariodegarca.com\/index.php?rest_route=\/wp\/v2\/types\/post"}],"author":[{"embeddable":true,"href":"https:\/\/diariodegarca.com\/index.php?rest_route=\/wp\/v2\/users\/260896548"}],"replies":[{"embeddable":true,"href":"https:\/\/diariodegarca.com\/index.php?rest_route=%2Fwp%2Fv2%2Fcomments&post=9026"}],"version-history":[{"count":6,"href":"https:\/\/diariodegarca.com\/index.php?rest_route=\/wp\/v2\/posts\/9026\/revisions"}],"predecessor-version":[{"id":9034,"href":"https:\/\/diariodegarca.com\/index.php?rest_route=\/wp\/v2\/posts\/9026\/revisions\/9034"}],"wp:featuredmedia":[{"embeddable":true,"href":"https:\/\/diariodegarca.com\/index.php?rest_route=\/wp\/v2\/media\/9031"}],"wp:attachment":[{"href":"https:\/\/diariodegarca.com\/index.php?rest_route=%2Fwp%2Fv2%2Fmedia&parent=9026"}],"wp:term":[{"taxonomy":"category","embeddable":true,"href":"https:\/\/diariodegarca.com\/index.php?rest_route=%2Fwp%2Fv2%2Fcategories&post=9026"},{"taxonomy":"post_tag","embeddable":true,"href":"https:\/\/diariodegarca.com\/index.php?rest_route=%2Fwp%2Fv2%2Ftags&post=9026"}],"curies":[{"name":"wp","href":"https:\/\/api.w.org\/{rel}","templated":true}]}}