{"id":9042,"date":"2025-11-25T23:31:53","date_gmt":"2025-11-26T02:31:53","guid":{"rendered":"https:\/\/diariodegarca.com\/?p=9042"},"modified":"2025-11-25T23:31:53","modified_gmt":"2025-11-26T02:31:53","slug":"garca-da-salto-historico-e-se-consolida-entre-os-principais-polos-turisticos-do-interior-paulista","status":"publish","type":"post","link":"https:\/\/diariodegarca.com\/?p=9042","title":{"rendered":"Gar\u00e7a d\u00e1 salto hist\u00f3rico e se consolida entre os principais polos tur\u00edsticos do interior paulista"},"content":{"rendered":"\n<p class=\"wp-block-paragraph\"><em>Munic\u00edpio avan\u00e7ou 35 posi\u00e7\u00f5es no ranking oficial do Estado, saindo da 52\u00aa para a 17\u00aa coloca\u00e7\u00e3o entre os Munic\u00edpios de Interesse Tur\u00edstico (MIT) na lista de dados consolidados de 2024.<\/em><\/p>\n\n\n\n<p class=\"wp-block-paragraph\">Gar\u00e7a acaba de registrar uma das maiores ascens\u00f5es no cen\u00e1rio tur\u00edstico paulista. O munic\u00edpio conquistou a <strong>17\u00aa posi\u00e7\u00e3o no ranking dos Munic\u00edpios de Interesse Tur\u00edstico (MIT)<\/strong>, divulgado em 2025 <strong>com base em dados de 2024<\/strong>. O resultado representa um salto expressivo em rela\u00e7\u00e3o \u00e0 \u00faltima avalia\u00e7\u00e3o, quando a cidade ocupava a 52\u00aa coloca\u00e7\u00e3o. <\/p>\n\n\n\n<p class=\"wp-block-paragraph\"><strong>O que \u00e9 o MIT?<\/strong><\/p>\n\n\n\n<p class=\"wp-block-paragraph\">O Programa de <strong>Munic\u00edpios de Interesse Tur\u00edstico (MIT) <\/strong>\u00e9 uma iniciativa do Governo do Estado de S\u00e3o Paulo que classifica as cidades <strong>com base no seu potencial e na estrutura\u00e7\u00e3o da atividade tur\u00edstica<\/strong>. Diferente do t\u00edtulo de Est\u00e2ncia, que \u00e9 concedido a munic\u00edpios com atributos espec\u00edficos (como hidrominerais, clim\u00e1ticas ou de lazer), o MIT reconhece <strong>localidades que desenvolvem o turismo de forma estrat\u00e9gica e organizada<\/strong>.<\/p>\n\n\n\n<p class=\"wp-block-paragraph\">A classifica\u00e7\u00e3o no ranking n\u00e3o \u00e9 meramente simb\u00f3lica. Ela \u00e9 um crit\u00e9rio fundamental para que o munic\u00edpio tenha <strong>acesso a verbas estaduais destinadas ao turismo<\/strong>, por meio do Fundo de Turismo do Estado (Funturismo). Quanto melhor a posi\u00e7\u00e3o no ranking, maior a pontua\u00e7\u00e3o no crit\u00e9rio de contrapartida financeira, o que significa mais recursos para investir em infraestrutura, sinaliza\u00e7\u00e3o, promo\u00e7\u00e3o e qualifica\u00e7\u00e3o dos servi\u00e7os.<\/p>\n\n\n\n<p class=\"wp-block-paragraph\"><strong>O caminho para a ascens\u00e3o no ranking<\/strong><\/p>\n\n\n\n<p class=\"wp-block-paragraph\">O avan\u00e7o de Gar\u00e7a n\u00e3o foi obra do acaso. O processo de avalia\u00e7\u00e3o leva em conta uma s\u00e9rie de requisitos t\u00e9cnicos, que v\u00e3o desde a exist\u00eancia de um plano diretor de turismo e um conselho municipal ativo, at\u00e9 a oferta de atrativos culturais, naturais e de lazer, a qualidade da sinaliza\u00e7\u00e3o tur\u00edstica e a capacidade hoteleira. A entrega completa e detalhada dessas informa\u00e7\u00f5es em 2024 foi o fator decisivo para o munic\u00edpio demonstrar sua evolu\u00e7\u00e3o, resultando no impressionante avan\u00e7o de 35 coloca\u00e7\u00f5es.<\/p>\n\n\n\n<p class=\"wp-block-paragraph\"><strong>Est\u00e2ncias Tur\u00edsticas: o topo do turismo paulista<\/strong><\/p>\n\n\n\n<p class=\"wp-block-paragraph\">A lista do MIT \u00e9 complementar \u00e0 de Est\u00e2ncias Tur\u00edsticas, categoria que re\u00fane os destinos mais tradicionais e consolidados de S\u00e3o Paulo. Para receber este t\u00edtulo, o munic\u00edpio precisa comprovar atributos \u00fanicos perante a Assembleia Legislativa e ter sua voca\u00e7\u00e3o aprovada por lei espec\u00edfica. Cidades como&nbsp;<strong>Ja\u00fa (10\u00ba)<\/strong>,&nbsp;<strong>Serra Negra (13\u00ba)<\/strong>,&nbsp;<strong>Barra Bonita (17\u00ba)<\/strong>,&nbsp;<strong>Campos do Jord\u00e3o (27\u00ba)<\/strong>,&nbsp;<strong>Tup\u00e3 (36\u00ba)<\/strong>,&nbsp;<strong>Ol\u00edmpia (39\u00ba)<\/strong>,&nbsp;<strong>\u00c1guas de S\u00e3o Pedro (65\u00ba)<\/strong>&nbsp;e&nbsp;<strong>Aparecida (76\u00ba)<\/strong>&nbsp;s\u00e3o exemplos cl\u00e1ssicos de Est\u00e2ncias.<\/p>\n\n\n\n<p class=\"wp-block-paragraph\">O ranking que traz as Est\u00e2ncias \u00e9 liderado por&nbsp;<strong>Itanha\u00e9m<\/strong>, seguida por&nbsp;<strong>Caraguatatuba<\/strong>&nbsp;e&nbsp;<strong>Peru\u00edbe<\/strong>. J\u00e1 o ranking onde Gar\u00e7a figura em 17\u00ba lugar \u00e9 encabe\u00e7ado por&nbsp;<strong>Ara\u00e7atuba<\/strong>, com&nbsp;<strong>Jundia\u00ed<\/strong>&nbsp;e&nbsp;<strong>Mar\u00edlia<\/strong>&nbsp;completando o p\u00f3dio dos Munic\u00edpios de Interesse Tur\u00edstico.<\/p>\n\n\n\n<p class=\"wp-block-paragraph\">A nova posi\u00e7\u00e3o de Gar\u00e7a no ranking a coloca entre as primeiras no turismo regional, \u00e0 frente de destinos j\u00e1 conhecidos, como&nbsp;<strong>Mogi Mirim (45\u00ba)<\/strong>,&nbsp;<strong>Len\u00e7\u00f3is Paulista (46\u00ba)<\/strong>,&nbsp;<strong>Piratininga (59\u00ba)<\/strong>,&nbsp;<strong>Piracicaba (70\u00ba)<\/strong>,&nbsp;<strong>S\u00e3o Jos\u00e9 do Rio Preto (74\u00ba)<\/strong>&nbsp;e&nbsp;<strong>Mogi das Cruzes (118\u00ba)<\/strong>. A conquista \u00e9 um atestado de que o munic\u00edpio est\u00e1 no caminho para se tornar uma refer\u00eancia, atraindo mais visitantes e, consequentemente, gerando mais renda e desenvolvimento para a comunidade local.<\/p>\n","protected":false},"excerpt":{"rendered":"<p>Munic\u00edpio avan\u00e7ou 35 posi\u00e7\u00f5es no ranking oficial do Estado, saindo da 52\u00aa para a 17\u00aa coloca\u00e7\u00e3o entre os Munic\u00edpios de Interesse Tur\u00edstico (MIT) na lista de dados consolidados de 2024. Gar\u00e7a acaba de registrar uma das maiores ascens\u00f5es no cen\u00e1rio tur\u00edstico paulista. O munic\u00edpio conquistou a 17\u00aa posi\u00e7\u00e3o no ranking dos Munic\u00edpios de Interesse Tur\u00edstico [&hellip;]<\/p>\n","protected":false},"author":260896548,"featured_media":9053,"comment_status":"open","ping_status":"open","sticky":false,"template":"","format":"standard","meta":{"_crdt_document":"","_monsterinsights_skip_tracking":false,"_monsterinsights_sitenote_active":false,"_monsterinsights_sitenote_note":"","_monsterinsights_sitenote_category":0,"advanced_seo_description":"Gar\u00e7a avan\u00e7a para 17\u00aa posi\u00e7\u00e3o no ranking de Munic\u00edpios de Interesse Tur\u00edstico, destacando sua evolu\u00e7\u00e3o no turismo paulista em 2024.","jetpack_seo_html_title":"Gar\u00e7a Avan\u00e7a 35 Posi\u00e7\u00f5es no Ranking de Munic\u00edpios Tur\u00edsticos","jetpack_seo_noindex":false,"jetpack_post_was_ever_published":false,"_jetpack_newsletter_access":"","_jetpack_dont_email_post_to_subs":false,"_jetpack_newsletter_tier_id":0,"_jetpack_memberships_contains_paywalled_content":false,"_jetpack_memberships_contains_paid_content":false,"footnotes":"","jetpack_publicize_message":"\ud83c\udfaf Gar\u00e7a d\u00e1 salto hist\u00f3rico no turismo estadual\n\nO munic\u00edpio acaba de conquistar a 17\u00aa posi\u00e7\u00e3o no ranking paulista de Munic\u00edpios de Interesse Tur\u00edstico (MIT), um avan\u00e7o espetacular de 35 coloca\u00e7\u00f5es em rela\u00e7\u00e3o ao \u00faltimo levantamento. \ud83d\ude80\n\nEsta conquista coloca Gar\u00e7a \u00e0 frente de destinos j\u00e1 consolidados como Piracicaba, Mogi das Cruzes e S\u00e3o Jos\u00e9 do Rio Preto, confirmando o potencial tur\u00edstico da cidade.\n\nA nova posi\u00e7\u00e3o abre portas para mais investimentos estaduais em infraestrutura, sinaliza\u00e7\u00e3o e promo\u00e7\u00e3o tur\u00edstica, gerando desenvolvimento e oportunidades para toda a comunidade.\n\n\ud83d\udccd Leia a reportagem completa no Di\u00e1rio de Gar\u00e7a e descubra todos os detalhes!\n\ud83d\udc49 diariodegarca.com.br\n\n#Gar\u00e7a #Turismo #MIT #Munic\u00edpioDeInteresseTur\u00edstico #Desenvolvimento #SP #RankingTur\u00edstico #Progresso #InteriorPaulista","jetpack_publicize_feature_enabled":true,"jetpack_social_post_already_shared":false,"jetpack_social_options":{"image_generator_settings":{"template":"highway","default_image_id":0,"font":"","enabled":false},"version":2},"_wpas_customize_per_network":false},"categories":[781171664,781171841],"tags":[],"class_list":["post-9042","post","type-post","status-publish","format-standard","has-post-thumbnail","hentry","category-garca-cidade","category-turismo"],"jetpack_publicize_connections":[],"jetpack_featured_media_url":"https:\/\/i0.wp.com\/diariodegarca.com\/wp-content\/uploads\/2025\/11\/Garca-Tori-Jd-Oriental.jpg?fit=1920%2C1280&ssl=1","jetpack_likes_enabled":true,"jetpack_sharing_enabled":true,"jetpack_shortlink":"https:\/\/wp.me\/pgitne-2lQ","jetpack-related-posts":[{"id":2947,"url":"https:\/\/diariodegarca.com\/?p=2947","url_meta":{"origin":9042,"position":0},"title":"Pesquisa de Percep\u00e7\u00e3o do Turismo: mobiliza Regi\u00f5es Tur\u00edsticas do Estado de S\u00e3o Paulo","author":"Di\u00e1rio de Gar\u00e7a","date":"27 de janeiro de 2025","format":false,"excerpt":"A 5\u00aa edi\u00e7\u00e3o da Pesquisa Online de Percep\u00e7\u00e3o do Turismo nos Munic\u00edpios, coordenada pelo Centro de Intelig\u00eancia da Economia do Turismo da Secretaria de Turismo e Viagens (CIET\/SETUR-SP), est\u00e1 a todo vapor. Este levantamento, que tem o objetivo de entender como os moradores percebem o turismo em suas cidades, j\u00e1\u2026","rel":"","context":"Em &quot;Brasil&quot;","block_context":{"text":"Brasil","link":"https:\/\/diariodegarca.com\/?cat=38185"},"img":{"alt_text":"","src":"","width":0,"height":0},"classes":[]},{"id":2530,"url":"https:\/\/diariodegarca.com\/?p=2530","url_meta":{"origin":9042,"position":1},"title":"S\u00e3o Paulo abre chamamento para selecionar cidades como loca\u00e7\u00f5es de filmagens","author":"Di\u00e1rio de Gar\u00e7a","date":"28 de mar\u00e7o de 2025","format":false,"excerpt":"A S\u00e3o Paulo State Film Commission, iniciativa da Secretaria da Cultura, Economia e Ind\u00fastria Criativas do Estado de S\u00e3o Paulo,\u00a0 lan\u00e7ou um edital para incluir munic\u00edpios paulistas (exceto a capital) em seu programa de divulga\u00e7\u00e3o de loca\u00e7\u00f5es audiovisuais. O objetivo \u00e9 atrair produ\u00e7\u00f5es nacionais e internacionais, potencializando o turismo e\u2026","rel":"","context":"Em &quot;Brasil&quot;","block_context":{"text":"Brasil","link":"https:\/\/diariodegarca.com\/?cat=38185"},"img":{"alt_text":"","src":"","width":0,"height":0},"classes":[]},{"id":2401,"url":"https:\/\/diariodegarca.com\/?p=2401","url_meta":{"origin":9042,"position":2},"title":"Reuni\u00e3o da IGR Alto Cafezal fortalece turismo regional","author":"Di\u00e1rio de Gar\u00e7a","date":"11 de abril de 2025","format":false,"excerpt":"Na quarta-feira, 10 de abril, o munic\u00edpio de G\u00e1lia sediou mais uma reuni\u00e3o da\u00a0Inst\u00e2ncia de Governan\u00e7a Regional (IGR) Alto Cafezal, marcando um importante passo para o fortalecimento do turismo na regi\u00e3o. Estiveram presentes representantes de\u00a0G\u00e1lia, Gar\u00e7a, Mar\u00edlia\u00a0e a mais nova integrante do grupo,\u00a0Fern\u00e3o, que agora comp\u00f5e oficialmente a governan\u00e7a regional.O\u2026","rel":"","context":"Em &quot;Brasil&quot;","block_context":{"text":"Brasil","link":"https:\/\/diariodegarca.com\/?cat=38185"},"img":{"alt_text":"","src":"https:\/\/i0.wp.com\/blogger.googleusercontent.com\/img\/b\/R29vZ2xl\/AVvXsEjp9sGmWNW84CkLxVcJQ1mdwSb2hnzXJGQRIJkhlN7B14G-TtXMfsPtBUU3Lmh72EuEVBEGCnRHT-dCfYLyT33fQK8vss-Q-b8ypDDPRYUA2ZKd4FwDPk-fUWYR5KHrTCbwbGlrJ2Z98mMjQtCggktd0DyyVCx0Z3COS9Po-jZHeP0QlOQUtTFvWyYh7yY\/s320\/WhatsApp%20Image%202025-04-10%20at%2019.07.45.jpeg?resize=350%2C200&ssl=1","width":350,"height":200},"classes":[]},{"id":4456,"url":"https:\/\/diariodegarca.com\/?p=4456","url_meta":{"origin":9042,"position":3},"title":"Caf\u00e9, cacha\u00e7a e comida caipira: SP conecta influenciadores e neg\u00f3cios em Rota Gastron\u00f4mica","author":"Di\u00e1rio de Gar\u00e7a","date":"4 de julho de 2025","format":false,"excerpt":"Evento une degusta\u00e7\u00e3o, capacita\u00e7\u00e3o e networking em roteiro que inclui cidades como Gar\u00e7a, Bauru e Mar\u00edlia A\u00a0Semana Sabor de S\u00e3o Paulo, promovida pela\u00a0S\u00e3o Paulo Turismo\u00a0(vinculada \u00e0 Secretaria de Turismo do Estado), inicia sua programa\u00e7\u00e3o na regi\u00e3o no\u00a0domingo, 6 de julho, com uma\u00a0press trip\u00a0exclusiva para jornalistas, influenciadores e agentes de turismo.\u2026","rel":"","context":"Em &quot;Agudos&quot;","block_context":{"text":"Agudos","link":"https:\/\/diariodegarca.com\/?cat=2090984"},"img":{"alt_text":"","src":"","width":0,"height":0},"classes":[]},{"id":6922,"url":"https:\/\/diariodegarca.com\/?p=6922","url_meta":{"origin":9042,"position":4},"title":"Gar\u00e7a conquista nota A em transpar\u00eancia e salta 500 posi\u00e7\u00f5es no ranking nacional em 2024","author":"Di\u00e1rio de Gar\u00e7a","date":"19 de setembro de 2025","format":false,"excerpt":"Munic\u00edpio alcan\u00e7a conceito Aicf no Ranking Siconfi 2025, com desempenho de 95,3%, ap\u00f3s evolu\u00e7\u00e3o constante na qualidade da presta\u00e7\u00e3o de contas nos \u00faltimos anos. A cidade de Gar\u00e7a, no interior de S\u00e3o Paulo, deu um salto na transpar\u00eancia de suas contas p\u00fablicas, conforme revelam os dados mais recentes do Ranking\u2026","rel":"","context":"Em &quot;Alvinl\u00e2ndia&quot;","block_context":{"text":"Alvinl\u00e2ndia","link":"https:\/\/diariodegarca.com\/?cat=32102633"},"img":{"alt_text":"","src":"https:\/\/i0.wp.com\/diariodegarca.com\/wp-content\/uploads\/2025\/09\/1442494993.jpg?fit=1200%2C800&ssl=1&resize=350%2C200","width":350,"height":200,"srcset":"https:\/\/i0.wp.com\/diariodegarca.com\/wp-content\/uploads\/2025\/09\/1442494993.jpg?fit=1200%2C800&ssl=1&resize=350%2C200 1x, https:\/\/i0.wp.com\/diariodegarca.com\/wp-content\/uploads\/2025\/09\/1442494993.jpg?fit=1200%2C800&ssl=1&resize=525%2C300 1.5x, https:\/\/i0.wp.com\/diariodegarca.com\/wp-content\/uploads\/2025\/09\/1442494993.jpg?fit=1200%2C800&ssl=1&resize=700%2C400 2x, https:\/\/i0.wp.com\/diariodegarca.com\/wp-content\/uploads\/2025\/09\/1442494993.jpg?fit=1200%2C800&ssl=1&resize=1050%2C600 3x"},"classes":[]},{"id":2614,"url":"https:\/\/diariodegarca.com\/?p=2614","url_meta":{"origin":9042,"position":5},"title":"Gar\u00e7a se despede de F\u00e1bio Bonassa: jornalista, empres\u00e1rio e pessoa admir\u00e1vel","author":"Di\u00e1rio de Gar\u00e7a","date":"16 de mar\u00e7o de 2025","format":false,"excerpt":"F\u00e1bio Bonassa, renomado jornalista, comunicador e entusiasta do desenvolvimento regional, faleceu no dia 16 de mar\u00e7o de 2025, aos 54 anos, v\u00edtima de um infarto fulminante. Natural de Adamantina, Bonassa deixou um legado marcante n\u00e3o apenas no jornalismo, mas tamb\u00e9m na gest\u00e3o p\u00fablica, no fomento ao turismo, em a\u00e7\u00f5es sociais\u2026","rel":"","context":"Em &quot;Brasil&quot;","block_context":{"text":"Brasil","link":"https:\/\/diariodegarca.com\/?cat=38185"},"img":{"alt_text":"","src":"","width":0,"height":0},"classes":[]}],"_links":{"self":[{"href":"https:\/\/diariodegarca.com\/index.php?rest_route=\/wp\/v2\/posts\/9042","targetHints":{"allow":["GET"]}}],"collection":[{"href":"https:\/\/diariodegarca.com\/index.php?rest_route=\/wp\/v2\/posts"}],"about":[{"href":"https:\/\/diariodegarca.com\/index.php?rest_route=\/wp\/v2\/types\/post"}],"author":[{"embeddable":true,"href":"https:\/\/diariodegarca.com\/index.php?rest_route=\/wp\/v2\/users\/260896548"}],"replies":[{"embeddable":true,"href":"https:\/\/diariodegarca.com\/index.php?rest_route=%2Fwp%2Fv2%2Fcomments&post=9042"}],"version-history":[{"count":11,"href":"https:\/\/diariodegarca.com\/index.php?rest_route=\/wp\/v2\/posts\/9042\/revisions"}],"predecessor-version":[{"id":9054,"href":"https:\/\/diariodegarca.com\/index.php?rest_route=\/wp\/v2\/posts\/9042\/revisions\/9054"}],"wp:featuredmedia":[{"embeddable":true,"href":"https:\/\/diariodegarca.com\/index.php?rest_route=\/wp\/v2\/media\/9053"}],"wp:attachment":[{"href":"https:\/\/diariodegarca.com\/index.php?rest_route=%2Fwp%2Fv2%2Fmedia&parent=9042"}],"wp:term":[{"taxonomy":"category","embeddable":true,"href":"https:\/\/diariodegarca.com\/index.php?rest_route=%2Fwp%2Fv2%2Fcategories&post=9042"},{"taxonomy":"post_tag","embeddable":true,"href":"https:\/\/diariodegarca.com\/index.php?rest_route=%2Fwp%2Fv2%2Ftags&post=9042"}],"curies":[{"name":"wp","href":"https:\/\/api.w.org\/{rel}","templated":true}]}}